{"id":243441,"date":"2025-03-18T13:49:10","date_gmt":"2025-03-18T12:49:10","guid":{"rendered":"https:\/\/www.prijedordanas.com\/?p=243441"},"modified":"2025-03-18T13:49:10","modified_gmt":"2025-03-18T12:49:10","slug":"izlozba-fotografija-kao-dio-projekta-i-mi-sanjamo-foto","status":"publish","type":"post","link":"https:\/\/www.prijedordanas.com\/?p=243441","title":{"rendered":"Izlo\u017eba fotografija kao dio projekta &#8220;I mi sanjamo&#8221; &#8211; FOTO"},"content":{"rendered":"<p><a href=\"https:\/\/www.prijedordanas.com\/wp-content\/uploads\/2025\/03\/igor-motl-dule-i-hasan.jpg\"><img loading=\"lazy\" decoding=\"async\" class=\"alignleft size-medium wp-image-243434\" src=\"https:\/\/www.prijedordanas.com\/wp-content\/uploads\/2025\/03\/igor-motl-dule-i-hasan-300x225.jpg\" alt=\"\" width=\"300\" height=\"225\" srcset=\"https:\/\/www.prijedordanas.com\/wp-content\/uploads\/2025\/03\/igor-motl-dule-i-hasan-300x225.jpg 300w, https:\/\/www.prijedordanas.com\/wp-content\/uploads\/2025\/03\/igor-motl-dule-i-hasan-640x480.jpg 640w, https:\/\/www.prijedordanas.com\/wp-content\/uploads\/2025\/03\/igor-motl-dule-i-hasan.jpg 667w\" sizes=\"(max-width: 300px) 100vw, 300px\" \/><\/a>Udru\u017eenje gra\u0111ana \u201eKreativna radionica Kike-Ta\u010dke\u201c Prijedor ove sedmice c\u0301e otvoriti izlo\u017ebu fotografija nastalih u projektu \u201eI mi sanjamo\u201c kojima su prikazana djeca i mladi s Daunovim sindromom u razli\u010dtiim profesijama.<\/p>\n<p>Autor fotografija Igor Motl izjavio je da je u proteklih mjesec dana radio foto sesije sa sedamnaestero mladih i djece sa Daunovim sindromom u ulogama kuvara, konobara, ljekara, vatrogasaca, sportista, umjetnika, ba\u0161tovana, policajaca i drugih zanimanja i da c\u0301e uz portrete biti izlo\u017eeno jo\u0161 20-ak fotografija koje su nastale prilikom rada, a prikazuju proces i radnu atmosferu i spontanost bez poziranja i namje\u0161tanja.<\/p>\n<p>\u201eTe fotografije najprije c\u0301e biti izlo\u017eene na Trgu majora Zorana Karlice i u Pozori\u0161tu Prijedor u petak, 21. marta, kada se obilje\u017eava Svjetski dan Daun sindroma, a potom na ne\u0161to du\u017ei period u tr\u017enom centru `Patrija` i u uli\u010dnoj galeriji Turisti\u010dke organizacije na \u0161etali\u0161tu\u201c, rekao je Motl Srni.<\/p>\n<p><a href=\"https:\/\/www.prijedordanas.com\/wp-content\/uploads\/2025\/03\/igor-motl-centar-sunce.jpg\"><img loading=\"lazy\" decoding=\"async\" class=\"alignleft size-medium wp-image-243433\" src=\"https:\/\/www.prijedordanas.com\/wp-content\/uploads\/2025\/03\/igor-motl-centar-sunce-300x200.jpg\" alt=\"\" width=\"300\" height=\"200\" srcset=\"https:\/\/www.prijedordanas.com\/wp-content\/uploads\/2025\/03\/igor-motl-centar-sunce-300x200.jpg 300w, https:\/\/www.prijedordanas.com\/wp-content\/uploads\/2025\/03\/igor-motl-centar-sunce-480x320.jpg 480w, https:\/\/www.prijedordanas.com\/wp-content\/uploads\/2025\/03\/igor-motl-centar-sunce.jpg 600w\" sizes=\"(max-width: 300px) 100vw, 300px\" \/><\/a>On je naveo da, iako se dugo bavi fotografijom, uvijek ima neku vrstu treme, a pogotovo kada radi portret, te da je ovdje sam imao dodatnu tremu pla\u0161ec\u0301i se tanke linije izme\u0111u realnog prikaza i karikiranja stvari.<\/p>\n<p>\u201eLjudi sa Daun sindromom imaju specifi\u010dan fizi\u010dki izgled i nekada ne mo\u017ee\u0161 da procijeni\u0161 na njihovom licu da li je pla\u010d ili smijeh. Taj portret ih ogoljava kroz tu njihovu emociju koja je uvijek zapanjujuc\u0301e intenzivna, bilo da je negativna ili pozitivna. I tu sam ba\u0161 imao strah da ne pretjeram i najvec\u0301a briga bila je da ne odem u neku durug krajnost, da ne pre\u0111em granicu. Vjerujem da c\u0301e svaki taj portret prikazati onu iskrenost koju sam ja do\u017eivio sa njima. I da niko to nec\u0301e posmatrati kroz neki zlonamjerni humor\u201c, poru\u010dio je Motl.<\/p>\n<p><a href=\"https:\/\/www.prijedordanas.com\/wp-content\/uploads\/2025\/03\/igor-motl-lela-stevandic-majka-djeteta-sa-daun-sindromom.jpg\"><img loading=\"lazy\" decoding=\"async\" class=\"alignleft size-medium wp-image-243432\" src=\"https:\/\/www.prijedordanas.com\/wp-content\/uploads\/2025\/03\/igor-motl-lela-stevandic-majka-djeteta-sa-daun-sindromom-300x225.jpg\" alt=\"\" width=\"300\" height=\"225\" srcset=\"https:\/\/www.prijedordanas.com\/wp-content\/uploads\/2025\/03\/igor-motl-lela-stevandic-majka-djeteta-sa-daun-sindromom-300x225.jpg 300w, https:\/\/www.prijedordanas.com\/wp-content\/uploads\/2025\/03\/igor-motl-lela-stevandic-majka-djeteta-sa-daun-sindromom-640x480.jpg 640w, https:\/\/www.prijedordanas.com\/wp-content\/uploads\/2025\/03\/igor-motl-lela-stevandic-majka-djeteta-sa-daun-sindromom.jpg 667w\" sizes=\"(max-width: 300px) 100vw, 300px\" \/><\/a>Motl svjedo\u010di postepenom i sve vec\u0301em otvaranju samih institucija namijenjenih licima atipi\u010dnog razvoja, kao i samih porodica, buduc\u0301i da je u nekada\u0161nju specijalnu \u0161kolu \u201e\u0110or\u0111e Nato\u0161evic\u0301\u201c, koja danas nosi naziv \u201eCentar Sunce\u201c, jo\u0161 2010. godine prvi put u\u0161ao kao fotograf da zadokumentuje rad sa \u0161tic\u0301enicima, ali da nije bilo spremnosti tada\u0161nje uprave da se uradi kalendar posvec\u0301en djeci s Daun sindromom gdje bi oni bili astronauti, piloti, doktori&#8230;<\/p>\n<p>\u201eTada sam upoznao <strong><a href=\"https:\/\/igormotl.wordpress.com\/2010\/10\/27\/dule-a-boy-with-a-smile\/\" target=\"_blank\" rel=\"noopener\">Duleta, dje\u010daka sa osmijehom<\/a><\/strong>, tako sam tada naslovio svoju objavu. Bio je odu\u0161evljen fotoaparatom. Dao sam mu da slika. I objavio sam te fotografije. Za\u0161to je \u0161kola, poslije na\u010delnog pristanka, odustala od takve vrste promocije, ne znam, ali, evo, poslije 15 godina, zovu me iz Udru\u017eenje `Kike-Ta\u010dke\u201c da u\u010destvujem u prvom obilje\u017eavanju Svjetskog dana Daun sindroma u Prijedoru. A na kraju tog svog teksta iz 2010. napisao sam da c\u0301u se vratiti u Duletovu \u0161kolu kad-tad, da c\u0301u nac\u0301i na\u010dina da do\u0111em ponovo. Danas je to, kad je rije\u010d o otvorenosti ka javnosti, potpuno druga pri\u010da. Dule vi\u0161e nije njihov \u0111ak, ali jeste polaznik dnevnog centra `Neven` gdje smo se opet sreli. Ja se njega sjec\u0301am, on mene ne\u201c, ka\u017ee Motl.<\/p>\n<p><a href=\"https:\/\/www.prijedordanas.com\/wp-content\/uploads\/2025\/03\/igor-motl-sanela-pijanistkinja.jpg\"><img loading=\"lazy\" decoding=\"async\" class=\"alignleft size-medium wp-image-243436\" src=\"https:\/\/www.prijedordanas.com\/wp-content\/uploads\/2025\/03\/igor-motl-sanela-pijanistkinja-300x200.jpg\" alt=\"\" width=\"300\" height=\"200\" srcset=\"https:\/\/www.prijedordanas.com\/wp-content\/uploads\/2025\/03\/igor-motl-sanela-pijanistkinja-300x200.jpg 300w, https:\/\/www.prijedordanas.com\/wp-content\/uploads\/2025\/03\/igor-motl-sanela-pijanistkinja-480x320.jpg 480w, https:\/\/www.prijedordanas.com\/wp-content\/uploads\/2025\/03\/igor-motl-sanela-pijanistkinja.jpg 600w\" sizes=\"(max-width: 300px) 100vw, 300px\" \/><\/a> Igor se sjec\u0301a Duletove energije koja je preplavila prostoriju i iskustva ravnog katarzi i tada prije 15 godina i danas.<\/p>\n<p>\u201eKada sam prvi put u\u0161ao tamo, nekako sam probao da budem bez o\u010dekivanja, potpuno prazan. Poku\u0161ao sam da sve emocije i sva razmi\u0161ljanja elimini\u0161em i da zabilje\u017eim \u0161ta zateknem. I bukvalno prva sekunda je energija tog dje\u010daka eksplodirala. I potpuno me razoru\u017eala. \u010cistoc\u0301a energije s kojom oni komuniciraju je fascinantna. Oni su potpuno eliminisani svih ovih na\u0161ih inhibicija, i pozitivnih i negativnih. To kod njih jednostavno ne postoji. Ne mo\u017ee\u0161 da bude\u0161 ravnodu\u0161an. Oni svima pristupaju jednako, nema stida, nema povla\u010denja, nemaju izgra\u0111ene uobi\u010dajene odbrambene mehanizme i to ih \u010dini ranjivima\u201c, dodao je Motl.<\/p>\n<p>Poja\u0161njava da mu je trebalo vremena da nau\u010di da neke stvari mora da im poka\u017ee umjesto da ih samo ka\u017ee. Dule je diza\u010d tegova, Hasan je fudbaler, Andrej vatrogasac, Sanela pijanistkinja, Lea kuvarica, Aleksa stomatolog&#8230;<\/p>\n<p><a href=\"https:\/\/www.prijedordanas.com\/wp-content\/uploads\/2025\/03\/igor-motl-svjetski-dan-daun-sindroma.jpg\"><img loading=\"lazy\" decoding=\"async\" class=\"alignleft size-medium wp-image-243437\" src=\"https:\/\/www.prijedordanas.com\/wp-content\/uploads\/2025\/03\/igor-motl-svjetski-dan-daun-sindroma-300x200.jpg\" alt=\"\" width=\"300\" height=\"200\" srcset=\"https:\/\/www.prijedordanas.com\/wp-content\/uploads\/2025\/03\/igor-motl-svjetski-dan-daun-sindroma-300x200.jpg 300w, https:\/\/www.prijedordanas.com\/wp-content\/uploads\/2025\/03\/igor-motl-svjetski-dan-daun-sindroma-480x320.jpg 480w, https:\/\/www.prijedordanas.com\/wp-content\/uploads\/2025\/03\/igor-motl-svjetski-dan-daun-sindroma.jpg 600w\" sizes=\"(max-width: 300px) 100vw, 300px\" \/><\/a>\u201ePri\u0111em, objasnim, poka\u017eem: okreni zglob, namjesti lakat. Oni svoj zadatak shvataju vrlo ozbiljno i profesionalno. Nije se desilo da nismo dobili rezultat koji smo tra\u017eili. I podr\u0161ka svih uklju\u010denih je bila velika. Kad sam, na primjer, zamislio vatrogasca, nije nu\u017eno bilo da ima sve. Mo\u017eda crijevo u ruci ili \u0161ljem na glavi, dovoljno je kao simbol. Me\u0111utim, oni su dje\u010daku dali svu opremu, aktivirali kamion sa \u0161mrkom, dali mu radio stanicu, napravili smo poplavu tamo ispred samo da bi dje\u010dak mogao da osjeti. On je tako ponosno kora\u010dao u toj opremi\u201c, naglasio je Motl.<\/p>\n<p>On je dodao da je grafi\u010dku opremu postera radio Nemanja Gruban.<\/p>\n<p>Izlo\u017eba c\u0301e biti postavljena u centru Prijedora 21. marta u podne, a u 19.00 \u010dasova u holu Pozori\u0161ta Prijedor gdje c\u0301e biti organizovano i dru\u017eenje sa svima koji su u\u010destvovali u prvom obilje\u017eavanju Svjetskog dana Daun sindroma u Prijedoru.<\/p>\n<p>SRNA\/Katarina Pani\u0107<br \/>\nFoto &#8211; Igor Motl<\/p>\n<p><a href=\"https:\/\/www.prijedordanas.com\/wp-content\/uploads\/2025\/03\/svjetski-dan-osoba-sa-daunovim-sindromom-plakat2025.jpg\"><img loading=\"lazy\" decoding=\"async\" class=\"alignleft size-medium wp-image-243439\" src=\"https:\/\/www.prijedordanas.com\/wp-content\/uploads\/2025\/03\/svjetski-dan-osoba-sa-daunovim-sindromom-plakat2025-208x300.jpg\" alt=\"\" width=\"208\" height=\"300\" srcset=\"https:\/\/www.prijedordanas.com\/wp-content\/uploads\/2025\/03\/svjetski-dan-osoba-sa-daunovim-sindromom-plakat2025-208x300.jpg 208w, https:\/\/www.prijedordanas.com\/wp-content\/uploads\/2025\/03\/svjetski-dan-osoba-sa-daunovim-sindromom-plakat2025.jpg 450w\" sizes=\"(max-width: 208px) 100vw, 208px\" \/><\/a> <a href=\"https:\/\/www.prijedordanas.com\/wp-content\/uploads\/2025\/03\/igor-motl-luka.jpg\"><img loading=\"lazy\" decoding=\"async\" class=\"alignleft size-medium wp-image-243435\" src=\"https:\/\/www.prijedordanas.com\/wp-content\/uploads\/2025\/03\/igor-motl-luka-200x300.jpg\" alt=\"\" width=\"200\" height=\"300\" srcset=\"https:\/\/www.prijedordanas.com\/wp-content\/uploads\/2025\/03\/igor-motl-luka-200x300.jpg 200w, https:\/\/www.prijedordanas.com\/wp-content\/uploads\/2025\/03\/igor-motl-luka.jpg 400w\" sizes=\"(max-width: 200px) 100vw, 200px\" \/><\/a> <a href=\"https:\/\/www.prijedordanas.com\/wp-content\/uploads\/2025\/03\/igor-motl-dnevni-centar-neven.jpg\"><img loading=\"lazy\" decoding=\"async\" class=\"alignleft size-medium wp-image-243438\" src=\"https:\/\/www.prijedordanas.com\/wp-content\/uploads\/2025\/03\/igor-motl-dnevni-centar-neven-300x200.jpg\" alt=\"\" width=\"300\" height=\"200\" srcset=\"https:\/\/www.prijedordanas.com\/wp-content\/uploads\/2025\/03\/igor-motl-dnevni-centar-neven-300x200.jpg 300w, https:\/\/www.prijedordanas.com\/wp-content\/uploads\/2025\/03\/igor-motl-dnevni-centar-neven-480x320.jpg 480w, https:\/\/www.prijedordanas.com\/wp-content\/uploads\/2025\/03\/igor-motl-dnevni-centar-neven.jpg 600w\" sizes=\"(max-width: 300px) 100vw, 300px\" \/><\/a><\/p>\n","protected":false},"excerpt":{"rendered":"<p>Udru\u017eenje gra\u0111ana \u201eKreativna radionica Kike-Ta\u010dke\u201c Prijedor ove sedmice c\u0301e otvoriti izlo\u017ebu fotografija nastalih u projektu \u201eI mi sanjamo\u201c kojima su prikazana djeca i mladi s Daunovim sindromom u razli\u010dtiim profesijama. [&hellip;]<\/p>\n","protected":false},"author":1,"featured_media":0,"comment_status":"closed","ping_status":"open","sticky":false,"template":"","format":"standard","meta":{"_monsterinsights_skip_tracking":false,"_monsterinsights_sitenote_active":false,"_monsterinsights_sitenote_note":"","_monsterinsights_sitenote_category":0,"footnotes":""},"categories":[4,7515],"tags":[],"yoast_head":"<!-- This site is optimized with the Yoast SEO plugin v21.6 - https:\/\/yoast.com\/wordpress\/plugins\/seo\/ -->\n<title>Izlo\u017eba fotografija kao dio projekta &quot;I mi sanjamo&quot; - FOTO - PrijedorDanas.com - Prijedorski gradski portal<\/title>\n<meta name=\"robots\" content=\"index, follow, max-snippet:-1, max-image-preview:large, max-video-preview:-1\" \/>\n<link rel=\"canonical\" href=\"https:\/\/www.prijedordanas.com\/?p=243441\" \/>\n<meta property=\"og:locale\" content=\"en_US\" \/>\n<meta property=\"og:type\" content=\"article\" \/>\n<meta property=\"og:title\" content=\"Izlo\u017eba fotografija kao dio projekta &quot;I mi sanjamo&quot; - FOTO - PrijedorDanas.com - Prijedorski gradski portal\" \/>\n<meta property=\"og:description\" content=\"Udru\u017eenje gra\u0111ana \u201eKreativna radionica Kike-Ta\u010dke\u201c Prijedor ove sedmice c\u0301e otvoriti izlo\u017ebu fotografija nastalih u projektu \u201eI mi sanjamo\u201c kojima su prikazana djeca i mladi s Daunovim sindromom u razli\u010dtiim profesijama. [&hellip;]\" \/>\n<meta property=\"og:url\" content=\"https:\/\/www.prijedordanas.com\/?p=243441\" \/>\n<meta property=\"og:site_name\" content=\"PrijedorDanas.com - Prijedorski gradski portal\" \/>\n<meta property=\"article:publisher\" content=\"https:\/\/www.facebook.com\/PrijedorDanasCom\/\" \/>\n<meta property=\"article:published_time\" content=\"2025-03-18T12:49:10+00:00\" \/>\n<meta property=\"og:image\" content=\"https:\/\/www.prijedordanas.com\/wp-content\/uploads\/2025\/03\/igor-motl-dule-i-hasan-300x225.jpg\" \/>\n<meta name=\"author\" content=\"admin\" \/>\n<meta name=\"twitter:card\" content=\"summary_large_image\" \/>\n<meta name=\"twitter:label1\" content=\"Written by\" \/>\n\t<meta name=\"twitter:data1\" content=\"admin\" \/>\n\t<meta name=\"twitter:label2\" content=\"Est. reading time\" \/>\n\t<meta name=\"twitter:data2\" content=\"5 minutes\" \/>\n<script type=\"application\/ld+json\" class=\"yoast-schema-graph\">{\"@context\":\"https:\/\/schema.org\",\"@graph\":[{\"@type\":\"Article\",\"@id\":\"https:\/\/www.prijedordanas.com\/?p=243441#article\",\"isPartOf\":{\"@id\":\"https:\/\/www.prijedordanas.com\/?p=243441\"},\"author\":{\"name\":\"admin\",\"@id\":\"https:\/\/www.prijedordanas.com\/#\/schema\/person\/4e08ccf29b506ca916ff86d46bb700e6\"},\"headline\":\"Izlo\u017eba fotografija kao dio projekta &#8220;I mi sanjamo&#8221; &#8211; FOTO\",\"datePublished\":\"2025-03-18T12:49:10+00:00\",\"dateModified\":\"2025-03-18T12:49:10+00:00\",\"mainEntityOfPage\":{\"@id\":\"https:\/\/www.prijedordanas.com\/?p=243441\"},\"wordCount\":869,\"publisher\":{\"@id\":\"https:\/\/www.prijedordanas.com\/#organization\"},\"articleSection\":[\"Dru\u0161tvo\",\"Foto dana\"],\"inLanguage\":\"en-US\"},{\"@type\":\"WebPage\",\"@id\":\"https:\/\/www.prijedordanas.com\/?p=243441\",\"url\":\"https:\/\/www.prijedordanas.com\/?p=243441\",\"name\":\"Izlo\u017eba fotografija kao dio projekta \\\"I mi sanjamo\\\" - FOTO - PrijedorDanas.com - Prijedorski gradski portal\",\"isPartOf\":{\"@id\":\"https:\/\/www.prijedordanas.com\/#website\"},\"datePublished\":\"2025-03-18T12:49:10+00:00\",\"dateModified\":\"2025-03-18T12:49:10+00:00\",\"breadcrumb\":{\"@id\":\"https:\/\/www.prijedordanas.com\/?p=243441#breadcrumb\"},\"inLanguage\":\"en-US\",\"potentialAction\":[{\"@type\":\"ReadAction\",\"target\":[\"https:\/\/www.prijedordanas.com\/?p=243441\"]}]},{\"@type\":\"BreadcrumbList\",\"@id\":\"https:\/\/www.prijedordanas.com\/?p=243441#breadcrumb\",\"itemListElement\":[{\"@type\":\"ListItem\",\"position\":1,\"name\":\"Home\",\"item\":\"https:\/\/www.prijedordanas.com\/\"},{\"@type\":\"ListItem\",\"position\":2,\"name\":\"Izlo\u017eba fotografija kao dio projekta &#8220;I mi sanjamo&#8221; &#8211; FOTO\"}]},{\"@type\":\"WebSite\",\"@id\":\"https:\/\/www.prijedordanas.com\/#website\",\"url\":\"https:\/\/www.prijedordanas.com\/\",\"name\":\"PrijedorDanas.com - Prijedorski gradski portal\",\"description\":\"Portal o doga\u0111anjima u gradu Prijedoru\",\"publisher\":{\"@id\":\"https:\/\/www.prijedordanas.com\/#organization\"},\"potentialAction\":[{\"@type\":\"SearchAction\",\"target\":{\"@type\":\"EntryPoint\",\"urlTemplate\":\"https:\/\/www.prijedordanas.com\/?s={search_term_string}\"},\"query-input\":\"required name=search_term_string\"}],\"inLanguage\":\"en-US\"},{\"@type\":\"Organization\",\"@id\":\"https:\/\/www.prijedordanas.com\/#organization\",\"name\":\"PrijedorDanas.com\",\"url\":\"https:\/\/www.prijedordanas.com\/\",\"logo\":{\"@type\":\"ImageObject\",\"inLanguage\":\"en-US\",\"@id\":\"https:\/\/www.prijedordanas.com\/#\/schema\/logo\/image\/\",\"url\":\"http:\/\/www.prijedordanas.com\/wp-content\/uploads\/2021\/12\/logopng.png\",\"contentUrl\":\"http:\/\/www.prijedordanas.com\/wp-content\/uploads\/2021\/12\/logopng.png\",\"width\":1019,\"height\":776,\"caption\":\"PrijedorDanas.com\"},\"image\":{\"@id\":\"https:\/\/www.prijedordanas.com\/#\/schema\/logo\/image\/\"},\"sameAs\":[\"https:\/\/www.facebook.com\/PrijedorDanasCom\/\"]},{\"@type\":\"Person\",\"@id\":\"https:\/\/www.prijedordanas.com\/#\/schema\/person\/4e08ccf29b506ca916ff86d46bb700e6\",\"name\":\"admin\",\"image\":{\"@type\":\"ImageObject\",\"inLanguage\":\"en-US\",\"@id\":\"https:\/\/www.prijedordanas.com\/#\/schema\/person\/image\/\",\"url\":\"https:\/\/secure.gravatar.com\/avatar\/1d3fc949d550f0b53a5f0d51e06dfd79?s=96&d=mm&r=g\",\"contentUrl\":\"https:\/\/secure.gravatar.com\/avatar\/1d3fc949d550f0b53a5f0d51e06dfd79?s=96&d=mm&r=g\",\"caption\":\"admin\"},\"url\":\"https:\/\/www.prijedordanas.com\/?author=1\"}]}<\/script>\n<!-- \/ Yoast SEO plugin. -->","yoast_head_json":{"title":"Izlo\u017eba fotografija kao dio projekta \"I mi sanjamo\" - FOTO - PrijedorDanas.com - Prijedorski gradski portal","robots":{"index":"index","follow":"follow","max-snippet":"max-snippet:-1","max-image-preview":"max-image-preview:large","max-video-preview":"max-video-preview:-1"},"canonical":"https:\/\/www.prijedordanas.com\/?p=243441","og_locale":"en_US","og_type":"article","og_title":"Izlo\u017eba fotografija kao dio projekta \"I mi sanjamo\" - FOTO - PrijedorDanas.com - Prijedorski gradski portal","og_description":"Udru\u017eenje gra\u0111ana \u201eKreativna radionica Kike-Ta\u010dke\u201c Prijedor ove sedmice c\u0301e otvoriti izlo\u017ebu fotografija nastalih u projektu \u201eI mi sanjamo\u201c kojima su prikazana djeca i mladi s Daunovim sindromom u razli\u010dtiim profesijama. [&hellip;]","og_url":"https:\/\/www.prijedordanas.com\/?p=243441","og_site_name":"PrijedorDanas.com - Prijedorski gradski portal","article_publisher":"https:\/\/www.facebook.com\/PrijedorDanasCom\/","article_published_time":"2025-03-18T12:49:10+00:00","og_image":[{"url":"https:\/\/www.prijedordanas.com\/wp-content\/uploads\/2025\/03\/igor-motl-dule-i-hasan-300x225.jpg"}],"author":"admin","twitter_card":"summary_large_image","twitter_misc":{"Written by":"admin","Est. reading time":"5 minutes"},"schema":{"@context":"https:\/\/schema.org","@graph":[{"@type":"Article","@id":"https:\/\/www.prijedordanas.com\/?p=243441#article","isPartOf":{"@id":"https:\/\/www.prijedordanas.com\/?p=243441"},"author":{"name":"admin","@id":"https:\/\/www.prijedordanas.com\/#\/schema\/person\/4e08ccf29b506ca916ff86d46bb700e6"},"headline":"Izlo\u017eba fotografija kao dio projekta &#8220;I mi sanjamo&#8221; &#8211; FOTO","datePublished":"2025-03-18T12:49:10+00:00","dateModified":"2025-03-18T12:49:10+00:00","mainEntityOfPage":{"@id":"https:\/\/www.prijedordanas.com\/?p=243441"},"wordCount":869,"publisher":{"@id":"https:\/\/www.prijedordanas.com\/#organization"},"articleSection":["Dru\u0161tvo","Foto dana"],"inLanguage":"en-US"},{"@type":"WebPage","@id":"https:\/\/www.prijedordanas.com\/?p=243441","url":"https:\/\/www.prijedordanas.com\/?p=243441","name":"Izlo\u017eba fotografija kao dio projekta \"I mi sanjamo\" - FOTO - PrijedorDanas.com - Prijedorski gradski portal","isPartOf":{"@id":"https:\/\/www.prijedordanas.com\/#website"},"datePublished":"2025-03-18T12:49:10+00:00","dateModified":"2025-03-18T12:49:10+00:00","breadcrumb":{"@id":"https:\/\/www.prijedordanas.com\/?p=243441#breadcrumb"},"inLanguage":"en-US","potentialAction":[{"@type":"ReadAction","target":["https:\/\/www.prijedordanas.com\/?p=243441"]}]},{"@type":"BreadcrumbList","@id":"https:\/\/www.prijedordanas.com\/?p=243441#breadcrumb","itemListElement":[{"@type":"ListItem","position":1,"name":"Home","item":"https:\/\/www.prijedordanas.com\/"},{"@type":"ListItem","position":2,"name":"Izlo\u017eba fotografija kao dio projekta &#8220;I mi sanjamo&#8221; &#8211; FOTO"}]},{"@type":"WebSite","@id":"https:\/\/www.prijedordanas.com\/#website","url":"https:\/\/www.prijedordanas.com\/","name":"PrijedorDanas.com - Prijedorski gradski portal","description":"Portal o doga\u0111anjima u gradu Prijedoru","publisher":{"@id":"https:\/\/www.prijedordanas.com\/#organization"},"potentialAction":[{"@type":"SearchAction","target":{"@type":"EntryPoint","urlTemplate":"https:\/\/www.prijedordanas.com\/?s={search_term_string}"},"query-input":"required name=search_term_string"}],"inLanguage":"en-US"},{"@type":"Organization","@id":"https:\/\/www.prijedordanas.com\/#organization","name":"PrijedorDanas.com","url":"https:\/\/www.prijedordanas.com\/","logo":{"@type":"ImageObject","inLanguage":"en-US","@id":"https:\/\/www.prijedordanas.com\/#\/schema\/logo\/image\/","url":"http:\/\/www.prijedordanas.com\/wp-content\/uploads\/2021\/12\/logopng.png","contentUrl":"http:\/\/www.prijedordanas.com\/wp-content\/uploads\/2021\/12\/logopng.png","width":1019,"height":776,"caption":"PrijedorDanas.com"},"image":{"@id":"https:\/\/www.prijedordanas.com\/#\/schema\/logo\/image\/"},"sameAs":["https:\/\/www.facebook.com\/PrijedorDanasCom\/"]},{"@type":"Person","@id":"https:\/\/www.prijedordanas.com\/#\/schema\/person\/4e08ccf29b506ca916ff86d46bb700e6","name":"admin","image":{"@type":"ImageObject","inLanguage":"en-US","@id":"https:\/\/www.prijedordanas.com\/#\/schema\/person\/image\/","url":"https:\/\/secure.gravatar.com\/avatar\/1d3fc949d550f0b53a5f0d51e06dfd79?s=96&d=mm&r=g","contentUrl":"https:\/\/secure.gravatar.com\/avatar\/1d3fc949d550f0b53a5f0d51e06dfd79?s=96&d=mm&r=g","caption":"admin"},"url":"https:\/\/www.prijedordanas.com\/?author=1"}]}},"_links":{"self":[{"href":"https:\/\/www.prijedordanas.com\/index.php?rest_route=\/wp\/v2\/posts\/243441"}],"collection":[{"href":"https:\/\/www.prijedordanas.com\/index.php?rest_route=\/wp\/v2\/posts"}],"about":[{"href":"https:\/\/www.prijedordanas.com\/index.php?rest_route=\/wp\/v2\/types\/post"}],"author":[{"embeddable":true,"href":"https:\/\/www.prijedordanas.com\/index.php?rest_route=\/wp\/v2\/users\/1"}],"replies":[{"embeddable":true,"href":"https:\/\/www.prijedordanas.com\/index.php?rest_route=%2Fwp%2Fv2%2Fcomments&post=243441"}],"version-history":[{"count":1,"href":"https:\/\/www.prijedordanas.com\/index.php?rest_route=\/wp\/v2\/posts\/243441\/revisions"}],"predecessor-version":[{"id":243442,"href":"https:\/\/www.prijedordanas.com\/index.php?rest_route=\/wp\/v2\/posts\/243441\/revisions\/243442"}],"wp:attachment":[{"href":"https:\/\/www.prijedordanas.com\/index.php?rest_route=%2Fwp%2Fv2%2Fmedia&parent=243441"}],"wp:term":[{"taxonomy":"category","embeddable":true,"href":"https:\/\/www.prijedordanas.com\/index.php?rest_route=%2Fwp%2Fv2%2Fcategories&post=243441"},{"taxonomy":"post_tag","embeddable":true,"href":"https:\/\/www.prijedordanas.com\/index.php?rest_route=%2Fwp%2Fv2%2Ftags&post=243441"}],"curies":[{"name":"wp","href":"https:\/\/api.w.org\/{rel}","templated":true}]}}