{"id":243220,"date":"2025-03-13T10:04:29","date_gmt":"2025-03-13T09:04:29","guid":{"rendered":"https:\/\/www.prijedordanas.com\/?p=243220"},"modified":"2025-03-13T10:04:29","modified_gmt":"2025-03-13T09:04:29","slug":"skupstina-grada-prijedora-osnovan-djeciji-vrtic-u-brezicanima","status":"publish","type":"post","link":"https:\/\/www.prijedordanas.com\/?p=243220","title":{"rendered":"Skup\u0161tina grada Prijedora: Osnovan dje\u010diji vrti\u0107 u Brezi\u010danima"},"content":{"rendered":"<p><a href=\"https:\/\/www.prijedordanas.com\/wp-content\/uploads\/2025\/03\/skupstina-grada-12mart-4.jpg\"><img loading=\"lazy\" decoding=\"async\" src=\"https:\/\/www.prijedordanas.com\/wp-content\/uploads\/2025\/03\/skupstina-grada-12mart-4-300x225.jpg\" alt=\"\" width=\"300\" height=\"225\" class=\"alignleft size-medium wp-image-243221\" srcset=\"https:\/\/www.prijedordanas.com\/wp-content\/uploads\/2025\/03\/skupstina-grada-12mart-4-300x225.jpg 300w, https:\/\/www.prijedordanas.com\/wp-content\/uploads\/2025\/03\/skupstina-grada-12mart-4-640x480.jpg 640w, https:\/\/www.prijedordanas.com\/wp-content\/uploads\/2025\/03\/skupstina-grada-12mart-4.jpg 667w\" sizes=\"(max-width: 300px) 100vw, 300px\" \/><\/a>Odbornici Skup\u0161tine grada Prijedora usvojili su odluku da u naselju Brezi\u010dani bude osnovan vrti\u0107 &#8220;Samba&#8221; kao nova organizaciona jedinica Dje\u010dijeg vrti\u0107a &#8220;Radost&#8221;.<\/p>\n<p>Vr\u0161ilac du\u017enosti direktora vrti\u0107a &#8220;Radost&#8221; Maja Vojnovi\u0107 rekla je da je usvajanje ove odluke preduslov da se pred\u0161kolska ustanova obrati Ministarstvu prosvjete i kulture Republike Srpske radi pribavljanja saglasnosti i dozvole za rad, te da o\u010dekuje da \u0107e vrti\u0107 po\u010deti s radom do kraja mjeseca.<\/p>\n<p>Ona je precizirala da je kapacitet novog vrti\u0107a 46 djece, odnosno jedna starija jasli\u010dka grupa \/djeca od dvije do tri godine\/ i jedna mje\u0161ovita grupa \/djeca od tri do \u0161est godina\/.<\/p>\n<p>Odbornici su usvojili i odluku o visini boravi\u0161ne takse na podru\u010dju grada Prijedora koja iznosi 2,50 KM po svakom ostvarenom no\u0107enju.<\/p>\n<p>Vr\u0161ilac du\u017enosti direktora prijedorske Turisti\u010dke organizacije Dijana Aramanda pojasnila je da je jedan od razloga dono\u0161enja izmjena i dopuna Zakona o boravi\u0161noj taksi, koje su u primjeni od po\u010detka godine, izjedna\u010davanje polo\u017eaja svih ugostitelja koji pru\u017eaju usluge smje\u0161taja.<\/p>\n<p>Predsjednik Skup\u0161tine grada Prijedora Igor Kneginji\u0107 rekao je da je prisustvo sjednicama gradskog parlamenta odobreno za \u010detiri od 11 prijavljenih organizacija, a to su Organizacija porodica zarobljenih i poginulih boraca i nestalih civila, Udru\u017eenje penzionera, Udru\u017eenje roditelja djece sa posebnim potrebama &#8220;Neven&#8221; i Regionalni odbor Organizacije starje\u0161ina Vojske Republike Srpske.<\/p>\n<p>On je pojasnio da prisustvo nije odobreno za sedam organizacija zato \u0161to nisu ispunile uslove javnog poziva, odnosno nisu dostavile program rada. <\/p>\n<p>SRNA<\/p>\n","protected":false},"excerpt":{"rendered":"<p>Odbornici Skup\u0161tine grada Prijedora usvojili su odluku da u naselju Brezi\u010dani bude osnovan vrti\u0107 &#8220;Samba&#8221; kao nova organizaciona jedinica Dje\u010dijeg vrti\u0107a &#8220;Radost&#8221;. Vr\u0161ilac du\u017enosti direktora vrti\u0107a &#8220;Radost&#8221; Maja Vojnovi\u0107 rekla [&hellip;]<\/p>\n","protected":false},"author":1,"featured_media":0,"comment_status":"closed","ping_status":"open","sticky":false,"template":"","format":"standard","meta":{"_monsterinsights_skip_tracking":false,"_monsterinsights_sitenote_active":false,"_monsterinsights_sitenote_note":"","_monsterinsights_sitenote_category":0,"footnotes":""},"categories":[4],"tags":[],"yoast_head":"<!-- This site is optimized with the Yoast SEO plugin v21.6 - https:\/\/yoast.com\/wordpress\/plugins\/seo\/ -->\n<title>Skup\u0161tina grada Prijedora: Osnovan dje\u010diji vrti\u0107 u Brezi\u010danima - PrijedorDanas.com - Prijedorski gradski portal<\/title>\n<meta name=\"robots\" content=\"index, follow, max-snippet:-1, max-image-preview:large, max-video-preview:-1\" \/>\n<link rel=\"canonical\" href=\"https:\/\/www.prijedordanas.com\/?p=243220\" \/>\n<meta property=\"og:locale\" content=\"en_US\" \/>\n<meta property=\"og:type\" content=\"article\" \/>\n<meta property=\"og:title\" content=\"Skup\u0161tina grada Prijedora: Osnovan dje\u010diji vrti\u0107 u Brezi\u010danima - PrijedorDanas.com - Prijedorski gradski portal\" \/>\n<meta property=\"og:description\" content=\"Odbornici Skup\u0161tine grada Prijedora usvojili su odluku da u naselju Brezi\u010dani bude osnovan vrti\u0107 &#8220;Samba&#8221; kao nova organizaciona jedinica Dje\u010dijeg vrti\u0107a &#8220;Radost&#8221;. Vr\u0161ilac du\u017enosti direktora vrti\u0107a &#8220;Radost&#8221; Maja Vojnovi\u0107 rekla [&hellip;]\" \/>\n<meta property=\"og:url\" content=\"https:\/\/www.prijedordanas.com\/?p=243220\" \/>\n<meta property=\"og:site_name\" content=\"PrijedorDanas.com - Prijedorski gradski portal\" \/>\n<meta property=\"article:publisher\" content=\"https:\/\/www.facebook.com\/PrijedorDanasCom\/\" \/>\n<meta property=\"article:published_time\" content=\"2025-03-13T09:04:29+00:00\" \/>\n<meta property=\"og:image\" content=\"https:\/\/www.prijedordanas.com\/wp-content\/uploads\/2025\/03\/skupstina-grada-12mart-4-300x225.jpg\" \/>\n<meta name=\"author\" content=\"admin\" \/>\n<meta name=\"twitter:card\" content=\"summary_large_image\" \/>\n<meta name=\"twitter:label1\" content=\"Written by\" \/>\n\t<meta name=\"twitter:data1\" content=\"admin\" \/>\n<script type=\"application\/ld+json\" class=\"yoast-schema-graph\">{\"@context\":\"https:\/\/schema.org\",\"@graph\":[{\"@type\":\"Article\",\"@id\":\"https:\/\/www.prijedordanas.com\/?p=243220#article\",\"isPartOf\":{\"@id\":\"https:\/\/www.prijedordanas.com\/?p=243220\"},\"author\":{\"name\":\"admin\",\"@id\":\"https:\/\/www.prijedordanas.com\/#\/schema\/person\/4e08ccf29b506ca916ff86d46bb700e6\"},\"headline\":\"Skup\u0161tina grada Prijedora: Osnovan dje\u010diji vrti\u0107 u Brezi\u010danima\",\"datePublished\":\"2025-03-13T09:04:29+00:00\",\"dateModified\":\"2025-03-13T09:04:29+00:00\",\"mainEntityOfPage\":{\"@id\":\"https:\/\/www.prijedordanas.com\/?p=243220\"},\"wordCount\":268,\"publisher\":{\"@id\":\"https:\/\/www.prijedordanas.com\/#organization\"},\"articleSection\":[\"Dru\u0161tvo\"],\"inLanguage\":\"en-US\"},{\"@type\":\"WebPage\",\"@id\":\"https:\/\/www.prijedordanas.com\/?p=243220\",\"url\":\"https:\/\/www.prijedordanas.com\/?p=243220\",\"name\":\"Skup\u0161tina grada Prijedora: Osnovan dje\u010diji vrti\u0107 u Brezi\u010danima - PrijedorDanas.com - Prijedorski gradski portal\",\"isPartOf\":{\"@id\":\"https:\/\/www.prijedordanas.com\/#website\"},\"datePublished\":\"2025-03-13T09:04:29+00:00\",\"dateModified\":\"2025-03-13T09:04:29+00:00\",\"breadcrumb\":{\"@id\":\"https:\/\/www.prijedordanas.com\/?p=243220#breadcrumb\"},\"inLanguage\":\"en-US\",\"potentialAction\":[{\"@type\":\"ReadAction\",\"target\":[\"https:\/\/www.prijedordanas.com\/?p=243220\"]}]},{\"@type\":\"BreadcrumbList\",\"@id\":\"https:\/\/www.prijedordanas.com\/?p=243220#breadcrumb\",\"itemListElement\":[{\"@type\":\"ListItem\",\"position\":1,\"name\":\"Home\",\"item\":\"https:\/\/www.prijedordanas.com\/\"},{\"@type\":\"ListItem\",\"position\":2,\"name\":\"Skup\u0161tina grada Prijedora: Osnovan dje\u010diji vrti\u0107 u Brezi\u010danima\"}]},{\"@type\":\"WebSite\",\"@id\":\"https:\/\/www.prijedordanas.com\/#website\",\"url\":\"https:\/\/www.prijedordanas.com\/\",\"name\":\"PrijedorDanas.com - Prijedorski gradski portal\",\"description\":\"Portal o doga\u0111anjima u gradu Prijedoru\",\"publisher\":{\"@id\":\"https:\/\/www.prijedordanas.com\/#organization\"},\"potentialAction\":[{\"@type\":\"SearchAction\",\"target\":{\"@type\":\"EntryPoint\",\"urlTemplate\":\"https:\/\/www.prijedordanas.com\/?s={search_term_string}\"},\"query-input\":\"required name=search_term_string\"}],\"inLanguage\":\"en-US\"},{\"@type\":\"Organization\",\"@id\":\"https:\/\/www.prijedordanas.com\/#organization\",\"name\":\"PrijedorDanas.com\",\"url\":\"https:\/\/www.prijedordanas.com\/\",\"logo\":{\"@type\":\"ImageObject\",\"inLanguage\":\"en-US\",\"@id\":\"https:\/\/www.prijedordanas.com\/#\/schema\/logo\/image\/\",\"url\":\"http:\/\/www.prijedordanas.com\/wp-content\/uploads\/2021\/12\/logopng.png\",\"contentUrl\":\"http:\/\/www.prijedordanas.com\/wp-content\/uploads\/2021\/12\/logopng.png\",\"width\":1019,\"height\":776,\"caption\":\"PrijedorDanas.com\"},\"image\":{\"@id\":\"https:\/\/www.prijedordanas.com\/#\/schema\/logo\/image\/\"},\"sameAs\":[\"https:\/\/www.facebook.com\/PrijedorDanasCom\/\"]},{\"@type\":\"Person\",\"@id\":\"https:\/\/www.prijedordanas.com\/#\/schema\/person\/4e08ccf29b506ca916ff86d46bb700e6\",\"name\":\"admin\",\"image\":{\"@type\":\"ImageObject\",\"inLanguage\":\"en-US\",\"@id\":\"https:\/\/www.prijedordanas.com\/#\/schema\/person\/image\/\",\"url\":\"https:\/\/secure.gravatar.com\/avatar\/1d3fc949d550f0b53a5f0d51e06dfd79?s=96&d=mm&r=g\",\"contentUrl\":\"https:\/\/secure.gravatar.com\/avatar\/1d3fc949d550f0b53a5f0d51e06dfd79?s=96&d=mm&r=g\",\"caption\":\"admin\"},\"url\":\"https:\/\/www.prijedordanas.com\/?author=1\"}]}<\/script>\n<!-- \/ Yoast SEO plugin. -->","yoast_head_json":{"title":"Skup\u0161tina grada Prijedora: Osnovan dje\u010diji vrti\u0107 u Brezi\u010danima - PrijedorDanas.com - Prijedorski gradski portal","robots":{"index":"index","follow":"follow","max-snippet":"max-snippet:-1","max-image-preview":"max-image-preview:large","max-video-preview":"max-video-preview:-1"},"canonical":"https:\/\/www.prijedordanas.com\/?p=243220","og_locale":"en_US","og_type":"article","og_title":"Skup\u0161tina grada Prijedora: Osnovan dje\u010diji vrti\u0107 u Brezi\u010danima - PrijedorDanas.com - Prijedorski gradski portal","og_description":"Odbornici Skup\u0161tine grada Prijedora usvojili su odluku da u naselju Brezi\u010dani bude osnovan vrti\u0107 &#8220;Samba&#8221; kao nova organizaciona jedinica Dje\u010dijeg vrti\u0107a &#8220;Radost&#8221;. Vr\u0161ilac du\u017enosti direktora vrti\u0107a &#8220;Radost&#8221; Maja Vojnovi\u0107 rekla [&hellip;]","og_url":"https:\/\/www.prijedordanas.com\/?p=243220","og_site_name":"PrijedorDanas.com - Prijedorski gradski portal","article_publisher":"https:\/\/www.facebook.com\/PrijedorDanasCom\/","article_published_time":"2025-03-13T09:04:29+00:00","og_image":[{"url":"https:\/\/www.prijedordanas.com\/wp-content\/uploads\/2025\/03\/skupstina-grada-12mart-4-300x225.jpg"}],"author":"admin","twitter_card":"summary_large_image","twitter_misc":{"Written by":"admin"},"schema":{"@context":"https:\/\/schema.org","@graph":[{"@type":"Article","@id":"https:\/\/www.prijedordanas.com\/?p=243220#article","isPartOf":{"@id":"https:\/\/www.prijedordanas.com\/?p=243220"},"author":{"name":"admin","@id":"https:\/\/www.prijedordanas.com\/#\/schema\/person\/4e08ccf29b506ca916ff86d46bb700e6"},"headline":"Skup\u0161tina grada Prijedora: Osnovan dje\u010diji vrti\u0107 u Brezi\u010danima","datePublished":"2025-03-13T09:04:29+00:00","dateModified":"2025-03-13T09:04:29+00:00","mainEntityOfPage":{"@id":"https:\/\/www.prijedordanas.com\/?p=243220"},"wordCount":268,"publisher":{"@id":"https:\/\/www.prijedordanas.com\/#organization"},"articleSection":["Dru\u0161tvo"],"inLanguage":"en-US"},{"@type":"WebPage","@id":"https:\/\/www.prijedordanas.com\/?p=243220","url":"https:\/\/www.prijedordanas.com\/?p=243220","name":"Skup\u0161tina grada Prijedora: Osnovan dje\u010diji vrti\u0107 u Brezi\u010danima - PrijedorDanas.com - Prijedorski gradski portal","isPartOf":{"@id":"https:\/\/www.prijedordanas.com\/#website"},"datePublished":"2025-03-13T09:04:29+00:00","dateModified":"2025-03-13T09:04:29+00:00","breadcrumb":{"@id":"https:\/\/www.prijedordanas.com\/?p=243220#breadcrumb"},"inLanguage":"en-US","potentialAction":[{"@type":"ReadAction","target":["https:\/\/www.prijedordanas.com\/?p=243220"]}]},{"@type":"BreadcrumbList","@id":"https:\/\/www.prijedordanas.com\/?p=243220#breadcrumb","itemListElement":[{"@type":"ListItem","position":1,"name":"Home","item":"https:\/\/www.prijedordanas.com\/"},{"@type":"ListItem","position":2,"name":"Skup\u0161tina grada Prijedora: Osnovan dje\u010diji vrti\u0107 u Brezi\u010danima"}]},{"@type":"WebSite","@id":"https:\/\/www.prijedordanas.com\/#website","url":"https:\/\/www.prijedordanas.com\/","name":"PrijedorDanas.com - Prijedorski gradski portal","description":"Portal o doga\u0111anjima u gradu Prijedoru","publisher":{"@id":"https:\/\/www.prijedordanas.com\/#organization"},"potentialAction":[{"@type":"SearchAction","target":{"@type":"EntryPoint","urlTemplate":"https:\/\/www.prijedordanas.com\/?s={search_term_string}"},"query-input":"required name=search_term_string"}],"inLanguage":"en-US"},{"@type":"Organization","@id":"https:\/\/www.prijedordanas.com\/#organization","name":"PrijedorDanas.com","url":"https:\/\/www.prijedordanas.com\/","logo":{"@type":"ImageObject","inLanguage":"en-US","@id":"https:\/\/www.prijedordanas.com\/#\/schema\/logo\/image\/","url":"http:\/\/www.prijedordanas.com\/wp-content\/uploads\/2021\/12\/logopng.png","contentUrl":"http:\/\/www.prijedordanas.com\/wp-content\/uploads\/2021\/12\/logopng.png","width":1019,"height":776,"caption":"PrijedorDanas.com"},"image":{"@id":"https:\/\/www.prijedordanas.com\/#\/schema\/logo\/image\/"},"sameAs":["https:\/\/www.facebook.com\/PrijedorDanasCom\/"]},{"@type":"Person","@id":"https:\/\/www.prijedordanas.com\/#\/schema\/person\/4e08ccf29b506ca916ff86d46bb700e6","name":"admin","image":{"@type":"ImageObject","inLanguage":"en-US","@id":"https:\/\/www.prijedordanas.com\/#\/schema\/person\/image\/","url":"https:\/\/secure.gravatar.com\/avatar\/1d3fc949d550f0b53a5f0d51e06dfd79?s=96&d=mm&r=g","contentUrl":"https:\/\/secure.gravatar.com\/avatar\/1d3fc949d550f0b53a5f0d51e06dfd79?s=96&d=mm&r=g","caption":"admin"},"url":"https:\/\/www.prijedordanas.com\/?author=1"}]}},"_links":{"self":[{"href":"https:\/\/www.prijedordanas.com\/index.php?rest_route=\/wp\/v2\/posts\/243220"}],"collection":[{"href":"https:\/\/www.prijedordanas.com\/index.php?rest_route=\/wp\/v2\/posts"}],"about":[{"href":"https:\/\/www.prijedordanas.com\/index.php?rest_route=\/wp\/v2\/types\/post"}],"author":[{"embeddable":true,"href":"https:\/\/www.prijedordanas.com\/index.php?rest_route=\/wp\/v2\/users\/1"}],"replies":[{"embeddable":true,"href":"https:\/\/www.prijedordanas.com\/index.php?rest_route=%2Fwp%2Fv2%2Fcomments&post=243220"}],"version-history":[{"count":1,"href":"https:\/\/www.prijedordanas.com\/index.php?rest_route=\/wp\/v2\/posts\/243220\/revisions"}],"predecessor-version":[{"id":243222,"href":"https:\/\/www.prijedordanas.com\/index.php?rest_route=\/wp\/v2\/posts\/243220\/revisions\/243222"}],"wp:attachment":[{"href":"https:\/\/www.prijedordanas.com\/index.php?rest_route=%2Fwp%2Fv2%2Fmedia&parent=243220"}],"wp:term":[{"taxonomy":"category","embeddable":true,"href":"https:\/\/www.prijedordanas.com\/index.php?rest_route=%2Fwp%2Fv2%2Fcategories&post=243220"},{"taxonomy":"post_tag","embeddable":true,"href":"https:\/\/www.prijedordanas.com\/index.php?rest_route=%2Fwp%2Fv2%2Ftags&post=243220"}],"curies":[{"name":"wp","href":"https:\/\/api.w.org\/{rel}","templated":true}]}}