{"id":243089,"date":"2025-03-11T08:49:54","date_gmt":"2025-03-11T07:49:54","guid":{"rendered":"https:\/\/www.prijedordanas.com\/?p=243089"},"modified":"2025-03-11T08:49:54","modified_gmt":"2025-03-11T07:49:54","slug":"ribnjak-sanicani-vecinski-vlasnik-zloupotrebom-procesnih-ovlastenja-odugovlaci-postupak","status":"publish","type":"post","link":"https:\/\/www.prijedordanas.com\/?p=243089","title":{"rendered":"Ribnjak &#8220;Sani\u010dani&#8221; \u2013 Ve\u0107inski vlasnik zloupotrebom procesnih ovla\u0161tenja odugovla\u010di postupak"},"content":{"rendered":"<p><a href=\"https:\/\/www.prijedordanas.com\/wp-content\/uploads\/2025\/03\/dijana-mazalic-novic-predsjednica-okruznog-privrednog-suda-prijedor-2.jpg\"><img loading=\"lazy\" decoding=\"async\" class=\"alignleft size-medium wp-image-243090\" src=\"https:\/\/www.prijedordanas.com\/wp-content\/uploads\/2025\/03\/dijana-mazalic-novic-predsjednica-okruznog-privrednog-suda-prijedor-2-300x225.jpg\" alt=\"\" width=\"300\" height=\"225\" srcset=\"https:\/\/www.prijedordanas.com\/wp-content\/uploads\/2025\/03\/dijana-mazalic-novic-predsjednica-okruznog-privrednog-suda-prijedor-2-300x225.jpg 300w, https:\/\/www.prijedordanas.com\/wp-content\/uploads\/2025\/03\/dijana-mazalic-novic-predsjednica-okruznog-privrednog-suda-prijedor-2-640x480.jpg 640w, https:\/\/www.prijedordanas.com\/wp-content\/uploads\/2025\/03\/dijana-mazalic-novic-predsjednica-okruznog-privrednog-suda-prijedor-2.jpg 667w\" sizes=\"(max-width: 300px) 100vw, 300px\" \/><\/a>Pred Okru\u017enim privrednim sudom u Prijedoru za sutra je zakazana skup\u0161tina povjerilaca prijedorskog ribnjaka \u201eSani\u010dani\u201c u ste\u010daju na kojoj bi trebalo da bude izabran novi \u010dlan odbora povjerilaca, nakon \u0161to je prethodna \u010dlanica odbora iz Pravobranila\u0161tva Republike Srpske imenovana na du\u017enost sudije.<\/p>\n<p>Predsjednica Okru\u017enog privrednog suda u Prijedoru Dijana Mazali\u0107 Novi\u0107 navela je da je to jedina ta\u010dka dnevnog reda, a da \u0107e potom biti zakazana skup\u0161tina povjerilaca radi odlu\u010divanja o prigovoru na nalaze vje\u0161taka i procjenitelja.<\/p>\n<p>\u201eOsim u odboru povjerilaca, u ovom postupku do\u0161lo je i do promjene ste\u010dajnog sudije nakon imenovanja ranijeg sudije na du\u017enost u drugoj instituciji. Sudija je ve\u0107 ulo\u017eila zaista dosta vremena da odmah mo\u017ee da nastavi s predmetom, da to ne bude dodatno razlog du\u017eine trajanja tog postupka\u201c, rekla je Mazali\u0107 Novi\u0107.<\/p>\n<p>Ona je podsjetila da je ste\u010daj otvoren u martu 2021. godine, da ukupna potra\u017eivanja ste\u010dajnih povjerilaca iznose 3.723.477,79 KM, da se pred Republi\u010dkom upravom za geodetske i imovinsko-pravne poslove \/RUGIPP\/ od februara 2022. godine vodi ve\u0107i broj postupaka za utvr\u0111ivanje prava svojine na nekretninama, a da je pro\u0161log mjeseca RUGIPP je zapo\u010deo identifikaciju oko 1.300 hektara povr\u0161ine koju zauzimaju ribnjaci, nakon \u010dega \u0107e biti zakazane usmene rasprave.<\/p>\n<p>\u201eOd ishoda tih postupaka zavisi ovaj ste\u010daj. Oni \u0107e pokazati \u0161ta jeste vlasni\u0161tvo i mo\u017ee u\u0107i u ste\u010dajnu masu, a \u0161ta je u posjedu i ne mo\u017ee u\u0107i u ste\u010dajnu masu budu\u0107i da je vodno, \u0161umsko ili poljoprivredno, dakle javno dobro izuzeto od privatizacije\u201c, pojasnila je Mazali\u0107 Novi\u0107.<\/p>\n<p>Prema procjenama vje\u0161taka, ukupna vrijednost imovine kojom raspola\u017ee ste\u010dajni du\u017enik je 38.273.454,24 KM od \u010dega vrijednost zemlji\u0161ta u posjedu od 1.087,83 hektara iznosi 25.472.896,26 KM, vrijednost zemlji\u0161ta u vlasni\u0161tvu od 278,17 hektara iznosi 3.581.057,98 KM, a vrijednost gra\u0111evinskih objekata 9.219.500 KM.<\/p>\n<p>\u201eSkup\u0161tina povjerilaca treba da odlu\u010di da li \u0107e se ribnjak prodavati kao pravno lice, \u0161to je predlo\u017eio odbor povjerilaca, a, prema procjeni ovla\u0161tenog procjenitelja, ukupna vrijednost pravnog lica procijenjena na 5.478.551 KM.<\/p>\n<p>Osim slo\u017eenosti predmeta, na du\u017einu trajanja uti\u010du i zloupotrebe procesnih ovla\u0161tenja od strane ve\u0107inskog vlasnika i povjerioca Radojice Ratkovca koji je u vi\u0161e podnosio tu\u017ebe radi naknade \u0161tete protiv postupaju\u0107eg sudije i zahtjeve za isklju\u010denje sudije.<\/p>\n<p>\u201eZahtjevi za isklju\u010denje sudije su od strane predsjednika suda odbijeni, jer nije bilo zakonskih uslova za isklju\u010denje sudije, ali je to dovodilo do odga\u0111anja zakazanih ste\u010dajnih ro\u010di\u0161ta, \u0161to je o\u010dito bila i namjera podnosioca zahtjeva i \u0161to ukazuje da se radi o tu\u017ebama i zahtjevima za isklju\u010denje koji su podneseni s ciljem odugovla\u010denja ste\u010dajnog postupka\u201c, dodala je Mazali\u0107 Novi\u0107.<\/p>\n<p>Radojica Ratkovac vlasnik je 52,128 odsto akcija ste\u010dajnog du\u017enika, a me\u0111u deset najve\u0107ih akcionara su pet fondova, dvije banke i dva fizi\u010dka lica.<\/p>\n<p>Skup\u0161tina akcionara zakazana je za 10.00 \u010dasova.<\/p>\n<p>Tekst i foto \u2013 Katarina Pani\u0107 &#8211; <a href=\"https:\/\/www.prijedordanas.com\" target=\"_blank\" rel=\"noopener noreferrer\">www.prijedordanas.com<\/a><\/p>\n","protected":false},"excerpt":{"rendered":"<p>Pred Okru\u017enim privrednim sudom u Prijedoru za sutra je zakazana skup\u0161tina povjerilaca prijedorskog ribnjaka \u201eSani\u010dani\u201c u ste\u010daju na kojoj bi trebalo da bude izabran novi \u010dlan odbora povjerilaca, nakon \u0161to [&hellip;]<\/p>\n","protected":false},"author":1,"featured_media":0,"comment_status":"closed","ping_status":"open","sticky":false,"template":"","format":"standard","meta":{"_monsterinsights_skip_tracking":false,"_monsterinsights_sitenote_active":false,"_monsterinsights_sitenote_note":"","_monsterinsights_sitenote_category":0,"footnotes":""},"categories":[4],"tags":[],"yoast_head":"<!-- This site is optimized with the Yoast SEO plugin v21.6 - https:\/\/yoast.com\/wordpress\/plugins\/seo\/ -->\n<title>Ribnjak &quot;Sani\u010dani&quot; \u2013 Ve\u0107inski vlasnik zloupotrebom procesnih ovla\u0161tenja odugovla\u010di postupak - PrijedorDanas.com - Prijedorski gradski portal<\/title>\n<meta name=\"robots\" content=\"index, follow, max-snippet:-1, max-image-preview:large, max-video-preview:-1\" \/>\n<link rel=\"canonical\" href=\"https:\/\/www.prijedordanas.com\/?p=243089\" \/>\n<meta property=\"og:locale\" content=\"en_US\" \/>\n<meta property=\"og:type\" content=\"article\" \/>\n<meta property=\"og:title\" content=\"Ribnjak &quot;Sani\u010dani&quot; \u2013 Ve\u0107inski vlasnik zloupotrebom procesnih ovla\u0161tenja odugovla\u010di postupak - PrijedorDanas.com - Prijedorski gradski portal\" \/>\n<meta property=\"og:description\" content=\"Pred Okru\u017enim privrednim sudom u Prijedoru za sutra je zakazana skup\u0161tina povjerilaca prijedorskog ribnjaka \u201eSani\u010dani\u201c u ste\u010daju na kojoj bi trebalo da bude izabran novi \u010dlan odbora povjerilaca, nakon \u0161to [&hellip;]\" \/>\n<meta property=\"og:url\" content=\"https:\/\/www.prijedordanas.com\/?p=243089\" \/>\n<meta property=\"og:site_name\" content=\"PrijedorDanas.com - Prijedorski gradski portal\" \/>\n<meta property=\"article:publisher\" content=\"https:\/\/www.facebook.com\/PrijedorDanasCom\/\" \/>\n<meta property=\"article:published_time\" content=\"2025-03-11T07:49:54+00:00\" \/>\n<meta property=\"og:image\" content=\"https:\/\/www.prijedordanas.com\/wp-content\/uploads\/2025\/03\/dijana-mazalic-novic-predsjednica-okruznog-privrednog-suda-prijedor-2-300x225.jpg\" \/>\n<meta name=\"author\" content=\"admin\" \/>\n<meta name=\"twitter:card\" content=\"summary_large_image\" \/>\n<meta name=\"twitter:label1\" content=\"Written by\" \/>\n\t<meta name=\"twitter:data1\" content=\"admin\" \/>\n\t<meta name=\"twitter:label2\" content=\"Est. reading time\" \/>\n\t<meta name=\"twitter:data2\" content=\"3 minutes\" \/>\n<script type=\"application\/ld+json\" class=\"yoast-schema-graph\">{\"@context\":\"https:\/\/schema.org\",\"@graph\":[{\"@type\":\"Article\",\"@id\":\"https:\/\/www.prijedordanas.com\/?p=243089#article\",\"isPartOf\":{\"@id\":\"https:\/\/www.prijedordanas.com\/?p=243089\"},\"author\":{\"name\":\"admin\",\"@id\":\"https:\/\/www.prijedordanas.com\/#\/schema\/person\/4e08ccf29b506ca916ff86d46bb700e6\"},\"headline\":\"Ribnjak &#8220;Sani\u010dani&#8221; \u2013 Ve\u0107inski vlasnik zloupotrebom procesnih ovla\u0161tenja odugovla\u010di postupak\",\"datePublished\":\"2025-03-11T07:49:54+00:00\",\"dateModified\":\"2025-03-11T07:49:54+00:00\",\"mainEntityOfPage\":{\"@id\":\"https:\/\/www.prijedordanas.com\/?p=243089\"},\"wordCount\":523,\"publisher\":{\"@id\":\"https:\/\/www.prijedordanas.com\/#organization\"},\"articleSection\":[\"Dru\u0161tvo\"],\"inLanguage\":\"en-US\"},{\"@type\":\"WebPage\",\"@id\":\"https:\/\/www.prijedordanas.com\/?p=243089\",\"url\":\"https:\/\/www.prijedordanas.com\/?p=243089\",\"name\":\"Ribnjak \\\"Sani\u010dani\\\" \u2013 Ve\u0107inski vlasnik zloupotrebom procesnih ovla\u0161tenja odugovla\u010di postupak - PrijedorDanas.com - Prijedorski gradski portal\",\"isPartOf\":{\"@id\":\"https:\/\/www.prijedordanas.com\/#website\"},\"datePublished\":\"2025-03-11T07:49:54+00:00\",\"dateModified\":\"2025-03-11T07:49:54+00:00\",\"breadcrumb\":{\"@id\":\"https:\/\/www.prijedordanas.com\/?p=243089#breadcrumb\"},\"inLanguage\":\"en-US\",\"potentialAction\":[{\"@type\":\"ReadAction\",\"target\":[\"https:\/\/www.prijedordanas.com\/?p=243089\"]}]},{\"@type\":\"BreadcrumbList\",\"@id\":\"https:\/\/www.prijedordanas.com\/?p=243089#breadcrumb\",\"itemListElement\":[{\"@type\":\"ListItem\",\"position\":1,\"name\":\"Home\",\"item\":\"https:\/\/www.prijedordanas.com\/\"},{\"@type\":\"ListItem\",\"position\":2,\"name\":\"Ribnjak &#8220;Sani\u010dani&#8221; \u2013 Ve\u0107inski vlasnik zloupotrebom procesnih ovla\u0161tenja odugovla\u010di postupak\"}]},{\"@type\":\"WebSite\",\"@id\":\"https:\/\/www.prijedordanas.com\/#website\",\"url\":\"https:\/\/www.prijedordanas.com\/\",\"name\":\"PrijedorDanas.com - Prijedorski gradski portal\",\"description\":\"Portal o doga\u0111anjima u gradu Prijedoru\",\"publisher\":{\"@id\":\"https:\/\/www.prijedordanas.com\/#organization\"},\"potentialAction\":[{\"@type\":\"SearchAction\",\"target\":{\"@type\":\"EntryPoint\",\"urlTemplate\":\"https:\/\/www.prijedordanas.com\/?s={search_term_string}\"},\"query-input\":\"required name=search_term_string\"}],\"inLanguage\":\"en-US\"},{\"@type\":\"Organization\",\"@id\":\"https:\/\/www.prijedordanas.com\/#organization\",\"name\":\"PrijedorDanas.com\",\"url\":\"https:\/\/www.prijedordanas.com\/\",\"logo\":{\"@type\":\"ImageObject\",\"inLanguage\":\"en-US\",\"@id\":\"https:\/\/www.prijedordanas.com\/#\/schema\/logo\/image\/\",\"url\":\"http:\/\/www.prijedordanas.com\/wp-content\/uploads\/2021\/12\/logopng.png\",\"contentUrl\":\"http:\/\/www.prijedordanas.com\/wp-content\/uploads\/2021\/12\/logopng.png\",\"width\":1019,\"height\":776,\"caption\":\"PrijedorDanas.com\"},\"image\":{\"@id\":\"https:\/\/www.prijedordanas.com\/#\/schema\/logo\/image\/\"},\"sameAs\":[\"https:\/\/www.facebook.com\/PrijedorDanasCom\/\"]},{\"@type\":\"Person\",\"@id\":\"https:\/\/www.prijedordanas.com\/#\/schema\/person\/4e08ccf29b506ca916ff86d46bb700e6\",\"name\":\"admin\",\"image\":{\"@type\":\"ImageObject\",\"inLanguage\":\"en-US\",\"@id\":\"https:\/\/www.prijedordanas.com\/#\/schema\/person\/image\/\",\"url\":\"https:\/\/secure.gravatar.com\/avatar\/1d3fc949d550f0b53a5f0d51e06dfd79?s=96&d=mm&r=g\",\"contentUrl\":\"https:\/\/secure.gravatar.com\/avatar\/1d3fc949d550f0b53a5f0d51e06dfd79?s=96&d=mm&r=g\",\"caption\":\"admin\"},\"url\":\"https:\/\/www.prijedordanas.com\/?author=1\"}]}<\/script>\n<!-- \/ Yoast SEO plugin. -->","yoast_head_json":{"title":"Ribnjak \"Sani\u010dani\" \u2013 Ve\u0107inski vlasnik zloupotrebom procesnih ovla\u0161tenja odugovla\u010di postupak - PrijedorDanas.com - Prijedorski gradski portal","robots":{"index":"index","follow":"follow","max-snippet":"max-snippet:-1","max-image-preview":"max-image-preview:large","max-video-preview":"max-video-preview:-1"},"canonical":"https:\/\/www.prijedordanas.com\/?p=243089","og_locale":"en_US","og_type":"article","og_title":"Ribnjak \"Sani\u010dani\" \u2013 Ve\u0107inski vlasnik zloupotrebom procesnih ovla\u0161tenja odugovla\u010di postupak - PrijedorDanas.com - Prijedorski gradski portal","og_description":"Pred Okru\u017enim privrednim sudom u Prijedoru za sutra je zakazana skup\u0161tina povjerilaca prijedorskog ribnjaka \u201eSani\u010dani\u201c u ste\u010daju na kojoj bi trebalo da bude izabran novi \u010dlan odbora povjerilaca, nakon \u0161to [&hellip;]","og_url":"https:\/\/www.prijedordanas.com\/?p=243089","og_site_name":"PrijedorDanas.com - Prijedorski gradski portal","article_publisher":"https:\/\/www.facebook.com\/PrijedorDanasCom\/","article_published_time":"2025-03-11T07:49:54+00:00","og_image":[{"url":"https:\/\/www.prijedordanas.com\/wp-content\/uploads\/2025\/03\/dijana-mazalic-novic-predsjednica-okruznog-privrednog-suda-prijedor-2-300x225.jpg"}],"author":"admin","twitter_card":"summary_large_image","twitter_misc":{"Written by":"admin","Est. reading time":"3 minutes"},"schema":{"@context":"https:\/\/schema.org","@graph":[{"@type":"Article","@id":"https:\/\/www.prijedordanas.com\/?p=243089#article","isPartOf":{"@id":"https:\/\/www.prijedordanas.com\/?p=243089"},"author":{"name":"admin","@id":"https:\/\/www.prijedordanas.com\/#\/schema\/person\/4e08ccf29b506ca916ff86d46bb700e6"},"headline":"Ribnjak &#8220;Sani\u010dani&#8221; \u2013 Ve\u0107inski vlasnik zloupotrebom procesnih ovla\u0161tenja odugovla\u010di postupak","datePublished":"2025-03-11T07:49:54+00:00","dateModified":"2025-03-11T07:49:54+00:00","mainEntityOfPage":{"@id":"https:\/\/www.prijedordanas.com\/?p=243089"},"wordCount":523,"publisher":{"@id":"https:\/\/www.prijedordanas.com\/#organization"},"articleSection":["Dru\u0161tvo"],"inLanguage":"en-US"},{"@type":"WebPage","@id":"https:\/\/www.prijedordanas.com\/?p=243089","url":"https:\/\/www.prijedordanas.com\/?p=243089","name":"Ribnjak \"Sani\u010dani\" \u2013 Ve\u0107inski vlasnik zloupotrebom procesnih ovla\u0161tenja odugovla\u010di postupak - PrijedorDanas.com - Prijedorski gradski portal","isPartOf":{"@id":"https:\/\/www.prijedordanas.com\/#website"},"datePublished":"2025-03-11T07:49:54+00:00","dateModified":"2025-03-11T07:49:54+00:00","breadcrumb":{"@id":"https:\/\/www.prijedordanas.com\/?p=243089#breadcrumb"},"inLanguage":"en-US","potentialAction":[{"@type":"ReadAction","target":["https:\/\/www.prijedordanas.com\/?p=243089"]}]},{"@type":"BreadcrumbList","@id":"https:\/\/www.prijedordanas.com\/?p=243089#breadcrumb","itemListElement":[{"@type":"ListItem","position":1,"name":"Home","item":"https:\/\/www.prijedordanas.com\/"},{"@type":"ListItem","position":2,"name":"Ribnjak &#8220;Sani\u010dani&#8221; \u2013 Ve\u0107inski vlasnik zloupotrebom procesnih ovla\u0161tenja odugovla\u010di postupak"}]},{"@type":"WebSite","@id":"https:\/\/www.prijedordanas.com\/#website","url":"https:\/\/www.prijedordanas.com\/","name":"PrijedorDanas.com - Prijedorski gradski portal","description":"Portal o doga\u0111anjima u gradu Prijedoru","publisher":{"@id":"https:\/\/www.prijedordanas.com\/#organization"},"potentialAction":[{"@type":"SearchAction","target":{"@type":"EntryPoint","urlTemplate":"https:\/\/www.prijedordanas.com\/?s={search_term_string}"},"query-input":"required name=search_term_string"}],"inLanguage":"en-US"},{"@type":"Organization","@id":"https:\/\/www.prijedordanas.com\/#organization","name":"PrijedorDanas.com","url":"https:\/\/www.prijedordanas.com\/","logo":{"@type":"ImageObject","inLanguage":"en-US","@id":"https:\/\/www.prijedordanas.com\/#\/schema\/logo\/image\/","url":"http:\/\/www.prijedordanas.com\/wp-content\/uploads\/2021\/12\/logopng.png","contentUrl":"http:\/\/www.prijedordanas.com\/wp-content\/uploads\/2021\/12\/logopng.png","width":1019,"height":776,"caption":"PrijedorDanas.com"},"image":{"@id":"https:\/\/www.prijedordanas.com\/#\/schema\/logo\/image\/"},"sameAs":["https:\/\/www.facebook.com\/PrijedorDanasCom\/"]},{"@type":"Person","@id":"https:\/\/www.prijedordanas.com\/#\/schema\/person\/4e08ccf29b506ca916ff86d46bb700e6","name":"admin","image":{"@type":"ImageObject","inLanguage":"en-US","@id":"https:\/\/www.prijedordanas.com\/#\/schema\/person\/image\/","url":"https:\/\/secure.gravatar.com\/avatar\/1d3fc949d550f0b53a5f0d51e06dfd79?s=96&d=mm&r=g","contentUrl":"https:\/\/secure.gravatar.com\/avatar\/1d3fc949d550f0b53a5f0d51e06dfd79?s=96&d=mm&r=g","caption":"admin"},"url":"https:\/\/www.prijedordanas.com\/?author=1"}]}},"_links":{"self":[{"href":"https:\/\/www.prijedordanas.com\/index.php?rest_route=\/wp\/v2\/posts\/243089"}],"collection":[{"href":"https:\/\/www.prijedordanas.com\/index.php?rest_route=\/wp\/v2\/posts"}],"about":[{"href":"https:\/\/www.prijedordanas.com\/index.php?rest_route=\/wp\/v2\/types\/post"}],"author":[{"embeddable":true,"href":"https:\/\/www.prijedordanas.com\/index.php?rest_route=\/wp\/v2\/users\/1"}],"replies":[{"embeddable":true,"href":"https:\/\/www.prijedordanas.com\/index.php?rest_route=%2Fwp%2Fv2%2Fcomments&post=243089"}],"version-history":[{"count":1,"href":"https:\/\/www.prijedordanas.com\/index.php?rest_route=\/wp\/v2\/posts\/243089\/revisions"}],"predecessor-version":[{"id":243091,"href":"https:\/\/www.prijedordanas.com\/index.php?rest_route=\/wp\/v2\/posts\/243089\/revisions\/243091"}],"wp:attachment":[{"href":"https:\/\/www.prijedordanas.com\/index.php?rest_route=%2Fwp%2Fv2%2Fmedia&parent=243089"}],"wp:term":[{"taxonomy":"category","embeddable":true,"href":"https:\/\/www.prijedordanas.com\/index.php?rest_route=%2Fwp%2Fv2%2Fcategories&post=243089"},{"taxonomy":"post_tag","embeddable":true,"href":"https:\/\/www.prijedordanas.com\/index.php?rest_route=%2Fwp%2Fv2%2Ftags&post=243089"}],"curies":[{"name":"wp","href":"https:\/\/api.w.org\/{rel}","templated":true}]}}