{"id":24296,"date":"2015-06-14T09:59:15","date_gmt":"2015-06-14T08:59:15","guid":{"rendered":"https:\/\/www.prijedordanas.com\/?p=24296"},"modified":"2015-06-14T09:59:15","modified_gmt":"2015-06-14T08:59:15","slug":"prijedor-zapaljen-audi-vlasnika-diskoteke","status":"publish","type":"post","link":"https:\/\/www.prijedordanas.com\/?p=24296","title":{"rendered":"PRIJEDOR: ZAPALJEN AUDI VLASNIKA DISKOTEKE?"},"content":{"rendered":"<p><a href=\"https:\/\/www.prijedordanas.com\/wp-content\/uploads\/2015\/06\/avaz-izgorio-audi-a6-2.jpg\"><img loading=\"lazy\" decoding=\"async\" src=\"https:\/\/www.prijedordanas.com\/wp-content\/uploads\/2015\/06\/avaz-izgorio-audi-a6-2-300x186.jpg\" alt=\"avaz-izgorio audi a6 (2)\" width=\"300\" height=\"186\" class=\"alignleft size-medium wp-image-24151\" srcset=\"https:\/\/www.prijedordanas.com\/wp-content\/uploads\/2015\/06\/avaz-izgorio-audi-a6-2-300x186.jpg 300w, https:\/\/www.prijedordanas.com\/wp-content\/uploads\/2015\/06\/avaz-izgorio-audi-a6-2.jpg 700w\" sizes=\"(max-width: 300px) 100vw, 300px\" \/><\/a>Policija traga za osobom koja je zapalila &#8220;audi A6&#8221; vlasnika prijedorske diskoteke &#8220;Black and white&#8221; Olivera Vladi\u010di\u0107a.<\/p>\n<p>Po\u017ear je podmetnut u srijedu u ranim jutarnjim \u010dasovima. Izvor blizak istrazi ispri\u010dao je da sve ukazuje na to da je skupocjeno vozilo poliveno benzinom, a potom zapaljeno. Zbog na\u010dina polivanja zapaljivom te\u010dno\u0161\u0107u spaljeni su mu gepek i prednji dio gdje je smje\u0161ten motor. Vlasnik se nije mogao izjasniti o visini \u0161tete.<\/p>\n<p>Isti izvor jo\u0161 je naglasio da je za sada motiv podmetanja po\u017eara nepoznat i da \u0107e to biti utvr\u0111eno istragom.<\/p>\n<p>Ina\u010de, automobil je registrovan na ime ljekara op\u0161te prakse Doma zdravlja Prijedor Vesnu S. sa kojom je Vladi\u010di\u0107 u vezi i navodno je \u010desto koristila taj automobil. U vrijeme paljevine vozilo je bilo parkirano u ulici Vo\u017eda Kara\u0111or\u0111a iza Doma zdravlja u Prijedoru gdje radi Vesna S.<\/p>\n<p>&#8211; To je moj automobil, samo je registrovan na \u017eenu sa kojom sam u vezi. Po\u017ear je najvjerovatnije izbio zbog neke neispravnosti na instalacijama i nema veze sa bilo \u010dim drugim. Prethodnog dana bio je na suncu pa je mo\u017eda i to doprinijelo izbijanju vatre. Nema drugih tragova koji bi ukazivali na paljevinu, a iz policije su mi rekli da \u0107e ta\u010dan uzrok znati nakon vje\u0161ta\u010denja tragova &#8211; kazao je Vladi\u010di\u0107.<\/p>\n<p>On je dodao da je automobil proizveden 2005. godine i da se trenutno ne mo\u017ee izjasniti o visini pri\u010dinjene \u0161tete.<\/p>\n<p>&#8211; Ponovi\u0107u da nema razloga da neko podmetne po\u017ear pod moj automobil, jer nemam sukob ni sa kim ni oko \u010dega &#8211; naglasio je vlasnik popularne prijedorske diskoteke.<\/p>\n<p>Iz Centra javne bezbjednosti Prijedor je saop\u0161teno da im je po\u017ear na &#8220;audiju A6&#8221; prijavljen 10. juna u 2.05 \u010dasova.<\/p>\n<p>&#8211; Poslije prijave policijski slu\u017ebenici su oti\u0161li na lice mjesta i obavili uvi\u0111aj. Materijalna \u0161teta \u0107e naknadno biti utvr\u0111ena. U toku je istraga s ciljem rasvjetljavanja krivi\u010dnog djela o\u0161te\u0107enje tu\u0111e stvari &#8211; saop\u0161teno je iz CJB Prijedor.<\/p>\n<p>U policiji su istakli da \u0107e vi\u0161e detalja o ovom slu\u010daju biti poznato tek po okon\u010danju istrage i svih potrebnih vje\u0161ta\u010denja.<\/p>\n<p>Glas Srpske<br \/>\nFoto \u2013 Dnevni avaz<\/p>\n","protected":false},"excerpt":{"rendered":"<p>Policija traga za osobom koja je zapalila &#8220;audi A6&#8221; vlasnika prijedorske diskoteke &#8220;Black and white&#8221; Olivera Vladi\u010di\u0107a. Po\u017ear je podmetnut u srijedu u ranim jutarnjim \u010dasovima. Izvor blizak istrazi ispri\u010dao [&hellip;]<\/p>\n","protected":false},"author":1,"featured_media":0,"comment_status":"closed","ping_status":"open","sticky":false,"template":"","format":"standard","meta":{"_monsterinsights_skip_tracking":false,"_monsterinsights_sitenote_active":false,"_monsterinsights_sitenote_note":"","_monsterinsights_sitenote_category":0,"footnotes":""},"categories":[5],"tags":[1865,188],"yoast_head":"<!-- This site is optimized with the Yoast SEO plugin v21.6 - https:\/\/yoast.com\/wordpress\/plugins\/seo\/ -->\n<title>PRIJEDOR: ZAPALJEN AUDI VLASNIKA DISKOTEKE? - PrijedorDanas.com - Prijedorski gradski portal<\/title>\n<meta name=\"robots\" content=\"index, follow, max-snippet:-1, max-image-preview:large, max-video-preview:-1\" \/>\n<link rel=\"canonical\" href=\"https:\/\/www.prijedordanas.com\/?p=24296\" \/>\n<meta property=\"og:locale\" content=\"en_US\" \/>\n<meta property=\"og:type\" content=\"article\" \/>\n<meta property=\"og:title\" content=\"PRIJEDOR: ZAPALJEN AUDI VLASNIKA DISKOTEKE? - PrijedorDanas.com - Prijedorski gradski portal\" \/>\n<meta property=\"og:description\" content=\"Policija traga za osobom koja je zapalila &#8220;audi A6&#8221; vlasnika prijedorske diskoteke &#8220;Black and white&#8221; Olivera Vladi\u010di\u0107a. Po\u017ear je podmetnut u srijedu u ranim jutarnjim \u010dasovima. Izvor blizak istrazi ispri\u010dao [&hellip;]\" \/>\n<meta property=\"og:url\" content=\"https:\/\/www.prijedordanas.com\/?p=24296\" \/>\n<meta property=\"og:site_name\" content=\"PrijedorDanas.com - Prijedorski gradski portal\" \/>\n<meta property=\"article:publisher\" content=\"https:\/\/www.facebook.com\/PrijedorDanasCom\/\" \/>\n<meta property=\"article:published_time\" content=\"2015-06-14T08:59:15+00:00\" \/>\n<meta property=\"og:image\" content=\"https:\/\/www.prijedordanas.com\/wp-content\/uploads\/2015\/06\/avaz-izgorio-audi-a6-2-300x186.jpg\" \/>\n<meta name=\"author\" content=\"admin\" \/>\n<meta name=\"twitter:card\" content=\"summary_large_image\" \/>\n<meta name=\"twitter:label1\" content=\"Written by\" \/>\n\t<meta name=\"twitter:data1\" content=\"admin\" \/>\n\t<meta name=\"twitter:label2\" content=\"Est. reading time\" \/>\n\t<meta name=\"twitter:data2\" content=\"2 minutes\" \/>\n<script type=\"application\/ld+json\" class=\"yoast-schema-graph\">{\"@context\":\"https:\/\/schema.org\",\"@graph\":[{\"@type\":\"Article\",\"@id\":\"https:\/\/www.prijedordanas.com\/?p=24296#article\",\"isPartOf\":{\"@id\":\"https:\/\/www.prijedordanas.com\/?p=24296\"},\"author\":{\"name\":\"admin\",\"@id\":\"https:\/\/www.prijedordanas.com\/#\/schema\/person\/4e08ccf29b506ca916ff86d46bb700e6\"},\"headline\":\"PRIJEDOR: ZAPALJEN AUDI VLASNIKA DISKOTEKE?\",\"datePublished\":\"2015-06-14T08:59:15+00:00\",\"dateModified\":\"2015-06-14T08:59:15+00:00\",\"mainEntityOfPage\":{\"@id\":\"https:\/\/www.prijedordanas.com\/?p=24296\"},\"wordCount\":382,\"publisher\":{\"@id\":\"https:\/\/www.prijedordanas.com\/#organization\"},\"keywords\":[\"audi\",\"po\u017ear\"],\"articleSection\":[\"Hronika\"],\"inLanguage\":\"en-US\"},{\"@type\":\"WebPage\",\"@id\":\"https:\/\/www.prijedordanas.com\/?p=24296\",\"url\":\"https:\/\/www.prijedordanas.com\/?p=24296\",\"name\":\"PRIJEDOR: ZAPALJEN AUDI VLASNIKA DISKOTEKE? - PrijedorDanas.com - Prijedorski gradski portal\",\"isPartOf\":{\"@id\":\"https:\/\/www.prijedordanas.com\/#website\"},\"datePublished\":\"2015-06-14T08:59:15+00:00\",\"dateModified\":\"2015-06-14T08:59:15+00:00\",\"breadcrumb\":{\"@id\":\"https:\/\/www.prijedordanas.com\/?p=24296#breadcrumb\"},\"inLanguage\":\"en-US\",\"potentialAction\":[{\"@type\":\"ReadAction\",\"target\":[\"https:\/\/www.prijedordanas.com\/?p=24296\"]}]},{\"@type\":\"BreadcrumbList\",\"@id\":\"https:\/\/www.prijedordanas.com\/?p=24296#breadcrumb\",\"itemListElement\":[{\"@type\":\"ListItem\",\"position\":1,\"name\":\"Home\",\"item\":\"https:\/\/www.prijedordanas.com\/\"},{\"@type\":\"ListItem\",\"position\":2,\"name\":\"PRIJEDOR: ZAPALJEN AUDI VLASNIKA DISKOTEKE?\"}]},{\"@type\":\"WebSite\",\"@id\":\"https:\/\/www.prijedordanas.com\/#website\",\"url\":\"https:\/\/www.prijedordanas.com\/\",\"name\":\"PrijedorDanas.com - Prijedorski gradski portal\",\"description\":\"Portal o doga\u0111anjima u gradu Prijedoru\",\"publisher\":{\"@id\":\"https:\/\/www.prijedordanas.com\/#organization\"},\"potentialAction\":[{\"@type\":\"SearchAction\",\"target\":{\"@type\":\"EntryPoint\",\"urlTemplate\":\"https:\/\/www.prijedordanas.com\/?s={search_term_string}\"},\"query-input\":\"required name=search_term_string\"}],\"inLanguage\":\"en-US\"},{\"@type\":\"Organization\",\"@id\":\"https:\/\/www.prijedordanas.com\/#organization\",\"name\":\"PrijedorDanas.com\",\"url\":\"https:\/\/www.prijedordanas.com\/\",\"logo\":{\"@type\":\"ImageObject\",\"inLanguage\":\"en-US\",\"@id\":\"https:\/\/www.prijedordanas.com\/#\/schema\/logo\/image\/\",\"url\":\"http:\/\/www.prijedordanas.com\/wp-content\/uploads\/2021\/12\/logopng.png\",\"contentUrl\":\"http:\/\/www.prijedordanas.com\/wp-content\/uploads\/2021\/12\/logopng.png\",\"width\":1019,\"height\":776,\"caption\":\"PrijedorDanas.com\"},\"image\":{\"@id\":\"https:\/\/www.prijedordanas.com\/#\/schema\/logo\/image\/\"},\"sameAs\":[\"https:\/\/www.facebook.com\/PrijedorDanasCom\/\"]},{\"@type\":\"Person\",\"@id\":\"https:\/\/www.prijedordanas.com\/#\/schema\/person\/4e08ccf29b506ca916ff86d46bb700e6\",\"name\":\"admin\",\"image\":{\"@type\":\"ImageObject\",\"inLanguage\":\"en-US\",\"@id\":\"https:\/\/www.prijedordanas.com\/#\/schema\/person\/image\/\",\"url\":\"https:\/\/secure.gravatar.com\/avatar\/1d3fc949d550f0b53a5f0d51e06dfd79?s=96&d=mm&r=g\",\"contentUrl\":\"https:\/\/secure.gravatar.com\/avatar\/1d3fc949d550f0b53a5f0d51e06dfd79?s=96&d=mm&r=g\",\"caption\":\"admin\"},\"url\":\"https:\/\/www.prijedordanas.com\/?author=1\"}]}<\/script>\n<!-- \/ Yoast SEO plugin. -->","yoast_head_json":{"title":"PRIJEDOR: ZAPALJEN AUDI VLASNIKA DISKOTEKE? - PrijedorDanas.com - Prijedorski gradski portal","robots":{"index":"index","follow":"follow","max-snippet":"max-snippet:-1","max-image-preview":"max-image-preview:large","max-video-preview":"max-video-preview:-1"},"canonical":"https:\/\/www.prijedordanas.com\/?p=24296","og_locale":"en_US","og_type":"article","og_title":"PRIJEDOR: ZAPALJEN AUDI VLASNIKA DISKOTEKE? - PrijedorDanas.com - Prijedorski gradski portal","og_description":"Policija traga za osobom koja je zapalila &#8220;audi A6&#8221; vlasnika prijedorske diskoteke &#8220;Black and white&#8221; Olivera Vladi\u010di\u0107a. Po\u017ear je podmetnut u srijedu u ranim jutarnjim \u010dasovima. Izvor blizak istrazi ispri\u010dao [&hellip;]","og_url":"https:\/\/www.prijedordanas.com\/?p=24296","og_site_name":"PrijedorDanas.com - Prijedorski gradski portal","article_publisher":"https:\/\/www.facebook.com\/PrijedorDanasCom\/","article_published_time":"2015-06-14T08:59:15+00:00","og_image":[{"url":"https:\/\/www.prijedordanas.com\/wp-content\/uploads\/2015\/06\/avaz-izgorio-audi-a6-2-300x186.jpg"}],"author":"admin","twitter_card":"summary_large_image","twitter_misc":{"Written by":"admin","Est. reading time":"2 minutes"},"schema":{"@context":"https:\/\/schema.org","@graph":[{"@type":"Article","@id":"https:\/\/www.prijedordanas.com\/?p=24296#article","isPartOf":{"@id":"https:\/\/www.prijedordanas.com\/?p=24296"},"author":{"name":"admin","@id":"https:\/\/www.prijedordanas.com\/#\/schema\/person\/4e08ccf29b506ca916ff86d46bb700e6"},"headline":"PRIJEDOR: ZAPALJEN AUDI VLASNIKA DISKOTEKE?","datePublished":"2015-06-14T08:59:15+00:00","dateModified":"2015-06-14T08:59:15+00:00","mainEntityOfPage":{"@id":"https:\/\/www.prijedordanas.com\/?p=24296"},"wordCount":382,"publisher":{"@id":"https:\/\/www.prijedordanas.com\/#organization"},"keywords":["audi","po\u017ear"],"articleSection":["Hronika"],"inLanguage":"en-US"},{"@type":"WebPage","@id":"https:\/\/www.prijedordanas.com\/?p=24296","url":"https:\/\/www.prijedordanas.com\/?p=24296","name":"PRIJEDOR: ZAPALJEN AUDI VLASNIKA DISKOTEKE? - PrijedorDanas.com - Prijedorski gradski portal","isPartOf":{"@id":"https:\/\/www.prijedordanas.com\/#website"},"datePublished":"2015-06-14T08:59:15+00:00","dateModified":"2015-06-14T08:59:15+00:00","breadcrumb":{"@id":"https:\/\/www.prijedordanas.com\/?p=24296#breadcrumb"},"inLanguage":"en-US","potentialAction":[{"@type":"ReadAction","target":["https:\/\/www.prijedordanas.com\/?p=24296"]}]},{"@type":"BreadcrumbList","@id":"https:\/\/www.prijedordanas.com\/?p=24296#breadcrumb","itemListElement":[{"@type":"ListItem","position":1,"name":"Home","item":"https:\/\/www.prijedordanas.com\/"},{"@type":"ListItem","position":2,"name":"PRIJEDOR: ZAPALJEN AUDI VLASNIKA DISKOTEKE?"}]},{"@type":"WebSite","@id":"https:\/\/www.prijedordanas.com\/#website","url":"https:\/\/www.prijedordanas.com\/","name":"PrijedorDanas.com - Prijedorski gradski portal","description":"Portal o doga\u0111anjima u gradu Prijedoru","publisher":{"@id":"https:\/\/www.prijedordanas.com\/#organization"},"potentialAction":[{"@type":"SearchAction","target":{"@type":"EntryPoint","urlTemplate":"https:\/\/www.prijedordanas.com\/?s={search_term_string}"},"query-input":"required name=search_term_string"}],"inLanguage":"en-US"},{"@type":"Organization","@id":"https:\/\/www.prijedordanas.com\/#organization","name":"PrijedorDanas.com","url":"https:\/\/www.prijedordanas.com\/","logo":{"@type":"ImageObject","inLanguage":"en-US","@id":"https:\/\/www.prijedordanas.com\/#\/schema\/logo\/image\/","url":"http:\/\/www.prijedordanas.com\/wp-content\/uploads\/2021\/12\/logopng.png","contentUrl":"http:\/\/www.prijedordanas.com\/wp-content\/uploads\/2021\/12\/logopng.png","width":1019,"height":776,"caption":"PrijedorDanas.com"},"image":{"@id":"https:\/\/www.prijedordanas.com\/#\/schema\/logo\/image\/"},"sameAs":["https:\/\/www.facebook.com\/PrijedorDanasCom\/"]},{"@type":"Person","@id":"https:\/\/www.prijedordanas.com\/#\/schema\/person\/4e08ccf29b506ca916ff86d46bb700e6","name":"admin","image":{"@type":"ImageObject","inLanguage":"en-US","@id":"https:\/\/www.prijedordanas.com\/#\/schema\/person\/image\/","url":"https:\/\/secure.gravatar.com\/avatar\/1d3fc949d550f0b53a5f0d51e06dfd79?s=96&d=mm&r=g","contentUrl":"https:\/\/secure.gravatar.com\/avatar\/1d3fc949d550f0b53a5f0d51e06dfd79?s=96&d=mm&r=g","caption":"admin"},"url":"https:\/\/www.prijedordanas.com\/?author=1"}]}},"_links":{"self":[{"href":"https:\/\/www.prijedordanas.com\/index.php?rest_route=\/wp\/v2\/posts\/24296"}],"collection":[{"href":"https:\/\/www.prijedordanas.com\/index.php?rest_route=\/wp\/v2\/posts"}],"about":[{"href":"https:\/\/www.prijedordanas.com\/index.php?rest_route=\/wp\/v2\/types\/post"}],"author":[{"embeddable":true,"href":"https:\/\/www.prijedordanas.com\/index.php?rest_route=\/wp\/v2\/users\/1"}],"replies":[{"embeddable":true,"href":"https:\/\/www.prijedordanas.com\/index.php?rest_route=%2Fwp%2Fv2%2Fcomments&post=24296"}],"version-history":[{"count":1,"href":"https:\/\/www.prijedordanas.com\/index.php?rest_route=\/wp\/v2\/posts\/24296\/revisions"}],"predecessor-version":[{"id":24297,"href":"https:\/\/www.prijedordanas.com\/index.php?rest_route=\/wp\/v2\/posts\/24296\/revisions\/24297"}],"wp:attachment":[{"href":"https:\/\/www.prijedordanas.com\/index.php?rest_route=%2Fwp%2Fv2%2Fmedia&parent=24296"}],"wp:term":[{"taxonomy":"category","embeddable":true,"href":"https:\/\/www.prijedordanas.com\/index.php?rest_route=%2Fwp%2Fv2%2Fcategories&post=24296"},{"taxonomy":"post_tag","embeddable":true,"href":"https:\/\/www.prijedordanas.com\/index.php?rest_route=%2Fwp%2Fv2%2Ftags&post=24296"}],"curies":[{"name":"wp","href":"https:\/\/api.w.org\/{rel}","templated":true}]}}