{"id":242933,"date":"2025-03-07T12:25:57","date_gmt":"2025-03-07T11:25:57","guid":{"rendered":"https:\/\/www.prijedordanas.com\/?p=242933"},"modified":"2025-03-07T12:25:57","modified_gmt":"2025-03-07T11:25:57","slug":"apel-prijedorskih-vatrogasaca-sacuvajmo-prirodu-sprijecimo-pozare-na-otvorenom-prostoru","status":"publish","type":"post","link":"https:\/\/www.prijedordanas.com\/?p=242933","title":{"rendered":"Apel prijedorskih vatrogasaca: Sa\u010duvajmo prirodu, sprije\u010dimo po\u017eare na otvorenom prostoru"},"content":{"rendered":"<p><a href=\"https:\/\/www.prijedordanas.com\/wp-content\/uploads\/2020\/07\/tvjpd-pozar-niskog-rastinja-juli2020.jpg\"><img loading=\"lazy\" decoding=\"async\" class=\"alignleft size-medium wp-image-150852\" src=\"https:\/\/www.prijedordanas.com\/wp-content\/uploads\/2020\/07\/tvjpd-pozar-niskog-rastinja-juli2020-300x225.jpg\" alt=\"\" width=\"300\" height=\"225\" srcset=\"https:\/\/www.prijedordanas.com\/wp-content\/uploads\/2020\/07\/tvjpd-pozar-niskog-rastinja-juli2020-300x225.jpg 300w, https:\/\/www.prijedordanas.com\/wp-content\/uploads\/2020\/07\/tvjpd-pozar-niskog-rastinja-juli2020-640x480.jpg 640w, https:\/\/www.prijedordanas.com\/wp-content\/uploads\/2020\/07\/tvjpd-pozar-niskog-rastinja-juli2020.jpg 667w\" sizes=\"(max-width: 300px) 100vw, 300px\" \/><\/a>Dolaskom toplijeg vremena, kao najave prolje\u0107a, intenziviraju se i na\u0161e pripreme za sezonu \u0161umskih po\u017eara, odnosno po\u017eara otvorenog prostora.<\/p>\n<p>Kao i svake godine Vatrogasno spasila\u010dka jedinica Prijedor, u saradnji sa MUP RS i Gradskom upravom Prijedor apeluje na na\u0161e gra\u0111ane da se odgovorno pona\u0161aju prilikom spaljivanja biljnog otpada i korova.<\/p>\n<p>Po\u0161tovani sugra\u0111ani, ukoliko se ipak odlu\u010dite na spaljivanje otpada MORATE o tome unaprijed obavijestiti Vatrogasno spasila\u010dku jedinicu na broj telefona 123.<\/p>\n<p>Podsje\u0107amo da je Zakonom o za\u0161titi od po\u017eara, koji je stupio na snagu 2019. godine, kao jedna od obaveznih mjera za\u0161tite od po\u017eara (\u010dlan 18., ta\u010dka 10.) zabranjeno paljenje korova i drugog poljoprivrednog otpada bez prethodnog obavje\u0161tavanja vatrogasno- spasila\u010dke jedinice i preduzimanja svih neophodnih radnji s ciljem spre\u010davnja \u0161irenja vatre. Ovim Zakonom je definisana nov\u010dana kazna od 100 KM do 1000 KM za prekr\u0161aj fizi\u010dkog lica koje pali korov ili drugi poljoprivredni otpad, bez prethodnog obavje\u0161tenja vatrogasno-spasila\u010dke jedinice i ukoliko ne preduzme sve neophodne radnje u cilju spre\u010davanja \u0161irenja vatre.<\/p>\n<p><a href=\"https:\/\/www.prijedordanas.com\/wp-content\/uploads\/2025\/03\/apel-sprijecimo-pozare-na-otvorenom.jpg\"><img loading=\"lazy\" decoding=\"async\" class=\"alignleft size-medium wp-image-242934\" src=\"https:\/\/www.prijedordanas.com\/wp-content\/uploads\/2025\/03\/apel-sprijecimo-pozare-na-otvorenom-300x256.jpg\" alt=\"\" width=\"300\" height=\"256\" srcset=\"https:\/\/www.prijedordanas.com\/wp-content\/uploads\/2025\/03\/apel-sprijecimo-pozare-na-otvorenom-300x256.jpg 300w, https:\/\/www.prijedordanas.com\/wp-content\/uploads\/2025\/03\/apel-sprijecimo-pozare-na-otvorenom.jpg 587w\" sizes=\"(max-width: 300px) 100vw, 300px\" \/><\/a>U TVSJ Prijedor mo\u017eete dobiti le\u0111nu naprtnja\u010du za ga\u0161enje, na revers, ali je odgovornost za eventualnu nastalu \u0161tetu u potpunosti na vama. Vatrogasno spasila\u010dka jedinica Prijedor NE VR\u0160I obezbje\u0111ivanje spaljivanja biljnog otpada ve\u0107 ste du\u017eni da to radite sami!<\/p>\n<p>Proteklih godina, u toku mjeseca marta, bilje\u017eimo oko 50-80 intervencija ga\u0161enja ove vrste po\u017eara pri \u010demu nerijetko nastane zna\u010dajna materijalna \u0161teta na objektima u prigradskom podru\u010dju pa \u010dak i dovelo do smrtnog stradanja starijih lica koja su vr\u0161ila spaljivanje korova.<\/p>\n<p>Tako je u po\u017earima izazvanim nesavjesnim paljenjem trave, proteklih godina, izgorjelo nekoliko ku\u0107a, \u0161tala i pomo\u0107nih objekata, \u0161ume i vo\u0107njaka na podru\u010dju Jutrogo\u0161te, Marina, Crne Doline, Kami\u010dana, Kozarca, Omarske,Petrovog Gaja, Trnopolja, Gomjenice, Busnova, Rakeli\u0107a, Miljakovaca, Rasavaca, Ljubije, Miske Glave, Ravske, Volara i gotovo svih naselja u okru\u017eenju Prijedora.<\/p>\n<p>Zbog ovakvih po\u017eara ljudski i materijalni resursi vatrogasne jedinice su razvu\u010deni po \u010ditavoj teritoriji Grada Prijedora, \u010dime su potencijalno ugro\u017eeni ljudski \u017eivoti i materijalna dobra u stambenoj zoni.<\/p>\n<p>Pozivamo gra\u0111ane da prilikom uo\u010davanja po\u017eara ili u slu\u010daju nekontrolisanog \u0161irenja vatre, o tome odmah obavijeste Vatrogasno spasila\u010dku jedinicu na broj telefona 123 ili najbli\u017eu policijsku stanicu na broj 122.<\/p>\n<p>SA\u010cUVAJMO PRIRODU, SPRIJE\u010cIMO PO\u017dARE NA OTVORENOM PROSTORU!<\/p>\n<p>TVSJ Prijedor<\/p>\n<p><a href=\"https:\/\/www.prijedordanas.com\/wp-content\/uploads\/2025\/03\/tvsjpd-pozar-otvorenog-prostora-ilustracija-2.jpg\"><img loading=\"lazy\" decoding=\"async\" src=\"https:\/\/www.prijedordanas.com\/wp-content\/uploads\/2025\/03\/tvsjpd-pozar-otvorenog-prostora-ilustracija-2-300x300.jpg\" alt=\"\" width=\"300\" height=\"300\" class=\"alignleft size-medium wp-image-242935\" srcset=\"https:\/\/www.prijedordanas.com\/wp-content\/uploads\/2025\/03\/tvsjpd-pozar-otvorenog-prostora-ilustracija-2-300x300.jpg 300w, https:\/\/www.prijedordanas.com\/wp-content\/uploads\/2025\/03\/tvsjpd-pozar-otvorenog-prostora-ilustracija-2-150x150.jpg 150w, https:\/\/www.prijedordanas.com\/wp-content\/uploads\/2025\/03\/tvsjpd-pozar-otvorenog-prostora-ilustracija-2-50x50.jpg 50w, https:\/\/www.prijedordanas.com\/wp-content\/uploads\/2025\/03\/tvsjpd-pozar-otvorenog-prostora-ilustracija-2.jpg 550w\" sizes=\"(max-width: 300px) 100vw, 300px\" \/><\/a> <a href=\"https:\/\/www.prijedordanas.com\/wp-content\/uploads\/2025\/03\/tvsjpd-pozar-otvorenog-prostora-ilustracija-1.jpg\"><img loading=\"lazy\" decoding=\"async\" src=\"https:\/\/www.prijedordanas.com\/wp-content\/uploads\/2025\/03\/tvsjpd-pozar-otvorenog-prostora-ilustracija-1-300x300.jpg\" alt=\"\" width=\"300\" height=\"300\" class=\"alignleft size-medium wp-image-242936\" srcset=\"https:\/\/www.prijedordanas.com\/wp-content\/uploads\/2025\/03\/tvsjpd-pozar-otvorenog-prostora-ilustracija-1-300x300.jpg 300w, https:\/\/www.prijedordanas.com\/wp-content\/uploads\/2025\/03\/tvsjpd-pozar-otvorenog-prostora-ilustracija-1-150x150.jpg 150w, https:\/\/www.prijedordanas.com\/wp-content\/uploads\/2025\/03\/tvsjpd-pozar-otvorenog-prostora-ilustracija-1-50x50.jpg 50w, https:\/\/www.prijedordanas.com\/wp-content\/uploads\/2025\/03\/tvsjpd-pozar-otvorenog-prostora-ilustracija-1.jpg 550w\" sizes=\"(max-width: 300px) 100vw, 300px\" \/><\/a><\/p>\n","protected":false},"excerpt":{"rendered":"<p>Dolaskom toplijeg vremena, kao najave prolje\u0107a, intenziviraju se i na\u0161e pripreme za sezonu \u0161umskih po\u017eara, odnosno po\u017eara otvorenog prostora. Kao i svake godine Vatrogasno spasila\u010dka jedinica Prijedor, u saradnji sa [&hellip;]<\/p>\n","protected":false},"author":1,"featured_media":0,"comment_status":"closed","ping_status":"open","sticky":false,"template":"","format":"standard","meta":{"_monsterinsights_skip_tracking":false,"_monsterinsights_sitenote_active":false,"_monsterinsights_sitenote_note":"","_monsterinsights_sitenote_category":0,"footnotes":""},"categories":[4],"tags":[],"yoast_head":"<!-- This site is optimized with the Yoast SEO plugin v21.6 - https:\/\/yoast.com\/wordpress\/plugins\/seo\/ -->\n<title>Apel prijedorskih vatrogasaca: Sa\u010duvajmo prirodu, sprije\u010dimo po\u017eare na otvorenom prostoru - PrijedorDanas.com - Prijedorski gradski portal<\/title>\n<meta name=\"robots\" content=\"index, follow, max-snippet:-1, max-image-preview:large, max-video-preview:-1\" \/>\n<link rel=\"canonical\" href=\"https:\/\/www.prijedordanas.com\/?p=242933\" \/>\n<meta property=\"og:locale\" content=\"en_US\" \/>\n<meta property=\"og:type\" content=\"article\" \/>\n<meta property=\"og:title\" content=\"Apel prijedorskih vatrogasaca: Sa\u010duvajmo prirodu, sprije\u010dimo po\u017eare na otvorenom prostoru - PrijedorDanas.com - Prijedorski gradski portal\" \/>\n<meta property=\"og:description\" content=\"Dolaskom toplijeg vremena, kao najave prolje\u0107a, intenziviraju se i na\u0161e pripreme za sezonu \u0161umskih po\u017eara, odnosno po\u017eara otvorenog prostora. Kao i svake godine Vatrogasno spasila\u010dka jedinica Prijedor, u saradnji sa [&hellip;]\" \/>\n<meta property=\"og:url\" content=\"https:\/\/www.prijedordanas.com\/?p=242933\" \/>\n<meta property=\"og:site_name\" content=\"PrijedorDanas.com - Prijedorski gradski portal\" \/>\n<meta property=\"article:publisher\" content=\"https:\/\/www.facebook.com\/PrijedorDanasCom\/\" \/>\n<meta property=\"article:published_time\" content=\"2025-03-07T11:25:57+00:00\" \/>\n<meta property=\"og:image\" content=\"https:\/\/www.prijedordanas.com\/wp-content\/uploads\/2020\/07\/tvjpd-pozar-niskog-rastinja-juli2020-300x225.jpg\" \/>\n<meta name=\"author\" content=\"admin\" \/>\n<meta name=\"twitter:card\" content=\"summary_large_image\" \/>\n<meta name=\"twitter:label1\" content=\"Written by\" \/>\n\t<meta name=\"twitter:data1\" content=\"admin\" \/>\n\t<meta name=\"twitter:label2\" content=\"Est. reading time\" \/>\n\t<meta name=\"twitter:data2\" content=\"2 minutes\" \/>\n<script type=\"application\/ld+json\" class=\"yoast-schema-graph\">{\"@context\":\"https:\/\/schema.org\",\"@graph\":[{\"@type\":\"Article\",\"@id\":\"https:\/\/www.prijedordanas.com\/?p=242933#article\",\"isPartOf\":{\"@id\":\"https:\/\/www.prijedordanas.com\/?p=242933\"},\"author\":{\"name\":\"admin\",\"@id\":\"https:\/\/www.prijedordanas.com\/#\/schema\/person\/4e08ccf29b506ca916ff86d46bb700e6\"},\"headline\":\"Apel prijedorskih vatrogasaca: Sa\u010duvajmo prirodu, sprije\u010dimo po\u017eare na otvorenom prostoru\",\"datePublished\":\"2025-03-07T11:25:57+00:00\",\"dateModified\":\"2025-03-07T11:25:57+00:00\",\"mainEntityOfPage\":{\"@id\":\"https:\/\/www.prijedordanas.com\/?p=242933\"},\"wordCount\":423,\"publisher\":{\"@id\":\"https:\/\/www.prijedordanas.com\/#organization\"},\"articleSection\":[\"Dru\u0161tvo\"],\"inLanguage\":\"en-US\"},{\"@type\":\"WebPage\",\"@id\":\"https:\/\/www.prijedordanas.com\/?p=242933\",\"url\":\"https:\/\/www.prijedordanas.com\/?p=242933\",\"name\":\"Apel prijedorskih vatrogasaca: Sa\u010duvajmo prirodu, sprije\u010dimo po\u017eare na otvorenom prostoru - PrijedorDanas.com - Prijedorski gradski portal\",\"isPartOf\":{\"@id\":\"https:\/\/www.prijedordanas.com\/#website\"},\"datePublished\":\"2025-03-07T11:25:57+00:00\",\"dateModified\":\"2025-03-07T11:25:57+00:00\",\"breadcrumb\":{\"@id\":\"https:\/\/www.prijedordanas.com\/?p=242933#breadcrumb\"},\"inLanguage\":\"en-US\",\"potentialAction\":[{\"@type\":\"ReadAction\",\"target\":[\"https:\/\/www.prijedordanas.com\/?p=242933\"]}]},{\"@type\":\"BreadcrumbList\",\"@id\":\"https:\/\/www.prijedordanas.com\/?p=242933#breadcrumb\",\"itemListElement\":[{\"@type\":\"ListItem\",\"position\":1,\"name\":\"Home\",\"item\":\"https:\/\/www.prijedordanas.com\/\"},{\"@type\":\"ListItem\",\"position\":2,\"name\":\"Apel prijedorskih vatrogasaca: Sa\u010duvajmo prirodu, sprije\u010dimo po\u017eare na otvorenom prostoru\"}]},{\"@type\":\"WebSite\",\"@id\":\"https:\/\/www.prijedordanas.com\/#website\",\"url\":\"https:\/\/www.prijedordanas.com\/\",\"name\":\"PrijedorDanas.com - Prijedorski gradski portal\",\"description\":\"Portal o doga\u0111anjima u gradu Prijedoru\",\"publisher\":{\"@id\":\"https:\/\/www.prijedordanas.com\/#organization\"},\"potentialAction\":[{\"@type\":\"SearchAction\",\"target\":{\"@type\":\"EntryPoint\",\"urlTemplate\":\"https:\/\/www.prijedordanas.com\/?s={search_term_string}\"},\"query-input\":\"required name=search_term_string\"}],\"inLanguage\":\"en-US\"},{\"@type\":\"Organization\",\"@id\":\"https:\/\/www.prijedordanas.com\/#organization\",\"name\":\"PrijedorDanas.com\",\"url\":\"https:\/\/www.prijedordanas.com\/\",\"logo\":{\"@type\":\"ImageObject\",\"inLanguage\":\"en-US\",\"@id\":\"https:\/\/www.prijedordanas.com\/#\/schema\/logo\/image\/\",\"url\":\"http:\/\/www.prijedordanas.com\/wp-content\/uploads\/2021\/12\/logopng.png\",\"contentUrl\":\"http:\/\/www.prijedordanas.com\/wp-content\/uploads\/2021\/12\/logopng.png\",\"width\":1019,\"height\":776,\"caption\":\"PrijedorDanas.com\"},\"image\":{\"@id\":\"https:\/\/www.prijedordanas.com\/#\/schema\/logo\/image\/\"},\"sameAs\":[\"https:\/\/www.facebook.com\/PrijedorDanasCom\/\"]},{\"@type\":\"Person\",\"@id\":\"https:\/\/www.prijedordanas.com\/#\/schema\/person\/4e08ccf29b506ca916ff86d46bb700e6\",\"name\":\"admin\",\"image\":{\"@type\":\"ImageObject\",\"inLanguage\":\"en-US\",\"@id\":\"https:\/\/www.prijedordanas.com\/#\/schema\/person\/image\/\",\"url\":\"https:\/\/secure.gravatar.com\/avatar\/1d3fc949d550f0b53a5f0d51e06dfd79?s=96&d=mm&r=g\",\"contentUrl\":\"https:\/\/secure.gravatar.com\/avatar\/1d3fc949d550f0b53a5f0d51e06dfd79?s=96&d=mm&r=g\",\"caption\":\"admin\"},\"url\":\"https:\/\/www.prijedordanas.com\/?author=1\"}]}<\/script>\n<!-- \/ Yoast SEO plugin. -->","yoast_head_json":{"title":"Apel prijedorskih vatrogasaca: Sa\u010duvajmo prirodu, sprije\u010dimo po\u017eare na otvorenom prostoru - PrijedorDanas.com - Prijedorski gradski portal","robots":{"index":"index","follow":"follow","max-snippet":"max-snippet:-1","max-image-preview":"max-image-preview:large","max-video-preview":"max-video-preview:-1"},"canonical":"https:\/\/www.prijedordanas.com\/?p=242933","og_locale":"en_US","og_type":"article","og_title":"Apel prijedorskih vatrogasaca: Sa\u010duvajmo prirodu, sprije\u010dimo po\u017eare na otvorenom prostoru - PrijedorDanas.com - Prijedorski gradski portal","og_description":"Dolaskom toplijeg vremena, kao najave prolje\u0107a, intenziviraju se i na\u0161e pripreme za sezonu \u0161umskih po\u017eara, odnosno po\u017eara otvorenog prostora. Kao i svake godine Vatrogasno spasila\u010dka jedinica Prijedor, u saradnji sa [&hellip;]","og_url":"https:\/\/www.prijedordanas.com\/?p=242933","og_site_name":"PrijedorDanas.com - Prijedorski gradski portal","article_publisher":"https:\/\/www.facebook.com\/PrijedorDanasCom\/","article_published_time":"2025-03-07T11:25:57+00:00","og_image":[{"url":"https:\/\/www.prijedordanas.com\/wp-content\/uploads\/2020\/07\/tvjpd-pozar-niskog-rastinja-juli2020-300x225.jpg"}],"author":"admin","twitter_card":"summary_large_image","twitter_misc":{"Written by":"admin","Est. reading time":"2 minutes"},"schema":{"@context":"https:\/\/schema.org","@graph":[{"@type":"Article","@id":"https:\/\/www.prijedordanas.com\/?p=242933#article","isPartOf":{"@id":"https:\/\/www.prijedordanas.com\/?p=242933"},"author":{"name":"admin","@id":"https:\/\/www.prijedordanas.com\/#\/schema\/person\/4e08ccf29b506ca916ff86d46bb700e6"},"headline":"Apel prijedorskih vatrogasaca: Sa\u010duvajmo prirodu, sprije\u010dimo po\u017eare na otvorenom prostoru","datePublished":"2025-03-07T11:25:57+00:00","dateModified":"2025-03-07T11:25:57+00:00","mainEntityOfPage":{"@id":"https:\/\/www.prijedordanas.com\/?p=242933"},"wordCount":423,"publisher":{"@id":"https:\/\/www.prijedordanas.com\/#organization"},"articleSection":["Dru\u0161tvo"],"inLanguage":"en-US"},{"@type":"WebPage","@id":"https:\/\/www.prijedordanas.com\/?p=242933","url":"https:\/\/www.prijedordanas.com\/?p=242933","name":"Apel prijedorskih vatrogasaca: Sa\u010duvajmo prirodu, sprije\u010dimo po\u017eare na otvorenom prostoru - PrijedorDanas.com - Prijedorski gradski portal","isPartOf":{"@id":"https:\/\/www.prijedordanas.com\/#website"},"datePublished":"2025-03-07T11:25:57+00:00","dateModified":"2025-03-07T11:25:57+00:00","breadcrumb":{"@id":"https:\/\/www.prijedordanas.com\/?p=242933#breadcrumb"},"inLanguage":"en-US","potentialAction":[{"@type":"ReadAction","target":["https:\/\/www.prijedordanas.com\/?p=242933"]}]},{"@type":"BreadcrumbList","@id":"https:\/\/www.prijedordanas.com\/?p=242933#breadcrumb","itemListElement":[{"@type":"ListItem","position":1,"name":"Home","item":"https:\/\/www.prijedordanas.com\/"},{"@type":"ListItem","position":2,"name":"Apel prijedorskih vatrogasaca: Sa\u010duvajmo prirodu, sprije\u010dimo po\u017eare na otvorenom prostoru"}]},{"@type":"WebSite","@id":"https:\/\/www.prijedordanas.com\/#website","url":"https:\/\/www.prijedordanas.com\/","name":"PrijedorDanas.com - Prijedorski gradski portal","description":"Portal o doga\u0111anjima u gradu Prijedoru","publisher":{"@id":"https:\/\/www.prijedordanas.com\/#organization"},"potentialAction":[{"@type":"SearchAction","target":{"@type":"EntryPoint","urlTemplate":"https:\/\/www.prijedordanas.com\/?s={search_term_string}"},"query-input":"required name=search_term_string"}],"inLanguage":"en-US"},{"@type":"Organization","@id":"https:\/\/www.prijedordanas.com\/#organization","name":"PrijedorDanas.com","url":"https:\/\/www.prijedordanas.com\/","logo":{"@type":"ImageObject","inLanguage":"en-US","@id":"https:\/\/www.prijedordanas.com\/#\/schema\/logo\/image\/","url":"http:\/\/www.prijedordanas.com\/wp-content\/uploads\/2021\/12\/logopng.png","contentUrl":"http:\/\/www.prijedordanas.com\/wp-content\/uploads\/2021\/12\/logopng.png","width":1019,"height":776,"caption":"PrijedorDanas.com"},"image":{"@id":"https:\/\/www.prijedordanas.com\/#\/schema\/logo\/image\/"},"sameAs":["https:\/\/www.facebook.com\/PrijedorDanasCom\/"]},{"@type":"Person","@id":"https:\/\/www.prijedordanas.com\/#\/schema\/person\/4e08ccf29b506ca916ff86d46bb700e6","name":"admin","image":{"@type":"ImageObject","inLanguage":"en-US","@id":"https:\/\/www.prijedordanas.com\/#\/schema\/person\/image\/","url":"https:\/\/secure.gravatar.com\/avatar\/1d3fc949d550f0b53a5f0d51e06dfd79?s=96&d=mm&r=g","contentUrl":"https:\/\/secure.gravatar.com\/avatar\/1d3fc949d550f0b53a5f0d51e06dfd79?s=96&d=mm&r=g","caption":"admin"},"url":"https:\/\/www.prijedordanas.com\/?author=1"}]}},"_links":{"self":[{"href":"https:\/\/www.prijedordanas.com\/index.php?rest_route=\/wp\/v2\/posts\/242933"}],"collection":[{"href":"https:\/\/www.prijedordanas.com\/index.php?rest_route=\/wp\/v2\/posts"}],"about":[{"href":"https:\/\/www.prijedordanas.com\/index.php?rest_route=\/wp\/v2\/types\/post"}],"author":[{"embeddable":true,"href":"https:\/\/www.prijedordanas.com\/index.php?rest_route=\/wp\/v2\/users\/1"}],"replies":[{"embeddable":true,"href":"https:\/\/www.prijedordanas.com\/index.php?rest_route=%2Fwp%2Fv2%2Fcomments&post=242933"}],"version-history":[{"count":1,"href":"https:\/\/www.prijedordanas.com\/index.php?rest_route=\/wp\/v2\/posts\/242933\/revisions"}],"predecessor-version":[{"id":242937,"href":"https:\/\/www.prijedordanas.com\/index.php?rest_route=\/wp\/v2\/posts\/242933\/revisions\/242937"}],"wp:attachment":[{"href":"https:\/\/www.prijedordanas.com\/index.php?rest_route=%2Fwp%2Fv2%2Fmedia&parent=242933"}],"wp:term":[{"taxonomy":"category","embeddable":true,"href":"https:\/\/www.prijedordanas.com\/index.php?rest_route=%2Fwp%2Fv2%2Fcategories&post=242933"},{"taxonomy":"post_tag","embeddable":true,"href":"https:\/\/www.prijedordanas.com\/index.php?rest_route=%2Fwp%2Fv2%2Ftags&post=242933"}],"curies":[{"name":"wp","href":"https:\/\/api.w.org\/{rel}","templated":true}]}}