{"id":242427,"date":"2025-03-03T20:17:55","date_gmt":"2025-03-03T19:17:55","guid":{"rendered":"https:\/\/www.prijedordanas.com\/?p=242427"},"modified":"2025-03-08T17:28:52","modified_gmt":"2025-03-08T16:28:52","slug":"kuglasi-prijedorskog-rudara-porazeni-od-lidera-rada-foto","status":"publish","type":"post","link":"https:\/\/www.prijedordanas.com\/?p=242427","title":{"rendered":"Kugla\u0161i prijedorskog &#8220;Rudara&#8221; pora\u017eeni od lidera &#8220;Rada&#8221; &#8211; FOTO"},"content":{"rendered":"<p><a href=\"https:\/\/www.prijedordanas.com\/wp-content\/uploads\/2025\/03\/rudar-rad-2-6-1.jpg\"><img loading=\"lazy\" decoding=\"async\" class=\"alignleft size-medium wp-image-242994\" src=\"https:\/\/www.prijedordanas.com\/wp-content\/uploads\/2025\/03\/rudar-rad-2-6-1-300x225.jpg\" alt=\"\" width=\"300\" height=\"225\" srcset=\"https:\/\/www.prijedordanas.com\/wp-content\/uploads\/2025\/03\/rudar-rad-2-6-1-300x225.jpg 300w, https:\/\/www.prijedordanas.com\/wp-content\/uploads\/2025\/03\/rudar-rad-2-6-1-640x480.jpg 640w, https:\/\/www.prijedordanas.com\/wp-content\/uploads\/2025\/03\/rudar-rad-2-6-1.jpg 667w\" sizes=\"(max-width: 300px) 100vw, 300px\" \/><\/a>Kugla\u0161i prijedorskog \u201cRudara\u201d do\u017eivjeli su te\u017eak poraz u derbiju 17. kola Premijer lige BiH, gdje su na doma\u0107em terenu izgubili od trenutnog lidera tabele, ekipe \u201cRada\u201d iz Br\u010dkog, rezultatom 6:2 (3525:3487).<\/p>\n<p>Iako su doma\u0107i pokazali solidnu igru, izostanak Miodraga Trklje i odli\u010dna forma gostuju\u0107e ekipe presudili su pobjedniku.<\/p>\n<p>\u201cRudar\u201d je u prvom bloku, zahvaljuju\u0107i dobrim partijama Marka Trklje (618) i Kne\u017eevi\u0107a (593), ostvario prednost od 23 \u010dunja.<\/p>\n<p>Trklja je savladao Kova\u010devi\u0107a (582), dok je Kne\u017eevi\u0107 izgubio od Juhasa (606).<\/p>\n<p><a href=\"https:\/\/www.prijedordanas.com\/wp-content\/uploads\/2025\/03\/rudar-rad-2-6-3.jpg\"><img loading=\"lazy\" decoding=\"async\" src=\"https:\/\/www.prijedordanas.com\/wp-content\/uploads\/2025\/03\/rudar-rad-2-6-3-300x225.jpg\" alt=\"\" width=\"300\" height=\"225\" class=\"alignleft size-medium wp-image-242995\" srcset=\"https:\/\/www.prijedordanas.com\/wp-content\/uploads\/2025\/03\/rudar-rad-2-6-3-300x225.jpg 300w, https:\/\/www.prijedordanas.com\/wp-content\/uploads\/2025\/03\/rudar-rad-2-6-3-640x480.jpg 640w, https:\/\/www.prijedordanas.com\/wp-content\/uploads\/2025\/03\/rudar-rad-2-6-3.jpg 667w\" sizes=\"(max-width: 300px) 100vw, 300px\" \/><\/a>Me\u0111utim, drugi blok donosi potpuni preokret. Crnomarkovi\u0107 (539) nije izdr\u017eao pritisak i pora\u017een je od Lazi\u0107a (579), dok je Miljatovi\u0107 (580) izgubio od Vukeli\u0107a (623), najboljeg pojedinca susreta.<\/p>\n<p>U tre\u0107em bloku, \u201cRudaru\u201d je trebalo oba me\u010d poena kako bi preokrenuli rezultat, ali uspeli su samo u jednom me\u010du.<\/p>\n<p>Pa\u0161tar \u0110or\u0111e (591) slavio je protiv Ristani\u0107a (549), dok je Dedi\u0107 (566) izgubio od Senada Jogun\u010di\u0107a (586), koji je bio klju\u010dan za gostuju\u0107u pobjedu.<\/p>\n<p>Ovaj poraz ostavio je \u201cRudaru\u201d \u010detvrto mjesto na tabeli, dok ih u sljede\u0107em kolu o\u010dekuje gostovanje tuzlanskoj \u201cSlobodi\u201d.<\/p>\n<p><strong><a href=\"https:\/\/kozarski.com\/kuglasi-rudara-porazeni-od-lidera-rada-rudar-2-nastavlja-pobjednicki-niz\/\" target=\"_blank\" rel=\"noopener\">kozarski.com<\/a><\/strong><\/p>\n<p><a href=\"https:\/\/www.prijedordanas.com\/wp-content\/uploads\/2025\/03\/rudar-rad-2-6-2.jpg\"><img loading=\"lazy\" decoding=\"async\" src=\"https:\/\/www.prijedordanas.com\/wp-content\/uploads\/2025\/03\/rudar-rad-2-6-2-300x225.jpg\" alt=\"\" width=\"300\" height=\"225\" class=\"alignleft size-medium wp-image-242996\" srcset=\"https:\/\/www.prijedordanas.com\/wp-content\/uploads\/2025\/03\/rudar-rad-2-6-2-300x225.jpg 300w, https:\/\/www.prijedordanas.com\/wp-content\/uploads\/2025\/03\/rudar-rad-2-6-2-640x480.jpg 640w, https:\/\/www.prijedordanas.com\/wp-content\/uploads\/2025\/03\/rudar-rad-2-6-2.jpg 667w\" sizes=\"(max-width: 300px) 100vw, 300px\" \/><\/a> <a href=\"https:\/\/www.prijedordanas.com\/wp-content\/uploads\/2025\/03\/rudar-rad-2-6-4.jpg\"><img loading=\"lazy\" decoding=\"async\" src=\"https:\/\/www.prijedordanas.com\/wp-content\/uploads\/2025\/03\/rudar-rad-2-6-4-300x225.jpg\" alt=\"\" width=\"300\" height=\"225\" class=\"alignleft size-medium wp-image-242997\" srcset=\"https:\/\/www.prijedordanas.com\/wp-content\/uploads\/2025\/03\/rudar-rad-2-6-4-300x225.jpg 300w, https:\/\/www.prijedordanas.com\/wp-content\/uploads\/2025\/03\/rudar-rad-2-6-4-640x480.jpg 640w, https:\/\/www.prijedordanas.com\/wp-content\/uploads\/2025\/03\/rudar-rad-2-6-4.jpg 667w\" sizes=\"(max-width: 300px) 100vw, 300px\" \/><\/a> <a href=\"https:\/\/www.prijedordanas.com\/wp-content\/uploads\/2025\/03\/rudar-rad-2-6-5.jpg\"><img loading=\"lazy\" decoding=\"async\" src=\"https:\/\/www.prijedordanas.com\/wp-content\/uploads\/2025\/03\/rudar-rad-2-6-5-300x225.jpg\" alt=\"\" width=\"300\" height=\"225\" class=\"alignleft size-medium wp-image-242998\" srcset=\"https:\/\/www.prijedordanas.com\/wp-content\/uploads\/2025\/03\/rudar-rad-2-6-5-300x225.jpg 300w, https:\/\/www.prijedordanas.com\/wp-content\/uploads\/2025\/03\/rudar-rad-2-6-5-640x480.jpg 640w, https:\/\/www.prijedordanas.com\/wp-content\/uploads\/2025\/03\/rudar-rad-2-6-5.jpg 667w\" sizes=\"(max-width: 300px) 100vw, 300px\" \/><\/a><\/p>\n","protected":false},"excerpt":{"rendered":"<p>Kugla\u0161i prijedorskog \u201cRudara\u201d do\u017eivjeli su te\u017eak poraz u derbiju 17. kola Premijer lige BiH, gdje su na doma\u0107em terenu izgubili od trenutnog lidera tabele, ekipe \u201cRada\u201d iz Br\u010dkog, rezultatom 6:2 [&hellip;]<\/p>\n","protected":false},"author":1,"featured_media":0,"comment_status":"closed","ping_status":"open","sticky":false,"template":"","format":"standard","meta":{"_monsterinsights_skip_tracking":false,"_monsterinsights_sitenote_active":false,"_monsterinsights_sitenote_note":"","_monsterinsights_sitenote_category":0,"footnotes":""},"categories":[7],"tags":[],"yoast_head":"<!-- This site is optimized with the Yoast SEO plugin v21.6 - https:\/\/yoast.com\/wordpress\/plugins\/seo\/ -->\n<title>Kugla\u0161i prijedorskog &quot;Rudara&quot; pora\u017eeni od lidera &quot;Rada&quot; - FOTO - PrijedorDanas.com - Prijedorski gradski portal<\/title>\n<meta name=\"robots\" content=\"index, follow, max-snippet:-1, max-image-preview:large, max-video-preview:-1\" \/>\n<link rel=\"canonical\" href=\"https:\/\/www.prijedordanas.com\/?p=242427\" \/>\n<meta property=\"og:locale\" content=\"en_US\" \/>\n<meta property=\"og:type\" content=\"article\" \/>\n<meta property=\"og:title\" content=\"Kugla\u0161i prijedorskog &quot;Rudara&quot; pora\u017eeni od lidera &quot;Rada&quot; - FOTO - PrijedorDanas.com - Prijedorski gradski portal\" \/>\n<meta property=\"og:description\" content=\"Kugla\u0161i prijedorskog \u201cRudara\u201d do\u017eivjeli su te\u017eak poraz u derbiju 17. kola Premijer lige BiH, gdje su na doma\u0107em terenu izgubili od trenutnog lidera tabele, ekipe \u201cRada\u201d iz Br\u010dkog, rezultatom 6:2 [&hellip;]\" \/>\n<meta property=\"og:url\" content=\"https:\/\/www.prijedordanas.com\/?p=242427\" \/>\n<meta property=\"og:site_name\" content=\"PrijedorDanas.com - Prijedorski gradski portal\" \/>\n<meta property=\"article:publisher\" content=\"https:\/\/www.facebook.com\/PrijedorDanasCom\/\" \/>\n<meta property=\"article:published_time\" content=\"2025-03-03T19:17:55+00:00\" \/>\n<meta property=\"article:modified_time\" content=\"2025-03-08T16:28:52+00:00\" \/>\n<meta property=\"og:image\" content=\"https:\/\/www.prijedordanas.com\/wp-content\/uploads\/2025\/03\/rudar-rad-2-6-1-300x225.jpg\" \/>\n<meta name=\"author\" content=\"admin\" \/>\n<meta name=\"twitter:card\" content=\"summary_large_image\" \/>\n<meta name=\"twitter:label1\" content=\"Written by\" \/>\n\t<meta name=\"twitter:data1\" content=\"admin\" \/>\n\t<meta name=\"twitter:label2\" content=\"Est. reading time\" \/>\n\t<meta name=\"twitter:data2\" content=\"2 minutes\" \/>\n<script type=\"application\/ld+json\" class=\"yoast-schema-graph\">{\"@context\":\"https:\/\/schema.org\",\"@graph\":[{\"@type\":\"Article\",\"@id\":\"https:\/\/www.prijedordanas.com\/?p=242427#article\",\"isPartOf\":{\"@id\":\"https:\/\/www.prijedordanas.com\/?p=242427\"},\"author\":{\"name\":\"admin\",\"@id\":\"https:\/\/www.prijedordanas.com\/#\/schema\/person\/4e08ccf29b506ca916ff86d46bb700e6\"},\"headline\":\"Kugla\u0161i prijedorskog &#8220;Rudara&#8221; pora\u017eeni od lidera &#8220;Rada&#8221; &#8211; FOTO\",\"datePublished\":\"2025-03-03T19:17:55+00:00\",\"dateModified\":\"2025-03-08T16:28:52+00:00\",\"mainEntityOfPage\":{\"@id\":\"https:\/\/www.prijedordanas.com\/?p=242427\"},\"wordCount\":196,\"publisher\":{\"@id\":\"https:\/\/www.prijedordanas.com\/#organization\"},\"articleSection\":[\"Sport\"],\"inLanguage\":\"en-US\"},{\"@type\":\"WebPage\",\"@id\":\"https:\/\/www.prijedordanas.com\/?p=242427\",\"url\":\"https:\/\/www.prijedordanas.com\/?p=242427\",\"name\":\"Kugla\u0161i prijedorskog \\\"Rudara\\\" pora\u017eeni od lidera \\\"Rada\\\" - FOTO - PrijedorDanas.com - Prijedorski gradski portal\",\"isPartOf\":{\"@id\":\"https:\/\/www.prijedordanas.com\/#website\"},\"datePublished\":\"2025-03-03T19:17:55+00:00\",\"dateModified\":\"2025-03-08T16:28:52+00:00\",\"breadcrumb\":{\"@id\":\"https:\/\/www.prijedordanas.com\/?p=242427#breadcrumb\"},\"inLanguage\":\"en-US\",\"potentialAction\":[{\"@type\":\"ReadAction\",\"target\":[\"https:\/\/www.prijedordanas.com\/?p=242427\"]}]},{\"@type\":\"BreadcrumbList\",\"@id\":\"https:\/\/www.prijedordanas.com\/?p=242427#breadcrumb\",\"itemListElement\":[{\"@type\":\"ListItem\",\"position\":1,\"name\":\"Home\",\"item\":\"https:\/\/www.prijedordanas.com\/\"},{\"@type\":\"ListItem\",\"position\":2,\"name\":\"Kugla\u0161i prijedorskog &#8220;Rudara&#8221; pora\u017eeni od lidera &#8220;Rada&#8221; &#8211; FOTO\"}]},{\"@type\":\"WebSite\",\"@id\":\"https:\/\/www.prijedordanas.com\/#website\",\"url\":\"https:\/\/www.prijedordanas.com\/\",\"name\":\"PrijedorDanas.com - Prijedorski gradski portal\",\"description\":\"Portal o doga\u0111anjima u gradu Prijedoru\",\"publisher\":{\"@id\":\"https:\/\/www.prijedordanas.com\/#organization\"},\"potentialAction\":[{\"@type\":\"SearchAction\",\"target\":{\"@type\":\"EntryPoint\",\"urlTemplate\":\"https:\/\/www.prijedordanas.com\/?s={search_term_string}\"},\"query-input\":\"required name=search_term_string\"}],\"inLanguage\":\"en-US\"},{\"@type\":\"Organization\",\"@id\":\"https:\/\/www.prijedordanas.com\/#organization\",\"name\":\"PrijedorDanas.com\",\"url\":\"https:\/\/www.prijedordanas.com\/\",\"logo\":{\"@type\":\"ImageObject\",\"inLanguage\":\"en-US\",\"@id\":\"https:\/\/www.prijedordanas.com\/#\/schema\/logo\/image\/\",\"url\":\"http:\/\/www.prijedordanas.com\/wp-content\/uploads\/2021\/12\/logopng.png\",\"contentUrl\":\"http:\/\/www.prijedordanas.com\/wp-content\/uploads\/2021\/12\/logopng.png\",\"width\":1019,\"height\":776,\"caption\":\"PrijedorDanas.com\"},\"image\":{\"@id\":\"https:\/\/www.prijedordanas.com\/#\/schema\/logo\/image\/\"},\"sameAs\":[\"https:\/\/www.facebook.com\/PrijedorDanasCom\/\"]},{\"@type\":\"Person\",\"@id\":\"https:\/\/www.prijedordanas.com\/#\/schema\/person\/4e08ccf29b506ca916ff86d46bb700e6\",\"name\":\"admin\",\"image\":{\"@type\":\"ImageObject\",\"inLanguage\":\"en-US\",\"@id\":\"https:\/\/www.prijedordanas.com\/#\/schema\/person\/image\/\",\"url\":\"https:\/\/secure.gravatar.com\/avatar\/1d3fc949d550f0b53a5f0d51e06dfd79?s=96&d=mm&r=g\",\"contentUrl\":\"https:\/\/secure.gravatar.com\/avatar\/1d3fc949d550f0b53a5f0d51e06dfd79?s=96&d=mm&r=g\",\"caption\":\"admin\"},\"url\":\"https:\/\/www.prijedordanas.com\/?author=1\"}]}<\/script>\n<!-- \/ Yoast SEO plugin. -->","yoast_head_json":{"title":"Kugla\u0161i prijedorskog \"Rudara\" pora\u017eeni od lidera \"Rada\" - FOTO - PrijedorDanas.com - Prijedorski gradski portal","robots":{"index":"index","follow":"follow","max-snippet":"max-snippet:-1","max-image-preview":"max-image-preview:large","max-video-preview":"max-video-preview:-1"},"canonical":"https:\/\/www.prijedordanas.com\/?p=242427","og_locale":"en_US","og_type":"article","og_title":"Kugla\u0161i prijedorskog \"Rudara\" pora\u017eeni od lidera \"Rada\" - FOTO - PrijedorDanas.com - Prijedorski gradski portal","og_description":"Kugla\u0161i prijedorskog \u201cRudara\u201d do\u017eivjeli su te\u017eak poraz u derbiju 17. kola Premijer lige BiH, gdje su na doma\u0107em terenu izgubili od trenutnog lidera tabele, ekipe \u201cRada\u201d iz Br\u010dkog, rezultatom 6:2 [&hellip;]","og_url":"https:\/\/www.prijedordanas.com\/?p=242427","og_site_name":"PrijedorDanas.com - Prijedorski gradski portal","article_publisher":"https:\/\/www.facebook.com\/PrijedorDanasCom\/","article_published_time":"2025-03-03T19:17:55+00:00","article_modified_time":"2025-03-08T16:28:52+00:00","og_image":[{"url":"https:\/\/www.prijedordanas.com\/wp-content\/uploads\/2025\/03\/rudar-rad-2-6-1-300x225.jpg"}],"author":"admin","twitter_card":"summary_large_image","twitter_misc":{"Written by":"admin","Est. reading time":"2 minutes"},"schema":{"@context":"https:\/\/schema.org","@graph":[{"@type":"Article","@id":"https:\/\/www.prijedordanas.com\/?p=242427#article","isPartOf":{"@id":"https:\/\/www.prijedordanas.com\/?p=242427"},"author":{"name":"admin","@id":"https:\/\/www.prijedordanas.com\/#\/schema\/person\/4e08ccf29b506ca916ff86d46bb700e6"},"headline":"Kugla\u0161i prijedorskog &#8220;Rudara&#8221; pora\u017eeni od lidera &#8220;Rada&#8221; &#8211; FOTO","datePublished":"2025-03-03T19:17:55+00:00","dateModified":"2025-03-08T16:28:52+00:00","mainEntityOfPage":{"@id":"https:\/\/www.prijedordanas.com\/?p=242427"},"wordCount":196,"publisher":{"@id":"https:\/\/www.prijedordanas.com\/#organization"},"articleSection":["Sport"],"inLanguage":"en-US"},{"@type":"WebPage","@id":"https:\/\/www.prijedordanas.com\/?p=242427","url":"https:\/\/www.prijedordanas.com\/?p=242427","name":"Kugla\u0161i prijedorskog \"Rudara\" pora\u017eeni od lidera \"Rada\" - FOTO - PrijedorDanas.com - Prijedorski gradski portal","isPartOf":{"@id":"https:\/\/www.prijedordanas.com\/#website"},"datePublished":"2025-03-03T19:17:55+00:00","dateModified":"2025-03-08T16:28:52+00:00","breadcrumb":{"@id":"https:\/\/www.prijedordanas.com\/?p=242427#breadcrumb"},"inLanguage":"en-US","potentialAction":[{"@type":"ReadAction","target":["https:\/\/www.prijedordanas.com\/?p=242427"]}]},{"@type":"BreadcrumbList","@id":"https:\/\/www.prijedordanas.com\/?p=242427#breadcrumb","itemListElement":[{"@type":"ListItem","position":1,"name":"Home","item":"https:\/\/www.prijedordanas.com\/"},{"@type":"ListItem","position":2,"name":"Kugla\u0161i prijedorskog &#8220;Rudara&#8221; pora\u017eeni od lidera &#8220;Rada&#8221; &#8211; FOTO"}]},{"@type":"WebSite","@id":"https:\/\/www.prijedordanas.com\/#website","url":"https:\/\/www.prijedordanas.com\/","name":"PrijedorDanas.com - Prijedorski gradski portal","description":"Portal o doga\u0111anjima u gradu Prijedoru","publisher":{"@id":"https:\/\/www.prijedordanas.com\/#organization"},"potentialAction":[{"@type":"SearchAction","target":{"@type":"EntryPoint","urlTemplate":"https:\/\/www.prijedordanas.com\/?s={search_term_string}"},"query-input":"required name=search_term_string"}],"inLanguage":"en-US"},{"@type":"Organization","@id":"https:\/\/www.prijedordanas.com\/#organization","name":"PrijedorDanas.com","url":"https:\/\/www.prijedordanas.com\/","logo":{"@type":"ImageObject","inLanguage":"en-US","@id":"https:\/\/www.prijedordanas.com\/#\/schema\/logo\/image\/","url":"http:\/\/www.prijedordanas.com\/wp-content\/uploads\/2021\/12\/logopng.png","contentUrl":"http:\/\/www.prijedordanas.com\/wp-content\/uploads\/2021\/12\/logopng.png","width":1019,"height":776,"caption":"PrijedorDanas.com"},"image":{"@id":"https:\/\/www.prijedordanas.com\/#\/schema\/logo\/image\/"},"sameAs":["https:\/\/www.facebook.com\/PrijedorDanasCom\/"]},{"@type":"Person","@id":"https:\/\/www.prijedordanas.com\/#\/schema\/person\/4e08ccf29b506ca916ff86d46bb700e6","name":"admin","image":{"@type":"ImageObject","inLanguage":"en-US","@id":"https:\/\/www.prijedordanas.com\/#\/schema\/person\/image\/","url":"https:\/\/secure.gravatar.com\/avatar\/1d3fc949d550f0b53a5f0d51e06dfd79?s=96&d=mm&r=g","contentUrl":"https:\/\/secure.gravatar.com\/avatar\/1d3fc949d550f0b53a5f0d51e06dfd79?s=96&d=mm&r=g","caption":"admin"},"url":"https:\/\/www.prijedordanas.com\/?author=1"}]}},"_links":{"self":[{"href":"https:\/\/www.prijedordanas.com\/index.php?rest_route=\/wp\/v2\/posts\/242427"}],"collection":[{"href":"https:\/\/www.prijedordanas.com\/index.php?rest_route=\/wp\/v2\/posts"}],"about":[{"href":"https:\/\/www.prijedordanas.com\/index.php?rest_route=\/wp\/v2\/types\/post"}],"author":[{"embeddable":true,"href":"https:\/\/www.prijedordanas.com\/index.php?rest_route=\/wp\/v2\/users\/1"}],"replies":[{"embeddable":true,"href":"https:\/\/www.prijedordanas.com\/index.php?rest_route=%2Fwp%2Fv2%2Fcomments&post=242427"}],"version-history":[{"count":2,"href":"https:\/\/www.prijedordanas.com\/index.php?rest_route=\/wp\/v2\/posts\/242427\/revisions"}],"predecessor-version":[{"id":242999,"href":"https:\/\/www.prijedordanas.com\/index.php?rest_route=\/wp\/v2\/posts\/242427\/revisions\/242999"}],"wp:attachment":[{"href":"https:\/\/www.prijedordanas.com\/index.php?rest_route=%2Fwp%2Fv2%2Fmedia&parent=242427"}],"wp:term":[{"taxonomy":"category","embeddable":true,"href":"https:\/\/www.prijedordanas.com\/index.php?rest_route=%2Fwp%2Fv2%2Fcategories&post=242427"},{"taxonomy":"post_tag","embeddable":true,"href":"https:\/\/www.prijedordanas.com\/index.php?rest_route=%2Fwp%2Fv2%2Ftags&post=242427"}],"curies":[{"name":"wp","href":"https:\/\/api.w.org\/{rel}","templated":true}]}}