{"id":242412,"date":"2025-02-25T18:49:58","date_gmt":"2025-02-25T17:49:58","guid":{"rendered":"https:\/\/www.prijedordanas.com\/?p=242412"},"modified":"2025-02-25T18:49:58","modified_gmt":"2025-02-25T17:49:58","slug":"u-vrticu-radost-obiljezen-medunarodni-dan-maternjeg-jezika-video","status":"publish","type":"post","link":"https:\/\/www.prijedordanas.com\/?p=242412","title":{"rendered":"U vrti\u0107u &#8220;Radost&#8221; obilje\u017een Me\u0111unarodni dan maternjeg jezika &#8211; VIDEO"},"content":{"rendered":"<p><a href=\"https:\/\/www.prijedordanas.com\/wp-content\/uploads\/2025\/02\/kozarski-vrtic-radost-dan-maternjeg-jezika.jpg\"><img loading=\"lazy\" decoding=\"async\" src=\"https:\/\/www.prijedordanas.com\/wp-content\/uploads\/2025\/02\/kozarski-vrtic-radost-dan-maternjeg-jezika-300x225.jpg\" alt=\"\" width=\"300\" height=\"225\" class=\"alignleft size-medium wp-image-242413\" srcset=\"https:\/\/www.prijedordanas.com\/wp-content\/uploads\/2025\/02\/kozarski-vrtic-radost-dan-maternjeg-jezika-300x225.jpg 300w, https:\/\/www.prijedordanas.com\/wp-content\/uploads\/2025\/02\/kozarski-vrtic-radost-dan-maternjeg-jezika-640x480.jpg 640w, https:\/\/www.prijedordanas.com\/wp-content\/uploads\/2025\/02\/kozarski-vrtic-radost-dan-maternjeg-jezika.jpg 666w\" sizes=\"(max-width: 300px) 100vw, 300px\" \/><\/a>Mali\u0161ani Dje\u010dijeg vrti\u0107a \u201cRadost\u201d u Prijedoru obilje\u017eili su Me\u0111unarodni dan maternjeg jezika. Kroz pjesmu, igru, pri\u010de i oslikavanje \u0107irili\u010dnih slova, djeca su u\u010destvovala u raznim aktivnostima prilago\u0111enim njihovom uzrastu. <\/p>\n<p>U svim vrti\u0107kim grupama organizovane su igre i zadaci s ciljem da se djeca, na zabavan na\u010din, upoznaju sa ljepotom svog jezika.<\/p>\n<p>\u201cIgrali smo se sa plastelinom, slagali slagalice, pri\u010dali pri\u010de, o\u017eivljavali slova, crtali smo bojama i igrali se. Veoma se radujem \u0161to sam u vrti\u0107u i volim svoj vrti\u0107\u201d, rekao je \u0161estogodi\u0161nji Pavle.<\/p>\n<p>Iz Dje\u010dijeg vrti\u0107a \u201cRadost\u201d isti\u010du zna\u010daj obilje\u017eavanja Dana maternjeg jezika od najranijeg uzrasta, kako bi djeca razvila osje\u0107aj po\u0161tovanja prema jeziku i pismu.<\/p>\n<p>\u201cMislim da je vrlo va\u017eno da kod djece, od najranijeg uzrasta, njegujemo maternji jezik, kako bi imali osje\u0107aj samopouzdanja i pripadnosti. Mi to radimo kroz niz aktivnosti, me\u0111u kojima je i obilje\u017eavanje Me\u0111unarodnog dana maternjeg jezika\u201d, rekla je vaspita\u010dica Nevena Osti.<\/p>\n<p>Prije tri godine, nakon dvadesetogodi\u0161nje pauze, obnovljen je \u010dasopis \u201cRadost\u201d. <\/p>\n<p>Ovaj \u010dasopis, koji izlazi dva puta godi\u0161nje, doprinosi o\u010duvanju jezika i tradicije, te bilje\u017ei va\u017ene vrti\u0107ke aktivnosti i trenutke.<\/p>\n<p>\u201c\u010casopis vrti\u0107a \u2018Radost\u2019, koji izlazi ve\u0107 tri godine, predstavlja na\u0161 doprinos o\u010duvanju srpskog jezika i knji\u017eevnosti, kao i maternjeg jezika u \u0161irem smislu. Na\u0161a je patriotska du\u017enost da \u010duvamo obi\u010daje, kulturu, tradiciju i jezik. Dan maternjeg jezika obilje\u017eavamo kroz razli\u010dite aktivnosti u svim vrti\u0107kim grupama, a sadr\u017eaj je prilago\u0111en uzrastu\u201d, pojasnio je Perica Panto\u0161, bibliotekar ove ustanove.<\/p>\n<p>U ovoj pred\u0161kolskoj ustanovi djeca u\u010de pisanje slova i kroz razne zadatke upoznaju se s pojmom o\u010duvanja jezika. <\/p>\n<p>Ove aktivnosti ja\u010daju njihov kulturni identitet i razvijaju ljubav prema jeziku i knji\u017eevnosti.<\/p>\n<p>\u201cUnutar na\u0161e ustanove, kroz razli\u010dite aktivnosti, djeca se podsti\u010du na razvoj svijesti o jeziku i pismu. Sa posebnim ponosom bih istakla \u010dasopis \u2018Radost\u2019, koji ponovo \u0161tampamo, a \u010diji je urednik na\u0161 bibliotekar. Njegovo izdavanje predstavlja zna\u010dajan doprinos o\u010duvanju jezika, pisma i knji\u017eevnosti, kao i va\u017ean korak u njegovanju kulturnog identiteta\u201d, istakla je Maja Vojnovi\u0107, v.d. direktora Javne ustanove Dje\u010dijeg vrti\u0107a \u201cRadost\u201d Prijedor.<\/p>\n<p><strong><a href=\"https:\/\/kozarski.com\/u-vrticu-radost-obiljezen-medjunarodni-dan-maternjeg-jezika\/\" rel=\"noopener\" target=\"_blank\">kozarski.com<\/a><\/strong><\/p>\n<p><iframe loading=\"lazy\" title=\"U VRTI\u0106U &quot;RADOST&quot; OBILJE\u017dEN ME\u0110UNARODNI DAN MATERNJEG JEZIKA\" width=\"500\" height=\"281\" src=\"https:\/\/www.youtube.com\/embed\/uohO5wm6PAI?feature=oembed\" frameborder=\"0\" allow=\"accelerometer; autoplay; clipboard-write; encrypted-media; gyroscope; picture-in-picture; web-share\" referrerpolicy=\"strict-origin-when-cross-origin\" allowfullscreen><\/iframe><\/p>\n","protected":false},"excerpt":{"rendered":"<p>Mali\u0161ani Dje\u010dijeg vrti\u0107a \u201cRadost\u201d u Prijedoru obilje\u017eili su Me\u0111unarodni dan maternjeg jezika. Kroz pjesmu, igru, pri\u010de i oslikavanje \u0107irili\u010dnih slova, djeca su u\u010destvovala u raznim aktivnostima prilago\u0111enim njihovom uzrastu. U [&hellip;]<\/p>\n","protected":false},"author":1,"featured_media":0,"comment_status":"closed","ping_status":"open","sticky":false,"template":"","format":"standard","meta":{"_monsterinsights_skip_tracking":false,"_monsterinsights_sitenote_active":false,"_monsterinsights_sitenote_note":"","_monsterinsights_sitenote_category":0,"footnotes":""},"categories":[7518],"tags":[],"yoast_head":"<!-- This site is optimized with the Yoast SEO plugin v21.6 - https:\/\/yoast.com\/wordpress\/plugins\/seo\/ -->\n<title>U vrti\u0107u &quot;Radost&quot; obilje\u017een Me\u0111unarodni dan maternjeg jezika - VIDEO - PrijedorDanas.com - Prijedorski gradski portal<\/title>\n<meta name=\"robots\" content=\"index, follow, max-snippet:-1, max-image-preview:large, max-video-preview:-1\" \/>\n<link rel=\"canonical\" href=\"https:\/\/www.prijedordanas.com\/?p=242412\" \/>\n<meta property=\"og:locale\" content=\"en_US\" \/>\n<meta property=\"og:type\" content=\"article\" \/>\n<meta property=\"og:title\" content=\"U vrti\u0107u &quot;Radost&quot; obilje\u017een Me\u0111unarodni dan maternjeg jezika - VIDEO - PrijedorDanas.com - Prijedorski gradski portal\" \/>\n<meta property=\"og:description\" content=\"Mali\u0161ani Dje\u010dijeg vrti\u0107a \u201cRadost\u201d u Prijedoru obilje\u017eili su Me\u0111unarodni dan maternjeg jezika. Kroz pjesmu, igru, pri\u010de i oslikavanje \u0107irili\u010dnih slova, djeca su u\u010destvovala u raznim aktivnostima prilago\u0111enim njihovom uzrastu. U [&hellip;]\" \/>\n<meta property=\"og:url\" content=\"https:\/\/www.prijedordanas.com\/?p=242412\" \/>\n<meta property=\"og:site_name\" content=\"PrijedorDanas.com - Prijedorski gradski portal\" \/>\n<meta property=\"article:publisher\" content=\"https:\/\/www.facebook.com\/PrijedorDanasCom\/\" \/>\n<meta property=\"article:published_time\" content=\"2025-02-25T17:49:58+00:00\" \/>\n<meta property=\"og:image\" content=\"https:\/\/www.prijedordanas.com\/wp-content\/uploads\/2025\/02\/kozarski-vrtic-radost-dan-maternjeg-jezika-300x225.jpg\" \/>\n<meta name=\"author\" content=\"admin\" \/>\n<meta name=\"twitter:card\" content=\"summary_large_image\" \/>\n<meta name=\"twitter:label1\" content=\"Written by\" \/>\n\t<meta name=\"twitter:data1\" content=\"admin\" \/>\n<script type=\"application\/ld+json\" class=\"yoast-schema-graph\">{\"@context\":\"https:\/\/schema.org\",\"@graph\":[{\"@type\":\"Article\",\"@id\":\"https:\/\/www.prijedordanas.com\/?p=242412#article\",\"isPartOf\":{\"@id\":\"https:\/\/www.prijedordanas.com\/?p=242412\"},\"author\":{\"name\":\"admin\",\"@id\":\"https:\/\/www.prijedordanas.com\/#\/schema\/person\/4e08ccf29b506ca916ff86d46bb700e6\"},\"headline\":\"U vrti\u0107u &#8220;Radost&#8221; obilje\u017een Me\u0111unarodni dan maternjeg jezika &#8211; VIDEO\",\"datePublished\":\"2025-02-25T17:49:58+00:00\",\"dateModified\":\"2025-02-25T17:49:58+00:00\",\"mainEntityOfPage\":{\"@id\":\"https:\/\/www.prijedordanas.com\/?p=242412\"},\"wordCount\":412,\"publisher\":{\"@id\":\"https:\/\/www.prijedordanas.com\/#organization\"},\"articleSection\":[\"Mladi\"],\"inLanguage\":\"en-US\"},{\"@type\":\"WebPage\",\"@id\":\"https:\/\/www.prijedordanas.com\/?p=242412\",\"url\":\"https:\/\/www.prijedordanas.com\/?p=242412\",\"name\":\"U vrti\u0107u \\\"Radost\\\" obilje\u017een Me\u0111unarodni dan maternjeg jezika - VIDEO - PrijedorDanas.com - Prijedorski gradski portal\",\"isPartOf\":{\"@id\":\"https:\/\/www.prijedordanas.com\/#website\"},\"datePublished\":\"2025-02-25T17:49:58+00:00\",\"dateModified\":\"2025-02-25T17:49:58+00:00\",\"breadcrumb\":{\"@id\":\"https:\/\/www.prijedordanas.com\/?p=242412#breadcrumb\"},\"inLanguage\":\"en-US\",\"potentialAction\":[{\"@type\":\"ReadAction\",\"target\":[\"https:\/\/www.prijedordanas.com\/?p=242412\"]}]},{\"@type\":\"BreadcrumbList\",\"@id\":\"https:\/\/www.prijedordanas.com\/?p=242412#breadcrumb\",\"itemListElement\":[{\"@type\":\"ListItem\",\"position\":1,\"name\":\"Home\",\"item\":\"https:\/\/www.prijedordanas.com\/\"},{\"@type\":\"ListItem\",\"position\":2,\"name\":\"U vrti\u0107u &#8220;Radost&#8221; obilje\u017een Me\u0111unarodni dan maternjeg jezika &#8211; VIDEO\"}]},{\"@type\":\"WebSite\",\"@id\":\"https:\/\/www.prijedordanas.com\/#website\",\"url\":\"https:\/\/www.prijedordanas.com\/\",\"name\":\"PrijedorDanas.com - Prijedorski gradski portal\",\"description\":\"Portal o doga\u0111anjima u gradu Prijedoru\",\"publisher\":{\"@id\":\"https:\/\/www.prijedordanas.com\/#organization\"},\"potentialAction\":[{\"@type\":\"SearchAction\",\"target\":{\"@type\":\"EntryPoint\",\"urlTemplate\":\"https:\/\/www.prijedordanas.com\/?s={search_term_string}\"},\"query-input\":\"required name=search_term_string\"}],\"inLanguage\":\"en-US\"},{\"@type\":\"Organization\",\"@id\":\"https:\/\/www.prijedordanas.com\/#organization\",\"name\":\"PrijedorDanas.com\",\"url\":\"https:\/\/www.prijedordanas.com\/\",\"logo\":{\"@type\":\"ImageObject\",\"inLanguage\":\"en-US\",\"@id\":\"https:\/\/www.prijedordanas.com\/#\/schema\/logo\/image\/\",\"url\":\"http:\/\/www.prijedordanas.com\/wp-content\/uploads\/2021\/12\/logopng.png\",\"contentUrl\":\"http:\/\/www.prijedordanas.com\/wp-content\/uploads\/2021\/12\/logopng.png\",\"width\":1019,\"height\":776,\"caption\":\"PrijedorDanas.com\"},\"image\":{\"@id\":\"https:\/\/www.prijedordanas.com\/#\/schema\/logo\/image\/\"},\"sameAs\":[\"https:\/\/www.facebook.com\/PrijedorDanasCom\/\"]},{\"@type\":\"Person\",\"@id\":\"https:\/\/www.prijedordanas.com\/#\/schema\/person\/4e08ccf29b506ca916ff86d46bb700e6\",\"name\":\"admin\",\"image\":{\"@type\":\"ImageObject\",\"inLanguage\":\"en-US\",\"@id\":\"https:\/\/www.prijedordanas.com\/#\/schema\/person\/image\/\",\"url\":\"https:\/\/secure.gravatar.com\/avatar\/1d3fc949d550f0b53a5f0d51e06dfd79?s=96&d=mm&r=g\",\"contentUrl\":\"https:\/\/secure.gravatar.com\/avatar\/1d3fc949d550f0b53a5f0d51e06dfd79?s=96&d=mm&r=g\",\"caption\":\"admin\"},\"url\":\"https:\/\/www.prijedordanas.com\/?author=1\"}]}<\/script>\n<!-- \/ Yoast SEO plugin. -->","yoast_head_json":{"title":"U vrti\u0107u \"Radost\" obilje\u017een Me\u0111unarodni dan maternjeg jezika - VIDEO - PrijedorDanas.com - Prijedorski gradski portal","robots":{"index":"index","follow":"follow","max-snippet":"max-snippet:-1","max-image-preview":"max-image-preview:large","max-video-preview":"max-video-preview:-1"},"canonical":"https:\/\/www.prijedordanas.com\/?p=242412","og_locale":"en_US","og_type":"article","og_title":"U vrti\u0107u \"Radost\" obilje\u017een Me\u0111unarodni dan maternjeg jezika - VIDEO - PrijedorDanas.com - Prijedorski gradski portal","og_description":"Mali\u0161ani Dje\u010dijeg vrti\u0107a \u201cRadost\u201d u Prijedoru obilje\u017eili su Me\u0111unarodni dan maternjeg jezika. Kroz pjesmu, igru, pri\u010de i oslikavanje \u0107irili\u010dnih slova, djeca su u\u010destvovala u raznim aktivnostima prilago\u0111enim njihovom uzrastu. U [&hellip;]","og_url":"https:\/\/www.prijedordanas.com\/?p=242412","og_site_name":"PrijedorDanas.com - Prijedorski gradski portal","article_publisher":"https:\/\/www.facebook.com\/PrijedorDanasCom\/","article_published_time":"2025-02-25T17:49:58+00:00","og_image":[{"url":"https:\/\/www.prijedordanas.com\/wp-content\/uploads\/2025\/02\/kozarski-vrtic-radost-dan-maternjeg-jezika-300x225.jpg"}],"author":"admin","twitter_card":"summary_large_image","twitter_misc":{"Written by":"admin"},"schema":{"@context":"https:\/\/schema.org","@graph":[{"@type":"Article","@id":"https:\/\/www.prijedordanas.com\/?p=242412#article","isPartOf":{"@id":"https:\/\/www.prijedordanas.com\/?p=242412"},"author":{"name":"admin","@id":"https:\/\/www.prijedordanas.com\/#\/schema\/person\/4e08ccf29b506ca916ff86d46bb700e6"},"headline":"U vrti\u0107u &#8220;Radost&#8221; obilje\u017een Me\u0111unarodni dan maternjeg jezika &#8211; VIDEO","datePublished":"2025-02-25T17:49:58+00:00","dateModified":"2025-02-25T17:49:58+00:00","mainEntityOfPage":{"@id":"https:\/\/www.prijedordanas.com\/?p=242412"},"wordCount":412,"publisher":{"@id":"https:\/\/www.prijedordanas.com\/#organization"},"articleSection":["Mladi"],"inLanguage":"en-US"},{"@type":"WebPage","@id":"https:\/\/www.prijedordanas.com\/?p=242412","url":"https:\/\/www.prijedordanas.com\/?p=242412","name":"U vrti\u0107u \"Radost\" obilje\u017een Me\u0111unarodni dan maternjeg jezika - VIDEO - PrijedorDanas.com - Prijedorski gradski portal","isPartOf":{"@id":"https:\/\/www.prijedordanas.com\/#website"},"datePublished":"2025-02-25T17:49:58+00:00","dateModified":"2025-02-25T17:49:58+00:00","breadcrumb":{"@id":"https:\/\/www.prijedordanas.com\/?p=242412#breadcrumb"},"inLanguage":"en-US","potentialAction":[{"@type":"ReadAction","target":["https:\/\/www.prijedordanas.com\/?p=242412"]}]},{"@type":"BreadcrumbList","@id":"https:\/\/www.prijedordanas.com\/?p=242412#breadcrumb","itemListElement":[{"@type":"ListItem","position":1,"name":"Home","item":"https:\/\/www.prijedordanas.com\/"},{"@type":"ListItem","position":2,"name":"U vrti\u0107u &#8220;Radost&#8221; obilje\u017een Me\u0111unarodni dan maternjeg jezika &#8211; VIDEO"}]},{"@type":"WebSite","@id":"https:\/\/www.prijedordanas.com\/#website","url":"https:\/\/www.prijedordanas.com\/","name":"PrijedorDanas.com - Prijedorski gradski portal","description":"Portal o doga\u0111anjima u gradu Prijedoru","publisher":{"@id":"https:\/\/www.prijedordanas.com\/#organization"},"potentialAction":[{"@type":"SearchAction","target":{"@type":"EntryPoint","urlTemplate":"https:\/\/www.prijedordanas.com\/?s={search_term_string}"},"query-input":"required name=search_term_string"}],"inLanguage":"en-US"},{"@type":"Organization","@id":"https:\/\/www.prijedordanas.com\/#organization","name":"PrijedorDanas.com","url":"https:\/\/www.prijedordanas.com\/","logo":{"@type":"ImageObject","inLanguage":"en-US","@id":"https:\/\/www.prijedordanas.com\/#\/schema\/logo\/image\/","url":"http:\/\/www.prijedordanas.com\/wp-content\/uploads\/2021\/12\/logopng.png","contentUrl":"http:\/\/www.prijedordanas.com\/wp-content\/uploads\/2021\/12\/logopng.png","width":1019,"height":776,"caption":"PrijedorDanas.com"},"image":{"@id":"https:\/\/www.prijedordanas.com\/#\/schema\/logo\/image\/"},"sameAs":["https:\/\/www.facebook.com\/PrijedorDanasCom\/"]},{"@type":"Person","@id":"https:\/\/www.prijedordanas.com\/#\/schema\/person\/4e08ccf29b506ca916ff86d46bb700e6","name":"admin","image":{"@type":"ImageObject","inLanguage":"en-US","@id":"https:\/\/www.prijedordanas.com\/#\/schema\/person\/image\/","url":"https:\/\/secure.gravatar.com\/avatar\/1d3fc949d550f0b53a5f0d51e06dfd79?s=96&d=mm&r=g","contentUrl":"https:\/\/secure.gravatar.com\/avatar\/1d3fc949d550f0b53a5f0d51e06dfd79?s=96&d=mm&r=g","caption":"admin"},"url":"https:\/\/www.prijedordanas.com\/?author=1"}]}},"_links":{"self":[{"href":"https:\/\/www.prijedordanas.com\/index.php?rest_route=\/wp\/v2\/posts\/242412"}],"collection":[{"href":"https:\/\/www.prijedordanas.com\/index.php?rest_route=\/wp\/v2\/posts"}],"about":[{"href":"https:\/\/www.prijedordanas.com\/index.php?rest_route=\/wp\/v2\/types\/post"}],"author":[{"embeddable":true,"href":"https:\/\/www.prijedordanas.com\/index.php?rest_route=\/wp\/v2\/users\/1"}],"replies":[{"embeddable":true,"href":"https:\/\/www.prijedordanas.com\/index.php?rest_route=%2Fwp%2Fv2%2Fcomments&post=242412"}],"version-history":[{"count":1,"href":"https:\/\/www.prijedordanas.com\/index.php?rest_route=\/wp\/v2\/posts\/242412\/revisions"}],"predecessor-version":[{"id":242414,"href":"https:\/\/www.prijedordanas.com\/index.php?rest_route=\/wp\/v2\/posts\/242412\/revisions\/242414"}],"wp:attachment":[{"href":"https:\/\/www.prijedordanas.com\/index.php?rest_route=%2Fwp%2Fv2%2Fmedia&parent=242412"}],"wp:term":[{"taxonomy":"category","embeddable":true,"href":"https:\/\/www.prijedordanas.com\/index.php?rest_route=%2Fwp%2Fv2%2Fcategories&post=242412"},{"taxonomy":"post_tag","embeddable":true,"href":"https:\/\/www.prijedordanas.com\/index.php?rest_route=%2Fwp%2Fv2%2Ftags&post=242412"}],"curies":[{"name":"wp","href":"https:\/\/api.w.org\/{rel}","templated":true}]}}