{"id":242394,"date":"2025-02-25T14:37:51","date_gmt":"2025-02-25T13:37:51","guid":{"rendered":"https:\/\/www.prijedordanas.com\/?p=242394"},"modified":"2025-02-25T14:37:51","modified_gmt":"2025-02-25T13:37:51","slug":"kreativna-radionica-kike-tacke-podrska-prvom-obiljezavanju-svjetskog-dana-daun-sindroma-u-prijedoru","status":"publish","type":"post","link":"https:\/\/www.prijedordanas.com\/?p=242394","title":{"rendered":"&#8220;Kreativna radionica Kike-Ta\u010dke&#8221;: Podr\u0161ka prvom obilje\u017eavanju Svjetskog dana Daun sindroma u Prijedoru"},"content":{"rendered":"<p><a href=\"https:\/\/www.prijedordanas.com\/wp-content\/uploads\/2025\/02\/kike-tacke-podrska-obiljezavanju-svjetskog-dana-daun-sindroma-1.jpg\"><img loading=\"lazy\" decoding=\"async\" class=\"alignleft size-medium wp-image-242395\" src=\"https:\/\/www.prijedordanas.com\/wp-content\/uploads\/2025\/02\/kike-tacke-podrska-obiljezavanju-svjetskog-dana-daun-sindroma-1-300x225.jpg\" alt=\"\" width=\"300\" height=\"225\" srcset=\"https:\/\/www.prijedordanas.com\/wp-content\/uploads\/2025\/02\/kike-tacke-podrska-obiljezavanju-svjetskog-dana-daun-sindroma-1-300x225.jpg 300w, https:\/\/www.prijedordanas.com\/wp-content\/uploads\/2025\/02\/kike-tacke-podrska-obiljezavanju-svjetskog-dana-daun-sindroma-1-640x480.jpg 640w, https:\/\/www.prijedordanas.com\/wp-content\/uploads\/2025\/02\/kike-tacke-podrska-obiljezavanju-svjetskog-dana-daun-sindroma-1.jpg 667w\" sizes=\"(max-width: 300px) 100vw, 300px\" \/><\/a>Udru\u017eenje gra\u0111ana &#8220;Kreativna radionica Kike-Ta\u010dke&#8221; Prijedor uputilo je na adrese javnog i privatnog sektora poziv za pomo\u0107 u organizovanju prvog obilje\u017eavanja Svjetskog dana Daun sindroma u Prijedoru.<\/p>\n<p>Nikolina Fu\u0161tar Grbovi\u0107 iz ovog udru\u017eenja izjavila je da su dobrodo\u0161le nov\u010dane donacije u skladu sa mogu\u0107nostima svakog subjekta, a s ciljem pokrivanja tro\u0161kova aktivnosti, uz napomenu da svi aktivisti rade dobrovoljno bez naknade.<\/p>\n<p>&#8220;Nailazimo na podr\u0161ku i to nam daje snagu i motivaciju da idemo dalje&#8221;, rekla je Fu\u0161tar Grbovi\u0107 Srni.<\/p>\n<p>Ovo udru\u017eenje \u0107e nizom aktivnosti prvi put obilje\u017eiti Svjetski dan Daun sindroma u gradu na Sani, a u pripremama koje traju od po\u010detka godine imaju podr\u0161ku Gradske uprave, Ministarstva prosvjete i kulture Republike Srpske, javnog i privatnog sektora, medijske zajednice i gra\u0111ana.<\/p>\n<p><a href=\"https:\/\/www.prijedordanas.com\/wp-content\/uploads\/2025\/02\/kike-tacke-podrska-obiljezavanju-svjetskog-dana-daun-sindroma-2.jpg\"><img loading=\"lazy\" decoding=\"async\" src=\"https:\/\/www.prijedordanas.com\/wp-content\/uploads\/2025\/02\/kike-tacke-podrska-obiljezavanju-svjetskog-dana-daun-sindroma-2-208x300.jpg\" alt=\"\" width=\"208\" height=\"300\" class=\"alignleft size-medium wp-image-242396\" srcset=\"https:\/\/www.prijedordanas.com\/wp-content\/uploads\/2025\/02\/kike-tacke-podrska-obiljezavanju-svjetskog-dana-daun-sindroma-2-208x300.jpg 208w, https:\/\/www.prijedordanas.com\/wp-content\/uploads\/2025\/02\/kike-tacke-podrska-obiljezavanju-svjetskog-dana-daun-sindroma-2.jpg 450w\" sizes=\"(max-width: 208px) 100vw, 208px\" \/><\/a>Aktivnosti pod sloganom &#8220;I mi sanjamo&#8221; obuhvata\u0107e fotografisanje osoba sa Daun sindromom u simuliranom radnom okru\u017eenju zavisno od toga \u0161ta svako od njih \u017eeli da bude.<\/p>\n<p>&#8220;Ima\u0107emo policajce, ljekare, kuvare, stomatologe, konobare, medicinske sestre, majstore, vatrogasce, ba\u0161tovane, pekare. Fotografije \u0107e prvo biti izlo\u017eene u Pozori\u0161u Prijedor, zatim u Tr\u017enom centru `Patrija`, a potom i u gradskom \u0161etali\u0161tu na velikim panoima Turisti\u010dke organizacije&#8221;, najavila je Fu\u0161tar Grbovi\u0107.<\/p>\n<p>Izlo\u017ebi predvi\u0111enoj 21. marta prethodi\u0107e interaktivne instalacije na Trgu majora Zorana Karlice koje \u0107e simboli\u010dno upu\u0107ivati na &#8220;djecu sunca&#8221;, a sadr\u017eava\u0107e i postavke s \u010darapama prikupljenim u vaspitno-obrazovnim ustanovama, \u010dija rasparenost tako\u0111e upu\u0107uje na osobe sa Daun sindromom.<\/p>\n<p>Zgrada Gradske uprave bi\u0107e u ve\u010dernjim \u010dasovima osvijetljena plavo-\u017eutom bojom, jer je to boja Daun sindroma, video i fotografije bi\u0107e emitovani na led bilbordu `Patrije`, a gra\u0111ani \u0107e mo\u0107i ostavljati kratke poruke sugra\u0111anima sa Daun sindromom.<\/p>\n<p>SRNA<\/p>\n<p><a href=\"https:\/\/www.prijedordanas.com\/wp-content\/uploads\/2025\/02\/kike-tacke-podrska-obiljezavanju-svjetskog-dana-daun-sindroma-3.jpg\"><img loading=\"lazy\" decoding=\"async\" src=\"https:\/\/www.prijedordanas.com\/wp-content\/uploads\/2025\/02\/kike-tacke-podrska-obiljezavanju-svjetskog-dana-daun-sindroma-3-208x300.jpg\" alt=\"\" width=\"208\" height=\"300\" class=\"alignleft size-medium wp-image-242397\" srcset=\"https:\/\/www.prijedordanas.com\/wp-content\/uploads\/2025\/02\/kike-tacke-podrska-obiljezavanju-svjetskog-dana-daun-sindroma-3-208x300.jpg 208w, https:\/\/www.prijedordanas.com\/wp-content\/uploads\/2025\/02\/kike-tacke-podrska-obiljezavanju-svjetskog-dana-daun-sindroma-3.jpg 450w\" sizes=\"(max-width: 208px) 100vw, 208px\" \/><\/a><\/p>\n","protected":false},"excerpt":{"rendered":"<p>Udru\u017eenje gra\u0111ana &#8220;Kreativna radionica Kike-Ta\u010dke&#8221; Prijedor uputilo je na adrese javnog i privatnog sektora poziv za pomo\u0107 u organizovanju prvog obilje\u017eavanja Svjetskog dana Daun sindroma u Prijedoru. Nikolina Fu\u0161tar Grbovi\u0107 [&hellip;]<\/p>\n","protected":false},"author":1,"featured_media":0,"comment_status":"closed","ping_status":"open","sticky":false,"template":"","format":"standard","meta":{"_monsterinsights_skip_tracking":false,"_monsterinsights_sitenote_active":false,"_monsterinsights_sitenote_note":"","_monsterinsights_sitenote_category":0,"footnotes":""},"categories":[4],"tags":[],"yoast_head":"<!-- This site is optimized with the Yoast SEO plugin v21.6 - https:\/\/yoast.com\/wordpress\/plugins\/seo\/ -->\n<title>&quot;Kreativna radionica Kike-Ta\u010dke&quot;: Podr\u0161ka prvom obilje\u017eavanju Svjetskog dana Daun sindroma u Prijedoru - PrijedorDanas.com - Prijedorski gradski portal<\/title>\n<meta name=\"robots\" content=\"index, follow, max-snippet:-1, max-image-preview:large, max-video-preview:-1\" \/>\n<link rel=\"canonical\" href=\"https:\/\/www.prijedordanas.com\/?p=242394\" \/>\n<meta property=\"og:locale\" content=\"en_US\" \/>\n<meta property=\"og:type\" content=\"article\" \/>\n<meta property=\"og:title\" content=\"&quot;Kreativna radionica Kike-Ta\u010dke&quot;: Podr\u0161ka prvom obilje\u017eavanju Svjetskog dana Daun sindroma u Prijedoru - PrijedorDanas.com - Prijedorski gradski portal\" \/>\n<meta property=\"og:description\" content=\"Udru\u017eenje gra\u0111ana &#8220;Kreativna radionica Kike-Ta\u010dke&#8221; Prijedor uputilo je na adrese javnog i privatnog sektora poziv za pomo\u0107 u organizovanju prvog obilje\u017eavanja Svjetskog dana Daun sindroma u Prijedoru. Nikolina Fu\u0161tar Grbovi\u0107 [&hellip;]\" \/>\n<meta property=\"og:url\" content=\"https:\/\/www.prijedordanas.com\/?p=242394\" \/>\n<meta property=\"og:site_name\" content=\"PrijedorDanas.com - Prijedorski gradski portal\" \/>\n<meta property=\"article:publisher\" content=\"https:\/\/www.facebook.com\/PrijedorDanasCom\/\" \/>\n<meta property=\"article:published_time\" content=\"2025-02-25T13:37:51+00:00\" \/>\n<meta property=\"og:image\" content=\"https:\/\/www.prijedordanas.com\/wp-content\/uploads\/2025\/02\/kike-tacke-podrska-obiljezavanju-svjetskog-dana-daun-sindroma-1-300x225.jpg\" \/>\n<meta name=\"author\" content=\"admin\" \/>\n<meta name=\"twitter:card\" content=\"summary_large_image\" \/>\n<meta name=\"twitter:label1\" content=\"Written by\" \/>\n\t<meta name=\"twitter:data1\" content=\"admin\" \/>\n\t<meta name=\"twitter:label2\" content=\"Est. reading time\" \/>\n\t<meta name=\"twitter:data2\" content=\"2 minutes\" \/>\n<script type=\"application\/ld+json\" class=\"yoast-schema-graph\">{\"@context\":\"https:\/\/schema.org\",\"@graph\":[{\"@type\":\"Article\",\"@id\":\"https:\/\/www.prijedordanas.com\/?p=242394#article\",\"isPartOf\":{\"@id\":\"https:\/\/www.prijedordanas.com\/?p=242394\"},\"author\":{\"name\":\"admin\",\"@id\":\"https:\/\/www.prijedordanas.com\/#\/schema\/person\/4e08ccf29b506ca916ff86d46bb700e6\"},\"headline\":\"&#8220;Kreativna radionica Kike-Ta\u010dke&#8221;: Podr\u0161ka prvom obilje\u017eavanju Svjetskog dana Daun sindroma u Prijedoru\",\"datePublished\":\"2025-02-25T13:37:51+00:00\",\"dateModified\":\"2025-02-25T13:37:51+00:00\",\"mainEntityOfPage\":{\"@id\":\"https:\/\/www.prijedordanas.com\/?p=242394\"},\"wordCount\":319,\"publisher\":{\"@id\":\"https:\/\/www.prijedordanas.com\/#organization\"},\"articleSection\":[\"Dru\u0161tvo\"],\"inLanguage\":\"en-US\"},{\"@type\":\"WebPage\",\"@id\":\"https:\/\/www.prijedordanas.com\/?p=242394\",\"url\":\"https:\/\/www.prijedordanas.com\/?p=242394\",\"name\":\"\\\"Kreativna radionica Kike-Ta\u010dke\\\": Podr\u0161ka prvom obilje\u017eavanju Svjetskog dana Daun sindroma u Prijedoru - PrijedorDanas.com - Prijedorski gradski portal\",\"isPartOf\":{\"@id\":\"https:\/\/www.prijedordanas.com\/#website\"},\"datePublished\":\"2025-02-25T13:37:51+00:00\",\"dateModified\":\"2025-02-25T13:37:51+00:00\",\"breadcrumb\":{\"@id\":\"https:\/\/www.prijedordanas.com\/?p=242394#breadcrumb\"},\"inLanguage\":\"en-US\",\"potentialAction\":[{\"@type\":\"ReadAction\",\"target\":[\"https:\/\/www.prijedordanas.com\/?p=242394\"]}]},{\"@type\":\"BreadcrumbList\",\"@id\":\"https:\/\/www.prijedordanas.com\/?p=242394#breadcrumb\",\"itemListElement\":[{\"@type\":\"ListItem\",\"position\":1,\"name\":\"Home\",\"item\":\"https:\/\/www.prijedordanas.com\/\"},{\"@type\":\"ListItem\",\"position\":2,\"name\":\"&#8220;Kreativna radionica Kike-Ta\u010dke&#8221;: Podr\u0161ka prvom obilje\u017eavanju Svjetskog dana Daun sindroma u Prijedoru\"}]},{\"@type\":\"WebSite\",\"@id\":\"https:\/\/www.prijedordanas.com\/#website\",\"url\":\"https:\/\/www.prijedordanas.com\/\",\"name\":\"PrijedorDanas.com - Prijedorski gradski portal\",\"description\":\"Portal o doga\u0111anjima u gradu Prijedoru\",\"publisher\":{\"@id\":\"https:\/\/www.prijedordanas.com\/#organization\"},\"potentialAction\":[{\"@type\":\"SearchAction\",\"target\":{\"@type\":\"EntryPoint\",\"urlTemplate\":\"https:\/\/www.prijedordanas.com\/?s={search_term_string}\"},\"query-input\":\"required name=search_term_string\"}],\"inLanguage\":\"en-US\"},{\"@type\":\"Organization\",\"@id\":\"https:\/\/www.prijedordanas.com\/#organization\",\"name\":\"PrijedorDanas.com\",\"url\":\"https:\/\/www.prijedordanas.com\/\",\"logo\":{\"@type\":\"ImageObject\",\"inLanguage\":\"en-US\",\"@id\":\"https:\/\/www.prijedordanas.com\/#\/schema\/logo\/image\/\",\"url\":\"http:\/\/www.prijedordanas.com\/wp-content\/uploads\/2021\/12\/logopng.png\",\"contentUrl\":\"http:\/\/www.prijedordanas.com\/wp-content\/uploads\/2021\/12\/logopng.png\",\"width\":1019,\"height\":776,\"caption\":\"PrijedorDanas.com\"},\"image\":{\"@id\":\"https:\/\/www.prijedordanas.com\/#\/schema\/logo\/image\/\"},\"sameAs\":[\"https:\/\/www.facebook.com\/PrijedorDanasCom\/\"]},{\"@type\":\"Person\",\"@id\":\"https:\/\/www.prijedordanas.com\/#\/schema\/person\/4e08ccf29b506ca916ff86d46bb700e6\",\"name\":\"admin\",\"image\":{\"@type\":\"ImageObject\",\"inLanguage\":\"en-US\",\"@id\":\"https:\/\/www.prijedordanas.com\/#\/schema\/person\/image\/\",\"url\":\"https:\/\/secure.gravatar.com\/avatar\/1d3fc949d550f0b53a5f0d51e06dfd79?s=96&d=mm&r=g\",\"contentUrl\":\"https:\/\/secure.gravatar.com\/avatar\/1d3fc949d550f0b53a5f0d51e06dfd79?s=96&d=mm&r=g\",\"caption\":\"admin\"},\"url\":\"https:\/\/www.prijedordanas.com\/?author=1\"}]}<\/script>\n<!-- \/ Yoast SEO plugin. -->","yoast_head_json":{"title":"\"Kreativna radionica Kike-Ta\u010dke\": Podr\u0161ka prvom obilje\u017eavanju Svjetskog dana Daun sindroma u Prijedoru - PrijedorDanas.com - Prijedorski gradski portal","robots":{"index":"index","follow":"follow","max-snippet":"max-snippet:-1","max-image-preview":"max-image-preview:large","max-video-preview":"max-video-preview:-1"},"canonical":"https:\/\/www.prijedordanas.com\/?p=242394","og_locale":"en_US","og_type":"article","og_title":"\"Kreativna radionica Kike-Ta\u010dke\": Podr\u0161ka prvom obilje\u017eavanju Svjetskog dana Daun sindroma u Prijedoru - PrijedorDanas.com - Prijedorski gradski portal","og_description":"Udru\u017eenje gra\u0111ana &#8220;Kreativna radionica Kike-Ta\u010dke&#8221; Prijedor uputilo je na adrese javnog i privatnog sektora poziv za pomo\u0107 u organizovanju prvog obilje\u017eavanja Svjetskog dana Daun sindroma u Prijedoru. Nikolina Fu\u0161tar Grbovi\u0107 [&hellip;]","og_url":"https:\/\/www.prijedordanas.com\/?p=242394","og_site_name":"PrijedorDanas.com - Prijedorski gradski portal","article_publisher":"https:\/\/www.facebook.com\/PrijedorDanasCom\/","article_published_time":"2025-02-25T13:37:51+00:00","og_image":[{"url":"https:\/\/www.prijedordanas.com\/wp-content\/uploads\/2025\/02\/kike-tacke-podrska-obiljezavanju-svjetskog-dana-daun-sindroma-1-300x225.jpg"}],"author":"admin","twitter_card":"summary_large_image","twitter_misc":{"Written by":"admin","Est. reading time":"2 minutes"},"schema":{"@context":"https:\/\/schema.org","@graph":[{"@type":"Article","@id":"https:\/\/www.prijedordanas.com\/?p=242394#article","isPartOf":{"@id":"https:\/\/www.prijedordanas.com\/?p=242394"},"author":{"name":"admin","@id":"https:\/\/www.prijedordanas.com\/#\/schema\/person\/4e08ccf29b506ca916ff86d46bb700e6"},"headline":"&#8220;Kreativna radionica Kike-Ta\u010dke&#8221;: Podr\u0161ka prvom obilje\u017eavanju Svjetskog dana Daun sindroma u Prijedoru","datePublished":"2025-02-25T13:37:51+00:00","dateModified":"2025-02-25T13:37:51+00:00","mainEntityOfPage":{"@id":"https:\/\/www.prijedordanas.com\/?p=242394"},"wordCount":319,"publisher":{"@id":"https:\/\/www.prijedordanas.com\/#organization"},"articleSection":["Dru\u0161tvo"],"inLanguage":"en-US"},{"@type":"WebPage","@id":"https:\/\/www.prijedordanas.com\/?p=242394","url":"https:\/\/www.prijedordanas.com\/?p=242394","name":"\"Kreativna radionica Kike-Ta\u010dke\": Podr\u0161ka prvom obilje\u017eavanju Svjetskog dana Daun sindroma u Prijedoru - PrijedorDanas.com - Prijedorski gradski portal","isPartOf":{"@id":"https:\/\/www.prijedordanas.com\/#website"},"datePublished":"2025-02-25T13:37:51+00:00","dateModified":"2025-02-25T13:37:51+00:00","breadcrumb":{"@id":"https:\/\/www.prijedordanas.com\/?p=242394#breadcrumb"},"inLanguage":"en-US","potentialAction":[{"@type":"ReadAction","target":["https:\/\/www.prijedordanas.com\/?p=242394"]}]},{"@type":"BreadcrumbList","@id":"https:\/\/www.prijedordanas.com\/?p=242394#breadcrumb","itemListElement":[{"@type":"ListItem","position":1,"name":"Home","item":"https:\/\/www.prijedordanas.com\/"},{"@type":"ListItem","position":2,"name":"&#8220;Kreativna radionica Kike-Ta\u010dke&#8221;: Podr\u0161ka prvom obilje\u017eavanju Svjetskog dana Daun sindroma u Prijedoru"}]},{"@type":"WebSite","@id":"https:\/\/www.prijedordanas.com\/#website","url":"https:\/\/www.prijedordanas.com\/","name":"PrijedorDanas.com - Prijedorski gradski portal","description":"Portal o doga\u0111anjima u gradu Prijedoru","publisher":{"@id":"https:\/\/www.prijedordanas.com\/#organization"},"potentialAction":[{"@type":"SearchAction","target":{"@type":"EntryPoint","urlTemplate":"https:\/\/www.prijedordanas.com\/?s={search_term_string}"},"query-input":"required name=search_term_string"}],"inLanguage":"en-US"},{"@type":"Organization","@id":"https:\/\/www.prijedordanas.com\/#organization","name":"PrijedorDanas.com","url":"https:\/\/www.prijedordanas.com\/","logo":{"@type":"ImageObject","inLanguage":"en-US","@id":"https:\/\/www.prijedordanas.com\/#\/schema\/logo\/image\/","url":"http:\/\/www.prijedordanas.com\/wp-content\/uploads\/2021\/12\/logopng.png","contentUrl":"http:\/\/www.prijedordanas.com\/wp-content\/uploads\/2021\/12\/logopng.png","width":1019,"height":776,"caption":"PrijedorDanas.com"},"image":{"@id":"https:\/\/www.prijedordanas.com\/#\/schema\/logo\/image\/"},"sameAs":["https:\/\/www.facebook.com\/PrijedorDanasCom\/"]},{"@type":"Person","@id":"https:\/\/www.prijedordanas.com\/#\/schema\/person\/4e08ccf29b506ca916ff86d46bb700e6","name":"admin","image":{"@type":"ImageObject","inLanguage":"en-US","@id":"https:\/\/www.prijedordanas.com\/#\/schema\/person\/image\/","url":"https:\/\/secure.gravatar.com\/avatar\/1d3fc949d550f0b53a5f0d51e06dfd79?s=96&d=mm&r=g","contentUrl":"https:\/\/secure.gravatar.com\/avatar\/1d3fc949d550f0b53a5f0d51e06dfd79?s=96&d=mm&r=g","caption":"admin"},"url":"https:\/\/www.prijedordanas.com\/?author=1"}]}},"_links":{"self":[{"href":"https:\/\/www.prijedordanas.com\/index.php?rest_route=\/wp\/v2\/posts\/242394"}],"collection":[{"href":"https:\/\/www.prijedordanas.com\/index.php?rest_route=\/wp\/v2\/posts"}],"about":[{"href":"https:\/\/www.prijedordanas.com\/index.php?rest_route=\/wp\/v2\/types\/post"}],"author":[{"embeddable":true,"href":"https:\/\/www.prijedordanas.com\/index.php?rest_route=\/wp\/v2\/users\/1"}],"replies":[{"embeddable":true,"href":"https:\/\/www.prijedordanas.com\/index.php?rest_route=%2Fwp%2Fv2%2Fcomments&post=242394"}],"version-history":[{"count":1,"href":"https:\/\/www.prijedordanas.com\/index.php?rest_route=\/wp\/v2\/posts\/242394\/revisions"}],"predecessor-version":[{"id":242398,"href":"https:\/\/www.prijedordanas.com\/index.php?rest_route=\/wp\/v2\/posts\/242394\/revisions\/242398"}],"wp:attachment":[{"href":"https:\/\/www.prijedordanas.com\/index.php?rest_route=%2Fwp%2Fv2%2Fmedia&parent=242394"}],"wp:term":[{"taxonomy":"category","embeddable":true,"href":"https:\/\/www.prijedordanas.com\/index.php?rest_route=%2Fwp%2Fv2%2Fcategories&post=242394"},{"taxonomy":"post_tag","embeddable":true,"href":"https:\/\/www.prijedordanas.com\/index.php?rest_route=%2Fwp%2Fv2%2Ftags&post=242394"}],"curies":[{"name":"wp","href":"https:\/\/api.w.org\/{rel}","templated":true}]}}