{"id":242348,"date":"2025-02-24T17:22:44","date_gmt":"2025-02-24T16:22:44","guid":{"rendered":"https:\/\/www.prijedordanas.com\/?p=242348"},"modified":"2025-02-24T17:22:44","modified_gmt":"2025-02-24T16:22:44","slug":"multisektorski-tim-prijedor-nakon-teskog-nasilja-nad-majkom-pritvoren-pa-iz-pritvora-upucen-na-sokolac","status":"publish","type":"post","link":"https:\/\/www.prijedordanas.com\/?p=242348","title":{"rendered":"Multisektorski tim Prijedor: Nakon te\u0161kog nasilja nad majkom, pritvoren, pa iz pritvora upu\u0107en na Sokolac"},"content":{"rendered":"<p><a href=\"https:\/\/www.prijedordanas.com\/wp-content\/uploads\/2025\/02\/multisektorski-tim-februar2025-1.jpg\"><img loading=\"lazy\" decoding=\"async\" class=\"alignleft size-medium wp-image-242350\" src=\"https:\/\/www.prijedordanas.com\/wp-content\/uploads\/2025\/02\/multisektorski-tim-februar2025-1-300x225.jpg\" alt=\"\" width=\"300\" height=\"225\" srcset=\"https:\/\/www.prijedordanas.com\/wp-content\/uploads\/2025\/02\/multisektorski-tim-februar2025-1-300x225.jpg 300w, https:\/\/www.prijedordanas.com\/wp-content\/uploads\/2025\/02\/multisektorski-tim-februar2025-1-640x480.jpg 640w, https:\/\/www.prijedordanas.com\/wp-content\/uploads\/2025\/02\/multisektorski-tim-februar2025-1.jpg 667w\" sizes=\"(max-width: 300px) 100vw, 300px\" \/><\/a>Postupanje policije i tu\u017eila\u0161tva u slu\u010daju te\u0161kog nasilja sina nad majkom u jednom prigradskom naselju kod Prijedora danas je na sastanku Multisektorskog tima za za\u0161titu od porodi\u010dnog i rodno zasnovanog nasilja predstavljeno kao pozitivan primjer s dobrim ishodom u pravcu i za\u0161tite \u017ertve i tretmana po\u010dinioca.<\/p>\n<p>Zamjenik komandira Policijske stanice Prijedor jedan Sla\u0111an Da\u010di\u0107 opisao je detalje slu\u010daja koji obiluje brutalno\u0161\u0107u i naveo da je dobrom saradnjom policije i tu\u017eila\u0161tva po\u010diniocu najprije sud odredio mjeru pritvora u trajanju do 30 dana.<\/p>\n<p>&#8220;Po\u0161to je u pitanju po\u010dinilac koji je poznat i kao lice u skitnji i kao lice s problemima u mentalnom zdravlju, dobrom saradnjom policije i tu\u017eila\u0161tva do\u0161li smo i do toga da se i, prije nego \u0161to je istekla mjera pritvora, po\u010dinilac uputi i smjesti u Specijalnu bolnicu za psihijatriju na Sokocu&#8221;, rekao je Da\u010di\u0107.<\/p>\n<p>Zamjenik komandira Policijske stanice Prijedor dva Neboj\u0161a Stupar naveo je da je policija u Prijedoru u pro\u0161lom mjesecu imala 16 prijava porodi\u010dnog i rodno zasnovanog nasilja.<\/p>\n<p><a href=\"https:\/\/www.prijedordanas.com\/wp-content\/uploads\/2025\/02\/multisektorski-tim-februar2025-2.jpg\"><img loading=\"lazy\" decoding=\"async\" class=\"alignleft size-medium wp-image-242351\" src=\"https:\/\/www.prijedordanas.com\/wp-content\/uploads\/2025\/02\/multisektorski-tim-februar2025-2-300x225.jpg\" alt=\"\" width=\"300\" height=\"225\" srcset=\"https:\/\/www.prijedordanas.com\/wp-content\/uploads\/2025\/02\/multisektorski-tim-februar2025-2-300x225.jpg 300w, https:\/\/www.prijedordanas.com\/wp-content\/uploads\/2025\/02\/multisektorski-tim-februar2025-2-640x480.jpg 640w, https:\/\/www.prijedordanas.com\/wp-content\/uploads\/2025\/02\/multisektorski-tim-februar2025-2.jpg 667w\" sizes=\"(max-width: 300px) 100vw, 300px\" \/><\/a>On je opisao jedan slu\u010daj specifi\u010dan s aspekta pripadanja korpusu krivi\u010dnih djela nasilja u porodici i porodi\u010dnoj zajednici gdje je po\u010dinilac mu\u0161karac koji ima svoju porodicu, a \u017ertva \u017eena s kojom je u emotivnoj vezi.<\/p>\n<p>&#8220;Ona je trudna i tvrdi da je dijete njegovo. On o\u010dinstvo dovodi u pitanje i poku\u0161ava je prisiliti na abortus prijetnjama, verbalnim i fizi\u010dkim nasiljem. Izre\u010dena mu je hitna mjera zabrane pribli\u017eavanja \u017ertvi i kontakata s njom, koja traje 30 dana, a tu\u017eila\u0161tvu je proslije\u0111en izvje\u0161taj o po\u010dinjenom krivi\u010dnom djelu nasilje u porodici i porodi\u010dnoj zajednici&#8221;, dodao je Stupar.<\/p>\n<p>On je naveo i da je Okru\u017eno javno tu\u017eila\u0161tvo Prijedor u januaru imalo 17 prijava za ovo krivi\u010dno djelo.<\/p>\n<p>Predstavnik Doma zdravlja psihijatar Goran Ra\u010detovi\u0107 podsjetio je predstavnike subjekata za\u0161tite da slu\u010dajeve bilje\u017ee po datumu de\u0161avanja, a ne po datumima naknadnih postupanja, kako bi se imala ta\u010dna evidencija.<\/p>\n<p><a href=\"https:\/\/www.prijedordanas.com\/wp-content\/uploads\/2025\/02\/multisektorski-tim-februar2025-3.jpg\"><img loading=\"lazy\" decoding=\"async\" src=\"https:\/\/www.prijedordanas.com\/wp-content\/uploads\/2025\/02\/multisektorski-tim-februar2025-3-300x225.jpg\" alt=\"\" width=\"300\" height=\"225\" class=\"alignleft size-medium wp-image-242352\" srcset=\"https:\/\/www.prijedordanas.com\/wp-content\/uploads\/2025\/02\/multisektorski-tim-februar2025-3-300x225.jpg 300w, https:\/\/www.prijedordanas.com\/wp-content\/uploads\/2025\/02\/multisektorski-tim-februar2025-3-640x480.jpg 640w, https:\/\/www.prijedordanas.com\/wp-content\/uploads\/2025\/02\/multisektorski-tim-februar2025-3.jpg 667w\" sizes=\"(max-width: 300px) 100vw, 300px\" \/><\/a>On je pozvao i Centar za socijalni rad da u slu\u010dajevima kada su djeca \u0161kolskog uzrasta \u017ertve nasilja o tome obavijesti \u0161kole koje ta djeca poha\u0111aju, a ne da se \u010deka mjese\u010dni sastanak tima.<\/p>\n<p>Predstavnik Gradske uprave Dragica Plav\u0161i\u0107 Stojanovi\u0107 najavila je za idu\u0107u sedmicu sjednicu gradske radne grupe za pra\u0107enje protokola, na kojoj \u0107e se razmotriti godi\u0161nji izvje\u0161taji svih subjekata za\u0161tite, kao i da \u0107e ove sedmice \u010dlanovima grupe biti proslije\u0111eni materijali i predlo\u017eena dva termina radi boljeg odziva.<\/p>\n<p>Multisektorskom sastanku prisustvovali su i predstavnici Centra za socijalni rad, Centra &#8220;Sunce&#8221;, aktiva direktora osnovnih i srednjih \u0161kola, Bolnice &#8220;Dr Mladen Stojanovi\u0107&#8221; i medija, a \u010dini ga jo\u0161 i predstavnica Okru\u017enog javnog tu\u017eila\u0161tva.<\/p>\n<p>Dana\u0161njem sastanku doma\u0107in je bio Centar za za\u0161titu mentalnog zdravlja, a naredni \u0107e biti odr\u017ean u Centru za socijalni rad.<\/p>\n<p>SRNA<\/p>\n","protected":false},"excerpt":{"rendered":"<p>Postupanje policije i tu\u017eila\u0161tva u slu\u010daju te\u0161kog nasilja sina nad majkom u jednom prigradskom naselju kod Prijedora danas je na sastanku Multisektorskog tima za za\u0161titu od porodi\u010dnog i rodno zasnovanog [&hellip;]<\/p>\n","protected":false},"author":1,"featured_media":0,"comment_status":"closed","ping_status":"open","sticky":false,"template":"","format":"standard","meta":{"_monsterinsights_skip_tracking":false,"_monsterinsights_sitenote_active":false,"_monsterinsights_sitenote_note":"","_monsterinsights_sitenote_category":0,"footnotes":""},"categories":[8],"tags":[],"yoast_head":"<!-- This site is optimized with the Yoast SEO plugin v21.6 - https:\/\/yoast.com\/wordpress\/plugins\/seo\/ -->\n<title>Multisektorski tim Prijedor: Nakon te\u0161kog nasilja nad majkom, pritvoren, pa iz pritvora upu\u0107en na Sokolac - PrijedorDanas.com - Prijedorski gradski portal<\/title>\n<meta name=\"robots\" content=\"index, follow, max-snippet:-1, max-image-preview:large, max-video-preview:-1\" \/>\n<link rel=\"canonical\" href=\"https:\/\/www.prijedordanas.com\/?p=242348\" \/>\n<meta property=\"og:locale\" content=\"en_US\" \/>\n<meta property=\"og:type\" content=\"article\" \/>\n<meta property=\"og:title\" content=\"Multisektorski tim Prijedor: Nakon te\u0161kog nasilja nad majkom, pritvoren, pa iz pritvora upu\u0107en na Sokolac - PrijedorDanas.com - Prijedorski gradski portal\" \/>\n<meta property=\"og:description\" content=\"Postupanje policije i tu\u017eila\u0161tva u slu\u010daju te\u0161kog nasilja sina nad majkom u jednom prigradskom naselju kod Prijedora danas je na sastanku Multisektorskog tima za za\u0161titu od porodi\u010dnog i rodno zasnovanog [&hellip;]\" \/>\n<meta property=\"og:url\" content=\"https:\/\/www.prijedordanas.com\/?p=242348\" \/>\n<meta property=\"og:site_name\" content=\"PrijedorDanas.com - Prijedorski gradski portal\" \/>\n<meta property=\"article:publisher\" content=\"https:\/\/www.facebook.com\/PrijedorDanasCom\/\" \/>\n<meta property=\"article:published_time\" content=\"2025-02-24T16:22:44+00:00\" \/>\n<meta property=\"og:image\" content=\"https:\/\/www.prijedordanas.com\/wp-content\/uploads\/2025\/02\/multisektorski-tim-februar2025-1-300x225.jpg\" \/>\n<meta name=\"author\" content=\"admin\" \/>\n<meta name=\"twitter:card\" content=\"summary_large_image\" \/>\n<meta name=\"twitter:label1\" content=\"Written by\" \/>\n\t<meta name=\"twitter:data1\" content=\"admin\" \/>\n\t<meta name=\"twitter:label2\" content=\"Est. reading time\" \/>\n\t<meta name=\"twitter:data2\" content=\"3 minutes\" \/>\n<script type=\"application\/ld+json\" class=\"yoast-schema-graph\">{\"@context\":\"https:\/\/schema.org\",\"@graph\":[{\"@type\":\"Article\",\"@id\":\"https:\/\/www.prijedordanas.com\/?p=242348#article\",\"isPartOf\":{\"@id\":\"https:\/\/www.prijedordanas.com\/?p=242348\"},\"author\":{\"name\":\"admin\",\"@id\":\"https:\/\/www.prijedordanas.com\/#\/schema\/person\/4e08ccf29b506ca916ff86d46bb700e6\"},\"headline\":\"Multisektorski tim Prijedor: Nakon te\u0161kog nasilja nad majkom, pritvoren, pa iz pritvora upu\u0107en na Sokolac\",\"datePublished\":\"2025-02-24T16:22:44+00:00\",\"dateModified\":\"2025-02-24T16:22:44+00:00\",\"mainEntityOfPage\":{\"@id\":\"https:\/\/www.prijedordanas.com\/?p=242348\"},\"wordCount\":522,\"publisher\":{\"@id\":\"https:\/\/www.prijedordanas.com\/#organization\"},\"articleSection\":[\"Svakodnevno\"],\"inLanguage\":\"en-US\"},{\"@type\":\"WebPage\",\"@id\":\"https:\/\/www.prijedordanas.com\/?p=242348\",\"url\":\"https:\/\/www.prijedordanas.com\/?p=242348\",\"name\":\"Multisektorski tim Prijedor: Nakon te\u0161kog nasilja nad majkom, pritvoren, pa iz pritvora upu\u0107en na Sokolac - PrijedorDanas.com - Prijedorski gradski portal\",\"isPartOf\":{\"@id\":\"https:\/\/www.prijedordanas.com\/#website\"},\"datePublished\":\"2025-02-24T16:22:44+00:00\",\"dateModified\":\"2025-02-24T16:22:44+00:00\",\"breadcrumb\":{\"@id\":\"https:\/\/www.prijedordanas.com\/?p=242348#breadcrumb\"},\"inLanguage\":\"en-US\",\"potentialAction\":[{\"@type\":\"ReadAction\",\"target\":[\"https:\/\/www.prijedordanas.com\/?p=242348\"]}]},{\"@type\":\"BreadcrumbList\",\"@id\":\"https:\/\/www.prijedordanas.com\/?p=242348#breadcrumb\",\"itemListElement\":[{\"@type\":\"ListItem\",\"position\":1,\"name\":\"Home\",\"item\":\"https:\/\/www.prijedordanas.com\/\"},{\"@type\":\"ListItem\",\"position\":2,\"name\":\"Multisektorski tim Prijedor: Nakon te\u0161kog nasilja nad majkom, pritvoren, pa iz pritvora upu\u0107en na Sokolac\"}]},{\"@type\":\"WebSite\",\"@id\":\"https:\/\/www.prijedordanas.com\/#website\",\"url\":\"https:\/\/www.prijedordanas.com\/\",\"name\":\"PrijedorDanas.com - Prijedorski gradski portal\",\"description\":\"Portal o doga\u0111anjima u gradu Prijedoru\",\"publisher\":{\"@id\":\"https:\/\/www.prijedordanas.com\/#organization\"},\"potentialAction\":[{\"@type\":\"SearchAction\",\"target\":{\"@type\":\"EntryPoint\",\"urlTemplate\":\"https:\/\/www.prijedordanas.com\/?s={search_term_string}\"},\"query-input\":\"required name=search_term_string\"}],\"inLanguage\":\"en-US\"},{\"@type\":\"Organization\",\"@id\":\"https:\/\/www.prijedordanas.com\/#organization\",\"name\":\"PrijedorDanas.com\",\"url\":\"https:\/\/www.prijedordanas.com\/\",\"logo\":{\"@type\":\"ImageObject\",\"inLanguage\":\"en-US\",\"@id\":\"https:\/\/www.prijedordanas.com\/#\/schema\/logo\/image\/\",\"url\":\"http:\/\/www.prijedordanas.com\/wp-content\/uploads\/2021\/12\/logopng.png\",\"contentUrl\":\"http:\/\/www.prijedordanas.com\/wp-content\/uploads\/2021\/12\/logopng.png\",\"width\":1019,\"height\":776,\"caption\":\"PrijedorDanas.com\"},\"image\":{\"@id\":\"https:\/\/www.prijedordanas.com\/#\/schema\/logo\/image\/\"},\"sameAs\":[\"https:\/\/www.facebook.com\/PrijedorDanasCom\/\"]},{\"@type\":\"Person\",\"@id\":\"https:\/\/www.prijedordanas.com\/#\/schema\/person\/4e08ccf29b506ca916ff86d46bb700e6\",\"name\":\"admin\",\"image\":{\"@type\":\"ImageObject\",\"inLanguage\":\"en-US\",\"@id\":\"https:\/\/www.prijedordanas.com\/#\/schema\/person\/image\/\",\"url\":\"https:\/\/secure.gravatar.com\/avatar\/1d3fc949d550f0b53a5f0d51e06dfd79?s=96&d=mm&r=g\",\"contentUrl\":\"https:\/\/secure.gravatar.com\/avatar\/1d3fc949d550f0b53a5f0d51e06dfd79?s=96&d=mm&r=g\",\"caption\":\"admin\"},\"url\":\"https:\/\/www.prijedordanas.com\/?author=1\"}]}<\/script>\n<!-- \/ Yoast SEO plugin. -->","yoast_head_json":{"title":"Multisektorski tim Prijedor: Nakon te\u0161kog nasilja nad majkom, pritvoren, pa iz pritvora upu\u0107en na Sokolac - PrijedorDanas.com - Prijedorski gradski portal","robots":{"index":"index","follow":"follow","max-snippet":"max-snippet:-1","max-image-preview":"max-image-preview:large","max-video-preview":"max-video-preview:-1"},"canonical":"https:\/\/www.prijedordanas.com\/?p=242348","og_locale":"en_US","og_type":"article","og_title":"Multisektorski tim Prijedor: Nakon te\u0161kog nasilja nad majkom, pritvoren, pa iz pritvora upu\u0107en na Sokolac - PrijedorDanas.com - Prijedorski gradski portal","og_description":"Postupanje policije i tu\u017eila\u0161tva u slu\u010daju te\u0161kog nasilja sina nad majkom u jednom prigradskom naselju kod Prijedora danas je na sastanku Multisektorskog tima za za\u0161titu od porodi\u010dnog i rodno zasnovanog [&hellip;]","og_url":"https:\/\/www.prijedordanas.com\/?p=242348","og_site_name":"PrijedorDanas.com - Prijedorski gradski portal","article_publisher":"https:\/\/www.facebook.com\/PrijedorDanasCom\/","article_published_time":"2025-02-24T16:22:44+00:00","og_image":[{"url":"https:\/\/www.prijedordanas.com\/wp-content\/uploads\/2025\/02\/multisektorski-tim-februar2025-1-300x225.jpg"}],"author":"admin","twitter_card":"summary_large_image","twitter_misc":{"Written by":"admin","Est. reading time":"3 minutes"},"schema":{"@context":"https:\/\/schema.org","@graph":[{"@type":"Article","@id":"https:\/\/www.prijedordanas.com\/?p=242348#article","isPartOf":{"@id":"https:\/\/www.prijedordanas.com\/?p=242348"},"author":{"name":"admin","@id":"https:\/\/www.prijedordanas.com\/#\/schema\/person\/4e08ccf29b506ca916ff86d46bb700e6"},"headline":"Multisektorski tim Prijedor: Nakon te\u0161kog nasilja nad majkom, pritvoren, pa iz pritvora upu\u0107en na Sokolac","datePublished":"2025-02-24T16:22:44+00:00","dateModified":"2025-02-24T16:22:44+00:00","mainEntityOfPage":{"@id":"https:\/\/www.prijedordanas.com\/?p=242348"},"wordCount":522,"publisher":{"@id":"https:\/\/www.prijedordanas.com\/#organization"},"articleSection":["Svakodnevno"],"inLanguage":"en-US"},{"@type":"WebPage","@id":"https:\/\/www.prijedordanas.com\/?p=242348","url":"https:\/\/www.prijedordanas.com\/?p=242348","name":"Multisektorski tim Prijedor: Nakon te\u0161kog nasilja nad majkom, pritvoren, pa iz pritvora upu\u0107en na Sokolac - PrijedorDanas.com - Prijedorski gradski portal","isPartOf":{"@id":"https:\/\/www.prijedordanas.com\/#website"},"datePublished":"2025-02-24T16:22:44+00:00","dateModified":"2025-02-24T16:22:44+00:00","breadcrumb":{"@id":"https:\/\/www.prijedordanas.com\/?p=242348#breadcrumb"},"inLanguage":"en-US","potentialAction":[{"@type":"ReadAction","target":["https:\/\/www.prijedordanas.com\/?p=242348"]}]},{"@type":"BreadcrumbList","@id":"https:\/\/www.prijedordanas.com\/?p=242348#breadcrumb","itemListElement":[{"@type":"ListItem","position":1,"name":"Home","item":"https:\/\/www.prijedordanas.com\/"},{"@type":"ListItem","position":2,"name":"Multisektorski tim Prijedor: Nakon te\u0161kog nasilja nad majkom, pritvoren, pa iz pritvora upu\u0107en na Sokolac"}]},{"@type":"WebSite","@id":"https:\/\/www.prijedordanas.com\/#website","url":"https:\/\/www.prijedordanas.com\/","name":"PrijedorDanas.com - Prijedorski gradski portal","description":"Portal o doga\u0111anjima u gradu Prijedoru","publisher":{"@id":"https:\/\/www.prijedordanas.com\/#organization"},"potentialAction":[{"@type":"SearchAction","target":{"@type":"EntryPoint","urlTemplate":"https:\/\/www.prijedordanas.com\/?s={search_term_string}"},"query-input":"required name=search_term_string"}],"inLanguage":"en-US"},{"@type":"Organization","@id":"https:\/\/www.prijedordanas.com\/#organization","name":"PrijedorDanas.com","url":"https:\/\/www.prijedordanas.com\/","logo":{"@type":"ImageObject","inLanguage":"en-US","@id":"https:\/\/www.prijedordanas.com\/#\/schema\/logo\/image\/","url":"http:\/\/www.prijedordanas.com\/wp-content\/uploads\/2021\/12\/logopng.png","contentUrl":"http:\/\/www.prijedordanas.com\/wp-content\/uploads\/2021\/12\/logopng.png","width":1019,"height":776,"caption":"PrijedorDanas.com"},"image":{"@id":"https:\/\/www.prijedordanas.com\/#\/schema\/logo\/image\/"},"sameAs":["https:\/\/www.facebook.com\/PrijedorDanasCom\/"]},{"@type":"Person","@id":"https:\/\/www.prijedordanas.com\/#\/schema\/person\/4e08ccf29b506ca916ff86d46bb700e6","name":"admin","image":{"@type":"ImageObject","inLanguage":"en-US","@id":"https:\/\/www.prijedordanas.com\/#\/schema\/person\/image\/","url":"https:\/\/secure.gravatar.com\/avatar\/1d3fc949d550f0b53a5f0d51e06dfd79?s=96&d=mm&r=g","contentUrl":"https:\/\/secure.gravatar.com\/avatar\/1d3fc949d550f0b53a5f0d51e06dfd79?s=96&d=mm&r=g","caption":"admin"},"url":"https:\/\/www.prijedordanas.com\/?author=1"}]}},"_links":{"self":[{"href":"https:\/\/www.prijedordanas.com\/index.php?rest_route=\/wp\/v2\/posts\/242348"}],"collection":[{"href":"https:\/\/www.prijedordanas.com\/index.php?rest_route=\/wp\/v2\/posts"}],"about":[{"href":"https:\/\/www.prijedordanas.com\/index.php?rest_route=\/wp\/v2\/types\/post"}],"author":[{"embeddable":true,"href":"https:\/\/www.prijedordanas.com\/index.php?rest_route=\/wp\/v2\/users\/1"}],"replies":[{"embeddable":true,"href":"https:\/\/www.prijedordanas.com\/index.php?rest_route=%2Fwp%2Fv2%2Fcomments&post=242348"}],"version-history":[{"count":2,"href":"https:\/\/www.prijedordanas.com\/index.php?rest_route=\/wp\/v2\/posts\/242348\/revisions"}],"predecessor-version":[{"id":242353,"href":"https:\/\/www.prijedordanas.com\/index.php?rest_route=\/wp\/v2\/posts\/242348\/revisions\/242353"}],"wp:attachment":[{"href":"https:\/\/www.prijedordanas.com\/index.php?rest_route=%2Fwp%2Fv2%2Fmedia&parent=242348"}],"wp:term":[{"taxonomy":"category","embeddable":true,"href":"https:\/\/www.prijedordanas.com\/index.php?rest_route=%2Fwp%2Fv2%2Fcategories&post=242348"},{"taxonomy":"post_tag","embeddable":true,"href":"https:\/\/www.prijedordanas.com\/index.php?rest_route=%2Fwp%2Fv2%2Ftags&post=242348"}],"curies":[{"name":"wp","href":"https:\/\/api.w.org\/{rel}","templated":true}]}}