{"id":242294,"date":"2025-02-23T18:29:28","date_gmt":"2025-02-23T17:29:28","guid":{"rendered":"https:\/\/www.prijedordanas.com\/?p=242294"},"modified":"2025-02-23T18:29:28","modified_gmt":"2025-02-23T17:29:28","slug":"isplivali-novi-detalji-vatrene-stihije-dragici-je-prije-godinu-dana-u-pozaru-nastradao-sin-a-sad-i-muz-foto-video","status":"publish","type":"post","link":"https:\/\/www.prijedordanas.com\/?p=242294","title":{"rendered":"Isplivali novi detalji vatrene stihije: Dragici je prije godinu dana u po\u017earu nastradao sin, a sad i mu\u017e &#8211; FOTO\/VIDEO"},"content":{"rendered":"<p><a href=\"https:\/\/www.prijedordanas.com\/wp-content\/uploads\/2025\/02\/srpskainfo-pozar-parnice.jpg\"><img loading=\"lazy\" decoding=\"async\" class=\"alignleft size-medium wp-image-242295\" src=\"https:\/\/www.prijedordanas.com\/wp-content\/uploads\/2025\/02\/srpskainfo-pozar-parnice-300x225.jpg\" alt=\"\" width=\"300\" height=\"225\" srcset=\"https:\/\/www.prijedordanas.com\/wp-content\/uploads\/2025\/02\/srpskainfo-pozar-parnice-300x225.jpg 300w, https:\/\/www.prijedordanas.com\/wp-content\/uploads\/2025\/02\/srpskainfo-pozar-parnice-640x480.jpg 640w, https:\/\/www.prijedordanas.com\/wp-content\/uploads\/2025\/02\/srpskainfo-pozar-parnice.jpg 667w\" sizes=\"(max-width: 300px) 100vw, 300px\" \/><\/a>U po\u017earu koji je no\u0107as izbio u porodi\u010dnoj ku\u0107i u naselju Parnice u Kozarskoj Dubici nastradali su vlasnik, njegova nevjen\u010dana supruga i kom\u0161ija kojem je na isti na\u010din prije godinu dana nastradao sin.<\/p>\n<p><strong><a href=\"https:\/\/www.prijedordanas.com\/?p=242250\" target=\"_blank\" rel=\"noopener\">Po\u017ear odnio tri \u017eivota: Uvi\u0111ajem na mjestu tragedije utvr\u0111eno da nema elemenata krivi\u010dnog djela \u2013 FOTO\/VIDEO<\/a><\/strong><\/p>\n<p>Supruga nastradalog Milo\u0161a Radulovi\u0107a ispri\u010dala je za Srpskainfo da joj je za po\u017ear javio kom\u0161ija.<\/p>\n<p>\u2013 Ku\u0107a se zapalila oko pola 10. Kom\u0161ija me zvao i pitao \u201cJel do\u0161ao Milo\u0161?\u201d, rekla sam da je oti\u0161ao kod Slobodana popodne i da se jo\u0161 nije vratio. Mislim da su bili pijani \u2013 ispri\u010dala je za Dragica Radulovi\u0107, supruga nastradalog kom\u0161ije.<\/p>\n<p><strong><a href=\"https:\/\/www.prijedordanas.com\/?p=242230\" target=\"_blank\" rel=\"noopener\">Prve fotografije sa mjesta tragedije: U po\u017earu nastradao bra\u010dni par i njihov kom\u0161ija \u2013 FOTO\/VIDEO<\/a><\/strong><\/p>\n<p>Podsje\u0107amo, po\u017ear je vatrogascima sino\u0107 prijavljen oko 22.30.<\/p>\n<p><strong><a href=\"https:\/\/www.prijedordanas.com\/?p=242221\" target=\"_blank\" rel=\"noopener\">Okru\u017eno javno tu\u017eila\u0161tvo Prijedor: U porodi\u010dnoj ku\u0107i izbio po\u017ear, prona\u0111ena tri ugljenisana tijela<\/a><\/strong><\/p>\n<p>Nare\u0111ena je obdukcija tijela, a uvi\u0111ajem je utvr\u0111eno da nema elemenata krivi\u010dnog djela.<\/p>\n<p><a href=\"https:\/\/srpskainfo.com\/video-foto-isplivali-novi-detalji-vatrene-stihije-u-kozarskoj-dubici-dragici-je-prije-godinu-dana-u-pozaru-nastradao-sin-a-sad-i-muz\/\" target=\"_blank\" rel=\"noopener\">srpskainfo.com<\/a><\/p>\n<p><a href=\"https:\/\/www.prijedordanas.com\/wp-content\/uploads\/2025\/02\/srpskainfo-pozar-parnice-4.jpg\"><img loading=\"lazy\" decoding=\"async\" src=\"https:\/\/www.prijedordanas.com\/wp-content\/uploads\/2025\/02\/srpskainfo-pozar-parnice-4-300x200.jpg\" alt=\"\" width=\"300\" height=\"200\" class=\"alignleft size-medium wp-image-242236\" srcset=\"https:\/\/www.prijedordanas.com\/wp-content\/uploads\/2025\/02\/srpskainfo-pozar-parnice-4-300x200.jpg 300w, https:\/\/www.prijedordanas.com\/wp-content\/uploads\/2025\/02\/srpskainfo-pozar-parnice-4-480x320.jpg 480w, https:\/\/www.prijedordanas.com\/wp-content\/uploads\/2025\/02\/srpskainfo-pozar-parnice-4.jpg 600w\" sizes=\"(max-width: 300px) 100vw, 300px\" \/><\/a> <a href=\"https:\/\/www.prijedordanas.com\/wp-content\/uploads\/2025\/02\/srpskainfo-pozar-parnice-6.jpg\"><img loading=\"lazy\" decoding=\"async\" src=\"https:\/\/www.prijedordanas.com\/wp-content\/uploads\/2025\/02\/srpskainfo-pozar-parnice-6-300x200.jpg\" alt=\"\" width=\"300\" height=\"200\" class=\"alignleft size-medium wp-image-242238\" srcset=\"https:\/\/www.prijedordanas.com\/wp-content\/uploads\/2025\/02\/srpskainfo-pozar-parnice-6-300x200.jpg 300w, https:\/\/www.prijedordanas.com\/wp-content\/uploads\/2025\/02\/srpskainfo-pozar-parnice-6-480x320.jpg 480w, https:\/\/www.prijedordanas.com\/wp-content\/uploads\/2025\/02\/srpskainfo-pozar-parnice-6.jpg 600w\" sizes=\"(max-width: 300px) 100vw, 300px\" \/><\/a> <a href=\"https:\/\/www.prijedordanas.com\/wp-content\/uploads\/2025\/02\/srpskainfo-pozar-parnice-1.jpg\"><img loading=\"lazy\" decoding=\"async\" src=\"https:\/\/www.prijedordanas.com\/wp-content\/uploads\/2025\/02\/srpskainfo-pozar-parnice-1-300x225.jpg\" alt=\"\" width=\"300\" height=\"225\" class=\"alignleft size-medium wp-image-242231\" srcset=\"https:\/\/www.prijedordanas.com\/wp-content\/uploads\/2025\/02\/srpskainfo-pozar-parnice-1-300x225.jpg 300w, https:\/\/www.prijedordanas.com\/wp-content\/uploads\/2025\/02\/srpskainfo-pozar-parnice-1-640x480.jpg 640w, https:\/\/www.prijedordanas.com\/wp-content\/uploads\/2025\/02\/srpskainfo-pozar-parnice-1.jpg 667w\" sizes=\"(max-width: 300px) 100vw, 300px\" \/><\/a> <a href=\"https:\/\/www.prijedordanas.com\/wp-content\/uploads\/2025\/02\/srpskainfo-pozar-parnice-8.jpg\"><img loading=\"lazy\" decoding=\"async\" src=\"https:\/\/www.prijedordanas.com\/wp-content\/uploads\/2025\/02\/srpskainfo-pozar-parnice-8-300x225.jpg\" alt=\"\" width=\"300\" height=\"225\" class=\"alignleft size-medium wp-image-242232\" srcset=\"https:\/\/www.prijedordanas.com\/wp-content\/uploads\/2025\/02\/srpskainfo-pozar-parnice-8-300x225.jpg 300w, https:\/\/www.prijedordanas.com\/wp-content\/uploads\/2025\/02\/srpskainfo-pozar-parnice-8-640x480.jpg 640w, https:\/\/www.prijedordanas.com\/wp-content\/uploads\/2025\/02\/srpskainfo-pozar-parnice-8.jpg 667w\" sizes=\"(max-width: 300px) 100vw, 300px\" \/><\/a><\/p>\n<p><iframe loading=\"lazy\" title=\"Srpskainfo na mjestu po\u017eara u kojem su tragi\u010dno stradale 3 osobe u Kozarskoj Dubici\" width=\"500\" height=\"281\" src=\"https:\/\/www.youtube.com\/embed\/rXaNdbDojUQ?feature=oembed\" frameborder=\"0\" allow=\"accelerometer; autoplay; clipboard-write; encrypted-media; gyroscope; picture-in-picture; web-share\" referrerpolicy=\"strict-origin-when-cross-origin\" allowfullscreen><\/iframe><\/p>\n<p><iframe loading=\"lazy\" title=\"U po\u017earu u Kozarskoj Dubici stradale 3 osobe\" width=\"500\" height=\"281\" src=\"https:\/\/www.youtube.com\/embed\/jiUwq9hN1wo?feature=oembed\" frameborder=\"0\" allow=\"accelerometer; autoplay; clipboard-write; encrypted-media; gyroscope; picture-in-picture; web-share\" referrerpolicy=\"strict-origin-when-cross-origin\" allowfullscreen><\/iframe><\/p>\n","protected":false},"excerpt":{"rendered":"<p>U po\u017earu koji je no\u0107as izbio u porodi\u010dnoj ku\u0107i u naselju Parnice u Kozarskoj Dubici nastradali su vlasnik, njegova nevjen\u010dana supruga i kom\u0161ija kojem je na isti na\u010din prije godinu [&hellip;]<\/p>\n","protected":false},"author":1,"featured_media":0,"comment_status":"closed","ping_status":"open","sticky":false,"template":"","format":"standard","meta":{"_monsterinsights_skip_tracking":false,"_monsterinsights_sitenote_active":false,"_monsterinsights_sitenote_note":"","_monsterinsights_sitenote_category":0,"footnotes":""},"categories":[5],"tags":[],"yoast_head":"<!-- This site is optimized with the Yoast SEO plugin v21.6 - https:\/\/yoast.com\/wordpress\/plugins\/seo\/ -->\n<title>Isplivali novi detalji vatrene stihije: Dragici je prije godinu dana u po\u017earu nastradao sin, a sad i mu\u017e - FOTO\/VIDEO - PrijedorDanas.com - Prijedorski gradski portal<\/title>\n<meta name=\"robots\" content=\"index, follow, max-snippet:-1, max-image-preview:large, max-video-preview:-1\" \/>\n<link rel=\"canonical\" href=\"https:\/\/www.prijedordanas.com\/?p=242294\" \/>\n<meta property=\"og:locale\" content=\"en_US\" \/>\n<meta property=\"og:type\" content=\"article\" \/>\n<meta property=\"og:title\" content=\"Isplivali novi detalji vatrene stihije: Dragici je prije godinu dana u po\u017earu nastradao sin, a sad i mu\u017e - FOTO\/VIDEO - PrijedorDanas.com - Prijedorski gradski portal\" \/>\n<meta property=\"og:description\" content=\"U po\u017earu koji je no\u0107as izbio u porodi\u010dnoj ku\u0107i u naselju Parnice u Kozarskoj Dubici nastradali su vlasnik, njegova nevjen\u010dana supruga i kom\u0161ija kojem je na isti na\u010din prije godinu [&hellip;]\" \/>\n<meta property=\"og:url\" content=\"https:\/\/www.prijedordanas.com\/?p=242294\" \/>\n<meta property=\"og:site_name\" content=\"PrijedorDanas.com - Prijedorski gradski portal\" \/>\n<meta property=\"article:publisher\" content=\"https:\/\/www.facebook.com\/PrijedorDanasCom\/\" \/>\n<meta property=\"article:published_time\" content=\"2025-02-23T17:29:28+00:00\" \/>\n<meta property=\"og:image\" content=\"https:\/\/www.prijedordanas.com\/wp-content\/uploads\/2025\/02\/srpskainfo-pozar-parnice-300x225.jpg\" \/>\n<meta name=\"author\" content=\"admin\" \/>\n<meta name=\"twitter:card\" content=\"summary_large_image\" \/>\n<meta name=\"twitter:label1\" content=\"Written by\" \/>\n\t<meta name=\"twitter:data1\" content=\"admin\" \/>\n\t<meta name=\"twitter:label2\" content=\"Est. reading time\" \/>\n\t<meta name=\"twitter:data2\" content=\"1 minute\" \/>\n<script type=\"application\/ld+json\" class=\"yoast-schema-graph\">{\"@context\":\"https:\/\/schema.org\",\"@graph\":[{\"@type\":\"Article\",\"@id\":\"https:\/\/www.prijedordanas.com\/?p=242294#article\",\"isPartOf\":{\"@id\":\"https:\/\/www.prijedordanas.com\/?p=242294\"},\"author\":{\"name\":\"admin\",\"@id\":\"https:\/\/www.prijedordanas.com\/#\/schema\/person\/4e08ccf29b506ca916ff86d46bb700e6\"},\"headline\":\"Isplivali novi detalji vatrene stihije: Dragici je prije godinu dana u po\u017earu nastradao sin, a sad i mu\u017e &#8211; FOTO\/VIDEO\",\"datePublished\":\"2025-02-23T17:29:28+00:00\",\"dateModified\":\"2025-02-23T17:29:28+00:00\",\"mainEntityOfPage\":{\"@id\":\"https:\/\/www.prijedordanas.com\/?p=242294\"},\"wordCount\":233,\"publisher\":{\"@id\":\"https:\/\/www.prijedordanas.com\/#organization\"},\"articleSection\":[\"Hronika\"],\"inLanguage\":\"en-US\"},{\"@type\":\"WebPage\",\"@id\":\"https:\/\/www.prijedordanas.com\/?p=242294\",\"url\":\"https:\/\/www.prijedordanas.com\/?p=242294\",\"name\":\"Isplivali novi detalji vatrene stihije: Dragici je prije godinu dana u po\u017earu nastradao sin, a sad i mu\u017e - FOTO\/VIDEO - PrijedorDanas.com - Prijedorski gradski portal\",\"isPartOf\":{\"@id\":\"https:\/\/www.prijedordanas.com\/#website\"},\"datePublished\":\"2025-02-23T17:29:28+00:00\",\"dateModified\":\"2025-02-23T17:29:28+00:00\",\"breadcrumb\":{\"@id\":\"https:\/\/www.prijedordanas.com\/?p=242294#breadcrumb\"},\"inLanguage\":\"en-US\",\"potentialAction\":[{\"@type\":\"ReadAction\",\"target\":[\"https:\/\/www.prijedordanas.com\/?p=242294\"]}]},{\"@type\":\"BreadcrumbList\",\"@id\":\"https:\/\/www.prijedordanas.com\/?p=242294#breadcrumb\",\"itemListElement\":[{\"@type\":\"ListItem\",\"position\":1,\"name\":\"Home\",\"item\":\"https:\/\/www.prijedordanas.com\/\"},{\"@type\":\"ListItem\",\"position\":2,\"name\":\"Isplivali novi detalji vatrene stihije: Dragici je prije godinu dana u po\u017earu nastradao sin, a sad i mu\u017e &#8211; FOTO\/VIDEO\"}]},{\"@type\":\"WebSite\",\"@id\":\"https:\/\/www.prijedordanas.com\/#website\",\"url\":\"https:\/\/www.prijedordanas.com\/\",\"name\":\"PrijedorDanas.com - Prijedorski gradski portal\",\"description\":\"Portal o doga\u0111anjima u gradu Prijedoru\",\"publisher\":{\"@id\":\"https:\/\/www.prijedordanas.com\/#organization\"},\"potentialAction\":[{\"@type\":\"SearchAction\",\"target\":{\"@type\":\"EntryPoint\",\"urlTemplate\":\"https:\/\/www.prijedordanas.com\/?s={search_term_string}\"},\"query-input\":\"required name=search_term_string\"}],\"inLanguage\":\"en-US\"},{\"@type\":\"Organization\",\"@id\":\"https:\/\/www.prijedordanas.com\/#organization\",\"name\":\"PrijedorDanas.com\",\"url\":\"https:\/\/www.prijedordanas.com\/\",\"logo\":{\"@type\":\"ImageObject\",\"inLanguage\":\"en-US\",\"@id\":\"https:\/\/www.prijedordanas.com\/#\/schema\/logo\/image\/\",\"url\":\"http:\/\/www.prijedordanas.com\/wp-content\/uploads\/2021\/12\/logopng.png\",\"contentUrl\":\"http:\/\/www.prijedordanas.com\/wp-content\/uploads\/2021\/12\/logopng.png\",\"width\":1019,\"height\":776,\"caption\":\"PrijedorDanas.com\"},\"image\":{\"@id\":\"https:\/\/www.prijedordanas.com\/#\/schema\/logo\/image\/\"},\"sameAs\":[\"https:\/\/www.facebook.com\/PrijedorDanasCom\/\"]},{\"@type\":\"Person\",\"@id\":\"https:\/\/www.prijedordanas.com\/#\/schema\/person\/4e08ccf29b506ca916ff86d46bb700e6\",\"name\":\"admin\",\"image\":{\"@type\":\"ImageObject\",\"inLanguage\":\"en-US\",\"@id\":\"https:\/\/www.prijedordanas.com\/#\/schema\/person\/image\/\",\"url\":\"https:\/\/secure.gravatar.com\/avatar\/1d3fc949d550f0b53a5f0d51e06dfd79?s=96&d=mm&r=g\",\"contentUrl\":\"https:\/\/secure.gravatar.com\/avatar\/1d3fc949d550f0b53a5f0d51e06dfd79?s=96&d=mm&r=g\",\"caption\":\"admin\"},\"url\":\"https:\/\/www.prijedordanas.com\/?author=1\"}]}<\/script>\n<!-- \/ Yoast SEO plugin. -->","yoast_head_json":{"title":"Isplivali novi detalji vatrene stihije: Dragici je prije godinu dana u po\u017earu nastradao sin, a sad i mu\u017e - FOTO\/VIDEO - PrijedorDanas.com - Prijedorski gradski portal","robots":{"index":"index","follow":"follow","max-snippet":"max-snippet:-1","max-image-preview":"max-image-preview:large","max-video-preview":"max-video-preview:-1"},"canonical":"https:\/\/www.prijedordanas.com\/?p=242294","og_locale":"en_US","og_type":"article","og_title":"Isplivali novi detalji vatrene stihije: Dragici je prije godinu dana u po\u017earu nastradao sin, a sad i mu\u017e - FOTO\/VIDEO - PrijedorDanas.com - Prijedorski gradski portal","og_description":"U po\u017earu koji je no\u0107as izbio u porodi\u010dnoj ku\u0107i u naselju Parnice u Kozarskoj Dubici nastradali su vlasnik, njegova nevjen\u010dana supruga i kom\u0161ija kojem je na isti na\u010din prije godinu [&hellip;]","og_url":"https:\/\/www.prijedordanas.com\/?p=242294","og_site_name":"PrijedorDanas.com - Prijedorski gradski portal","article_publisher":"https:\/\/www.facebook.com\/PrijedorDanasCom\/","article_published_time":"2025-02-23T17:29:28+00:00","og_image":[{"url":"https:\/\/www.prijedordanas.com\/wp-content\/uploads\/2025\/02\/srpskainfo-pozar-parnice-300x225.jpg"}],"author":"admin","twitter_card":"summary_large_image","twitter_misc":{"Written by":"admin","Est. reading time":"1 minute"},"schema":{"@context":"https:\/\/schema.org","@graph":[{"@type":"Article","@id":"https:\/\/www.prijedordanas.com\/?p=242294#article","isPartOf":{"@id":"https:\/\/www.prijedordanas.com\/?p=242294"},"author":{"name":"admin","@id":"https:\/\/www.prijedordanas.com\/#\/schema\/person\/4e08ccf29b506ca916ff86d46bb700e6"},"headline":"Isplivali novi detalji vatrene stihije: Dragici je prije godinu dana u po\u017earu nastradao sin, a sad i mu\u017e &#8211; FOTO\/VIDEO","datePublished":"2025-02-23T17:29:28+00:00","dateModified":"2025-02-23T17:29:28+00:00","mainEntityOfPage":{"@id":"https:\/\/www.prijedordanas.com\/?p=242294"},"wordCount":233,"publisher":{"@id":"https:\/\/www.prijedordanas.com\/#organization"},"articleSection":["Hronika"],"inLanguage":"en-US"},{"@type":"WebPage","@id":"https:\/\/www.prijedordanas.com\/?p=242294","url":"https:\/\/www.prijedordanas.com\/?p=242294","name":"Isplivali novi detalji vatrene stihije: Dragici je prije godinu dana u po\u017earu nastradao sin, a sad i mu\u017e - FOTO\/VIDEO - PrijedorDanas.com - Prijedorski gradski portal","isPartOf":{"@id":"https:\/\/www.prijedordanas.com\/#website"},"datePublished":"2025-02-23T17:29:28+00:00","dateModified":"2025-02-23T17:29:28+00:00","breadcrumb":{"@id":"https:\/\/www.prijedordanas.com\/?p=242294#breadcrumb"},"inLanguage":"en-US","potentialAction":[{"@type":"ReadAction","target":["https:\/\/www.prijedordanas.com\/?p=242294"]}]},{"@type":"BreadcrumbList","@id":"https:\/\/www.prijedordanas.com\/?p=242294#breadcrumb","itemListElement":[{"@type":"ListItem","position":1,"name":"Home","item":"https:\/\/www.prijedordanas.com\/"},{"@type":"ListItem","position":2,"name":"Isplivali novi detalji vatrene stihije: Dragici je prije godinu dana u po\u017earu nastradao sin, a sad i mu\u017e &#8211; FOTO\/VIDEO"}]},{"@type":"WebSite","@id":"https:\/\/www.prijedordanas.com\/#website","url":"https:\/\/www.prijedordanas.com\/","name":"PrijedorDanas.com - Prijedorski gradski portal","description":"Portal o doga\u0111anjima u gradu Prijedoru","publisher":{"@id":"https:\/\/www.prijedordanas.com\/#organization"},"potentialAction":[{"@type":"SearchAction","target":{"@type":"EntryPoint","urlTemplate":"https:\/\/www.prijedordanas.com\/?s={search_term_string}"},"query-input":"required name=search_term_string"}],"inLanguage":"en-US"},{"@type":"Organization","@id":"https:\/\/www.prijedordanas.com\/#organization","name":"PrijedorDanas.com","url":"https:\/\/www.prijedordanas.com\/","logo":{"@type":"ImageObject","inLanguage":"en-US","@id":"https:\/\/www.prijedordanas.com\/#\/schema\/logo\/image\/","url":"http:\/\/www.prijedordanas.com\/wp-content\/uploads\/2021\/12\/logopng.png","contentUrl":"http:\/\/www.prijedordanas.com\/wp-content\/uploads\/2021\/12\/logopng.png","width":1019,"height":776,"caption":"PrijedorDanas.com"},"image":{"@id":"https:\/\/www.prijedordanas.com\/#\/schema\/logo\/image\/"},"sameAs":["https:\/\/www.facebook.com\/PrijedorDanasCom\/"]},{"@type":"Person","@id":"https:\/\/www.prijedordanas.com\/#\/schema\/person\/4e08ccf29b506ca916ff86d46bb700e6","name":"admin","image":{"@type":"ImageObject","inLanguage":"en-US","@id":"https:\/\/www.prijedordanas.com\/#\/schema\/person\/image\/","url":"https:\/\/secure.gravatar.com\/avatar\/1d3fc949d550f0b53a5f0d51e06dfd79?s=96&d=mm&r=g","contentUrl":"https:\/\/secure.gravatar.com\/avatar\/1d3fc949d550f0b53a5f0d51e06dfd79?s=96&d=mm&r=g","caption":"admin"},"url":"https:\/\/www.prijedordanas.com\/?author=1"}]}},"_links":{"self":[{"href":"https:\/\/www.prijedordanas.com\/index.php?rest_route=\/wp\/v2\/posts\/242294"}],"collection":[{"href":"https:\/\/www.prijedordanas.com\/index.php?rest_route=\/wp\/v2\/posts"}],"about":[{"href":"https:\/\/www.prijedordanas.com\/index.php?rest_route=\/wp\/v2\/types\/post"}],"author":[{"embeddable":true,"href":"https:\/\/www.prijedordanas.com\/index.php?rest_route=\/wp\/v2\/users\/1"}],"replies":[{"embeddable":true,"href":"https:\/\/www.prijedordanas.com\/index.php?rest_route=%2Fwp%2Fv2%2Fcomments&post=242294"}],"version-history":[{"count":1,"href":"https:\/\/www.prijedordanas.com\/index.php?rest_route=\/wp\/v2\/posts\/242294\/revisions"}],"predecessor-version":[{"id":242296,"href":"https:\/\/www.prijedordanas.com\/index.php?rest_route=\/wp\/v2\/posts\/242294\/revisions\/242296"}],"wp:attachment":[{"href":"https:\/\/www.prijedordanas.com\/index.php?rest_route=%2Fwp%2Fv2%2Fmedia&parent=242294"}],"wp:term":[{"taxonomy":"category","embeddable":true,"href":"https:\/\/www.prijedordanas.com\/index.php?rest_route=%2Fwp%2Fv2%2Fcategories&post=242294"},{"taxonomy":"post_tag","embeddable":true,"href":"https:\/\/www.prijedordanas.com\/index.php?rest_route=%2Fwp%2Fv2%2Ftags&post=242294"}],"curies":[{"name":"wp","href":"https:\/\/api.w.org\/{rel}","templated":true}]}}