{"id":242288,"date":"2025-02-23T18:03:36","date_gmt":"2025-02-23T17:03:36","guid":{"rendered":"https:\/\/www.prijedordanas.com\/?p=242288"},"modified":"2025-02-23T18:03:36","modified_gmt":"2025-02-23T17:03:36","slug":"igrano-dokumentarna-predstava-patrijarh-pavle-medu-l%d1%98udima-i-nel%d1%98udima-u-srijedu-u-pozoristu-prijedor-video","status":"publish","type":"post","link":"https:\/\/www.prijedordanas.com\/?p=242288","title":{"rendered":"Igrano-dokumentarna predstava \u201cPatrijarh Pavle me\u0111u l\u0458udima i nel\u0458udima&#8221; u srijedu u Pozori\u0161tu Prijedor &#8211; VIDEO"},"content":{"rendered":"<p><a href=\"https:\/\/www.prijedordanas.com\/wp-content\/uploads\/2025\/02\/patrijarh-pavle-medju-ljudima-i-neljudima-plakat.jpg\"><img loading=\"lazy\" decoding=\"async\" class=\"alignleft size-medium wp-image-242289\" src=\"https:\/\/www.prijedordanas.com\/wp-content\/uploads\/2025\/02\/patrijarh-pavle-medju-ljudima-i-neljudima-plakat-240x300.jpg\" alt=\"\" width=\"240\" height=\"300\" srcset=\"https:\/\/www.prijedordanas.com\/wp-content\/uploads\/2025\/02\/patrijarh-pavle-medju-ljudima-i-neljudima-plakat-240x300.jpg 240w, https:\/\/www.prijedordanas.com\/wp-content\/uploads\/2025\/02\/patrijarh-pavle-medju-ljudima-i-neljudima-plakat.jpg 480w\" sizes=\"(max-width: 240px) 100vw, 240px\" \/><\/a>U organizaciji \u201cMladih za mlade\u201d u Pozori\u0161tu Prijedor \u0107e u srijedu, 26. februara, biti izvedena igrano-dokumentarna predstava \u201cPatrijarh Pavle me\u0111u l\u0458udima i nel\u0458udima\u201d.<\/p>\n<p>Izvedba duodrame, nastavak je programskih aktivnosti ove organizacije i nastojanja da Prijedoru pru\u017ee bogatiji kulturno-duhovni \u017eivot kroz \u201eslovo i duh\u201c pravoslavl\u0458a.<\/p>\n<p>Predstava kroz autenti\u010dne rije\u010di patrijarha Pavla o\u017eivl\u0458ava njegov \u017eivot, duhovni put i viziju svijeta.<\/p>\n<p>U predstavi igraju poznati glumci Aleksandar Duni\u0107 i Milan Malba\u0161a, koji \u0107e kroz umjetni\u010dki izraz prenijeti poruke jednog od najuzornijih duhovnih vo\u0111a savremenog doba.<\/p>\n<p>Patrijarh Pavle ostao je u sje\u0107anju kao \u010dovjek izuzetne duhovne uzvi\u0161enosti, moralne \u010distote i predanosti svom narodu.<\/p>\n<p>Ovo izvo\u0111enje donosi pri\u010du ne samo o njemu kao pojedincu, ve\u0107 i o srpskom narodu i njegovim tradicionalnim vrijednostima.<\/p>\n<p><a href=\"https:\/\/www.prijedordanas.com\/wp-content\/uploads\/2025\/02\/patrijarh-pavle-medju-ljudima-i-neljudima.jpg\"><img loading=\"lazy\" decoding=\"async\" class=\"alignleft size-medium wp-image-242290\" src=\"https:\/\/www.prijedordanas.com\/wp-content\/uploads\/2025\/02\/patrijarh-pavle-medju-ljudima-i-neljudima-300x225.jpg\" alt=\"\" width=\"300\" height=\"225\" srcset=\"https:\/\/www.prijedordanas.com\/wp-content\/uploads\/2025\/02\/patrijarh-pavle-medju-ljudima-i-neljudima-300x225.jpg 300w, https:\/\/www.prijedordanas.com\/wp-content\/uploads\/2025\/02\/patrijarh-pavle-medju-ljudima-i-neljudima-640x480.jpg 640w, https:\/\/www.prijedordanas.com\/wp-content\/uploads\/2025\/02\/patrijarh-pavle-medju-ljudima-i-neljudima.jpg 667w\" sizes=\"(max-width: 300px) 100vw, 300px\" \/><\/a>Cil\u0458 je da, kroz umjetnost, predstava podstakne razmi\u0161l\u0458anja o duhovnim vrijednostima, moralu i smislu l\u0458udskog postojanja, dok istovremeno pru\u017ea humanitarnu podr\u0161ku Udru\u017eenju gra\u0111ana za pomo\u0107 i podr\u0161ku licima i porodicama lica sa atipi\u010dnim razvojnim karakteristikama \u201cPlavi balon\u201d.<\/p>\n<p>\u201cNakon organizovanja besjede igumana Rafaila Bol\u0458evi\u0107a pro\u0161le godine u porti Crkve Svete trojice u Prijedoru, kojoj je prisustvovalo vi\u0161e od 2.000 na\u0161ih sugra\u0111ana, uvidjeli smo da gra\u0111ani Prijedora u svom gradu \u017eele vi\u0161e doga\u0111aja ovog tipa, te da u skorijoj pro\u0161losti nije postojao niko ko se u ovoj formi bavio pribli\u017eavanju pravoslavl\u0458a Prijedor\u010danima i svega \u0161to ono sadr\u017ei. Oslu\u0161kuju\u0107i komentare nakon besjede i ve\u010dernje slu\u017ebe oca Bol\u0458evi\u0107a, bilo je jasno da su upravo ovakvi doga\u0111aji ono \u0161to nedostaje da upotpunimo cjelinu duhovnog obrazovanja i uzdizanja u na\u0161em gradu\u201d, izjavio je Ognjen Vukojevi\u0107, predsjednik Omladinske organizacije \u201cMladi za mlade\u201d.<\/p>\n<p>Vukojevi\u0107 se zahvalio Pozori\u0161tu Prijedor i direktoru Sr\u0111anu Knjeginji\u0107u koji je, kako je naveo, prepoznao va\u017enost toga \u0161to rade i pru\u017eio punu podr\u0161ku ne samo njima ve\u0107 i \u201cPlavom balonu\u201d.<\/p>\n<p><a href=\"https:\/\/www.prijedordanas.com\/wp-content\/uploads\/2025\/02\/kozarski-ognjen-vukojevic.jpg\"><img loading=\"lazy\" decoding=\"async\" src=\"https:\/\/www.prijedordanas.com\/wp-content\/uploads\/2025\/02\/kozarski-ognjen-vukojevic-300x225.jpg\" alt=\"\" width=\"300\" height=\"225\" class=\"alignleft size-medium wp-image-242291\" srcset=\"https:\/\/www.prijedordanas.com\/wp-content\/uploads\/2025\/02\/kozarski-ognjen-vukojevic-300x225.jpg 300w, https:\/\/www.prijedordanas.com\/wp-content\/uploads\/2025\/02\/kozarski-ognjen-vukojevic-640x480.jpg 640w, https:\/\/www.prijedordanas.com\/wp-content\/uploads\/2025\/02\/kozarski-ognjen-vukojevic.jpg 667w\" sizes=\"(max-width: 300px) 100vw, 300px\" \/><\/a>On je izrazio zahvalnost Etno-dru\u0161tvu \u201cSrpski sokolovi Kozare\u201d na podr\u0161ci u promociji njihovih aktivnosti, kao i Ministarstvu porodice, omladine i sporta Republike Srpske.<\/p>\n<p>\u201cUlaz je besplatan, budu\u0107i da je predstava poklon gra\u0111anima Prijedora na\u0161e Omladinske organizacije \u2018Mladi za mlade\u2019. Sredstva koja \u0107e se prikupl\u0458ati pred po\u010detak predstave, bi\u0107e usmjerena \u2018Plavom balonu\u2019. Pozori\u0161te Prijedor \u0107e ovom udru\u017eenju donirati nov\u010dana sredstva koja organizacija upla\u0107uje za kori\u0161tenje sale na\u0161eg pozori\u0161ta, tako da ova predstava u svakom smislu ima pozitivan i afirmativan karakter za sve na\u0161e sugra\u0111ane da ovo ve\u010de provedu uz odli\u010dnu i pou\u010dnu predstavu\u201d, navodi Vukojevi\u0107.<\/p>\n<p>Pozvao je sve zainteresovane da rezervi\u0161u karte na vrijeme i u srijedu, 26. februara, od 20.00 \u010dasova budu dio ove jedinstvene umjetni\u010dke ve\u010deri.<\/p>\n<p>Pored aktivnosti humanitarnog karaktera i izgradnje infrastrukture za djecu i mlade, Omladinska organizacija \u201cMladi za mlade\u201d u narednom periodu \u0107e poseban fokus i pa\u017enju usmjeriti na promociju pravoslavl\u0458a, zdravog sistema vrijednosti, pozitivnih primjera i va\u017enosti duhovnog uzdizanja svih generacija.<\/p>\n<p>NI\u0160EVI\u0106: HUMANE AKCIJE PUNO ZNA\u010cE<\/p>\n<p>\u201c\u017delio bih da se zahvalim organizatorima ove velike predstave i ujedno da pozovem gra\u0111ane da se odazovu, da nam poka\u017eu humanost i pomognu, jer prikupl\u0458ena sredstva \u0107e nam mnogo pomo\u0107i u na\u0161em svakodnevnom radu. Trenutno provodimo projekat psiholo\u0161ke radionice za roditel\u0458e, gdje u isto vrijeme sa djecom rade defektolozi i logopedi. Na\u017ealost, sve je to skupo i sredstva su nam ograni\u010dena, zato svaki ovakav \u010din puno zna\u010di za na\u0161 dal\u0458i rad\u201d, rekao je Vojin Ni\u0161evi\u0107, predsjednik UG \u201ePlavi balon\u201c.<\/p>\n<p><strong><a href=\"https:\/\/kozarski.com\/mladi-za-mlade-organizuju-humanitarnu-predstavu-duodrama-o-patrijarhu-pavlu\/\" target=\"_blank\" rel=\"noopener\">kozarski.com<\/a><\/strong><\/p>\n<p><iframe loading=\"lazy\" title=\"HUMANITARNA DOUDRAMA &quot;PATRIJARH PAVLE - ME\u0110U LJUDIMA I NELJUDIMA&quot; 26. FEBRUARA U PRIJEDORU\" width=\"500\" height=\"281\" src=\"https:\/\/www.youtube.com\/embed\/guAw1qQzVPo?feature=oembed\" frameborder=\"0\" allow=\"accelerometer; autoplay; clipboard-write; encrypted-media; gyroscope; picture-in-picture; web-share\" referrerpolicy=\"strict-origin-when-cross-origin\" allowfullscreen><\/iframe><\/p>\n","protected":false},"excerpt":{"rendered":"<p>U organizaciji \u201cMladih za mlade\u201d u Pozori\u0161tu Prijedor \u0107e u srijedu, 26. februara, biti izvedena igrano-dokumentarna predstava \u201cPatrijarh Pavle me\u0111u l\u0458udima i nel\u0458udima\u201d. Izvedba duodrame, nastavak je programskih aktivnosti ove [&hellip;]<\/p>\n","protected":false},"author":1,"featured_media":0,"comment_status":"closed","ping_status":"open","sticky":false,"template":"","format":"standard","meta":{"_monsterinsights_skip_tracking":false,"_monsterinsights_sitenote_active":false,"_monsterinsights_sitenote_note":"","_monsterinsights_sitenote_category":0,"footnotes":""},"categories":[3],"tags":[],"yoast_head":"<!-- This site is optimized with the Yoast SEO plugin v21.6 - https:\/\/yoast.com\/wordpress\/plugins\/seo\/ -->\n<title>Igrano-dokumentarna predstava \u201cPatrijarh Pavle me\u0111u l\u0458udima i nel\u0458udima&quot; u srijedu u Pozori\u0161tu Prijedor - VIDEO - PrijedorDanas.com - Prijedorski gradski portal<\/title>\n<meta name=\"robots\" content=\"index, follow, max-snippet:-1, max-image-preview:large, max-video-preview:-1\" \/>\n<link rel=\"canonical\" href=\"https:\/\/www.prijedordanas.com\/?p=242288\" \/>\n<meta property=\"og:locale\" content=\"en_US\" \/>\n<meta property=\"og:type\" content=\"article\" \/>\n<meta property=\"og:title\" content=\"Igrano-dokumentarna predstava \u201cPatrijarh Pavle me\u0111u l\u0458udima i nel\u0458udima&quot; u srijedu u Pozori\u0161tu Prijedor - VIDEO - PrijedorDanas.com - Prijedorski gradski portal\" \/>\n<meta property=\"og:description\" content=\"U organizaciji \u201cMladih za mlade\u201d u Pozori\u0161tu Prijedor \u0107e u srijedu, 26. februara, biti izvedena igrano-dokumentarna predstava \u201cPatrijarh Pavle me\u0111u l\u0458udima i nel\u0458udima\u201d. Izvedba duodrame, nastavak je programskih aktivnosti ove [&hellip;]\" \/>\n<meta property=\"og:url\" content=\"https:\/\/www.prijedordanas.com\/?p=242288\" \/>\n<meta property=\"og:site_name\" content=\"PrijedorDanas.com - Prijedorski gradski portal\" \/>\n<meta property=\"article:publisher\" content=\"https:\/\/www.facebook.com\/PrijedorDanasCom\/\" \/>\n<meta property=\"article:published_time\" content=\"2025-02-23T17:03:36+00:00\" \/>\n<meta property=\"og:image\" content=\"https:\/\/www.prijedordanas.com\/wp-content\/uploads\/2025\/02\/patrijarh-pavle-medju-ljudima-i-neljudima-plakat-240x300.jpg\" \/>\n<meta name=\"author\" content=\"admin\" \/>\n<meta name=\"twitter:card\" content=\"summary_large_image\" \/>\n<meta name=\"twitter:label1\" content=\"Written by\" \/>\n\t<meta name=\"twitter:data1\" content=\"admin\" \/>\n\t<meta name=\"twitter:label2\" content=\"Est. reading time\" \/>\n\t<meta name=\"twitter:data2\" content=\"3 minutes\" \/>\n<script type=\"application\/ld+json\" class=\"yoast-schema-graph\">{\"@context\":\"https:\/\/schema.org\",\"@graph\":[{\"@type\":\"Article\",\"@id\":\"https:\/\/www.prijedordanas.com\/?p=242288#article\",\"isPartOf\":{\"@id\":\"https:\/\/www.prijedordanas.com\/?p=242288\"},\"author\":{\"name\":\"admin\",\"@id\":\"https:\/\/www.prijedordanas.com\/#\/schema\/person\/4e08ccf29b506ca916ff86d46bb700e6\"},\"headline\":\"Igrano-dokumentarna predstava \u201cPatrijarh Pavle me\u0111u l\u0458udima i nel\u0458udima&#8221; u srijedu u Pozori\u0161tu Prijedor &#8211; VIDEO\",\"datePublished\":\"2025-02-23T17:03:36+00:00\",\"dateModified\":\"2025-02-23T17:03:36+00:00\",\"mainEntityOfPage\":{\"@id\":\"https:\/\/www.prijedordanas.com\/?p=242288\"},\"wordCount\":642,\"publisher\":{\"@id\":\"https:\/\/www.prijedordanas.com\/#organization\"},\"articleSection\":[\"\u017divot\"],\"inLanguage\":\"en-US\"},{\"@type\":\"WebPage\",\"@id\":\"https:\/\/www.prijedordanas.com\/?p=242288\",\"url\":\"https:\/\/www.prijedordanas.com\/?p=242288\",\"name\":\"Igrano-dokumentarna predstava \u201cPatrijarh Pavle me\u0111u l\u0458udima i nel\u0458udima\\\" u srijedu u Pozori\u0161tu Prijedor - VIDEO - PrijedorDanas.com - Prijedorski gradski portal\",\"isPartOf\":{\"@id\":\"https:\/\/www.prijedordanas.com\/#website\"},\"datePublished\":\"2025-02-23T17:03:36+00:00\",\"dateModified\":\"2025-02-23T17:03:36+00:00\",\"breadcrumb\":{\"@id\":\"https:\/\/www.prijedordanas.com\/?p=242288#breadcrumb\"},\"inLanguage\":\"en-US\",\"potentialAction\":[{\"@type\":\"ReadAction\",\"target\":[\"https:\/\/www.prijedordanas.com\/?p=242288\"]}]},{\"@type\":\"BreadcrumbList\",\"@id\":\"https:\/\/www.prijedordanas.com\/?p=242288#breadcrumb\",\"itemListElement\":[{\"@type\":\"ListItem\",\"position\":1,\"name\":\"Home\",\"item\":\"https:\/\/www.prijedordanas.com\/\"},{\"@type\":\"ListItem\",\"position\":2,\"name\":\"Igrano-dokumentarna predstava \u201cPatrijarh Pavle me\u0111u l\u0458udima i nel\u0458udima&#8221; u srijedu u Pozori\u0161tu Prijedor &#8211; VIDEO\"}]},{\"@type\":\"WebSite\",\"@id\":\"https:\/\/www.prijedordanas.com\/#website\",\"url\":\"https:\/\/www.prijedordanas.com\/\",\"name\":\"PrijedorDanas.com - Prijedorski gradski portal\",\"description\":\"Portal o doga\u0111anjima u gradu Prijedoru\",\"publisher\":{\"@id\":\"https:\/\/www.prijedordanas.com\/#organization\"},\"potentialAction\":[{\"@type\":\"SearchAction\",\"target\":{\"@type\":\"EntryPoint\",\"urlTemplate\":\"https:\/\/www.prijedordanas.com\/?s={search_term_string}\"},\"query-input\":\"required name=search_term_string\"}],\"inLanguage\":\"en-US\"},{\"@type\":\"Organization\",\"@id\":\"https:\/\/www.prijedordanas.com\/#organization\",\"name\":\"PrijedorDanas.com\",\"url\":\"https:\/\/www.prijedordanas.com\/\",\"logo\":{\"@type\":\"ImageObject\",\"inLanguage\":\"en-US\",\"@id\":\"https:\/\/www.prijedordanas.com\/#\/schema\/logo\/image\/\",\"url\":\"http:\/\/www.prijedordanas.com\/wp-content\/uploads\/2021\/12\/logopng.png\",\"contentUrl\":\"http:\/\/www.prijedordanas.com\/wp-content\/uploads\/2021\/12\/logopng.png\",\"width\":1019,\"height\":776,\"caption\":\"PrijedorDanas.com\"},\"image\":{\"@id\":\"https:\/\/www.prijedordanas.com\/#\/schema\/logo\/image\/\"},\"sameAs\":[\"https:\/\/www.facebook.com\/PrijedorDanasCom\/\"]},{\"@type\":\"Person\",\"@id\":\"https:\/\/www.prijedordanas.com\/#\/schema\/person\/4e08ccf29b506ca916ff86d46bb700e6\",\"name\":\"admin\",\"image\":{\"@type\":\"ImageObject\",\"inLanguage\":\"en-US\",\"@id\":\"https:\/\/www.prijedordanas.com\/#\/schema\/person\/image\/\",\"url\":\"https:\/\/secure.gravatar.com\/avatar\/1d3fc949d550f0b53a5f0d51e06dfd79?s=96&d=mm&r=g\",\"contentUrl\":\"https:\/\/secure.gravatar.com\/avatar\/1d3fc949d550f0b53a5f0d51e06dfd79?s=96&d=mm&r=g\",\"caption\":\"admin\"},\"url\":\"https:\/\/www.prijedordanas.com\/?author=1\"}]}<\/script>\n<!-- \/ Yoast SEO plugin. -->","yoast_head_json":{"title":"Igrano-dokumentarna predstava \u201cPatrijarh Pavle me\u0111u l\u0458udima i nel\u0458udima\" u srijedu u Pozori\u0161tu Prijedor - VIDEO - PrijedorDanas.com - Prijedorski gradski portal","robots":{"index":"index","follow":"follow","max-snippet":"max-snippet:-1","max-image-preview":"max-image-preview:large","max-video-preview":"max-video-preview:-1"},"canonical":"https:\/\/www.prijedordanas.com\/?p=242288","og_locale":"en_US","og_type":"article","og_title":"Igrano-dokumentarna predstava \u201cPatrijarh Pavle me\u0111u l\u0458udima i nel\u0458udima\" u srijedu u Pozori\u0161tu Prijedor - VIDEO - PrijedorDanas.com - Prijedorski gradski portal","og_description":"U organizaciji \u201cMladih za mlade\u201d u Pozori\u0161tu Prijedor \u0107e u srijedu, 26. februara, biti izvedena igrano-dokumentarna predstava \u201cPatrijarh Pavle me\u0111u l\u0458udima i nel\u0458udima\u201d. Izvedba duodrame, nastavak je programskih aktivnosti ove [&hellip;]","og_url":"https:\/\/www.prijedordanas.com\/?p=242288","og_site_name":"PrijedorDanas.com - Prijedorski gradski portal","article_publisher":"https:\/\/www.facebook.com\/PrijedorDanasCom\/","article_published_time":"2025-02-23T17:03:36+00:00","og_image":[{"url":"https:\/\/www.prijedordanas.com\/wp-content\/uploads\/2025\/02\/patrijarh-pavle-medju-ljudima-i-neljudima-plakat-240x300.jpg"}],"author":"admin","twitter_card":"summary_large_image","twitter_misc":{"Written by":"admin","Est. reading time":"3 minutes"},"schema":{"@context":"https:\/\/schema.org","@graph":[{"@type":"Article","@id":"https:\/\/www.prijedordanas.com\/?p=242288#article","isPartOf":{"@id":"https:\/\/www.prijedordanas.com\/?p=242288"},"author":{"name":"admin","@id":"https:\/\/www.prijedordanas.com\/#\/schema\/person\/4e08ccf29b506ca916ff86d46bb700e6"},"headline":"Igrano-dokumentarna predstava \u201cPatrijarh Pavle me\u0111u l\u0458udima i nel\u0458udima&#8221; u srijedu u Pozori\u0161tu Prijedor &#8211; VIDEO","datePublished":"2025-02-23T17:03:36+00:00","dateModified":"2025-02-23T17:03:36+00:00","mainEntityOfPage":{"@id":"https:\/\/www.prijedordanas.com\/?p=242288"},"wordCount":642,"publisher":{"@id":"https:\/\/www.prijedordanas.com\/#organization"},"articleSection":["\u017divot"],"inLanguage":"en-US"},{"@type":"WebPage","@id":"https:\/\/www.prijedordanas.com\/?p=242288","url":"https:\/\/www.prijedordanas.com\/?p=242288","name":"Igrano-dokumentarna predstava \u201cPatrijarh Pavle me\u0111u l\u0458udima i nel\u0458udima\" u srijedu u Pozori\u0161tu Prijedor - VIDEO - PrijedorDanas.com - Prijedorski gradski portal","isPartOf":{"@id":"https:\/\/www.prijedordanas.com\/#website"},"datePublished":"2025-02-23T17:03:36+00:00","dateModified":"2025-02-23T17:03:36+00:00","breadcrumb":{"@id":"https:\/\/www.prijedordanas.com\/?p=242288#breadcrumb"},"inLanguage":"en-US","potentialAction":[{"@type":"ReadAction","target":["https:\/\/www.prijedordanas.com\/?p=242288"]}]},{"@type":"BreadcrumbList","@id":"https:\/\/www.prijedordanas.com\/?p=242288#breadcrumb","itemListElement":[{"@type":"ListItem","position":1,"name":"Home","item":"https:\/\/www.prijedordanas.com\/"},{"@type":"ListItem","position":2,"name":"Igrano-dokumentarna predstava \u201cPatrijarh Pavle me\u0111u l\u0458udima i nel\u0458udima&#8221; u srijedu u Pozori\u0161tu Prijedor &#8211; VIDEO"}]},{"@type":"WebSite","@id":"https:\/\/www.prijedordanas.com\/#website","url":"https:\/\/www.prijedordanas.com\/","name":"PrijedorDanas.com - Prijedorski gradski portal","description":"Portal o doga\u0111anjima u gradu Prijedoru","publisher":{"@id":"https:\/\/www.prijedordanas.com\/#organization"},"potentialAction":[{"@type":"SearchAction","target":{"@type":"EntryPoint","urlTemplate":"https:\/\/www.prijedordanas.com\/?s={search_term_string}"},"query-input":"required name=search_term_string"}],"inLanguage":"en-US"},{"@type":"Organization","@id":"https:\/\/www.prijedordanas.com\/#organization","name":"PrijedorDanas.com","url":"https:\/\/www.prijedordanas.com\/","logo":{"@type":"ImageObject","inLanguage":"en-US","@id":"https:\/\/www.prijedordanas.com\/#\/schema\/logo\/image\/","url":"http:\/\/www.prijedordanas.com\/wp-content\/uploads\/2021\/12\/logopng.png","contentUrl":"http:\/\/www.prijedordanas.com\/wp-content\/uploads\/2021\/12\/logopng.png","width":1019,"height":776,"caption":"PrijedorDanas.com"},"image":{"@id":"https:\/\/www.prijedordanas.com\/#\/schema\/logo\/image\/"},"sameAs":["https:\/\/www.facebook.com\/PrijedorDanasCom\/"]},{"@type":"Person","@id":"https:\/\/www.prijedordanas.com\/#\/schema\/person\/4e08ccf29b506ca916ff86d46bb700e6","name":"admin","image":{"@type":"ImageObject","inLanguage":"en-US","@id":"https:\/\/www.prijedordanas.com\/#\/schema\/person\/image\/","url":"https:\/\/secure.gravatar.com\/avatar\/1d3fc949d550f0b53a5f0d51e06dfd79?s=96&d=mm&r=g","contentUrl":"https:\/\/secure.gravatar.com\/avatar\/1d3fc949d550f0b53a5f0d51e06dfd79?s=96&d=mm&r=g","caption":"admin"},"url":"https:\/\/www.prijedordanas.com\/?author=1"}]}},"_links":{"self":[{"href":"https:\/\/www.prijedordanas.com\/index.php?rest_route=\/wp\/v2\/posts\/242288"}],"collection":[{"href":"https:\/\/www.prijedordanas.com\/index.php?rest_route=\/wp\/v2\/posts"}],"about":[{"href":"https:\/\/www.prijedordanas.com\/index.php?rest_route=\/wp\/v2\/types\/post"}],"author":[{"embeddable":true,"href":"https:\/\/www.prijedordanas.com\/index.php?rest_route=\/wp\/v2\/users\/1"}],"replies":[{"embeddable":true,"href":"https:\/\/www.prijedordanas.com\/index.php?rest_route=%2Fwp%2Fv2%2Fcomments&post=242288"}],"version-history":[{"count":1,"href":"https:\/\/www.prijedordanas.com\/index.php?rest_route=\/wp\/v2\/posts\/242288\/revisions"}],"predecessor-version":[{"id":242292,"href":"https:\/\/www.prijedordanas.com\/index.php?rest_route=\/wp\/v2\/posts\/242288\/revisions\/242292"}],"wp:attachment":[{"href":"https:\/\/www.prijedordanas.com\/index.php?rest_route=%2Fwp%2Fv2%2Fmedia&parent=242288"}],"wp:term":[{"taxonomy":"category","embeddable":true,"href":"https:\/\/www.prijedordanas.com\/index.php?rest_route=%2Fwp%2Fv2%2Fcategories&post=242288"},{"taxonomy":"post_tag","embeddable":true,"href":"https:\/\/www.prijedordanas.com\/index.php?rest_route=%2Fwp%2Fv2%2Ftags&post=242288"}],"curies":[{"name":"wp","href":"https:\/\/api.w.org\/{rel}","templated":true}]}}