{"id":241880,"date":"2025-02-18T10:18:47","date_gmt":"2025-02-18T09:18:47","guid":{"rendered":"https:\/\/www.prijedordanas.com\/?p=241880"},"modified":"2025-02-18T10:18:47","modified_gmt":"2025-02-18T09:18:47","slug":"okruzno-tuzilastvo-prijedor-kolektivna-norma-244-odsto-rijesili-trecinu-starih-predmeta-na-nivou-rs","status":"publish","type":"post","link":"https:\/\/www.prijedordanas.com\/?p=241880","title":{"rendered":"Okru\u017eno tu\u017eila\u0161tvo Prijedor: Kolektivna norma 244 odsto, rije\u0161ili tre\u0107inu starih predmeta na nivou RS"},"content":{"rendered":"<p><a href=\"https:\/\/www.prijedordanas.com\/wp-content\/uploads\/2025\/02\/ojt-prijedor-sladjana-maric-1.jpg\"><img loading=\"lazy\" decoding=\"async\" src=\"https:\/\/www.prijedordanas.com\/wp-content\/uploads\/2025\/02\/ojt-prijedor-sladjana-maric-1-300x225.jpg\" alt=\"\" width=\"300\" height=\"225\" class=\"alignleft size-medium wp-image-241881\" srcset=\"https:\/\/www.prijedordanas.com\/wp-content\/uploads\/2025\/02\/ojt-prijedor-sladjana-maric-1-300x225.jpg 300w, https:\/\/www.prijedordanas.com\/wp-content\/uploads\/2025\/02\/ojt-prijedor-sladjana-maric-1-640x480.jpg 640w, https:\/\/www.prijedordanas.com\/wp-content\/uploads\/2025\/02\/ojt-prijedor-sladjana-maric-1.jpg 667w\" sizes=\"(max-width: 300px) 100vw, 300px\" \/><\/a>Okru\u017eno tu\u017eila\u0161tvo u Prijedoru ostvarilo je pro\u0161le godine kolektivnu normu od 244 odsto i rije\u0161ilo vi\u0161e od tre\u0107ine svih starih predmeta na nivou Republike Srpske, izjavila je Srni vr\u0161ilac du\u017enosti glavnog tu\u017eioca u ovoj instituciji Sla\u0111ana Mari\u0107.<\/p>\n<p>Mari\u0107eva je navela da je rije\u010d o jednom od najzadu\u017eenijih i najoptere\u0107nijih okru\u017enih tu\u017eila\u0161tava u Srpskoj, \u010diji tu\u017eioci u prosjeku imaju pet do \u0161est puta vi\u0161e predmeta od kolega u drugim tu\u017eila\u0161tvima istog ranga.<\/p>\n<p>Ona je rekla da je jedan od goru\u0107ih problema ovog tu\u017eila\u0161tva nedostatak tu\u017eilaca, te dodala da od njegovog osnivanja 2017. godine nikada nije bila popunjena sistematizacija i da je u radu najvi\u0161e bilo sedam tu\u017eilaca.<\/p>\n<p>&#8220;Posljednja dva mjeseca pro\u0161le godine bila su \u010detiri. Od 2021. godine sistematizovano je 10, koje nikad nismo dostigli, a optimalno bi bilo 15 kad se uzmu u obzir priliv i broj predmeta, broj stanovnika i krivi\u010dnih djela&#8221;, istakla je Mari\u0107eva.<\/p>\n<p>Prema njenim rije\u010dima, osim tu\u017eilaca, sistematizacijom je predvi\u0111eno 39 pozicija administrativnih radnika, a trenutno nedostaje 16, \u0161to se direktno odra\u017eava na rad tu\u017eila\u0161tva.<\/p>\n<p>Ona je pojasnila da je lani, zbog nedostatka tu\u017eilaca, bilo i do 500 predmeta po tu\u017eiocu, ali da je po\u010detkom godine zaposleno troje novih i da je sada u prosjeku 300 predmeta po tu\u017eiocu, \u0161to je, kako je navela, i dalje veliki broj.<\/p>\n<p>Prema njenim rije\u010dima, \u0161to je manji broj tu\u017eilaca, to je te\u017ee i zahtjevnije u svim segmentima organizovati rad.<\/p>\n<p>&#8220;Ovdje kada jedan tu\u017eilac ode na bolovanje nije procentualno isto kao kad ode jedan tamo gdje ih je vi\u0161e. Razumijemo stranke koje su nezadovoljne jer predmeti \u010dekaju, ali razlozi za to su objektivni&#8221;, rekla je Mari\u0107eva.<\/p>\n<p>Prema njenim rije\u010dima, prijedorsko tu\u017eila\u0161tvo trenutno ima 5.961 predmet, me\u0111u kojim oko 2.000 sa poznatim po\u010diniocem i kvalifikovanim djelom, dok su 1.164 predmeta starija od dvije godine.<\/p>\n<p>&#8220;Kvalitet naredbi o nesprovo\u0111enju i o obustavi istrage je visokih 99,34 odsto. Kolektivni kvalitet optu\u017enica, odnosno udio osu\u0111uju\u0107ih u ukupnom broju pravosna\u017enih presuda, jeste zadovoljavaju\u0107i i iznosi 93 odsto. Ispunjenost plana rje\u0161avanja starih predmeta je odli\u010dnih 98 odsto&#8221;, istakla je Mari\u0107eva.<\/p>\n<p>Najve\u0107a pojedina\u010dna norma za pro\u0161lu godinu je 164 odsto, a najmanja 94 odsto, ali tu je rije\u010d o tu\u017eiocu koji je u avgustu imenovan na du\u017enost u drugoj instituciji.<\/p>\n<p>Ovo tu\u017eila\u0161tvo pokriva grad Prijedor i op\u0161tine Novi Grad, Kozarska Dubica, Kostajnica, O\u0161tra Luka i Krupa na Uni. Zastupa optu\u017enice pred osnovnim sudovima u Prijedoru, Novom Gradu i Kozarskoj Dubici, te pred Okru\u017enim sudom u Prijedoru.<\/p>\n<p>SRNA<\/p>\n","protected":false},"excerpt":{"rendered":"<p>Okru\u017eno tu\u017eila\u0161tvo u Prijedoru ostvarilo je pro\u0161le godine kolektivnu normu od 244 odsto i rije\u0161ilo vi\u0161e od tre\u0107ine svih starih predmeta na nivou Republike Srpske, izjavila je Srni vr\u0161ilac du\u017enosti [&hellip;]<\/p>\n","protected":false},"author":1,"featured_media":0,"comment_status":"closed","ping_status":"open","sticky":false,"template":"","format":"standard","meta":{"_monsterinsights_skip_tracking":false,"_monsterinsights_sitenote_active":false,"_monsterinsights_sitenote_note":"","_monsterinsights_sitenote_category":0,"footnotes":""},"categories":[4],"tags":[],"yoast_head":"<!-- This site is optimized with the Yoast SEO plugin v21.6 - https:\/\/yoast.com\/wordpress\/plugins\/seo\/ -->\n<title>Okru\u017eno tu\u017eila\u0161tvo Prijedor: Kolektivna norma 244 odsto, rije\u0161ili tre\u0107inu starih predmeta na nivou RS - PrijedorDanas.com - Prijedorski gradski portal<\/title>\n<meta name=\"robots\" content=\"index, follow, max-snippet:-1, max-image-preview:large, max-video-preview:-1\" \/>\n<link rel=\"canonical\" href=\"https:\/\/www.prijedordanas.com\/?p=241880\" \/>\n<meta property=\"og:locale\" content=\"en_US\" \/>\n<meta property=\"og:type\" content=\"article\" \/>\n<meta property=\"og:title\" content=\"Okru\u017eno tu\u017eila\u0161tvo Prijedor: Kolektivna norma 244 odsto, rije\u0161ili tre\u0107inu starih predmeta na nivou RS - PrijedorDanas.com - Prijedorski gradski portal\" \/>\n<meta property=\"og:description\" content=\"Okru\u017eno tu\u017eila\u0161tvo u Prijedoru ostvarilo je pro\u0161le godine kolektivnu normu od 244 odsto i rije\u0161ilo vi\u0161e od tre\u0107ine svih starih predmeta na nivou Republike Srpske, izjavila je Srni vr\u0161ilac du\u017enosti [&hellip;]\" \/>\n<meta property=\"og:url\" content=\"https:\/\/www.prijedordanas.com\/?p=241880\" \/>\n<meta property=\"og:site_name\" content=\"PrijedorDanas.com - Prijedorski gradski portal\" \/>\n<meta property=\"article:publisher\" content=\"https:\/\/www.facebook.com\/PrijedorDanasCom\/\" \/>\n<meta property=\"article:published_time\" content=\"2025-02-18T09:18:47+00:00\" \/>\n<meta property=\"og:image\" content=\"https:\/\/www.prijedordanas.com\/wp-content\/uploads\/2025\/02\/ojt-prijedor-sladjana-maric-1-300x225.jpg\" \/>\n<meta name=\"author\" content=\"admin\" \/>\n<meta name=\"twitter:card\" content=\"summary_large_image\" \/>\n<meta name=\"twitter:label1\" content=\"Written by\" \/>\n\t<meta name=\"twitter:data1\" content=\"admin\" \/>\n<script type=\"application\/ld+json\" class=\"yoast-schema-graph\">{\"@context\":\"https:\/\/schema.org\",\"@graph\":[{\"@type\":\"Article\",\"@id\":\"https:\/\/www.prijedordanas.com\/?p=241880#article\",\"isPartOf\":{\"@id\":\"https:\/\/www.prijedordanas.com\/?p=241880\"},\"author\":{\"name\":\"admin\",\"@id\":\"https:\/\/www.prijedordanas.com\/#\/schema\/person\/4e08ccf29b506ca916ff86d46bb700e6\"},\"headline\":\"Okru\u017eno tu\u017eila\u0161tvo Prijedor: Kolektivna norma 244 odsto, rije\u0161ili tre\u0107inu starih predmeta na nivou RS\",\"datePublished\":\"2025-02-18T09:18:47+00:00\",\"dateModified\":\"2025-02-18T09:18:47+00:00\",\"mainEntityOfPage\":{\"@id\":\"https:\/\/www.prijedordanas.com\/?p=241880\"},\"wordCount\":472,\"publisher\":{\"@id\":\"https:\/\/www.prijedordanas.com\/#organization\"},\"articleSection\":[\"Dru\u0161tvo\"],\"inLanguage\":\"en-US\"},{\"@type\":\"WebPage\",\"@id\":\"https:\/\/www.prijedordanas.com\/?p=241880\",\"url\":\"https:\/\/www.prijedordanas.com\/?p=241880\",\"name\":\"Okru\u017eno tu\u017eila\u0161tvo Prijedor: Kolektivna norma 244 odsto, rije\u0161ili tre\u0107inu starih predmeta na nivou RS - PrijedorDanas.com - Prijedorski gradski portal\",\"isPartOf\":{\"@id\":\"https:\/\/www.prijedordanas.com\/#website\"},\"datePublished\":\"2025-02-18T09:18:47+00:00\",\"dateModified\":\"2025-02-18T09:18:47+00:00\",\"breadcrumb\":{\"@id\":\"https:\/\/www.prijedordanas.com\/?p=241880#breadcrumb\"},\"inLanguage\":\"en-US\",\"potentialAction\":[{\"@type\":\"ReadAction\",\"target\":[\"https:\/\/www.prijedordanas.com\/?p=241880\"]}]},{\"@type\":\"BreadcrumbList\",\"@id\":\"https:\/\/www.prijedordanas.com\/?p=241880#breadcrumb\",\"itemListElement\":[{\"@type\":\"ListItem\",\"position\":1,\"name\":\"Home\",\"item\":\"https:\/\/www.prijedordanas.com\/\"},{\"@type\":\"ListItem\",\"position\":2,\"name\":\"Okru\u017eno tu\u017eila\u0161tvo Prijedor: Kolektivna norma 244 odsto, rije\u0161ili tre\u0107inu starih predmeta na nivou RS\"}]},{\"@type\":\"WebSite\",\"@id\":\"https:\/\/www.prijedordanas.com\/#website\",\"url\":\"https:\/\/www.prijedordanas.com\/\",\"name\":\"PrijedorDanas.com - Prijedorski gradski portal\",\"description\":\"Portal o doga\u0111anjima u gradu Prijedoru\",\"publisher\":{\"@id\":\"https:\/\/www.prijedordanas.com\/#organization\"},\"potentialAction\":[{\"@type\":\"SearchAction\",\"target\":{\"@type\":\"EntryPoint\",\"urlTemplate\":\"https:\/\/www.prijedordanas.com\/?s={search_term_string}\"},\"query-input\":\"required name=search_term_string\"}],\"inLanguage\":\"en-US\"},{\"@type\":\"Organization\",\"@id\":\"https:\/\/www.prijedordanas.com\/#organization\",\"name\":\"PrijedorDanas.com\",\"url\":\"https:\/\/www.prijedordanas.com\/\",\"logo\":{\"@type\":\"ImageObject\",\"inLanguage\":\"en-US\",\"@id\":\"https:\/\/www.prijedordanas.com\/#\/schema\/logo\/image\/\",\"url\":\"http:\/\/www.prijedordanas.com\/wp-content\/uploads\/2021\/12\/logopng.png\",\"contentUrl\":\"http:\/\/www.prijedordanas.com\/wp-content\/uploads\/2021\/12\/logopng.png\",\"width\":1019,\"height\":776,\"caption\":\"PrijedorDanas.com\"},\"image\":{\"@id\":\"https:\/\/www.prijedordanas.com\/#\/schema\/logo\/image\/\"},\"sameAs\":[\"https:\/\/www.facebook.com\/PrijedorDanasCom\/\"]},{\"@type\":\"Person\",\"@id\":\"https:\/\/www.prijedordanas.com\/#\/schema\/person\/4e08ccf29b506ca916ff86d46bb700e6\",\"name\":\"admin\",\"image\":{\"@type\":\"ImageObject\",\"inLanguage\":\"en-US\",\"@id\":\"https:\/\/www.prijedordanas.com\/#\/schema\/person\/image\/\",\"url\":\"https:\/\/secure.gravatar.com\/avatar\/1d3fc949d550f0b53a5f0d51e06dfd79?s=96&d=mm&r=g\",\"contentUrl\":\"https:\/\/secure.gravatar.com\/avatar\/1d3fc949d550f0b53a5f0d51e06dfd79?s=96&d=mm&r=g\",\"caption\":\"admin\"},\"url\":\"https:\/\/www.prijedordanas.com\/?author=1\"}]}<\/script>\n<!-- \/ Yoast SEO plugin. -->","yoast_head_json":{"title":"Okru\u017eno tu\u017eila\u0161tvo Prijedor: Kolektivna norma 244 odsto, rije\u0161ili tre\u0107inu starih predmeta na nivou RS - PrijedorDanas.com - Prijedorski gradski portal","robots":{"index":"index","follow":"follow","max-snippet":"max-snippet:-1","max-image-preview":"max-image-preview:large","max-video-preview":"max-video-preview:-1"},"canonical":"https:\/\/www.prijedordanas.com\/?p=241880","og_locale":"en_US","og_type":"article","og_title":"Okru\u017eno tu\u017eila\u0161tvo Prijedor: Kolektivna norma 244 odsto, rije\u0161ili tre\u0107inu starih predmeta na nivou RS - PrijedorDanas.com - Prijedorski gradski portal","og_description":"Okru\u017eno tu\u017eila\u0161tvo u Prijedoru ostvarilo je pro\u0161le godine kolektivnu normu od 244 odsto i rije\u0161ilo vi\u0161e od tre\u0107ine svih starih predmeta na nivou Republike Srpske, izjavila je Srni vr\u0161ilac du\u017enosti [&hellip;]","og_url":"https:\/\/www.prijedordanas.com\/?p=241880","og_site_name":"PrijedorDanas.com - Prijedorski gradski portal","article_publisher":"https:\/\/www.facebook.com\/PrijedorDanasCom\/","article_published_time":"2025-02-18T09:18:47+00:00","og_image":[{"url":"https:\/\/www.prijedordanas.com\/wp-content\/uploads\/2025\/02\/ojt-prijedor-sladjana-maric-1-300x225.jpg"}],"author":"admin","twitter_card":"summary_large_image","twitter_misc":{"Written by":"admin"},"schema":{"@context":"https:\/\/schema.org","@graph":[{"@type":"Article","@id":"https:\/\/www.prijedordanas.com\/?p=241880#article","isPartOf":{"@id":"https:\/\/www.prijedordanas.com\/?p=241880"},"author":{"name":"admin","@id":"https:\/\/www.prijedordanas.com\/#\/schema\/person\/4e08ccf29b506ca916ff86d46bb700e6"},"headline":"Okru\u017eno tu\u017eila\u0161tvo Prijedor: Kolektivna norma 244 odsto, rije\u0161ili tre\u0107inu starih predmeta na nivou RS","datePublished":"2025-02-18T09:18:47+00:00","dateModified":"2025-02-18T09:18:47+00:00","mainEntityOfPage":{"@id":"https:\/\/www.prijedordanas.com\/?p=241880"},"wordCount":472,"publisher":{"@id":"https:\/\/www.prijedordanas.com\/#organization"},"articleSection":["Dru\u0161tvo"],"inLanguage":"en-US"},{"@type":"WebPage","@id":"https:\/\/www.prijedordanas.com\/?p=241880","url":"https:\/\/www.prijedordanas.com\/?p=241880","name":"Okru\u017eno tu\u017eila\u0161tvo Prijedor: Kolektivna norma 244 odsto, rije\u0161ili tre\u0107inu starih predmeta na nivou RS - PrijedorDanas.com - Prijedorski gradski portal","isPartOf":{"@id":"https:\/\/www.prijedordanas.com\/#website"},"datePublished":"2025-02-18T09:18:47+00:00","dateModified":"2025-02-18T09:18:47+00:00","breadcrumb":{"@id":"https:\/\/www.prijedordanas.com\/?p=241880#breadcrumb"},"inLanguage":"en-US","potentialAction":[{"@type":"ReadAction","target":["https:\/\/www.prijedordanas.com\/?p=241880"]}]},{"@type":"BreadcrumbList","@id":"https:\/\/www.prijedordanas.com\/?p=241880#breadcrumb","itemListElement":[{"@type":"ListItem","position":1,"name":"Home","item":"https:\/\/www.prijedordanas.com\/"},{"@type":"ListItem","position":2,"name":"Okru\u017eno tu\u017eila\u0161tvo Prijedor: Kolektivna norma 244 odsto, rije\u0161ili tre\u0107inu starih predmeta na nivou RS"}]},{"@type":"WebSite","@id":"https:\/\/www.prijedordanas.com\/#website","url":"https:\/\/www.prijedordanas.com\/","name":"PrijedorDanas.com - Prijedorski gradski portal","description":"Portal o doga\u0111anjima u gradu Prijedoru","publisher":{"@id":"https:\/\/www.prijedordanas.com\/#organization"},"potentialAction":[{"@type":"SearchAction","target":{"@type":"EntryPoint","urlTemplate":"https:\/\/www.prijedordanas.com\/?s={search_term_string}"},"query-input":"required name=search_term_string"}],"inLanguage":"en-US"},{"@type":"Organization","@id":"https:\/\/www.prijedordanas.com\/#organization","name":"PrijedorDanas.com","url":"https:\/\/www.prijedordanas.com\/","logo":{"@type":"ImageObject","inLanguage":"en-US","@id":"https:\/\/www.prijedordanas.com\/#\/schema\/logo\/image\/","url":"http:\/\/www.prijedordanas.com\/wp-content\/uploads\/2021\/12\/logopng.png","contentUrl":"http:\/\/www.prijedordanas.com\/wp-content\/uploads\/2021\/12\/logopng.png","width":1019,"height":776,"caption":"PrijedorDanas.com"},"image":{"@id":"https:\/\/www.prijedordanas.com\/#\/schema\/logo\/image\/"},"sameAs":["https:\/\/www.facebook.com\/PrijedorDanasCom\/"]},{"@type":"Person","@id":"https:\/\/www.prijedordanas.com\/#\/schema\/person\/4e08ccf29b506ca916ff86d46bb700e6","name":"admin","image":{"@type":"ImageObject","inLanguage":"en-US","@id":"https:\/\/www.prijedordanas.com\/#\/schema\/person\/image\/","url":"https:\/\/secure.gravatar.com\/avatar\/1d3fc949d550f0b53a5f0d51e06dfd79?s=96&d=mm&r=g","contentUrl":"https:\/\/secure.gravatar.com\/avatar\/1d3fc949d550f0b53a5f0d51e06dfd79?s=96&d=mm&r=g","caption":"admin"},"url":"https:\/\/www.prijedordanas.com\/?author=1"}]}},"_links":{"self":[{"href":"https:\/\/www.prijedordanas.com\/index.php?rest_route=\/wp\/v2\/posts\/241880"}],"collection":[{"href":"https:\/\/www.prijedordanas.com\/index.php?rest_route=\/wp\/v2\/posts"}],"about":[{"href":"https:\/\/www.prijedordanas.com\/index.php?rest_route=\/wp\/v2\/types\/post"}],"author":[{"embeddable":true,"href":"https:\/\/www.prijedordanas.com\/index.php?rest_route=\/wp\/v2\/users\/1"}],"replies":[{"embeddable":true,"href":"https:\/\/www.prijedordanas.com\/index.php?rest_route=%2Fwp%2Fv2%2Fcomments&post=241880"}],"version-history":[{"count":1,"href":"https:\/\/www.prijedordanas.com\/index.php?rest_route=\/wp\/v2\/posts\/241880\/revisions"}],"predecessor-version":[{"id":241882,"href":"https:\/\/www.prijedordanas.com\/index.php?rest_route=\/wp\/v2\/posts\/241880\/revisions\/241882"}],"wp:attachment":[{"href":"https:\/\/www.prijedordanas.com\/index.php?rest_route=%2Fwp%2Fv2%2Fmedia&parent=241880"}],"wp:term":[{"taxonomy":"category","embeddable":true,"href":"https:\/\/www.prijedordanas.com\/index.php?rest_route=%2Fwp%2Fv2%2Fcategories&post=241880"},{"taxonomy":"post_tag","embeddable":true,"href":"https:\/\/www.prijedordanas.com\/index.php?rest_route=%2Fwp%2Fv2%2Ftags&post=241880"}],"curies":[{"name":"wp","href":"https:\/\/api.w.org\/{rel}","templated":true}]}}