{"id":241266,"date":"2025-02-06T15:44:10","date_gmt":"2025-02-06T14:44:10","guid":{"rendered":"https:\/\/www.prijedordanas.com\/?p=241266"},"modified":"2025-02-06T15:44:10","modified_gmt":"2025-02-06T14:44:10","slug":"toplana-prijedor-racun-blokiran-grijanje-uredno","status":"publish","type":"post","link":"https:\/\/www.prijedordanas.com\/?p=241266","title":{"rendered":"Toplana Prijedor: Ra\u010dun blokiran, grijanje uredno"},"content":{"rendered":"<p><a href=\"https:\/\/www.prijedordanas.com\/wp-content\/uploads\/2024\/09\/kozarski-toplana-septembar2024-1.jpg\"><img loading=\"lazy\" decoding=\"async\" class=\"alignleft size-medium wp-image-233631\" src=\"https:\/\/www.prijedordanas.com\/wp-content\/uploads\/2024\/09\/kozarski-toplana-septembar2024-1-300x225.jpg\" alt=\"\" width=\"300\" height=\"225\" srcset=\"https:\/\/www.prijedordanas.com\/wp-content\/uploads\/2024\/09\/kozarski-toplana-septembar2024-1-300x225.jpg 300w, https:\/\/www.prijedordanas.com\/wp-content\/uploads\/2024\/09\/kozarski-toplana-septembar2024-1-640x480.jpg 640w, https:\/\/www.prijedordanas.com\/wp-content\/uploads\/2024\/09\/kozarski-toplana-septembar2024-1.jpg 667w\" sizes=\"(max-width: 300px) 100vw, 300px\" \/><\/a>Prijedorskoj \u201cToplani\u201d blokiran je ra\u010dun zbog dugova prema dobavlja\u010du biomase, \u0161to je tre\u0107a blokada ra\u010duna u posljednja tri mjeseca, izjavio je danas direktor \u201cToplane\u201d Du\u0161ko Mileti\u0107.<\/p>\n<p>Mileti\u0107 je naveo da je trenutan dug prema dobavlja\u010du \u2013 prijedorskoj firmi \u201cNiskogradnja Marjanovi\u0107\u201d milion KM i da je rije\u010d o fakturi od 420.000 KM za oktobar i novembar 2024. godine.<\/p>\n<p>On je rekao da je rije\u010d o preduze\u0107u koje je za osam godina ugovorilo 20 miliona KM isporuke sje\u010dke \u201cToplani\u201d i da se sve obaveze pla\u0107aju sa zaka\u0161njenjem.<\/p>\n<p>\u201cIstom dobavlja\u010du smo u protekle \u010detiri godine pla\u0107ali robu sa odgodom, a sad odjednom vi\u0161e ne toleri\u0161e ka\u0161njenje. Ne razumijemo promjenu u pona\u0161anju i saradnji, osim ako nije uslovljena ni\u017eom cijenom biomase\u201d, rekao je Mileti\u0107 Srni.<\/p>\n<p>On ja naveo da je cijena sje\u010dke, koju je \u201cToplana\u201d kupovala od ove firme, u pro\u0161loj sezoni bila 130 KM po toni, a u ovoj sezoni je 75 KM.<\/p>\n<p>\u201cDo ni\u017ee cijene do\u0161lo je putem licitacije na na\u0161em tenderu. Nama je u interesu da cijena bude \u0161to ni\u017ea. Bilo je vi\u0161e ponu\u0111a\u010da i oni su me\u0111usobno se nadmetali ponudama, a najpovoljniju ponudu je imala `Niskogradnja Marjanovi\u0107`\u201d, rekao je Mileti\u0107.<\/p>\n<p>On je dodao da \u0107e prijedorskoj \u201cToplani\u201d ove sezone za energent biti potrebno oko dva i po miliona KM, a pro\u0161le je to bilo za milion KM vi\u0161e.<\/p>\n<p><a href=\"https:\/\/www.prijedordanas.com\/wp-content\/uploads\/2024\/09\/kozarski-toplana-septembar2024-3.jpg\"><img loading=\"lazy\" decoding=\"async\" src=\"https:\/\/www.prijedordanas.com\/wp-content\/uploads\/2024\/09\/kozarski-toplana-septembar2024-3-300x169.jpg\" alt=\"\" width=\"300\" height=\"169\" class=\"alignleft size-medium wp-image-233632\" srcset=\"https:\/\/www.prijedordanas.com\/wp-content\/uploads\/2024\/09\/kozarski-toplana-septembar2024-3-300x169.jpg 300w, https:\/\/www.prijedordanas.com\/wp-content\/uploads\/2024\/09\/kozarski-toplana-septembar2024-3.jpg 600w\" sizes=\"(max-width: 300px) 100vw, 300px\" \/><\/a>Mileti\u0107 je najavio da \u0107e se sastati sa gradona\u010delnikom Prijedora Slobodanom Javorom radi rje\u0161avanja ovog problema.<\/p>\n<p>\u201cGrad nam je u pro\u0161lom mjesecu prebacio 1,5 miliona KM od ukupno 3,2 miliona, koliko je planirano subvencija za ovu godinu, od \u010dega je 1,5 miliona KM namijenjeno za kredit Evropske banke za obnovu i razvoj\u201d, rekao je Mileti\u0107.<\/p>\n<p>On je naveo da je na po\u010detku njetovog mandata u martu 2021. godine \u201cToplana\u201d dugovala \u201cNiskogradnji Marjanovi\u0107\u201d 1.178.000 KM, a da danas ukupan dug iznosi milion KM i da je sve vrijeme ta firma jedini dobavlja\u010d sje\u010dke.<\/p>\n<p>Prema njegovim rije\u010dima, \u201cToplana\u201d svoje obaveze pla\u0107a sa ka\u0161njenjem i svim drugim dobavlja\u010dima koji imaju razumijevanja i ne pose\u017eu za blokadom ra\u010duna, znaju\u0107i da \u0107e im robe i usluge biti pla\u0107ene.<\/p>\n<p>\u201cJu\u010de smo htjeli izvr\u0161iti mjerenje drveta koje je dovezao ovaj dobavlja\u010d, ali se on usprotivio, odbio premjer koji smo mi obavili, svojim kamionom ostao na vagi, zaklju\u010dao vozilo i udaljio se, te je morala intervenisati policija. Poslije je do\u0161ao neko od \u0161umara koje je on anga\u017eovao da obavi premjer\u201d, naveo je Mileti\u0107.<\/p>\n<p>On je istakao da rad \u201cToplane\u201d nije obustavljen, kao ni isporuka usluge centralnog grijanja, navode\u0107i da energenta ima za narednih 25 dana.<\/p>\n<p>Prijedorskoj \u201cToplani\u201d ra\u010dun je prethodno blokiran 30. oktobra, pa 23. decembra pro\u0161le godine.<\/p>\n<p>SRNA<\/p>\n","protected":false},"excerpt":{"rendered":"<p>Prijedorskoj \u201cToplani\u201d blokiran je ra\u010dun zbog dugova prema dobavlja\u010du biomase, \u0161to je tre\u0107a blokada ra\u010duna u posljednja tri mjeseca, izjavio je danas direktor \u201cToplane\u201d Du\u0161ko Mileti\u0107. Mileti\u0107 je naveo da [&hellip;]<\/p>\n","protected":false},"author":1,"featured_media":0,"comment_status":"closed","ping_status":"open","sticky":false,"template":"","format":"standard","meta":{"_monsterinsights_skip_tracking":false,"_monsterinsights_sitenote_active":false,"_monsterinsights_sitenote_note":"","_monsterinsights_sitenote_category":0,"footnotes":""},"categories":[4],"tags":[],"yoast_head":"<!-- This site is optimized with the Yoast SEO plugin v21.6 - https:\/\/yoast.com\/wordpress\/plugins\/seo\/ -->\n<title>Toplana Prijedor: Ra\u010dun blokiran, grijanje uredno - PrijedorDanas.com - Prijedorski gradski portal<\/title>\n<meta name=\"robots\" content=\"index, follow, max-snippet:-1, max-image-preview:large, max-video-preview:-1\" \/>\n<link rel=\"canonical\" href=\"https:\/\/www.prijedordanas.com\/?p=241266\" \/>\n<meta property=\"og:locale\" content=\"en_US\" \/>\n<meta property=\"og:type\" content=\"article\" \/>\n<meta property=\"og:title\" content=\"Toplana Prijedor: Ra\u010dun blokiran, grijanje uredno - PrijedorDanas.com - Prijedorski gradski portal\" \/>\n<meta property=\"og:description\" content=\"Prijedorskoj \u201cToplani\u201d blokiran je ra\u010dun zbog dugova prema dobavlja\u010du biomase, \u0161to je tre\u0107a blokada ra\u010duna u posljednja tri mjeseca, izjavio je danas direktor \u201cToplane\u201d Du\u0161ko Mileti\u0107. Mileti\u0107 je naveo da [&hellip;]\" \/>\n<meta property=\"og:url\" content=\"https:\/\/www.prijedordanas.com\/?p=241266\" \/>\n<meta property=\"og:site_name\" content=\"PrijedorDanas.com - Prijedorski gradski portal\" \/>\n<meta property=\"article:publisher\" content=\"https:\/\/www.facebook.com\/PrijedorDanasCom\/\" \/>\n<meta property=\"article:published_time\" content=\"2025-02-06T14:44:10+00:00\" \/>\n<meta property=\"og:image\" content=\"https:\/\/www.prijedordanas.com\/wp-content\/uploads\/2024\/09\/kozarski-toplana-septembar2024-1-300x225.jpg\" \/>\n<meta name=\"author\" content=\"admin\" \/>\n<meta name=\"twitter:card\" content=\"summary_large_image\" \/>\n<meta name=\"twitter:label1\" content=\"Written by\" \/>\n\t<meta name=\"twitter:data1\" content=\"admin\" \/>\n\t<meta name=\"twitter:label2\" content=\"Est. reading time\" \/>\n\t<meta name=\"twitter:data2\" content=\"3 minutes\" \/>\n<script type=\"application\/ld+json\" class=\"yoast-schema-graph\">{\"@context\":\"https:\/\/schema.org\",\"@graph\":[{\"@type\":\"Article\",\"@id\":\"https:\/\/www.prijedordanas.com\/?p=241266#article\",\"isPartOf\":{\"@id\":\"https:\/\/www.prijedordanas.com\/?p=241266\"},\"author\":{\"name\":\"admin\",\"@id\":\"https:\/\/www.prijedordanas.com\/#\/schema\/person\/4e08ccf29b506ca916ff86d46bb700e6\"},\"headline\":\"Toplana Prijedor: Ra\u010dun blokiran, grijanje uredno\",\"datePublished\":\"2025-02-06T14:44:10+00:00\",\"dateModified\":\"2025-02-06T14:44:10+00:00\",\"mainEntityOfPage\":{\"@id\":\"https:\/\/www.prijedordanas.com\/?p=241266\"},\"wordCount\":472,\"publisher\":{\"@id\":\"https:\/\/www.prijedordanas.com\/#organization\"},\"articleSection\":[\"Dru\u0161tvo\"],\"inLanguage\":\"en-US\"},{\"@type\":\"WebPage\",\"@id\":\"https:\/\/www.prijedordanas.com\/?p=241266\",\"url\":\"https:\/\/www.prijedordanas.com\/?p=241266\",\"name\":\"Toplana Prijedor: Ra\u010dun blokiran, grijanje uredno - PrijedorDanas.com - Prijedorski gradski portal\",\"isPartOf\":{\"@id\":\"https:\/\/www.prijedordanas.com\/#website\"},\"datePublished\":\"2025-02-06T14:44:10+00:00\",\"dateModified\":\"2025-02-06T14:44:10+00:00\",\"breadcrumb\":{\"@id\":\"https:\/\/www.prijedordanas.com\/?p=241266#breadcrumb\"},\"inLanguage\":\"en-US\",\"potentialAction\":[{\"@type\":\"ReadAction\",\"target\":[\"https:\/\/www.prijedordanas.com\/?p=241266\"]}]},{\"@type\":\"BreadcrumbList\",\"@id\":\"https:\/\/www.prijedordanas.com\/?p=241266#breadcrumb\",\"itemListElement\":[{\"@type\":\"ListItem\",\"position\":1,\"name\":\"Home\",\"item\":\"https:\/\/www.prijedordanas.com\/\"},{\"@type\":\"ListItem\",\"position\":2,\"name\":\"Toplana Prijedor: Ra\u010dun blokiran, grijanje uredno\"}]},{\"@type\":\"WebSite\",\"@id\":\"https:\/\/www.prijedordanas.com\/#website\",\"url\":\"https:\/\/www.prijedordanas.com\/\",\"name\":\"PrijedorDanas.com - Prijedorski gradski portal\",\"description\":\"Portal o doga\u0111anjima u gradu Prijedoru\",\"publisher\":{\"@id\":\"https:\/\/www.prijedordanas.com\/#organization\"},\"potentialAction\":[{\"@type\":\"SearchAction\",\"target\":{\"@type\":\"EntryPoint\",\"urlTemplate\":\"https:\/\/www.prijedordanas.com\/?s={search_term_string}\"},\"query-input\":\"required name=search_term_string\"}],\"inLanguage\":\"en-US\"},{\"@type\":\"Organization\",\"@id\":\"https:\/\/www.prijedordanas.com\/#organization\",\"name\":\"PrijedorDanas.com\",\"url\":\"https:\/\/www.prijedordanas.com\/\",\"logo\":{\"@type\":\"ImageObject\",\"inLanguage\":\"en-US\",\"@id\":\"https:\/\/www.prijedordanas.com\/#\/schema\/logo\/image\/\",\"url\":\"http:\/\/www.prijedordanas.com\/wp-content\/uploads\/2021\/12\/logopng.png\",\"contentUrl\":\"http:\/\/www.prijedordanas.com\/wp-content\/uploads\/2021\/12\/logopng.png\",\"width\":1019,\"height\":776,\"caption\":\"PrijedorDanas.com\"},\"image\":{\"@id\":\"https:\/\/www.prijedordanas.com\/#\/schema\/logo\/image\/\"},\"sameAs\":[\"https:\/\/www.facebook.com\/PrijedorDanasCom\/\"]},{\"@type\":\"Person\",\"@id\":\"https:\/\/www.prijedordanas.com\/#\/schema\/person\/4e08ccf29b506ca916ff86d46bb700e6\",\"name\":\"admin\",\"image\":{\"@type\":\"ImageObject\",\"inLanguage\":\"en-US\",\"@id\":\"https:\/\/www.prijedordanas.com\/#\/schema\/person\/image\/\",\"url\":\"https:\/\/secure.gravatar.com\/avatar\/1d3fc949d550f0b53a5f0d51e06dfd79?s=96&d=mm&r=g\",\"contentUrl\":\"https:\/\/secure.gravatar.com\/avatar\/1d3fc949d550f0b53a5f0d51e06dfd79?s=96&d=mm&r=g\",\"caption\":\"admin\"},\"url\":\"https:\/\/www.prijedordanas.com\/?author=1\"}]}<\/script>\n<!-- \/ Yoast SEO plugin. -->","yoast_head_json":{"title":"Toplana Prijedor: Ra\u010dun blokiran, grijanje uredno - PrijedorDanas.com - Prijedorski gradski portal","robots":{"index":"index","follow":"follow","max-snippet":"max-snippet:-1","max-image-preview":"max-image-preview:large","max-video-preview":"max-video-preview:-1"},"canonical":"https:\/\/www.prijedordanas.com\/?p=241266","og_locale":"en_US","og_type":"article","og_title":"Toplana Prijedor: Ra\u010dun blokiran, grijanje uredno - PrijedorDanas.com - Prijedorski gradski portal","og_description":"Prijedorskoj \u201cToplani\u201d blokiran je ra\u010dun zbog dugova prema dobavlja\u010du biomase, \u0161to je tre\u0107a blokada ra\u010duna u posljednja tri mjeseca, izjavio je danas direktor \u201cToplane\u201d Du\u0161ko Mileti\u0107. Mileti\u0107 je naveo da [&hellip;]","og_url":"https:\/\/www.prijedordanas.com\/?p=241266","og_site_name":"PrijedorDanas.com - Prijedorski gradski portal","article_publisher":"https:\/\/www.facebook.com\/PrijedorDanasCom\/","article_published_time":"2025-02-06T14:44:10+00:00","og_image":[{"url":"https:\/\/www.prijedordanas.com\/wp-content\/uploads\/2024\/09\/kozarski-toplana-septembar2024-1-300x225.jpg"}],"author":"admin","twitter_card":"summary_large_image","twitter_misc":{"Written by":"admin","Est. reading time":"3 minutes"},"schema":{"@context":"https:\/\/schema.org","@graph":[{"@type":"Article","@id":"https:\/\/www.prijedordanas.com\/?p=241266#article","isPartOf":{"@id":"https:\/\/www.prijedordanas.com\/?p=241266"},"author":{"name":"admin","@id":"https:\/\/www.prijedordanas.com\/#\/schema\/person\/4e08ccf29b506ca916ff86d46bb700e6"},"headline":"Toplana Prijedor: Ra\u010dun blokiran, grijanje uredno","datePublished":"2025-02-06T14:44:10+00:00","dateModified":"2025-02-06T14:44:10+00:00","mainEntityOfPage":{"@id":"https:\/\/www.prijedordanas.com\/?p=241266"},"wordCount":472,"publisher":{"@id":"https:\/\/www.prijedordanas.com\/#organization"},"articleSection":["Dru\u0161tvo"],"inLanguage":"en-US"},{"@type":"WebPage","@id":"https:\/\/www.prijedordanas.com\/?p=241266","url":"https:\/\/www.prijedordanas.com\/?p=241266","name":"Toplana Prijedor: Ra\u010dun blokiran, grijanje uredno - PrijedorDanas.com - Prijedorski gradski portal","isPartOf":{"@id":"https:\/\/www.prijedordanas.com\/#website"},"datePublished":"2025-02-06T14:44:10+00:00","dateModified":"2025-02-06T14:44:10+00:00","breadcrumb":{"@id":"https:\/\/www.prijedordanas.com\/?p=241266#breadcrumb"},"inLanguage":"en-US","potentialAction":[{"@type":"ReadAction","target":["https:\/\/www.prijedordanas.com\/?p=241266"]}]},{"@type":"BreadcrumbList","@id":"https:\/\/www.prijedordanas.com\/?p=241266#breadcrumb","itemListElement":[{"@type":"ListItem","position":1,"name":"Home","item":"https:\/\/www.prijedordanas.com\/"},{"@type":"ListItem","position":2,"name":"Toplana Prijedor: Ra\u010dun blokiran, grijanje uredno"}]},{"@type":"WebSite","@id":"https:\/\/www.prijedordanas.com\/#website","url":"https:\/\/www.prijedordanas.com\/","name":"PrijedorDanas.com - Prijedorski gradski portal","description":"Portal o doga\u0111anjima u gradu Prijedoru","publisher":{"@id":"https:\/\/www.prijedordanas.com\/#organization"},"potentialAction":[{"@type":"SearchAction","target":{"@type":"EntryPoint","urlTemplate":"https:\/\/www.prijedordanas.com\/?s={search_term_string}"},"query-input":"required name=search_term_string"}],"inLanguage":"en-US"},{"@type":"Organization","@id":"https:\/\/www.prijedordanas.com\/#organization","name":"PrijedorDanas.com","url":"https:\/\/www.prijedordanas.com\/","logo":{"@type":"ImageObject","inLanguage":"en-US","@id":"https:\/\/www.prijedordanas.com\/#\/schema\/logo\/image\/","url":"http:\/\/www.prijedordanas.com\/wp-content\/uploads\/2021\/12\/logopng.png","contentUrl":"http:\/\/www.prijedordanas.com\/wp-content\/uploads\/2021\/12\/logopng.png","width":1019,"height":776,"caption":"PrijedorDanas.com"},"image":{"@id":"https:\/\/www.prijedordanas.com\/#\/schema\/logo\/image\/"},"sameAs":["https:\/\/www.facebook.com\/PrijedorDanasCom\/"]},{"@type":"Person","@id":"https:\/\/www.prijedordanas.com\/#\/schema\/person\/4e08ccf29b506ca916ff86d46bb700e6","name":"admin","image":{"@type":"ImageObject","inLanguage":"en-US","@id":"https:\/\/www.prijedordanas.com\/#\/schema\/person\/image\/","url":"https:\/\/secure.gravatar.com\/avatar\/1d3fc949d550f0b53a5f0d51e06dfd79?s=96&d=mm&r=g","contentUrl":"https:\/\/secure.gravatar.com\/avatar\/1d3fc949d550f0b53a5f0d51e06dfd79?s=96&d=mm&r=g","caption":"admin"},"url":"https:\/\/www.prijedordanas.com\/?author=1"}]}},"_links":{"self":[{"href":"https:\/\/www.prijedordanas.com\/index.php?rest_route=\/wp\/v2\/posts\/241266"}],"collection":[{"href":"https:\/\/www.prijedordanas.com\/index.php?rest_route=\/wp\/v2\/posts"}],"about":[{"href":"https:\/\/www.prijedordanas.com\/index.php?rest_route=\/wp\/v2\/types\/post"}],"author":[{"embeddable":true,"href":"https:\/\/www.prijedordanas.com\/index.php?rest_route=\/wp\/v2\/users\/1"}],"replies":[{"embeddable":true,"href":"https:\/\/www.prijedordanas.com\/index.php?rest_route=%2Fwp%2Fv2%2Fcomments&post=241266"}],"version-history":[{"count":1,"href":"https:\/\/www.prijedordanas.com\/index.php?rest_route=\/wp\/v2\/posts\/241266\/revisions"}],"predecessor-version":[{"id":241267,"href":"https:\/\/www.prijedordanas.com\/index.php?rest_route=\/wp\/v2\/posts\/241266\/revisions\/241267"}],"wp:attachment":[{"href":"https:\/\/www.prijedordanas.com\/index.php?rest_route=%2Fwp%2Fv2%2Fmedia&parent=241266"}],"wp:term":[{"taxonomy":"category","embeddable":true,"href":"https:\/\/www.prijedordanas.com\/index.php?rest_route=%2Fwp%2Fv2%2Fcategories&post=241266"},{"taxonomy":"post_tag","embeddable":true,"href":"https:\/\/www.prijedordanas.com\/index.php?rest_route=%2Fwp%2Fv2%2Ftags&post=241266"}],"curies":[{"name":"wp","href":"https:\/\/api.w.org\/{rel}","templated":true}]}}