{"id":241009,"date":"2025-01-31T15:31:18","date_gmt":"2025-01-31T14:31:18","guid":{"rendered":"https:\/\/www.prijedordanas.com\/?p=241009"},"modified":"2025-01-31T15:31:18","modified_gmt":"2025-01-31T14:31:18","slug":"goran-kecman-novi-sef-strucnog-staba-fk-rudar-prijedor-sikiric-i-babic-pomocnici","status":"publish","type":"post","link":"https:\/\/www.prijedordanas.com\/?p=241009","title":{"rendered":"Goran Kecman novi \u0161ef stru\u010dnog \u0161taba FK &#8220;Rudar-Prijedor&#8221;: Sikiri\u0107 i Babi\u0107 pomo\u0107nici"},"content":{"rendered":"<p><a href=\"https:\/\/www.prijedordanas.com\/wp-content\/uploads\/2025\/01\/rudar-prijedor-kecman-novi-sef-strucnog-staba-2.jpg\"><img loading=\"lazy\" decoding=\"async\" class=\"alignleft size-medium wp-image-241010\" src=\"https:\/\/www.prijedordanas.com\/wp-content\/uploads\/2025\/01\/rudar-prijedor-kecman-novi-sef-strucnog-staba-2-300x300.jpg\" alt=\"\" width=\"300\" height=\"300\" srcset=\"https:\/\/www.prijedordanas.com\/wp-content\/uploads\/2025\/01\/rudar-prijedor-kecman-novi-sef-strucnog-staba-2-300x300.jpg 300w, https:\/\/www.prijedordanas.com\/wp-content\/uploads\/2025\/01\/rudar-prijedor-kecman-novi-sef-strucnog-staba-2-150x150.jpg 150w, https:\/\/www.prijedordanas.com\/wp-content\/uploads\/2025\/01\/rudar-prijedor-kecman-novi-sef-strucnog-staba-2-50x50.jpg 50w, https:\/\/www.prijedordanas.com\/wp-content\/uploads\/2025\/01\/rudar-prijedor-kecman-novi-sef-strucnog-staba-2.jpg 600w\" sizes=\"(max-width: 300px) 100vw, 300px\" \/><\/a>Goran Kecman je novi \u0161ef stru\u010dnog \u0161taba FK &#8220;Rudar-Prijedor&#8221;.<\/p>\n<p>-Na prvoj konstitutivnoj sjednici novog Upravnog odbora kluba, Kecman je izabran za \u0161efa stru\u010dnog \u0161taba FK Rudar-Prijedor. Dosada\u0161nji pomo\u0107nik u seniorskom timu, trener u mla\u0111im kategorijama, biv\u0161i igra\u010d i vojnik kluba, dobio je priliku da kao trener predvodi rudare do kraja aktuelne sezone &#8211; navodi se na Facebook stranici kluba.<\/p>\n<p>Novi \u0161ef je izabrao svoj tim, \u010dine ga Dino Sikiri\u0107 i Dragoslav Babi\u0107, koji \u0107e uz trenera golmana Pericu Topi\u0107a i fizioterapeuta Vladana Lekani\u0107a, \u010diniti novi stru\u010dni \u0161tab \u017euto-plavih.<\/p>\n<p>-Momci, \u017eelimo vam puno sre\u0107e u radu i da uspje\u0161no predvodite \u017euto-plave &#8211; poru\u010dju iz &#8220;Rudar-Prijedora&#8221;.<\/p>\n<p>Osim Kecmana, kandidat za klupu &#8220;rudara sa Sane&#8221; bio je i Ned\u017ead \u017deri\u0107, tako\u0111e nekada\u0161nji prvotimac Prijedor\u010dana.<\/p>\n<p>Priredio &#8211; <a href=\"https:\/\/www.prijedordanas.com\" target=\"_blank\" rel=\"noopener noreferrer\">www.prijedordanas.com<\/a><br \/>\nFoto &#8211; FK Rudar-Prijedor<\/p>\n<p><a href=\"https:\/\/www.prijedordanas.com\/wp-content\/uploads\/2025\/01\/rudar-prijedor-kecman-novi-sef-strucnog-staba-1.jpg\"><img loading=\"lazy\" decoding=\"async\" src=\"https:\/\/www.prijedordanas.com\/wp-content\/uploads\/2025\/01\/rudar-prijedor-kecman-novi-sef-strucnog-staba-1-300x300.jpg\" alt=\"\" width=\"300\" height=\"300\" class=\"alignleft size-medium wp-image-241011\" srcset=\"https:\/\/www.prijedordanas.com\/wp-content\/uploads\/2025\/01\/rudar-prijedor-kecman-novi-sef-strucnog-staba-1-300x300.jpg 300w, https:\/\/www.prijedordanas.com\/wp-content\/uploads\/2025\/01\/rudar-prijedor-kecman-novi-sef-strucnog-staba-1-150x150.jpg 150w, https:\/\/www.prijedordanas.com\/wp-content\/uploads\/2025\/01\/rudar-prijedor-kecman-novi-sef-strucnog-staba-1-50x50.jpg 50w, https:\/\/www.prijedordanas.com\/wp-content\/uploads\/2025\/01\/rudar-prijedor-kecman-novi-sef-strucnog-staba-1.jpg 600w\" sizes=\"(max-width: 300px) 100vw, 300px\" \/><\/a><\/p>\n","protected":false},"excerpt":{"rendered":"<p>Goran Kecman je novi \u0161ef stru\u010dnog \u0161taba FK &#8220;Rudar-Prijedor&#8221;. -Na prvoj konstitutivnoj sjednici novog Upravnog odbora kluba, Kecman je izabran za \u0161efa stru\u010dnog \u0161taba FK Rudar-Prijedor. Dosada\u0161nji pomo\u0107nik u seniorskom [&hellip;]<\/p>\n","protected":false},"author":1,"featured_media":0,"comment_status":"closed","ping_status":"open","sticky":false,"template":"","format":"standard","meta":{"_monsterinsights_skip_tracking":false,"_monsterinsights_sitenote_active":false,"_monsterinsights_sitenote_note":"","_monsterinsights_sitenote_category":0,"footnotes":""},"categories":[7],"tags":[],"yoast_head":"<!-- This site is optimized with the Yoast SEO plugin v21.6 - https:\/\/yoast.com\/wordpress\/plugins\/seo\/ -->\n<title>Goran Kecman novi \u0161ef stru\u010dnog \u0161taba FK &quot;Rudar-Prijedor&quot;: Sikiri\u0107 i Babi\u0107 pomo\u0107nici - PrijedorDanas.com - Prijedorski gradski portal<\/title>\n<meta name=\"robots\" content=\"index, follow, max-snippet:-1, max-image-preview:large, max-video-preview:-1\" \/>\n<link rel=\"canonical\" href=\"https:\/\/www.prijedordanas.com\/?p=241009\" \/>\n<meta property=\"og:locale\" content=\"en_US\" \/>\n<meta property=\"og:type\" content=\"article\" \/>\n<meta property=\"og:title\" content=\"Goran Kecman novi \u0161ef stru\u010dnog \u0161taba FK &quot;Rudar-Prijedor&quot;: Sikiri\u0107 i Babi\u0107 pomo\u0107nici - PrijedorDanas.com - Prijedorski gradski portal\" \/>\n<meta property=\"og:description\" content=\"Goran Kecman je novi \u0161ef stru\u010dnog \u0161taba FK &#8220;Rudar-Prijedor&#8221;. -Na prvoj konstitutivnoj sjednici novog Upravnog odbora kluba, Kecman je izabran za \u0161efa stru\u010dnog \u0161taba FK Rudar-Prijedor. Dosada\u0161nji pomo\u0107nik u seniorskom [&hellip;]\" \/>\n<meta property=\"og:url\" content=\"https:\/\/www.prijedordanas.com\/?p=241009\" \/>\n<meta property=\"og:site_name\" content=\"PrijedorDanas.com - Prijedorski gradski portal\" \/>\n<meta property=\"article:publisher\" content=\"https:\/\/www.facebook.com\/PrijedorDanasCom\/\" \/>\n<meta property=\"article:published_time\" content=\"2025-01-31T14:31:18+00:00\" \/>\n<meta property=\"og:image\" content=\"https:\/\/www.prijedordanas.com\/wp-content\/uploads\/2025\/01\/rudar-prijedor-kecman-novi-sef-strucnog-staba-2-300x300.jpg\" \/>\n<meta name=\"author\" content=\"admin\" \/>\n<meta name=\"twitter:card\" content=\"summary_large_image\" \/>\n<meta name=\"twitter:label1\" content=\"Written by\" \/>\n\t<meta name=\"twitter:data1\" content=\"admin\" \/>\n\t<meta name=\"twitter:label2\" content=\"Est. reading time\" \/>\n\t<meta name=\"twitter:data2\" content=\"1 minute\" \/>\n<script type=\"application\/ld+json\" class=\"yoast-schema-graph\">{\"@context\":\"https:\/\/schema.org\",\"@graph\":[{\"@type\":\"Article\",\"@id\":\"https:\/\/www.prijedordanas.com\/?p=241009#article\",\"isPartOf\":{\"@id\":\"https:\/\/www.prijedordanas.com\/?p=241009\"},\"author\":{\"name\":\"admin\",\"@id\":\"https:\/\/www.prijedordanas.com\/#\/schema\/person\/4e08ccf29b506ca916ff86d46bb700e6\"},\"headline\":\"Goran Kecman novi \u0161ef stru\u010dnog \u0161taba FK &#8220;Rudar-Prijedor&#8221;: Sikiri\u0107 i Babi\u0107 pomo\u0107nici\",\"datePublished\":\"2025-01-31T14:31:18+00:00\",\"dateModified\":\"2025-01-31T14:31:18+00:00\",\"mainEntityOfPage\":{\"@id\":\"https:\/\/www.prijedordanas.com\/?p=241009\"},\"wordCount\":160,\"publisher\":{\"@id\":\"https:\/\/www.prijedordanas.com\/#organization\"},\"articleSection\":[\"Sport\"],\"inLanguage\":\"en-US\"},{\"@type\":\"WebPage\",\"@id\":\"https:\/\/www.prijedordanas.com\/?p=241009\",\"url\":\"https:\/\/www.prijedordanas.com\/?p=241009\",\"name\":\"Goran Kecman novi \u0161ef stru\u010dnog \u0161taba FK \\\"Rudar-Prijedor\\\": Sikiri\u0107 i Babi\u0107 pomo\u0107nici - PrijedorDanas.com - Prijedorski gradski portal\",\"isPartOf\":{\"@id\":\"https:\/\/www.prijedordanas.com\/#website\"},\"datePublished\":\"2025-01-31T14:31:18+00:00\",\"dateModified\":\"2025-01-31T14:31:18+00:00\",\"breadcrumb\":{\"@id\":\"https:\/\/www.prijedordanas.com\/?p=241009#breadcrumb\"},\"inLanguage\":\"en-US\",\"potentialAction\":[{\"@type\":\"ReadAction\",\"target\":[\"https:\/\/www.prijedordanas.com\/?p=241009\"]}]},{\"@type\":\"BreadcrumbList\",\"@id\":\"https:\/\/www.prijedordanas.com\/?p=241009#breadcrumb\",\"itemListElement\":[{\"@type\":\"ListItem\",\"position\":1,\"name\":\"Home\",\"item\":\"https:\/\/www.prijedordanas.com\/\"},{\"@type\":\"ListItem\",\"position\":2,\"name\":\"Goran Kecman novi \u0161ef stru\u010dnog \u0161taba FK &#8220;Rudar-Prijedor&#8221;: Sikiri\u0107 i Babi\u0107 pomo\u0107nici\"}]},{\"@type\":\"WebSite\",\"@id\":\"https:\/\/www.prijedordanas.com\/#website\",\"url\":\"https:\/\/www.prijedordanas.com\/\",\"name\":\"PrijedorDanas.com - Prijedorski gradski portal\",\"description\":\"Portal o doga\u0111anjima u gradu Prijedoru\",\"publisher\":{\"@id\":\"https:\/\/www.prijedordanas.com\/#organization\"},\"potentialAction\":[{\"@type\":\"SearchAction\",\"target\":{\"@type\":\"EntryPoint\",\"urlTemplate\":\"https:\/\/www.prijedordanas.com\/?s={search_term_string}\"},\"query-input\":\"required name=search_term_string\"}],\"inLanguage\":\"en-US\"},{\"@type\":\"Organization\",\"@id\":\"https:\/\/www.prijedordanas.com\/#organization\",\"name\":\"PrijedorDanas.com\",\"url\":\"https:\/\/www.prijedordanas.com\/\",\"logo\":{\"@type\":\"ImageObject\",\"inLanguage\":\"en-US\",\"@id\":\"https:\/\/www.prijedordanas.com\/#\/schema\/logo\/image\/\",\"url\":\"http:\/\/www.prijedordanas.com\/wp-content\/uploads\/2021\/12\/logopng.png\",\"contentUrl\":\"http:\/\/www.prijedordanas.com\/wp-content\/uploads\/2021\/12\/logopng.png\",\"width\":1019,\"height\":776,\"caption\":\"PrijedorDanas.com\"},\"image\":{\"@id\":\"https:\/\/www.prijedordanas.com\/#\/schema\/logo\/image\/\"},\"sameAs\":[\"https:\/\/www.facebook.com\/PrijedorDanasCom\/\"]},{\"@type\":\"Person\",\"@id\":\"https:\/\/www.prijedordanas.com\/#\/schema\/person\/4e08ccf29b506ca916ff86d46bb700e6\",\"name\":\"admin\",\"image\":{\"@type\":\"ImageObject\",\"inLanguage\":\"en-US\",\"@id\":\"https:\/\/www.prijedordanas.com\/#\/schema\/person\/image\/\",\"url\":\"https:\/\/secure.gravatar.com\/avatar\/1d3fc949d550f0b53a5f0d51e06dfd79?s=96&d=mm&r=g\",\"contentUrl\":\"https:\/\/secure.gravatar.com\/avatar\/1d3fc949d550f0b53a5f0d51e06dfd79?s=96&d=mm&r=g\",\"caption\":\"admin\"},\"url\":\"https:\/\/www.prijedordanas.com\/?author=1\"}]}<\/script>\n<!-- \/ Yoast SEO plugin. -->","yoast_head_json":{"title":"Goran Kecman novi \u0161ef stru\u010dnog \u0161taba FK \"Rudar-Prijedor\": Sikiri\u0107 i Babi\u0107 pomo\u0107nici - PrijedorDanas.com - Prijedorski gradski portal","robots":{"index":"index","follow":"follow","max-snippet":"max-snippet:-1","max-image-preview":"max-image-preview:large","max-video-preview":"max-video-preview:-1"},"canonical":"https:\/\/www.prijedordanas.com\/?p=241009","og_locale":"en_US","og_type":"article","og_title":"Goran Kecman novi \u0161ef stru\u010dnog \u0161taba FK \"Rudar-Prijedor\": Sikiri\u0107 i Babi\u0107 pomo\u0107nici - PrijedorDanas.com - Prijedorski gradski portal","og_description":"Goran Kecman je novi \u0161ef stru\u010dnog \u0161taba FK &#8220;Rudar-Prijedor&#8221;. -Na prvoj konstitutivnoj sjednici novog Upravnog odbora kluba, Kecman je izabran za \u0161efa stru\u010dnog \u0161taba FK Rudar-Prijedor. Dosada\u0161nji pomo\u0107nik u seniorskom [&hellip;]","og_url":"https:\/\/www.prijedordanas.com\/?p=241009","og_site_name":"PrijedorDanas.com - Prijedorski gradski portal","article_publisher":"https:\/\/www.facebook.com\/PrijedorDanasCom\/","article_published_time":"2025-01-31T14:31:18+00:00","og_image":[{"url":"https:\/\/www.prijedordanas.com\/wp-content\/uploads\/2025\/01\/rudar-prijedor-kecman-novi-sef-strucnog-staba-2-300x300.jpg"}],"author":"admin","twitter_card":"summary_large_image","twitter_misc":{"Written by":"admin","Est. reading time":"1 minute"},"schema":{"@context":"https:\/\/schema.org","@graph":[{"@type":"Article","@id":"https:\/\/www.prijedordanas.com\/?p=241009#article","isPartOf":{"@id":"https:\/\/www.prijedordanas.com\/?p=241009"},"author":{"name":"admin","@id":"https:\/\/www.prijedordanas.com\/#\/schema\/person\/4e08ccf29b506ca916ff86d46bb700e6"},"headline":"Goran Kecman novi \u0161ef stru\u010dnog \u0161taba FK &#8220;Rudar-Prijedor&#8221;: Sikiri\u0107 i Babi\u0107 pomo\u0107nici","datePublished":"2025-01-31T14:31:18+00:00","dateModified":"2025-01-31T14:31:18+00:00","mainEntityOfPage":{"@id":"https:\/\/www.prijedordanas.com\/?p=241009"},"wordCount":160,"publisher":{"@id":"https:\/\/www.prijedordanas.com\/#organization"},"articleSection":["Sport"],"inLanguage":"en-US"},{"@type":"WebPage","@id":"https:\/\/www.prijedordanas.com\/?p=241009","url":"https:\/\/www.prijedordanas.com\/?p=241009","name":"Goran Kecman novi \u0161ef stru\u010dnog \u0161taba FK \"Rudar-Prijedor\": Sikiri\u0107 i Babi\u0107 pomo\u0107nici - PrijedorDanas.com - Prijedorski gradski portal","isPartOf":{"@id":"https:\/\/www.prijedordanas.com\/#website"},"datePublished":"2025-01-31T14:31:18+00:00","dateModified":"2025-01-31T14:31:18+00:00","breadcrumb":{"@id":"https:\/\/www.prijedordanas.com\/?p=241009#breadcrumb"},"inLanguage":"en-US","potentialAction":[{"@type":"ReadAction","target":["https:\/\/www.prijedordanas.com\/?p=241009"]}]},{"@type":"BreadcrumbList","@id":"https:\/\/www.prijedordanas.com\/?p=241009#breadcrumb","itemListElement":[{"@type":"ListItem","position":1,"name":"Home","item":"https:\/\/www.prijedordanas.com\/"},{"@type":"ListItem","position":2,"name":"Goran Kecman novi \u0161ef stru\u010dnog \u0161taba FK &#8220;Rudar-Prijedor&#8221;: Sikiri\u0107 i Babi\u0107 pomo\u0107nici"}]},{"@type":"WebSite","@id":"https:\/\/www.prijedordanas.com\/#website","url":"https:\/\/www.prijedordanas.com\/","name":"PrijedorDanas.com - Prijedorski gradski portal","description":"Portal o doga\u0111anjima u gradu Prijedoru","publisher":{"@id":"https:\/\/www.prijedordanas.com\/#organization"},"potentialAction":[{"@type":"SearchAction","target":{"@type":"EntryPoint","urlTemplate":"https:\/\/www.prijedordanas.com\/?s={search_term_string}"},"query-input":"required name=search_term_string"}],"inLanguage":"en-US"},{"@type":"Organization","@id":"https:\/\/www.prijedordanas.com\/#organization","name":"PrijedorDanas.com","url":"https:\/\/www.prijedordanas.com\/","logo":{"@type":"ImageObject","inLanguage":"en-US","@id":"https:\/\/www.prijedordanas.com\/#\/schema\/logo\/image\/","url":"http:\/\/www.prijedordanas.com\/wp-content\/uploads\/2021\/12\/logopng.png","contentUrl":"http:\/\/www.prijedordanas.com\/wp-content\/uploads\/2021\/12\/logopng.png","width":1019,"height":776,"caption":"PrijedorDanas.com"},"image":{"@id":"https:\/\/www.prijedordanas.com\/#\/schema\/logo\/image\/"},"sameAs":["https:\/\/www.facebook.com\/PrijedorDanasCom\/"]},{"@type":"Person","@id":"https:\/\/www.prijedordanas.com\/#\/schema\/person\/4e08ccf29b506ca916ff86d46bb700e6","name":"admin","image":{"@type":"ImageObject","inLanguage":"en-US","@id":"https:\/\/www.prijedordanas.com\/#\/schema\/person\/image\/","url":"https:\/\/secure.gravatar.com\/avatar\/1d3fc949d550f0b53a5f0d51e06dfd79?s=96&d=mm&r=g","contentUrl":"https:\/\/secure.gravatar.com\/avatar\/1d3fc949d550f0b53a5f0d51e06dfd79?s=96&d=mm&r=g","caption":"admin"},"url":"https:\/\/www.prijedordanas.com\/?author=1"}]}},"_links":{"self":[{"href":"https:\/\/www.prijedordanas.com\/index.php?rest_route=\/wp\/v2\/posts\/241009"}],"collection":[{"href":"https:\/\/www.prijedordanas.com\/index.php?rest_route=\/wp\/v2\/posts"}],"about":[{"href":"https:\/\/www.prijedordanas.com\/index.php?rest_route=\/wp\/v2\/types\/post"}],"author":[{"embeddable":true,"href":"https:\/\/www.prijedordanas.com\/index.php?rest_route=\/wp\/v2\/users\/1"}],"replies":[{"embeddable":true,"href":"https:\/\/www.prijedordanas.com\/index.php?rest_route=%2Fwp%2Fv2%2Fcomments&post=241009"}],"version-history":[{"count":1,"href":"https:\/\/www.prijedordanas.com\/index.php?rest_route=\/wp\/v2\/posts\/241009\/revisions"}],"predecessor-version":[{"id":241012,"href":"https:\/\/www.prijedordanas.com\/index.php?rest_route=\/wp\/v2\/posts\/241009\/revisions\/241012"}],"wp:attachment":[{"href":"https:\/\/www.prijedordanas.com\/index.php?rest_route=%2Fwp%2Fv2%2Fmedia&parent=241009"}],"wp:term":[{"taxonomy":"category","embeddable":true,"href":"https:\/\/www.prijedordanas.com\/index.php?rest_route=%2Fwp%2Fv2%2Fcategories&post=241009"},{"taxonomy":"post_tag","embeddable":true,"href":"https:\/\/www.prijedordanas.com\/index.php?rest_route=%2Fwp%2Fv2%2Ftags&post=241009"}],"curies":[{"name":"wp","href":"https:\/\/api.w.org\/{rel}","templated":true}]}}