{"id":240909,"date":"2025-01-29T17:27:33","date_gmt":"2025-01-29T16:27:33","guid":{"rendered":"https:\/\/www.prijedordanas.com\/?p=240909"},"modified":"2025-01-29T17:27:33","modified_gmt":"2025-01-29T16:27:33","slug":"gradonacelnik-javor-pozvao-direktora-doma-zdravlja-prijedor-da-odustane-od-smanjenja-koeficijenata-radnicima","status":"publish","type":"post","link":"https:\/\/www.prijedordanas.com\/?p=240909","title":{"rendered":"Gradona\u010delnik Javor pozvao direktora Doma zdravlja Prijedor da odustane od smanjenja koeficijenata radnicima"},"content":{"rendered":"<p><a href=\"https:\/\/www.prijedordanas.com\/wp-content\/uploads\/2024\/12\/javor-decembar2024.jpg\"><img loading=\"lazy\" decoding=\"async\" src=\"https:\/\/www.prijedordanas.com\/wp-content\/uploads\/2024\/12\/javor-decembar2024-300x225.jpg\" alt=\"\" width=\"300\" height=\"225\" class=\"alignleft size-medium wp-image-238284\" srcset=\"https:\/\/www.prijedordanas.com\/wp-content\/uploads\/2024\/12\/javor-decembar2024-300x225.jpg 300w, https:\/\/www.prijedordanas.com\/wp-content\/uploads\/2024\/12\/javor-decembar2024-640x480.jpg 640w, https:\/\/www.prijedordanas.com\/wp-content\/uploads\/2024\/12\/javor-decembar2024.jpg 667w\" sizes=\"(max-width: 300px) 100vw, 300px\" \/><\/a>Gradona\u010delnik Prijedora Slobodan Javor pozvao je danas direktora Javne zdravstvene ustanove &#8220;Dom zdravlja&#8221; Prijedor da odustane od najavljenog smanjenja koeficijenta radnicima , medicinskim tehni\u010darima \/ sestrama sa vi\u0161om \u0161kolskom spremom i srednjom stru\u010dnim spremom\/ i namjere da im nudi potpisivanje aneksa ugovora sa najni\u017eim koeficijentima odnosno prvim platnim razredom.<\/p>\n<p>Naime, u skladu sa Zakonom o izmjenama Zakona o platama zaposlenih lica u javnim ustanovama u oblasti zdravstva Republike Srpske \/ Slu\u017ebeni glasnik Republike Srpske broj 110\/2024\/, a koji je stupio na snagu 1. januara 2025.godine planirano je pove\u0107anje i izmjena platnih koeficijenata za petu platnu grupu u koju se razvrstavaju radnici na poslovima zdravstvene njege, babinjske njege i drugim poslovima koji su u neposrednoj vezi sa pru\u017eanjem zdravstvene za\u0161tite i odre\u0111uju im se platni koeficijenti: vi\u0161a \u0161kolska sprema 13,66 do 14,64 i srednja stru\u010dna sprema u \u010detvorogodi\u0161njem trajanju 11,66 do 12,98.<\/p>\n<p><strong><a href=\"https:\/\/www.prijedordanas.com\/?p=240892\" rel=\"noopener\" target=\"_blank\">Direktor Doma zdravlja Prijedor umanjio koeficijente medicinskim tehni\u010darima\/sestrama: Pogledajte obavje\u0161tenje<\/a><\/strong><\/p>\n<p>U obavje\u0161tenju kojim se direktor JU Dom zdravlja Prijedor Milo\u0161 Marjanovi\u0107 obra\u0107a svim zdravstvenim radnicima ove javne zdravstvene ustanove navodi se da navedena izmjena zna\u010di pove\u0107anje tro\u0161kova za ovu javnu ustanovu za 300.000,00 KM na godi\u0161njem nivou.<\/p>\n<p>&#8220;Imaju\u0107i u vidu da Vlada Republike Srpske jo\u0161 uvijek nije obezbijedila finansijska sredstva za navedeno pove\u0107anje plate, a kako ne bismo ugrozili poslovanje na\u0161e Ustanove, prinu\u0111eni smo da medicinskim tehni\u010darima \/ sestrama sa vi\u0161om \u0161kolskom spremom i srednjom stru\u010dnim spremom ponudimo anekse ugovora sa najni\u017eim koeficijentima odnosno prvim platnim razredom&#8221;, navodi se u obavje\u0161tenju direktora koje je upu\u0107eno zdravstvenim radnicima JZU &#8220;Dom zdravlja&#8221; Prijedor.<\/p>\n<p><strong><a href=\"https:\/\/www.prijedordanas.com\/?p=240875\" rel=\"noopener\" target=\"_blank\">\u201cNe\u0107emo im ostati du\u017eni\u201d: Sindikalci otkrili na koji na\u010din \u0107e se boriti protiv direktora koji medicinarima smanjuju koeficijente<\/a><\/strong><\/p>\n<p>Gradona\u010delnik Prijedora Slobodan Javor poziva direktora da odustane od ove namjere iako se u dijelu obavje\u0161tenja navodi i &#8220;da se prihvatanjem ove ponude i zaklju\u010divanjen aneksa ugovora ni jednom radniku ne\u0107e ispla\u0107ivati ni\u017ea plata u odnosu na platu koja se obra\u010dunavala u prethodnom periodu&#8221;, kao i &#8220;da \u0107e novi aneksi ugovora uslijediti kada Vlada Republike Srpske obezbijedi finansijska sredstva&#8221;.<\/p>\n<p>&#8220;Do najavljenog smanjenja koeficijenta ne smije i ne\u0107e do\u0107i. Smatram da ovo nije dobar poslovni potez pogotovo koji je usmjeren prema medicinskim radnicima \u010diji je posao od izuzetne va\u017enosti za pru\u017eanje zdravstvenih usluga gra\u0111anima, a pogotovo jer je rije\u010d o zakonskim izmjenama iza kojih stoji Vlada Republike Srpske, a koja \u0107e nakon stupanja na snagu ove izmjene nastojati i da obezbijedi dovoljna sredstva za njegovu primjenu&#8221;, istakao je gradona\u010delnik Javor.<\/p>\n<p>On je ujedno pozvao direktora JZU &#8220;Dom zdravlja&#8221; Prijedor Milo\u0161a Marjanovi\u0107a da jo\u0161 jednom preispita ovu svoju odluku i odustane od nje.<\/p>\n<p>&#8220;O zna\u010daju poslova koje obavljaju svi zdravstveni radnici, a pogotovo mediciski tehni\u010dari suvi\u0161no je govoriti te se ni na koji na\u010din ne smiju dovoditi u pitanje njihova primanja bilo da se koriguju ili smanjuju mimo va\u017ee\u0107ih zakonskih rje\u0161enja&#8221;, poru\u010dio je Javor.<\/p>\n<p>Kabinet gradona\u010delnika Prijedora<\/p>\n","protected":false},"excerpt":{"rendered":"<p>Gradona\u010delnik Prijedora Slobodan Javor pozvao je danas direktora Javne zdravstvene ustanove &#8220;Dom zdravlja&#8221; Prijedor da odustane od najavljenog smanjenja koeficijenta radnicima , medicinskim tehni\u010darima \/ sestrama sa vi\u0161om \u0161kolskom spremom [&hellip;]<\/p>\n","protected":false},"author":1,"featured_media":0,"comment_status":"closed","ping_status":"open","sticky":false,"template":"","format":"standard","meta":{"_monsterinsights_skip_tracking":false,"_monsterinsights_sitenote_active":false,"_monsterinsights_sitenote_note":"","_monsterinsights_sitenote_category":0,"footnotes":""},"categories":[8],"tags":[],"yoast_head":"<!-- This site is optimized with the Yoast SEO plugin v21.6 - https:\/\/yoast.com\/wordpress\/plugins\/seo\/ -->\n<title>Gradona\u010delnik Javor pozvao direktora Doma zdravlja Prijedor da odustane od smanjenja koeficijenata radnicima - PrijedorDanas.com - Prijedorski gradski portal<\/title>\n<meta name=\"robots\" content=\"index, follow, max-snippet:-1, max-image-preview:large, max-video-preview:-1\" \/>\n<link rel=\"canonical\" href=\"https:\/\/www.prijedordanas.com\/?p=240909\" \/>\n<meta property=\"og:locale\" content=\"en_US\" \/>\n<meta property=\"og:type\" content=\"article\" \/>\n<meta property=\"og:title\" content=\"Gradona\u010delnik Javor pozvao direktora Doma zdravlja Prijedor da odustane od smanjenja koeficijenata radnicima - PrijedorDanas.com - Prijedorski gradski portal\" \/>\n<meta property=\"og:description\" content=\"Gradona\u010delnik Prijedora Slobodan Javor pozvao je danas direktora Javne zdravstvene ustanove &#8220;Dom zdravlja&#8221; Prijedor da odustane od najavljenog smanjenja koeficijenta radnicima , medicinskim tehni\u010darima \/ sestrama sa vi\u0161om \u0161kolskom spremom [&hellip;]\" \/>\n<meta property=\"og:url\" content=\"https:\/\/www.prijedordanas.com\/?p=240909\" \/>\n<meta property=\"og:site_name\" content=\"PrijedorDanas.com - Prijedorski gradski portal\" \/>\n<meta property=\"article:publisher\" content=\"https:\/\/www.facebook.com\/PrijedorDanasCom\/\" \/>\n<meta property=\"article:published_time\" content=\"2025-01-29T16:27:33+00:00\" \/>\n<meta property=\"og:image\" content=\"https:\/\/www.prijedordanas.com\/wp-content\/uploads\/2024\/12\/javor-decembar2024-300x225.jpg\" \/>\n<meta name=\"author\" content=\"admin\" \/>\n<meta name=\"twitter:card\" content=\"summary_large_image\" \/>\n<meta name=\"twitter:label1\" content=\"Written by\" \/>\n\t<meta name=\"twitter:data1\" content=\"admin\" \/>\n<script type=\"application\/ld+json\" class=\"yoast-schema-graph\">{\"@context\":\"https:\/\/schema.org\",\"@graph\":[{\"@type\":\"Article\",\"@id\":\"https:\/\/www.prijedordanas.com\/?p=240909#article\",\"isPartOf\":{\"@id\":\"https:\/\/www.prijedordanas.com\/?p=240909\"},\"author\":{\"name\":\"admin\",\"@id\":\"https:\/\/www.prijedordanas.com\/#\/schema\/person\/4e08ccf29b506ca916ff86d46bb700e6\"},\"headline\":\"Gradona\u010delnik Javor pozvao direktora Doma zdravlja Prijedor da odustane od smanjenja koeficijenata radnicima\",\"datePublished\":\"2025-01-29T16:27:33+00:00\",\"dateModified\":\"2025-01-29T16:27:33+00:00\",\"mainEntityOfPage\":{\"@id\":\"https:\/\/www.prijedordanas.com\/?p=240909\"},\"wordCount\":527,\"publisher\":{\"@id\":\"https:\/\/www.prijedordanas.com\/#organization\"},\"articleSection\":[\"Svakodnevno\"],\"inLanguage\":\"en-US\"},{\"@type\":\"WebPage\",\"@id\":\"https:\/\/www.prijedordanas.com\/?p=240909\",\"url\":\"https:\/\/www.prijedordanas.com\/?p=240909\",\"name\":\"Gradona\u010delnik Javor pozvao direktora Doma zdravlja Prijedor da odustane od smanjenja koeficijenata radnicima - PrijedorDanas.com - Prijedorski gradski portal\",\"isPartOf\":{\"@id\":\"https:\/\/www.prijedordanas.com\/#website\"},\"datePublished\":\"2025-01-29T16:27:33+00:00\",\"dateModified\":\"2025-01-29T16:27:33+00:00\",\"breadcrumb\":{\"@id\":\"https:\/\/www.prijedordanas.com\/?p=240909#breadcrumb\"},\"inLanguage\":\"en-US\",\"potentialAction\":[{\"@type\":\"ReadAction\",\"target\":[\"https:\/\/www.prijedordanas.com\/?p=240909\"]}]},{\"@type\":\"BreadcrumbList\",\"@id\":\"https:\/\/www.prijedordanas.com\/?p=240909#breadcrumb\",\"itemListElement\":[{\"@type\":\"ListItem\",\"position\":1,\"name\":\"Home\",\"item\":\"https:\/\/www.prijedordanas.com\/\"},{\"@type\":\"ListItem\",\"position\":2,\"name\":\"Gradona\u010delnik Javor pozvao direktora Doma zdravlja Prijedor da odustane od smanjenja koeficijenata radnicima\"}]},{\"@type\":\"WebSite\",\"@id\":\"https:\/\/www.prijedordanas.com\/#website\",\"url\":\"https:\/\/www.prijedordanas.com\/\",\"name\":\"PrijedorDanas.com - Prijedorski gradski portal\",\"description\":\"Portal o doga\u0111anjima u gradu Prijedoru\",\"publisher\":{\"@id\":\"https:\/\/www.prijedordanas.com\/#organization\"},\"potentialAction\":[{\"@type\":\"SearchAction\",\"target\":{\"@type\":\"EntryPoint\",\"urlTemplate\":\"https:\/\/www.prijedordanas.com\/?s={search_term_string}\"},\"query-input\":\"required name=search_term_string\"}],\"inLanguage\":\"en-US\"},{\"@type\":\"Organization\",\"@id\":\"https:\/\/www.prijedordanas.com\/#organization\",\"name\":\"PrijedorDanas.com\",\"url\":\"https:\/\/www.prijedordanas.com\/\",\"logo\":{\"@type\":\"ImageObject\",\"inLanguage\":\"en-US\",\"@id\":\"https:\/\/www.prijedordanas.com\/#\/schema\/logo\/image\/\",\"url\":\"http:\/\/www.prijedordanas.com\/wp-content\/uploads\/2021\/12\/logopng.png\",\"contentUrl\":\"http:\/\/www.prijedordanas.com\/wp-content\/uploads\/2021\/12\/logopng.png\",\"width\":1019,\"height\":776,\"caption\":\"PrijedorDanas.com\"},\"image\":{\"@id\":\"https:\/\/www.prijedordanas.com\/#\/schema\/logo\/image\/\"},\"sameAs\":[\"https:\/\/www.facebook.com\/PrijedorDanasCom\/\"]},{\"@type\":\"Person\",\"@id\":\"https:\/\/www.prijedordanas.com\/#\/schema\/person\/4e08ccf29b506ca916ff86d46bb700e6\",\"name\":\"admin\",\"image\":{\"@type\":\"ImageObject\",\"inLanguage\":\"en-US\",\"@id\":\"https:\/\/www.prijedordanas.com\/#\/schema\/person\/image\/\",\"url\":\"https:\/\/secure.gravatar.com\/avatar\/1d3fc949d550f0b53a5f0d51e06dfd79?s=96&d=mm&r=g\",\"contentUrl\":\"https:\/\/secure.gravatar.com\/avatar\/1d3fc949d550f0b53a5f0d51e06dfd79?s=96&d=mm&r=g\",\"caption\":\"admin\"},\"url\":\"https:\/\/www.prijedordanas.com\/?author=1\"}]}<\/script>\n<!-- \/ Yoast SEO plugin. -->","yoast_head_json":{"title":"Gradona\u010delnik Javor pozvao direktora Doma zdravlja Prijedor da odustane od smanjenja koeficijenata radnicima - PrijedorDanas.com - Prijedorski gradski portal","robots":{"index":"index","follow":"follow","max-snippet":"max-snippet:-1","max-image-preview":"max-image-preview:large","max-video-preview":"max-video-preview:-1"},"canonical":"https:\/\/www.prijedordanas.com\/?p=240909","og_locale":"en_US","og_type":"article","og_title":"Gradona\u010delnik Javor pozvao direktora Doma zdravlja Prijedor da odustane od smanjenja koeficijenata radnicima - PrijedorDanas.com - Prijedorski gradski portal","og_description":"Gradona\u010delnik Prijedora Slobodan Javor pozvao je danas direktora Javne zdravstvene ustanove &#8220;Dom zdravlja&#8221; Prijedor da odustane od najavljenog smanjenja koeficijenta radnicima , medicinskim tehni\u010darima \/ sestrama sa vi\u0161om \u0161kolskom spremom [&hellip;]","og_url":"https:\/\/www.prijedordanas.com\/?p=240909","og_site_name":"PrijedorDanas.com - Prijedorski gradski portal","article_publisher":"https:\/\/www.facebook.com\/PrijedorDanasCom\/","article_published_time":"2025-01-29T16:27:33+00:00","og_image":[{"url":"https:\/\/www.prijedordanas.com\/wp-content\/uploads\/2024\/12\/javor-decembar2024-300x225.jpg"}],"author":"admin","twitter_card":"summary_large_image","twitter_misc":{"Written by":"admin"},"schema":{"@context":"https:\/\/schema.org","@graph":[{"@type":"Article","@id":"https:\/\/www.prijedordanas.com\/?p=240909#article","isPartOf":{"@id":"https:\/\/www.prijedordanas.com\/?p=240909"},"author":{"name":"admin","@id":"https:\/\/www.prijedordanas.com\/#\/schema\/person\/4e08ccf29b506ca916ff86d46bb700e6"},"headline":"Gradona\u010delnik Javor pozvao direktora Doma zdravlja Prijedor da odustane od smanjenja koeficijenata radnicima","datePublished":"2025-01-29T16:27:33+00:00","dateModified":"2025-01-29T16:27:33+00:00","mainEntityOfPage":{"@id":"https:\/\/www.prijedordanas.com\/?p=240909"},"wordCount":527,"publisher":{"@id":"https:\/\/www.prijedordanas.com\/#organization"},"articleSection":["Svakodnevno"],"inLanguage":"en-US"},{"@type":"WebPage","@id":"https:\/\/www.prijedordanas.com\/?p=240909","url":"https:\/\/www.prijedordanas.com\/?p=240909","name":"Gradona\u010delnik Javor pozvao direktora Doma zdravlja Prijedor da odustane od smanjenja koeficijenata radnicima - PrijedorDanas.com - Prijedorski gradski portal","isPartOf":{"@id":"https:\/\/www.prijedordanas.com\/#website"},"datePublished":"2025-01-29T16:27:33+00:00","dateModified":"2025-01-29T16:27:33+00:00","breadcrumb":{"@id":"https:\/\/www.prijedordanas.com\/?p=240909#breadcrumb"},"inLanguage":"en-US","potentialAction":[{"@type":"ReadAction","target":["https:\/\/www.prijedordanas.com\/?p=240909"]}]},{"@type":"BreadcrumbList","@id":"https:\/\/www.prijedordanas.com\/?p=240909#breadcrumb","itemListElement":[{"@type":"ListItem","position":1,"name":"Home","item":"https:\/\/www.prijedordanas.com\/"},{"@type":"ListItem","position":2,"name":"Gradona\u010delnik Javor pozvao direktora Doma zdravlja Prijedor da odustane od smanjenja koeficijenata radnicima"}]},{"@type":"WebSite","@id":"https:\/\/www.prijedordanas.com\/#website","url":"https:\/\/www.prijedordanas.com\/","name":"PrijedorDanas.com - Prijedorski gradski portal","description":"Portal o doga\u0111anjima u gradu Prijedoru","publisher":{"@id":"https:\/\/www.prijedordanas.com\/#organization"},"potentialAction":[{"@type":"SearchAction","target":{"@type":"EntryPoint","urlTemplate":"https:\/\/www.prijedordanas.com\/?s={search_term_string}"},"query-input":"required name=search_term_string"}],"inLanguage":"en-US"},{"@type":"Organization","@id":"https:\/\/www.prijedordanas.com\/#organization","name":"PrijedorDanas.com","url":"https:\/\/www.prijedordanas.com\/","logo":{"@type":"ImageObject","inLanguage":"en-US","@id":"https:\/\/www.prijedordanas.com\/#\/schema\/logo\/image\/","url":"http:\/\/www.prijedordanas.com\/wp-content\/uploads\/2021\/12\/logopng.png","contentUrl":"http:\/\/www.prijedordanas.com\/wp-content\/uploads\/2021\/12\/logopng.png","width":1019,"height":776,"caption":"PrijedorDanas.com"},"image":{"@id":"https:\/\/www.prijedordanas.com\/#\/schema\/logo\/image\/"},"sameAs":["https:\/\/www.facebook.com\/PrijedorDanasCom\/"]},{"@type":"Person","@id":"https:\/\/www.prijedordanas.com\/#\/schema\/person\/4e08ccf29b506ca916ff86d46bb700e6","name":"admin","image":{"@type":"ImageObject","inLanguage":"en-US","@id":"https:\/\/www.prijedordanas.com\/#\/schema\/person\/image\/","url":"https:\/\/secure.gravatar.com\/avatar\/1d3fc949d550f0b53a5f0d51e06dfd79?s=96&d=mm&r=g","contentUrl":"https:\/\/secure.gravatar.com\/avatar\/1d3fc949d550f0b53a5f0d51e06dfd79?s=96&d=mm&r=g","caption":"admin"},"url":"https:\/\/www.prijedordanas.com\/?author=1"}]}},"_links":{"self":[{"href":"https:\/\/www.prijedordanas.com\/index.php?rest_route=\/wp\/v2\/posts\/240909"}],"collection":[{"href":"https:\/\/www.prijedordanas.com\/index.php?rest_route=\/wp\/v2\/posts"}],"about":[{"href":"https:\/\/www.prijedordanas.com\/index.php?rest_route=\/wp\/v2\/types\/post"}],"author":[{"embeddable":true,"href":"https:\/\/www.prijedordanas.com\/index.php?rest_route=\/wp\/v2\/users\/1"}],"replies":[{"embeddable":true,"href":"https:\/\/www.prijedordanas.com\/index.php?rest_route=%2Fwp%2Fv2%2Fcomments&post=240909"}],"version-history":[{"count":1,"href":"https:\/\/www.prijedordanas.com\/index.php?rest_route=\/wp\/v2\/posts\/240909\/revisions"}],"predecessor-version":[{"id":240910,"href":"https:\/\/www.prijedordanas.com\/index.php?rest_route=\/wp\/v2\/posts\/240909\/revisions\/240910"}],"wp:attachment":[{"href":"https:\/\/www.prijedordanas.com\/index.php?rest_route=%2Fwp%2Fv2%2Fmedia&parent=240909"}],"wp:term":[{"taxonomy":"category","embeddable":true,"href":"https:\/\/www.prijedordanas.com\/index.php?rest_route=%2Fwp%2Fv2%2Fcategories&post=240909"},{"taxonomy":"post_tag","embeddable":true,"href":"https:\/\/www.prijedordanas.com\/index.php?rest_route=%2Fwp%2Fv2%2Ftags&post=240909"}],"curies":[{"name":"wp","href":"https:\/\/api.w.org\/{rel}","templated":true}]}}