{"id":240748,"date":"2025-01-27T22:09:57","date_gmt":"2025-01-27T21:09:57","guid":{"rendered":"https:\/\/www.prijedordanas.com\/?p=240748"},"modified":"2025-01-30T22:36:31","modified_gmt":"2025-01-30T21:36:31","slug":"kosarkasi-prijedor-spartaka-u-derbiju-kola-deklasirali-sutjesku-iz-foce-foto-video","status":"publish","type":"post","link":"https:\/\/www.prijedordanas.com\/?p=240748","title":{"rendered":"Ko\u0161arka\u0161i &#8220;Prijedor-Spartaka&#8221; u derbiju kola deklasirali &#8220;Sutjesku&#8221; iz Fo\u010de &#8211; FOTO\/VIDEO"},"content":{"rendered":"<p><a href=\"https:\/\/www.prijedordanas.com\/wp-content\/uploads\/2025\/01\/prijedor-sutjeska-86-66-1.jpg\"><img loading=\"lazy\" decoding=\"async\" class=\"alignleft size-medium wp-image-240967\" src=\"https:\/\/www.prijedordanas.com\/wp-content\/uploads\/2025\/01\/prijedor-sutjeska-86-66-1-300x225.jpg\" alt=\"\" width=\"300\" height=\"225\" srcset=\"https:\/\/www.prijedordanas.com\/wp-content\/uploads\/2025\/01\/prijedor-sutjeska-86-66-1-300x225.jpg 300w, https:\/\/www.prijedordanas.com\/wp-content\/uploads\/2025\/01\/prijedor-sutjeska-86-66-1-640x480.jpg 640w, https:\/\/www.prijedordanas.com\/wp-content\/uploads\/2025\/01\/prijedor-sutjeska-86-66-1.jpg 667w\" sizes=\"(max-width: 300px) 100vw, 300px\" \/><\/a>U dvorani &#8220;Mladost&#8221; u na\u0161em gradu odigran je derbi susret 13. kola Prve lige republike Srpske u ko\u0161arci po\u0161to su se sastale drugoplasirana i tre\u0107eplasirana ekipa.<\/p>\n<p>Derbi je bio &#8220;samo na papiru&#8221;, po\u0161to je &#8220;Prijedor-Spartak&#8221; deklasirao &#8220;Sutjesku&#8221; iz Fo\u010de rezultatom 86:66 (20:09, 28:14, 24:22, 14:21).<\/p>\n<p>Doma\u0107i su silovito otvorili utakmicu i brzo stekli osjetniju prednost koja je na kraju prve \u010detvrtine iznosila +11 a do poluvremena narasla i na +25.<\/p>\n<p>Tada je ve\u0107 bio poznat pobjednik ovog susreta.<\/p>\n<p>Izabranici trenera Iveti\u0107a su u nastavku sigurnom igrom zadr\u017eali ste\u010denu prednost i da nije bilo opu\u0161tanja u posljednjoj \u010detvrtini kona\u010dna razlika bi bila mnogo ve\u0107a od +20.<\/p>\n<p><a href=\"https:\/\/www.prijedordanas.com\/wp-content\/uploads\/2025\/01\/prijedor-sutjeska-86-66-2.jpg\"><img loading=\"lazy\" decoding=\"async\" src=\"https:\/\/www.prijedordanas.com\/wp-content\/uploads\/2025\/01\/prijedor-sutjeska-86-66-2-300x225.jpg\" alt=\"\" width=\"300\" height=\"225\" class=\"alignleft size-medium wp-image-240968\" srcset=\"https:\/\/www.prijedordanas.com\/wp-content\/uploads\/2025\/01\/prijedor-sutjeska-86-66-2-300x225.jpg 300w, https:\/\/www.prijedordanas.com\/wp-content\/uploads\/2025\/01\/prijedor-sutjeska-86-66-2-640x480.jpg 640w, https:\/\/www.prijedordanas.com\/wp-content\/uploads\/2025\/01\/prijedor-sutjeska-86-66-2.jpg 667w\" sizes=\"(max-width: 300px) 100vw, 300px\" \/><\/a>Prijedor\u010dani su se devetom pobjedom osamili na drugoj poziciji.<\/p>\n<p>Najbolji u doma\u0107im redovima na ovom susretu bio je Vu\u010dinic\u0301 sa 26 poena i 7 skokova te Ivetic\u0301 sa 17 poena i 7 asistencija.<\/p>\n<p>Kod gostiju vrijedi ista\u0107i u\u010dinak Cvjetkovi\u0107a koji je imao 16 poena i 5 asistencija.<\/p>\n<p>U narednom kolu Prijedor\u010dani su ponovo doma\u0107ini, ovoga puta ekipi &#8220;Drina-Princip&#8221;.<\/p>\n<p>Tekst i foto &#8211; Aleksandar Drakuli\u0107 &#8211; <a href=\"https:\/\/www.prijedordanas.com\" target=\"_blank\" rel=\"noopener noreferrer\">www.prijedordanas.com<\/a><\/p>\n<p><a href=\"https:\/\/www.prijedordanas.com\/wp-content\/uploads\/2025\/01\/prijedor-sutjeska-86-66-3.jpg\"><img loading=\"lazy\" decoding=\"async\" src=\"https:\/\/www.prijedordanas.com\/wp-content\/uploads\/2025\/01\/prijedor-sutjeska-86-66-3-300x200.jpg\" alt=\"\" width=\"300\" height=\"200\" class=\"alignleft size-medium wp-image-240969\" srcset=\"https:\/\/www.prijedordanas.com\/wp-content\/uploads\/2025\/01\/prijedor-sutjeska-86-66-3-300x200.jpg 300w, https:\/\/www.prijedordanas.com\/wp-content\/uploads\/2025\/01\/prijedor-sutjeska-86-66-3-480x320.jpg 480w, https:\/\/www.prijedordanas.com\/wp-content\/uploads\/2025\/01\/prijedor-sutjeska-86-66-3.jpg 600w\" sizes=\"(max-width: 300px) 100vw, 300px\" \/><\/a> <a href=\"https:\/\/www.prijedordanas.com\/wp-content\/uploads\/2025\/01\/prijedor-sutjeska-86-66-4.jpg\"><img loading=\"lazy\" decoding=\"async\" src=\"https:\/\/www.prijedordanas.com\/wp-content\/uploads\/2025\/01\/prijedor-sutjeska-86-66-4-300x200.jpg\" alt=\"\" width=\"300\" height=\"200\" class=\"alignleft size-medium wp-image-240970\" srcset=\"https:\/\/www.prijedordanas.com\/wp-content\/uploads\/2025\/01\/prijedor-sutjeska-86-66-4-300x200.jpg 300w, https:\/\/www.prijedordanas.com\/wp-content\/uploads\/2025\/01\/prijedor-sutjeska-86-66-4-480x320.jpg 480w, https:\/\/www.prijedordanas.com\/wp-content\/uploads\/2025\/01\/prijedor-sutjeska-86-66-4.jpg 600w\" sizes=\"(max-width: 300px) 100vw, 300px\" \/><\/a> <a href=\"https:\/\/www.prijedordanas.com\/wp-content\/uploads\/2025\/01\/prijedor-sutjeska-86-66-5.jpg\"><img loading=\"lazy\" decoding=\"async\" src=\"https:\/\/www.prijedordanas.com\/wp-content\/uploads\/2025\/01\/prijedor-sutjeska-86-66-5-300x200.jpg\" alt=\"\" width=\"300\" height=\"200\" class=\"alignleft size-medium wp-image-240971\" srcset=\"https:\/\/www.prijedordanas.com\/wp-content\/uploads\/2025\/01\/prijedor-sutjeska-86-66-5-300x200.jpg 300w, https:\/\/www.prijedordanas.com\/wp-content\/uploads\/2025\/01\/prijedor-sutjeska-86-66-5-480x320.jpg 480w, https:\/\/www.prijedordanas.com\/wp-content\/uploads\/2025\/01\/prijedor-sutjeska-86-66-5.jpg 600w\" sizes=\"(max-width: 300px) 100vw, 300px\" \/><\/a> <a href=\"https:\/\/www.prijedordanas.com\/wp-content\/uploads\/2025\/01\/prijedor-sutjeska-86-66-6.jpg\"><img loading=\"lazy\" decoding=\"async\" src=\"https:\/\/www.prijedordanas.com\/wp-content\/uploads\/2025\/01\/prijedor-sutjeska-86-66-6-300x200.jpg\" alt=\"\" width=\"300\" height=\"200\" class=\"alignleft size-medium wp-image-240972\" srcset=\"https:\/\/www.prijedordanas.com\/wp-content\/uploads\/2025\/01\/prijedor-sutjeska-86-66-6-300x200.jpg 300w, https:\/\/www.prijedordanas.com\/wp-content\/uploads\/2025\/01\/prijedor-sutjeska-86-66-6-480x320.jpg 480w, https:\/\/www.prijedordanas.com\/wp-content\/uploads\/2025\/01\/prijedor-sutjeska-86-66-6.jpg 600w\" sizes=\"(max-width: 300px) 100vw, 300px\" \/><\/a><\/p>\n<p><iframe loading=\"lazy\" title=\"KK PRIJEDOR SPARTAK - KK SUTJESKA\" width=\"500\" height=\"281\" src=\"https:\/\/www.youtube.com\/embed\/aNU_X1luxxA?feature=oembed\" frameborder=\"0\" allow=\"accelerometer; autoplay; clipboard-write; encrypted-media; gyroscope; picture-in-picture; web-share\" referrerpolicy=\"strict-origin-when-cross-origin\" allowfullscreen><\/iframe><\/p>\n","protected":false},"excerpt":{"rendered":"<p>U dvorani &#8220;Mladost&#8221; u na\u0161em gradu odigran je derbi susret 13. kola Prve lige republike Srpske u ko\u0161arci po\u0161to su se sastale drugoplasirana i tre\u0107eplasirana ekipa. Derbi je bio &#8220;samo [&hellip;]<\/p>\n","protected":false},"author":1,"featured_media":0,"comment_status":"closed","ping_status":"open","sticky":false,"template":"","format":"standard","meta":{"_monsterinsights_skip_tracking":false,"_monsterinsights_sitenote_active":false,"_monsterinsights_sitenote_note":"","_monsterinsights_sitenote_category":0,"footnotes":""},"categories":[4,7],"tags":[],"yoast_head":"<!-- This site is optimized with the Yoast SEO plugin v21.6 - https:\/\/yoast.com\/wordpress\/plugins\/seo\/ -->\n<title>Ko\u0161arka\u0161i &quot;Prijedor-Spartaka&quot; u derbiju kola deklasirali &quot;Sutjesku&quot; iz Fo\u010de - FOTO\/VIDEO - PrijedorDanas.com - Prijedorski gradski portal<\/title>\n<meta name=\"robots\" content=\"index, follow, max-snippet:-1, max-image-preview:large, max-video-preview:-1\" \/>\n<link rel=\"canonical\" href=\"https:\/\/www.prijedordanas.com\/?p=240748\" \/>\n<meta property=\"og:locale\" content=\"en_US\" \/>\n<meta property=\"og:type\" content=\"article\" \/>\n<meta property=\"og:title\" content=\"Ko\u0161arka\u0161i &quot;Prijedor-Spartaka&quot; u derbiju kola deklasirali &quot;Sutjesku&quot; iz Fo\u010de - FOTO\/VIDEO - PrijedorDanas.com - Prijedorski gradski portal\" \/>\n<meta property=\"og:description\" content=\"U dvorani &#8220;Mladost&#8221; u na\u0161em gradu odigran je derbi susret 13. kola Prve lige republike Srpske u ko\u0161arci po\u0161to su se sastale drugoplasirana i tre\u0107eplasirana ekipa. Derbi je bio &#8220;samo [&hellip;]\" \/>\n<meta property=\"og:url\" content=\"https:\/\/www.prijedordanas.com\/?p=240748\" \/>\n<meta property=\"og:site_name\" content=\"PrijedorDanas.com - Prijedorski gradski portal\" \/>\n<meta property=\"article:publisher\" content=\"https:\/\/www.facebook.com\/PrijedorDanasCom\/\" \/>\n<meta property=\"article:published_time\" content=\"2025-01-27T21:09:57+00:00\" \/>\n<meta property=\"article:modified_time\" content=\"2025-01-30T21:36:31+00:00\" \/>\n<meta property=\"og:image\" content=\"https:\/\/www.prijedordanas.com\/wp-content\/uploads\/2025\/01\/prijedor-sutjeska-86-66-1-300x225.jpg\" \/>\n<meta name=\"author\" content=\"admin\" \/>\n<meta name=\"twitter:card\" content=\"summary_large_image\" \/>\n<meta name=\"twitter:label1\" content=\"Written by\" \/>\n\t<meta name=\"twitter:data1\" content=\"admin\" \/>\n\t<meta name=\"twitter:label2\" content=\"Est. reading time\" \/>\n\t<meta name=\"twitter:data2\" content=\"2 minutes\" \/>\n<script type=\"application\/ld+json\" class=\"yoast-schema-graph\">{\"@context\":\"https:\/\/schema.org\",\"@graph\":[{\"@type\":\"Article\",\"@id\":\"https:\/\/www.prijedordanas.com\/?p=240748#article\",\"isPartOf\":{\"@id\":\"https:\/\/www.prijedordanas.com\/?p=240748\"},\"author\":{\"name\":\"admin\",\"@id\":\"https:\/\/www.prijedordanas.com\/#\/schema\/person\/4e08ccf29b506ca916ff86d46bb700e6\"},\"headline\":\"Ko\u0161arka\u0161i &#8220;Prijedor-Spartaka&#8221; u derbiju kola deklasirali &#8220;Sutjesku&#8221; iz Fo\u010de &#8211; FOTO\/VIDEO\",\"datePublished\":\"2025-01-27T21:09:57+00:00\",\"dateModified\":\"2025-01-30T21:36:31+00:00\",\"mainEntityOfPage\":{\"@id\":\"https:\/\/www.prijedordanas.com\/?p=240748\"},\"wordCount\":206,\"publisher\":{\"@id\":\"https:\/\/www.prijedordanas.com\/#organization\"},\"articleSection\":[\"Dru\u0161tvo\",\"Sport\"],\"inLanguage\":\"en-US\"},{\"@type\":\"WebPage\",\"@id\":\"https:\/\/www.prijedordanas.com\/?p=240748\",\"url\":\"https:\/\/www.prijedordanas.com\/?p=240748\",\"name\":\"Ko\u0161arka\u0161i \\\"Prijedor-Spartaka\\\" u derbiju kola deklasirali \\\"Sutjesku\\\" iz Fo\u010de - FOTO\/VIDEO - PrijedorDanas.com - Prijedorski gradski portal\",\"isPartOf\":{\"@id\":\"https:\/\/www.prijedordanas.com\/#website\"},\"datePublished\":\"2025-01-27T21:09:57+00:00\",\"dateModified\":\"2025-01-30T21:36:31+00:00\",\"breadcrumb\":{\"@id\":\"https:\/\/www.prijedordanas.com\/?p=240748#breadcrumb\"},\"inLanguage\":\"en-US\",\"potentialAction\":[{\"@type\":\"ReadAction\",\"target\":[\"https:\/\/www.prijedordanas.com\/?p=240748\"]}]},{\"@type\":\"BreadcrumbList\",\"@id\":\"https:\/\/www.prijedordanas.com\/?p=240748#breadcrumb\",\"itemListElement\":[{\"@type\":\"ListItem\",\"position\":1,\"name\":\"Home\",\"item\":\"https:\/\/www.prijedordanas.com\/\"},{\"@type\":\"ListItem\",\"position\":2,\"name\":\"Ko\u0161arka\u0161i &#8220;Prijedor-Spartaka&#8221; u derbiju kola deklasirali &#8220;Sutjesku&#8221; iz Fo\u010de &#8211; FOTO\/VIDEO\"}]},{\"@type\":\"WebSite\",\"@id\":\"https:\/\/www.prijedordanas.com\/#website\",\"url\":\"https:\/\/www.prijedordanas.com\/\",\"name\":\"PrijedorDanas.com - Prijedorski gradski portal\",\"description\":\"Portal o doga\u0111anjima u gradu Prijedoru\",\"publisher\":{\"@id\":\"https:\/\/www.prijedordanas.com\/#organization\"},\"potentialAction\":[{\"@type\":\"SearchAction\",\"target\":{\"@type\":\"EntryPoint\",\"urlTemplate\":\"https:\/\/www.prijedordanas.com\/?s={search_term_string}\"},\"query-input\":\"required name=search_term_string\"}],\"inLanguage\":\"en-US\"},{\"@type\":\"Organization\",\"@id\":\"https:\/\/www.prijedordanas.com\/#organization\",\"name\":\"PrijedorDanas.com\",\"url\":\"https:\/\/www.prijedordanas.com\/\",\"logo\":{\"@type\":\"ImageObject\",\"inLanguage\":\"en-US\",\"@id\":\"https:\/\/www.prijedordanas.com\/#\/schema\/logo\/image\/\",\"url\":\"http:\/\/www.prijedordanas.com\/wp-content\/uploads\/2021\/12\/logopng.png\",\"contentUrl\":\"http:\/\/www.prijedordanas.com\/wp-content\/uploads\/2021\/12\/logopng.png\",\"width\":1019,\"height\":776,\"caption\":\"PrijedorDanas.com\"},\"image\":{\"@id\":\"https:\/\/www.prijedordanas.com\/#\/schema\/logo\/image\/\"},\"sameAs\":[\"https:\/\/www.facebook.com\/PrijedorDanasCom\/\"]},{\"@type\":\"Person\",\"@id\":\"https:\/\/www.prijedordanas.com\/#\/schema\/person\/4e08ccf29b506ca916ff86d46bb700e6\",\"name\":\"admin\",\"image\":{\"@type\":\"ImageObject\",\"inLanguage\":\"en-US\",\"@id\":\"https:\/\/www.prijedordanas.com\/#\/schema\/person\/image\/\",\"url\":\"https:\/\/secure.gravatar.com\/avatar\/1d3fc949d550f0b53a5f0d51e06dfd79?s=96&d=mm&r=g\",\"contentUrl\":\"https:\/\/secure.gravatar.com\/avatar\/1d3fc949d550f0b53a5f0d51e06dfd79?s=96&d=mm&r=g\",\"caption\":\"admin\"},\"url\":\"https:\/\/www.prijedordanas.com\/?author=1\"}]}<\/script>\n<!-- \/ Yoast SEO plugin. -->","yoast_head_json":{"title":"Ko\u0161arka\u0161i \"Prijedor-Spartaka\" u derbiju kola deklasirali \"Sutjesku\" iz Fo\u010de - FOTO\/VIDEO - PrijedorDanas.com - Prijedorski gradski portal","robots":{"index":"index","follow":"follow","max-snippet":"max-snippet:-1","max-image-preview":"max-image-preview:large","max-video-preview":"max-video-preview:-1"},"canonical":"https:\/\/www.prijedordanas.com\/?p=240748","og_locale":"en_US","og_type":"article","og_title":"Ko\u0161arka\u0161i \"Prijedor-Spartaka\" u derbiju kola deklasirali \"Sutjesku\" iz Fo\u010de - FOTO\/VIDEO - PrijedorDanas.com - Prijedorski gradski portal","og_description":"U dvorani &#8220;Mladost&#8221; u na\u0161em gradu odigran je derbi susret 13. kola Prve lige republike Srpske u ko\u0161arci po\u0161to su se sastale drugoplasirana i tre\u0107eplasirana ekipa. Derbi je bio &#8220;samo [&hellip;]","og_url":"https:\/\/www.prijedordanas.com\/?p=240748","og_site_name":"PrijedorDanas.com - Prijedorski gradski portal","article_publisher":"https:\/\/www.facebook.com\/PrijedorDanasCom\/","article_published_time":"2025-01-27T21:09:57+00:00","article_modified_time":"2025-01-30T21:36:31+00:00","og_image":[{"url":"https:\/\/www.prijedordanas.com\/wp-content\/uploads\/2025\/01\/prijedor-sutjeska-86-66-1-300x225.jpg"}],"author":"admin","twitter_card":"summary_large_image","twitter_misc":{"Written by":"admin","Est. reading time":"2 minutes"},"schema":{"@context":"https:\/\/schema.org","@graph":[{"@type":"Article","@id":"https:\/\/www.prijedordanas.com\/?p=240748#article","isPartOf":{"@id":"https:\/\/www.prijedordanas.com\/?p=240748"},"author":{"name":"admin","@id":"https:\/\/www.prijedordanas.com\/#\/schema\/person\/4e08ccf29b506ca916ff86d46bb700e6"},"headline":"Ko\u0161arka\u0161i &#8220;Prijedor-Spartaka&#8221; u derbiju kola deklasirali &#8220;Sutjesku&#8221; iz Fo\u010de &#8211; FOTO\/VIDEO","datePublished":"2025-01-27T21:09:57+00:00","dateModified":"2025-01-30T21:36:31+00:00","mainEntityOfPage":{"@id":"https:\/\/www.prijedordanas.com\/?p=240748"},"wordCount":206,"publisher":{"@id":"https:\/\/www.prijedordanas.com\/#organization"},"articleSection":["Dru\u0161tvo","Sport"],"inLanguage":"en-US"},{"@type":"WebPage","@id":"https:\/\/www.prijedordanas.com\/?p=240748","url":"https:\/\/www.prijedordanas.com\/?p=240748","name":"Ko\u0161arka\u0161i \"Prijedor-Spartaka\" u derbiju kola deklasirali \"Sutjesku\" iz Fo\u010de - FOTO\/VIDEO - PrijedorDanas.com - Prijedorski gradski portal","isPartOf":{"@id":"https:\/\/www.prijedordanas.com\/#website"},"datePublished":"2025-01-27T21:09:57+00:00","dateModified":"2025-01-30T21:36:31+00:00","breadcrumb":{"@id":"https:\/\/www.prijedordanas.com\/?p=240748#breadcrumb"},"inLanguage":"en-US","potentialAction":[{"@type":"ReadAction","target":["https:\/\/www.prijedordanas.com\/?p=240748"]}]},{"@type":"BreadcrumbList","@id":"https:\/\/www.prijedordanas.com\/?p=240748#breadcrumb","itemListElement":[{"@type":"ListItem","position":1,"name":"Home","item":"https:\/\/www.prijedordanas.com\/"},{"@type":"ListItem","position":2,"name":"Ko\u0161arka\u0161i &#8220;Prijedor-Spartaka&#8221; u derbiju kola deklasirali &#8220;Sutjesku&#8221; iz Fo\u010de &#8211; FOTO\/VIDEO"}]},{"@type":"WebSite","@id":"https:\/\/www.prijedordanas.com\/#website","url":"https:\/\/www.prijedordanas.com\/","name":"PrijedorDanas.com - Prijedorski gradski portal","description":"Portal o doga\u0111anjima u gradu Prijedoru","publisher":{"@id":"https:\/\/www.prijedordanas.com\/#organization"},"potentialAction":[{"@type":"SearchAction","target":{"@type":"EntryPoint","urlTemplate":"https:\/\/www.prijedordanas.com\/?s={search_term_string}"},"query-input":"required name=search_term_string"}],"inLanguage":"en-US"},{"@type":"Organization","@id":"https:\/\/www.prijedordanas.com\/#organization","name":"PrijedorDanas.com","url":"https:\/\/www.prijedordanas.com\/","logo":{"@type":"ImageObject","inLanguage":"en-US","@id":"https:\/\/www.prijedordanas.com\/#\/schema\/logo\/image\/","url":"http:\/\/www.prijedordanas.com\/wp-content\/uploads\/2021\/12\/logopng.png","contentUrl":"http:\/\/www.prijedordanas.com\/wp-content\/uploads\/2021\/12\/logopng.png","width":1019,"height":776,"caption":"PrijedorDanas.com"},"image":{"@id":"https:\/\/www.prijedordanas.com\/#\/schema\/logo\/image\/"},"sameAs":["https:\/\/www.facebook.com\/PrijedorDanasCom\/"]},{"@type":"Person","@id":"https:\/\/www.prijedordanas.com\/#\/schema\/person\/4e08ccf29b506ca916ff86d46bb700e6","name":"admin","image":{"@type":"ImageObject","inLanguage":"en-US","@id":"https:\/\/www.prijedordanas.com\/#\/schema\/person\/image\/","url":"https:\/\/secure.gravatar.com\/avatar\/1d3fc949d550f0b53a5f0d51e06dfd79?s=96&d=mm&r=g","contentUrl":"https:\/\/secure.gravatar.com\/avatar\/1d3fc949d550f0b53a5f0d51e06dfd79?s=96&d=mm&r=g","caption":"admin"},"url":"https:\/\/www.prijedordanas.com\/?author=1"}]}},"_links":{"self":[{"href":"https:\/\/www.prijedordanas.com\/index.php?rest_route=\/wp\/v2\/posts\/240748"}],"collection":[{"href":"https:\/\/www.prijedordanas.com\/index.php?rest_route=\/wp\/v2\/posts"}],"about":[{"href":"https:\/\/www.prijedordanas.com\/index.php?rest_route=\/wp\/v2\/types\/post"}],"author":[{"embeddable":true,"href":"https:\/\/www.prijedordanas.com\/index.php?rest_route=\/wp\/v2\/users\/1"}],"replies":[{"embeddable":true,"href":"https:\/\/www.prijedordanas.com\/index.php?rest_route=%2Fwp%2Fv2%2Fcomments&post=240748"}],"version-history":[{"count":4,"href":"https:\/\/www.prijedordanas.com\/index.php?rest_route=\/wp\/v2\/posts\/240748\/revisions"}],"predecessor-version":[{"id":240975,"href":"https:\/\/www.prijedordanas.com\/index.php?rest_route=\/wp\/v2\/posts\/240748\/revisions\/240975"}],"wp:attachment":[{"href":"https:\/\/www.prijedordanas.com\/index.php?rest_route=%2Fwp%2Fv2%2Fmedia&parent=240748"}],"wp:term":[{"taxonomy":"category","embeddable":true,"href":"https:\/\/www.prijedordanas.com\/index.php?rest_route=%2Fwp%2Fv2%2Fcategories&post=240748"},{"taxonomy":"post_tag","embeddable":true,"href":"https:\/\/www.prijedordanas.com\/index.php?rest_route=%2Fwp%2Fv2%2Ftags&post=240748"}],"curies":[{"name":"wp","href":"https:\/\/api.w.org\/{rel}","templated":true}]}}