{"id":240731,"date":"2025-01-27T00:55:06","date_gmt":"2025-01-26T23:55:06","guid":{"rendered":"https:\/\/www.prijedordanas.com\/?p=240731"},"modified":"2025-01-27T00:55:06","modified_gmt":"2025-01-26T23:55:06","slug":"roba-bez-marze-rado-ide-u-korpu-u-prijedorskom-don-u-smatraju-da-je-kampanja-drustveno-odgovorni-nedovoljna","status":"publish","type":"post","link":"https:\/\/www.prijedordanas.com\/?p=240731","title":{"rendered":"Roba bez mar\u017ee rado ide u korpu: U prijedorskom &#8220;DON-u&#8221; smatraju da je kampanja &#8220;Dru\u0161tveno odgovorni&#8221; nedovoljna"},"content":{"rendered":"<p><a href=\"https:\/\/www.prijedordanas.com\/wp-content\/uploads\/2025\/01\/glas-drustveno-odgovorni.jpg\"><img loading=\"lazy\" decoding=\"async\" src=\"https:\/\/www.prijedordanas.com\/wp-content\/uploads\/2025\/01\/glas-drustveno-odgovorni-300x225.jpg\" alt=\"\" width=\"300\" height=\"225\" class=\"alignleft size-medium wp-image-240732\" srcset=\"https:\/\/www.prijedordanas.com\/wp-content\/uploads\/2025\/01\/glas-drustveno-odgovorni-300x225.jpg 300w, https:\/\/www.prijedordanas.com\/wp-content\/uploads\/2025\/01\/glas-drustveno-odgovorni-640x480.jpg 640w, https:\/\/www.prijedordanas.com\/wp-content\/uploads\/2025\/01\/glas-drustveno-odgovorni.jpg 667w\" sizes=\"(max-width: 300px) 100vw, 300px\" \/><\/a>Da se kampanja &#8220;Dru\u0161tveno odgovorni&#8221;, koja je u\u0161la u 18 marketa \u0161irom Republike Srpske, a zahvaljuju\u0107i kojoj su se na rafama na\u0161li brojni proizvodi bez mar\u017ee, pokazala uspje\u0161nom govori \u010dinjenica da je prodaja sni\u017eenih artikala sko\u010dila i do 60 odsto.<\/p>\n<p>Ministarstvo trgovine i turizma Republike Srpske pokreta\u010d je ove kampanje, koja u maju puni dvije godine postojanja, a sve vrijeme oslu\u0161kuje potrebe stanovni\u0161tva zbog \u010dega u narednom periodu predstoje i razgovori sa apotekama u kojima gra\u0111ani, posebno penzioneri, ostavljaju mnogo novca.<\/p>\n<p>Resorni ministar Denis \u0160uli\u0107 istakao je za &#8220;Glas Srpske&#8221; da nema nijednog ve\u0107eg marketa u Srpskoj da nije dio ove kampanje.<\/p>\n<p>&#8211; Ova etapa kampanje razlikuje se od prvobitne, jer smo nakon sugestija potro\u0161a\u010da preporu\u010dili marketima da na akciju ne stavljaju iste proizvode, ve\u0107 da artikle mijenjaju na mjese\u010dnom ili sedmi\u010dnom nivou. Tako se sada mo\u017ee re\u0107i da izme\u0111u 500 i 600 artikala u sklopu kampanje u svakom momentu bude sni\u017eeno &#8211; kazao je \u0160uli\u0107.<\/p>\n<p>Dodao je da na sajtu resornog ministarstva mo\u017ee se provjeriti koji proizvodi su trenutno sni\u017eeni, za koliko i u kojem marketu.<\/p>\n<p>Na osnovu toga, istakao je \u0160uli\u0107, svi gra\u0111ani koji prate kretanje cijena mogu planirati svoju kupovinu, odnosno u kojem \u0107e marketu \u0161ta kupiti.<\/p>\n<p>&#8211; Analiza je pokazala da je prodaja proizvoda sni\u017eenih u sklopu kampanje sko\u010dila do \u010dak 60 odsto. Posebno smo ponosni na akciju koju smo, u sklopu kampanje, sproveli pred bo\u017ei\u0107ne praznike. Tada su odre\u0111eni proizvodi, koji su dio prazni\u010dne trpeze, bili dosta povoljniji, a sve kako bi koliko &#8211; toliko olak\u0161ali, prvenstveno socijalno ugro\u017eenim porodicama &#8211; rekao je \u0160uli\u0107, dodaju\u0107i da ovu kampanju nastavljaju sa veliki entuzijazmom.<\/p>\n<p>Zaposleni u ministarstvu, prema njegovim rije\u010dima, prate promjene cijene.<\/p>\n<p>&#8211; Mo\u017eemo konstatovati da je lani bio izrazit rast cijena jedino berzanske robe, posebno kada je rije\u010d o proizvodima od kakaoa, koji je drasti\u010dno poskupio &#8211; rekao je \u0160uli\u0107.<\/p>\n<p>Plan je, dodao je on, da u narednom periodu pri\u010daju i sa predstavnicima apoteka, kako bi vidjeli da li postoji odre\u0111ena mogu\u0107nost da se i oni priklju\u010de kampanji.<\/p>\n<p>&#8211; Cijena odre\u0111enih farmaceutskih proizvoda je uvijek problemati\u010dna, pogotovo za penzionere. Zbog toga \u0107emo poku\u0161ati na\u0107i na\u010dina da i apoteke uklju\u010dimo u kampanju &#8211; kazao je \u0160uli\u0107.<\/p>\n<p>U marketima &#8220;As&#8221;, koji su od samog po\u010detka dio ove kampanje, ka\u017eu da  prodaja proizvoda u trenutku kada su sni\u017eeni u sklopu ove akcije sko\u010di  oko 30 odsto.<\/p>\n<p>&#8211; Kampanja se pokazala izuzetno uspje\u0161na. Artikle rotiramo na mjese\u010dnom nivou \u0161to na\u0161i kupci dobro znaju &#8211; kazali su u ovom marketu i dodali da je u sklopu kampanje svaki dan od 25 do 30 artikala bude sni\u017eeno, od prehrane od higijene.<\/p>\n<p>S druge strane, izvr\u0161na direktorica Udru\u017eenja za za\u0161titu potro\u0161a\u010da &#8220;Don&#8221; iz Prijedora Murisa Mari\u0107 smatra da je kampanja nedovoljna i da je potrebno u\u010diniti vi\u0161e kako bi se za\u0161titili kupci.<\/p>\n<p>&#8211; Daleko od toga da nije bilo i onih dru\u0161tveno odgovornih marketa. Me\u0111utim, ve\u0107ina proizvoda nije ba\u0161 dio potro\u0161a\u010dke korpe i nismo imali zaustavljanje cijena na nekom nivou. Zbog toga mislimo da treba neke druge mjere preduzimati, a jedna od njih je i ograni\u010denje mar\u017ee &#8211; rekla je Mari\u0107eva.<\/p>\n<p>Konkurencija<\/p>\n<p>Denis \u0160uli\u0107 ka\u017ee da su ove godine pokrenuli svojevrsno takmi\u010denje izme\u0111u trgova\u010dkih lanaca, u smislu kreiranja i prezentacije same kampanje, ali i na osnovu ocjena potro\u0161a\u010da.<\/p>\n<p>&#8211; Na sljede\u0107oj dodjeli priznanja, koje organizuje Privredna komora RS, nagradi\u0107emo i market koji se u ovoj kampanji poka\u017ee kao najodgovorniji &#8211; rekao je \u0160uli\u0107.<\/p>\n<p>Glas Srpske<\/p>\n","protected":false},"excerpt":{"rendered":"<p>Da se kampanja &#8220;Dru\u0161tveno odgovorni&#8221;, koja je u\u0161la u 18 marketa \u0161irom Republike Srpske, a zahvaljuju\u0107i kojoj su se na rafama na\u0161li brojni proizvodi bez mar\u017ee, pokazala uspje\u0161nom govori \u010dinjenica [&hellip;]<\/p>\n","protected":false},"author":1,"featured_media":0,"comment_status":"closed","ping_status":"open","sticky":false,"template":"","format":"standard","meta":{"_monsterinsights_skip_tracking":false,"_monsterinsights_sitenote_active":false,"_monsterinsights_sitenote_note":"","_monsterinsights_sitenote_category":0,"footnotes":""},"categories":[3],"tags":[],"yoast_head":"<!-- This site is optimized with the Yoast SEO plugin v21.6 - https:\/\/yoast.com\/wordpress\/plugins\/seo\/ -->\n<title>Roba bez mar\u017ee rado ide u korpu: U prijedorskom &quot;DON-u&quot; smatraju da je kampanja &quot;Dru\u0161tveno odgovorni&quot; nedovoljna - PrijedorDanas.com - Prijedorski gradski portal<\/title>\n<meta name=\"robots\" content=\"index, follow, max-snippet:-1, max-image-preview:large, max-video-preview:-1\" \/>\n<link rel=\"canonical\" href=\"https:\/\/www.prijedordanas.com\/?p=240731\" \/>\n<meta property=\"og:locale\" content=\"en_US\" \/>\n<meta property=\"og:type\" content=\"article\" \/>\n<meta property=\"og:title\" content=\"Roba bez mar\u017ee rado ide u korpu: U prijedorskom &quot;DON-u&quot; smatraju da je kampanja &quot;Dru\u0161tveno odgovorni&quot; nedovoljna - PrijedorDanas.com - Prijedorski gradski portal\" \/>\n<meta property=\"og:description\" content=\"Da se kampanja &#8220;Dru\u0161tveno odgovorni&#8221;, koja je u\u0161la u 18 marketa \u0161irom Republike Srpske, a zahvaljuju\u0107i kojoj su se na rafama na\u0161li brojni proizvodi bez mar\u017ee, pokazala uspje\u0161nom govori \u010dinjenica [&hellip;]\" \/>\n<meta property=\"og:url\" content=\"https:\/\/www.prijedordanas.com\/?p=240731\" \/>\n<meta property=\"og:site_name\" content=\"PrijedorDanas.com - Prijedorski gradski portal\" \/>\n<meta property=\"article:publisher\" content=\"https:\/\/www.facebook.com\/PrijedorDanasCom\/\" \/>\n<meta property=\"article:published_time\" content=\"2025-01-26T23:55:06+00:00\" \/>\n<meta property=\"og:image\" content=\"https:\/\/www.prijedordanas.com\/wp-content\/uploads\/2025\/01\/glas-drustveno-odgovorni-300x225.jpg\" \/>\n<meta name=\"author\" content=\"admin\" \/>\n<meta name=\"twitter:card\" content=\"summary_large_image\" \/>\n<meta name=\"twitter:label1\" content=\"Written by\" \/>\n\t<meta name=\"twitter:data1\" content=\"admin\" \/>\n\t<meta name=\"twitter:label2\" content=\"Est. reading time\" \/>\n\t<meta name=\"twitter:data2\" content=\"3 minutes\" \/>\n<script type=\"application\/ld+json\" class=\"yoast-schema-graph\">{\"@context\":\"https:\/\/schema.org\",\"@graph\":[{\"@type\":\"Article\",\"@id\":\"https:\/\/www.prijedordanas.com\/?p=240731#article\",\"isPartOf\":{\"@id\":\"https:\/\/www.prijedordanas.com\/?p=240731\"},\"author\":{\"name\":\"admin\",\"@id\":\"https:\/\/www.prijedordanas.com\/#\/schema\/person\/4e08ccf29b506ca916ff86d46bb700e6\"},\"headline\":\"Roba bez mar\u017ee rado ide u korpu: U prijedorskom &#8220;DON-u&#8221; smatraju da je kampanja &#8220;Dru\u0161tveno odgovorni&#8221; nedovoljna\",\"datePublished\":\"2025-01-26T23:55:06+00:00\",\"dateModified\":\"2025-01-26T23:55:06+00:00\",\"mainEntityOfPage\":{\"@id\":\"https:\/\/www.prijedordanas.com\/?p=240731\"},\"wordCount\":653,\"publisher\":{\"@id\":\"https:\/\/www.prijedordanas.com\/#organization\"},\"articleSection\":[\"\u017divot\"],\"inLanguage\":\"en-US\"},{\"@type\":\"WebPage\",\"@id\":\"https:\/\/www.prijedordanas.com\/?p=240731\",\"url\":\"https:\/\/www.prijedordanas.com\/?p=240731\",\"name\":\"Roba bez mar\u017ee rado ide u korpu: U prijedorskom \\\"DON-u\\\" smatraju da je kampanja \\\"Dru\u0161tveno odgovorni\\\" nedovoljna - PrijedorDanas.com - Prijedorski gradski portal\",\"isPartOf\":{\"@id\":\"https:\/\/www.prijedordanas.com\/#website\"},\"datePublished\":\"2025-01-26T23:55:06+00:00\",\"dateModified\":\"2025-01-26T23:55:06+00:00\",\"breadcrumb\":{\"@id\":\"https:\/\/www.prijedordanas.com\/?p=240731#breadcrumb\"},\"inLanguage\":\"en-US\",\"potentialAction\":[{\"@type\":\"ReadAction\",\"target\":[\"https:\/\/www.prijedordanas.com\/?p=240731\"]}]},{\"@type\":\"BreadcrumbList\",\"@id\":\"https:\/\/www.prijedordanas.com\/?p=240731#breadcrumb\",\"itemListElement\":[{\"@type\":\"ListItem\",\"position\":1,\"name\":\"Home\",\"item\":\"https:\/\/www.prijedordanas.com\/\"},{\"@type\":\"ListItem\",\"position\":2,\"name\":\"Roba bez mar\u017ee rado ide u korpu: U prijedorskom &#8220;DON-u&#8221; smatraju da je kampanja &#8220;Dru\u0161tveno odgovorni&#8221; nedovoljna\"}]},{\"@type\":\"WebSite\",\"@id\":\"https:\/\/www.prijedordanas.com\/#website\",\"url\":\"https:\/\/www.prijedordanas.com\/\",\"name\":\"PrijedorDanas.com - Prijedorski gradski portal\",\"description\":\"Portal o doga\u0111anjima u gradu Prijedoru\",\"publisher\":{\"@id\":\"https:\/\/www.prijedordanas.com\/#organization\"},\"potentialAction\":[{\"@type\":\"SearchAction\",\"target\":{\"@type\":\"EntryPoint\",\"urlTemplate\":\"https:\/\/www.prijedordanas.com\/?s={search_term_string}\"},\"query-input\":\"required name=search_term_string\"}],\"inLanguage\":\"en-US\"},{\"@type\":\"Organization\",\"@id\":\"https:\/\/www.prijedordanas.com\/#organization\",\"name\":\"PrijedorDanas.com\",\"url\":\"https:\/\/www.prijedordanas.com\/\",\"logo\":{\"@type\":\"ImageObject\",\"inLanguage\":\"en-US\",\"@id\":\"https:\/\/www.prijedordanas.com\/#\/schema\/logo\/image\/\",\"url\":\"http:\/\/www.prijedordanas.com\/wp-content\/uploads\/2021\/12\/logopng.png\",\"contentUrl\":\"http:\/\/www.prijedordanas.com\/wp-content\/uploads\/2021\/12\/logopng.png\",\"width\":1019,\"height\":776,\"caption\":\"PrijedorDanas.com\"},\"image\":{\"@id\":\"https:\/\/www.prijedordanas.com\/#\/schema\/logo\/image\/\"},\"sameAs\":[\"https:\/\/www.facebook.com\/PrijedorDanasCom\/\"]},{\"@type\":\"Person\",\"@id\":\"https:\/\/www.prijedordanas.com\/#\/schema\/person\/4e08ccf29b506ca916ff86d46bb700e6\",\"name\":\"admin\",\"image\":{\"@type\":\"ImageObject\",\"inLanguage\":\"en-US\",\"@id\":\"https:\/\/www.prijedordanas.com\/#\/schema\/person\/image\/\",\"url\":\"https:\/\/secure.gravatar.com\/avatar\/1d3fc949d550f0b53a5f0d51e06dfd79?s=96&d=mm&r=g\",\"contentUrl\":\"https:\/\/secure.gravatar.com\/avatar\/1d3fc949d550f0b53a5f0d51e06dfd79?s=96&d=mm&r=g\",\"caption\":\"admin\"},\"url\":\"https:\/\/www.prijedordanas.com\/?author=1\"}]}<\/script>\n<!-- \/ Yoast SEO plugin. -->","yoast_head_json":{"title":"Roba bez mar\u017ee rado ide u korpu: U prijedorskom \"DON-u\" smatraju da je kampanja \"Dru\u0161tveno odgovorni\" nedovoljna - PrijedorDanas.com - Prijedorski gradski portal","robots":{"index":"index","follow":"follow","max-snippet":"max-snippet:-1","max-image-preview":"max-image-preview:large","max-video-preview":"max-video-preview:-1"},"canonical":"https:\/\/www.prijedordanas.com\/?p=240731","og_locale":"en_US","og_type":"article","og_title":"Roba bez mar\u017ee rado ide u korpu: U prijedorskom \"DON-u\" smatraju da je kampanja \"Dru\u0161tveno odgovorni\" nedovoljna - PrijedorDanas.com - Prijedorski gradski portal","og_description":"Da se kampanja &#8220;Dru\u0161tveno odgovorni&#8221;, koja je u\u0161la u 18 marketa \u0161irom Republike Srpske, a zahvaljuju\u0107i kojoj su se na rafama na\u0161li brojni proizvodi bez mar\u017ee, pokazala uspje\u0161nom govori \u010dinjenica [&hellip;]","og_url":"https:\/\/www.prijedordanas.com\/?p=240731","og_site_name":"PrijedorDanas.com - Prijedorski gradski portal","article_publisher":"https:\/\/www.facebook.com\/PrijedorDanasCom\/","article_published_time":"2025-01-26T23:55:06+00:00","og_image":[{"url":"https:\/\/www.prijedordanas.com\/wp-content\/uploads\/2025\/01\/glas-drustveno-odgovorni-300x225.jpg"}],"author":"admin","twitter_card":"summary_large_image","twitter_misc":{"Written by":"admin","Est. reading time":"3 minutes"},"schema":{"@context":"https:\/\/schema.org","@graph":[{"@type":"Article","@id":"https:\/\/www.prijedordanas.com\/?p=240731#article","isPartOf":{"@id":"https:\/\/www.prijedordanas.com\/?p=240731"},"author":{"name":"admin","@id":"https:\/\/www.prijedordanas.com\/#\/schema\/person\/4e08ccf29b506ca916ff86d46bb700e6"},"headline":"Roba bez mar\u017ee rado ide u korpu: U prijedorskom &#8220;DON-u&#8221; smatraju da je kampanja &#8220;Dru\u0161tveno odgovorni&#8221; nedovoljna","datePublished":"2025-01-26T23:55:06+00:00","dateModified":"2025-01-26T23:55:06+00:00","mainEntityOfPage":{"@id":"https:\/\/www.prijedordanas.com\/?p=240731"},"wordCount":653,"publisher":{"@id":"https:\/\/www.prijedordanas.com\/#organization"},"articleSection":["\u017divot"],"inLanguage":"en-US"},{"@type":"WebPage","@id":"https:\/\/www.prijedordanas.com\/?p=240731","url":"https:\/\/www.prijedordanas.com\/?p=240731","name":"Roba bez mar\u017ee rado ide u korpu: U prijedorskom \"DON-u\" smatraju da je kampanja \"Dru\u0161tveno odgovorni\" nedovoljna - PrijedorDanas.com - Prijedorski gradski portal","isPartOf":{"@id":"https:\/\/www.prijedordanas.com\/#website"},"datePublished":"2025-01-26T23:55:06+00:00","dateModified":"2025-01-26T23:55:06+00:00","breadcrumb":{"@id":"https:\/\/www.prijedordanas.com\/?p=240731#breadcrumb"},"inLanguage":"en-US","potentialAction":[{"@type":"ReadAction","target":["https:\/\/www.prijedordanas.com\/?p=240731"]}]},{"@type":"BreadcrumbList","@id":"https:\/\/www.prijedordanas.com\/?p=240731#breadcrumb","itemListElement":[{"@type":"ListItem","position":1,"name":"Home","item":"https:\/\/www.prijedordanas.com\/"},{"@type":"ListItem","position":2,"name":"Roba bez mar\u017ee rado ide u korpu: U prijedorskom &#8220;DON-u&#8221; smatraju da je kampanja &#8220;Dru\u0161tveno odgovorni&#8221; nedovoljna"}]},{"@type":"WebSite","@id":"https:\/\/www.prijedordanas.com\/#website","url":"https:\/\/www.prijedordanas.com\/","name":"PrijedorDanas.com - Prijedorski gradski portal","description":"Portal o doga\u0111anjima u gradu Prijedoru","publisher":{"@id":"https:\/\/www.prijedordanas.com\/#organization"},"potentialAction":[{"@type":"SearchAction","target":{"@type":"EntryPoint","urlTemplate":"https:\/\/www.prijedordanas.com\/?s={search_term_string}"},"query-input":"required name=search_term_string"}],"inLanguage":"en-US"},{"@type":"Organization","@id":"https:\/\/www.prijedordanas.com\/#organization","name":"PrijedorDanas.com","url":"https:\/\/www.prijedordanas.com\/","logo":{"@type":"ImageObject","inLanguage":"en-US","@id":"https:\/\/www.prijedordanas.com\/#\/schema\/logo\/image\/","url":"http:\/\/www.prijedordanas.com\/wp-content\/uploads\/2021\/12\/logopng.png","contentUrl":"http:\/\/www.prijedordanas.com\/wp-content\/uploads\/2021\/12\/logopng.png","width":1019,"height":776,"caption":"PrijedorDanas.com"},"image":{"@id":"https:\/\/www.prijedordanas.com\/#\/schema\/logo\/image\/"},"sameAs":["https:\/\/www.facebook.com\/PrijedorDanasCom\/"]},{"@type":"Person","@id":"https:\/\/www.prijedordanas.com\/#\/schema\/person\/4e08ccf29b506ca916ff86d46bb700e6","name":"admin","image":{"@type":"ImageObject","inLanguage":"en-US","@id":"https:\/\/www.prijedordanas.com\/#\/schema\/person\/image\/","url":"https:\/\/secure.gravatar.com\/avatar\/1d3fc949d550f0b53a5f0d51e06dfd79?s=96&d=mm&r=g","contentUrl":"https:\/\/secure.gravatar.com\/avatar\/1d3fc949d550f0b53a5f0d51e06dfd79?s=96&d=mm&r=g","caption":"admin"},"url":"https:\/\/www.prijedordanas.com\/?author=1"}]}},"_links":{"self":[{"href":"https:\/\/www.prijedordanas.com\/index.php?rest_route=\/wp\/v2\/posts\/240731"}],"collection":[{"href":"https:\/\/www.prijedordanas.com\/index.php?rest_route=\/wp\/v2\/posts"}],"about":[{"href":"https:\/\/www.prijedordanas.com\/index.php?rest_route=\/wp\/v2\/types\/post"}],"author":[{"embeddable":true,"href":"https:\/\/www.prijedordanas.com\/index.php?rest_route=\/wp\/v2\/users\/1"}],"replies":[{"embeddable":true,"href":"https:\/\/www.prijedordanas.com\/index.php?rest_route=%2Fwp%2Fv2%2Fcomments&post=240731"}],"version-history":[{"count":1,"href":"https:\/\/www.prijedordanas.com\/index.php?rest_route=\/wp\/v2\/posts\/240731\/revisions"}],"predecessor-version":[{"id":240733,"href":"https:\/\/www.prijedordanas.com\/index.php?rest_route=\/wp\/v2\/posts\/240731\/revisions\/240733"}],"wp:attachment":[{"href":"https:\/\/www.prijedordanas.com\/index.php?rest_route=%2Fwp%2Fv2%2Fmedia&parent=240731"}],"wp:term":[{"taxonomy":"category","embeddable":true,"href":"https:\/\/www.prijedordanas.com\/index.php?rest_route=%2Fwp%2Fv2%2Fcategories&post=240731"},{"taxonomy":"post_tag","embeddable":true,"href":"https:\/\/www.prijedordanas.com\/index.php?rest_route=%2Fwp%2Fv2%2Ftags&post=240731"}],"curies":[{"name":"wp","href":"https:\/\/api.w.org\/{rel}","templated":true}]}}