{"id":240568,"date":"2025-01-24T11:59:29","date_gmt":"2025-01-24T10:59:29","guid":{"rendered":"https:\/\/www.prijedordanas.com\/?p=240568"},"modified":"2025-01-24T11:59:29","modified_gmt":"2025-01-24T10:59:29","slug":"oglasila-se-unija-poslodavaca-republike-srpske-o-najnizoj-plati","status":"publish","type":"post","link":"https:\/\/www.prijedordanas.com\/?p=240568","title":{"rendered":"Oglasila se Unija poslodavaca Republike Srpske o najni\u017eoj plati"},"content":{"rendered":"<p><a href=\"https:\/\/www.prijedordanas.com\/wp-content\/uploads\/2025\/01\/konvertibilne-marke-1.jpg\"><img loading=\"lazy\" decoding=\"async\" src=\"https:\/\/www.prijedordanas.com\/wp-content\/uploads\/2025\/01\/konvertibilne-marke-1-300x225.jpg\" alt=\"\" width=\"300\" height=\"225\" class=\"alignleft size-medium wp-image-240569\" srcset=\"https:\/\/www.prijedordanas.com\/wp-content\/uploads\/2025\/01\/konvertibilne-marke-1-300x225.jpg 300w, https:\/\/www.prijedordanas.com\/wp-content\/uploads\/2025\/01\/konvertibilne-marke-1-640x480.jpg 640w, https:\/\/www.prijedordanas.com\/wp-content\/uploads\/2025\/01\/konvertibilne-marke-1.jpg 666w\" sizes=\"(max-width: 300px) 100vw, 300px\" \/><\/a>Unija poslodavaca Republike Srpske obavje\u0161tava javnost da je u proteklom periodu intenzivno radila sa institucijama Republike Srpske na iznala\u017eenju najadekvatnijih rje\u0161enja vezanih za utvr\u0111ivanje visine najni\u017ee plate za 2025. godinu sa ciljem za\u0161tite \u017eivotnog standarda radnika sa najni\u017eim primanjima, rasta plata i suzbijanja neformalne ekonomije u Republici Srpskoj.<\/p>\n<p>Koristimo priliku da obavjestimo poslodavce i javnost da je u okviru dijaloga sa institucijama postignuta saglasnost o utvr\u0111ivanju tri iznosa najni\u017ee plate:<br \/>\n-900 KM za poslove koji odgovaraju stru\u010dnoj spremi \u2013 nekvalifikovani radnik(NK), polukvalifikovani radnik(PK) i kvalifikovani radnik(KV);<br \/>\n-1000 KM za poslove koji odgovaraju stru\u010dnoj spremi \u2013 srednja stru\u010dna sprema(SSS) i visokokvalifkovani radnik(VKV);<br \/>\n-1300 KM za poslove koji odgovaraju stru\u010dnoj spremi \u2013 vi\u0161a stru\u010dna sprema(VS) i visoka stru\u010dna sprema(VSS).<\/p>\n<p>Unija poslodavaca Republike Srpske smatra da \u0107e navedeni iznosi najni\u017ee plate biti stimulativni za dalji razvoj na\u0161e ekonomije i doprinnjeti ukupnoj stabilnosti sistema. Posebno nagla\u0161avamo razumjevanje  institucija Republike Srpske za situaciju u kojoj se nalazi prera\u0111iva\u010dka industrija koja je zabilje\u017eila negativne rezultate u protekloj poslovnoj godini, uzrokovane padom tra\u017enje na tr\u017ei\u0161tu Evropske unije.<\/p>\n<p>Jo\u0161 jednom nagla\u0161avamo da je budu\u0107i rast ekonomije i stabilnost ukupnog sistema mogu\u0107a isklju\u010divo kroz zna\u010dajnije ulaganje u tehnolo\u0161ki razvoj kompanija kroz koji mo\u017eemo posti\u0107i rast produktivnosti, rast konkurentnosti i rast \u017eivotnog standarda radnika.<\/p>\n<p>Unija poslodavaca Republike Srpske daje podr\u0161ku navednim prijedlozima i obavje\u0161tava \u010dlanstvo i javnost da \u0107e dati podr\u0161ku usvajanju navednih prijedloga na predstoje\u0107oj sjednici Ekonomsko-socijalnog  savjeta Republike Srpske koja je zakazana za subotu 25.januar 2025. godine u Palati Predsjednika Republike Srpske.<\/p>\n<p>Koristimo priliku da jo\u0161 jednom pozovemo poslodavce da usklade poslovanje sa pozitivnim propisima Republike Srpske i Bosne i Hercegovine i na taj na\u010din daju doprinos suzbijanju neformalne ekonomije i rastu integriteta na\u0161e zajednice.<\/p>\n<p>Unija poslodavaca Republike Srpske<\/p>\n","protected":false},"excerpt":{"rendered":"<p>Unija poslodavaca Republike Srpske obavje\u0161tava javnost da je u proteklom periodu intenzivno radila sa institucijama Republike Srpske na iznala\u017eenju najadekvatnijih rje\u0161enja vezanih za utvr\u0111ivanje visine najni\u017ee plate za 2025. godinu [&hellip;]<\/p>\n","protected":false},"author":1,"featured_media":0,"comment_status":"closed","ping_status":"open","sticky":false,"template":"","format":"standard","meta":{"_monsterinsights_skip_tracking":false,"_monsterinsights_sitenote_active":false,"_monsterinsights_sitenote_note":"","_monsterinsights_sitenote_category":0,"footnotes":""},"categories":[3],"tags":[],"yoast_head":"<!-- This site is optimized with the Yoast SEO plugin v21.6 - https:\/\/yoast.com\/wordpress\/plugins\/seo\/ -->\n<title>Oglasila se Unija poslodavaca Republike Srpske o najni\u017eoj plati - PrijedorDanas.com - Prijedorski gradski portal<\/title>\n<meta name=\"robots\" content=\"index, follow, max-snippet:-1, max-image-preview:large, max-video-preview:-1\" \/>\n<link rel=\"canonical\" href=\"https:\/\/www.prijedordanas.com\/?p=240568\" \/>\n<meta property=\"og:locale\" content=\"en_US\" \/>\n<meta property=\"og:type\" content=\"article\" \/>\n<meta property=\"og:title\" content=\"Oglasila se Unija poslodavaca Republike Srpske o najni\u017eoj plati - PrijedorDanas.com - Prijedorski gradski portal\" \/>\n<meta property=\"og:description\" content=\"Unija poslodavaca Republike Srpske obavje\u0161tava javnost da je u proteklom periodu intenzivno radila sa institucijama Republike Srpske na iznala\u017eenju najadekvatnijih rje\u0161enja vezanih za utvr\u0111ivanje visine najni\u017ee plate za 2025. godinu [&hellip;]\" \/>\n<meta property=\"og:url\" content=\"https:\/\/www.prijedordanas.com\/?p=240568\" \/>\n<meta property=\"og:site_name\" content=\"PrijedorDanas.com - Prijedorski gradski portal\" \/>\n<meta property=\"article:publisher\" content=\"https:\/\/www.facebook.com\/PrijedorDanasCom\/\" \/>\n<meta property=\"article:published_time\" content=\"2025-01-24T10:59:29+00:00\" \/>\n<meta property=\"og:image\" content=\"https:\/\/www.prijedordanas.com\/wp-content\/uploads\/2025\/01\/konvertibilne-marke-1-300x225.jpg\" \/>\n<meta name=\"author\" content=\"admin\" \/>\n<meta name=\"twitter:card\" content=\"summary_large_image\" \/>\n<meta name=\"twitter:label1\" content=\"Written by\" \/>\n\t<meta name=\"twitter:data1\" content=\"admin\" \/>\n<script type=\"application\/ld+json\" class=\"yoast-schema-graph\">{\"@context\":\"https:\/\/schema.org\",\"@graph\":[{\"@type\":\"Article\",\"@id\":\"https:\/\/www.prijedordanas.com\/?p=240568#article\",\"isPartOf\":{\"@id\":\"https:\/\/www.prijedordanas.com\/?p=240568\"},\"author\":{\"name\":\"admin\",\"@id\":\"https:\/\/www.prijedordanas.com\/#\/schema\/person\/4e08ccf29b506ca916ff86d46bb700e6\"},\"headline\":\"Oglasila se Unija poslodavaca Republike Srpske o najni\u017eoj plati\",\"datePublished\":\"2025-01-24T10:59:29+00:00\",\"dateModified\":\"2025-01-24T10:59:29+00:00\",\"mainEntityOfPage\":{\"@id\":\"https:\/\/www.prijedordanas.com\/?p=240568\"},\"wordCount\":332,\"publisher\":{\"@id\":\"https:\/\/www.prijedordanas.com\/#organization\"},\"articleSection\":[\"\u017divot\"],\"inLanguage\":\"en-US\"},{\"@type\":\"WebPage\",\"@id\":\"https:\/\/www.prijedordanas.com\/?p=240568\",\"url\":\"https:\/\/www.prijedordanas.com\/?p=240568\",\"name\":\"Oglasila se Unija poslodavaca Republike Srpske o najni\u017eoj plati - PrijedorDanas.com - Prijedorski gradski portal\",\"isPartOf\":{\"@id\":\"https:\/\/www.prijedordanas.com\/#website\"},\"datePublished\":\"2025-01-24T10:59:29+00:00\",\"dateModified\":\"2025-01-24T10:59:29+00:00\",\"breadcrumb\":{\"@id\":\"https:\/\/www.prijedordanas.com\/?p=240568#breadcrumb\"},\"inLanguage\":\"en-US\",\"potentialAction\":[{\"@type\":\"ReadAction\",\"target\":[\"https:\/\/www.prijedordanas.com\/?p=240568\"]}]},{\"@type\":\"BreadcrumbList\",\"@id\":\"https:\/\/www.prijedordanas.com\/?p=240568#breadcrumb\",\"itemListElement\":[{\"@type\":\"ListItem\",\"position\":1,\"name\":\"Home\",\"item\":\"https:\/\/www.prijedordanas.com\/\"},{\"@type\":\"ListItem\",\"position\":2,\"name\":\"Oglasila se Unija poslodavaca Republike Srpske o najni\u017eoj plati\"}]},{\"@type\":\"WebSite\",\"@id\":\"https:\/\/www.prijedordanas.com\/#website\",\"url\":\"https:\/\/www.prijedordanas.com\/\",\"name\":\"PrijedorDanas.com - Prijedorski gradski portal\",\"description\":\"Portal o doga\u0111anjima u gradu Prijedoru\",\"publisher\":{\"@id\":\"https:\/\/www.prijedordanas.com\/#organization\"},\"potentialAction\":[{\"@type\":\"SearchAction\",\"target\":{\"@type\":\"EntryPoint\",\"urlTemplate\":\"https:\/\/www.prijedordanas.com\/?s={search_term_string}\"},\"query-input\":\"required name=search_term_string\"}],\"inLanguage\":\"en-US\"},{\"@type\":\"Organization\",\"@id\":\"https:\/\/www.prijedordanas.com\/#organization\",\"name\":\"PrijedorDanas.com\",\"url\":\"https:\/\/www.prijedordanas.com\/\",\"logo\":{\"@type\":\"ImageObject\",\"inLanguage\":\"en-US\",\"@id\":\"https:\/\/www.prijedordanas.com\/#\/schema\/logo\/image\/\",\"url\":\"http:\/\/www.prijedordanas.com\/wp-content\/uploads\/2021\/12\/logopng.png\",\"contentUrl\":\"http:\/\/www.prijedordanas.com\/wp-content\/uploads\/2021\/12\/logopng.png\",\"width\":1019,\"height\":776,\"caption\":\"PrijedorDanas.com\"},\"image\":{\"@id\":\"https:\/\/www.prijedordanas.com\/#\/schema\/logo\/image\/\"},\"sameAs\":[\"https:\/\/www.facebook.com\/PrijedorDanasCom\/\"]},{\"@type\":\"Person\",\"@id\":\"https:\/\/www.prijedordanas.com\/#\/schema\/person\/4e08ccf29b506ca916ff86d46bb700e6\",\"name\":\"admin\",\"image\":{\"@type\":\"ImageObject\",\"inLanguage\":\"en-US\",\"@id\":\"https:\/\/www.prijedordanas.com\/#\/schema\/person\/image\/\",\"url\":\"https:\/\/secure.gravatar.com\/avatar\/1d3fc949d550f0b53a5f0d51e06dfd79?s=96&d=mm&r=g\",\"contentUrl\":\"https:\/\/secure.gravatar.com\/avatar\/1d3fc949d550f0b53a5f0d51e06dfd79?s=96&d=mm&r=g\",\"caption\":\"admin\"},\"url\":\"https:\/\/www.prijedordanas.com\/?author=1\"}]}<\/script>\n<!-- \/ Yoast SEO plugin. -->","yoast_head_json":{"title":"Oglasila se Unija poslodavaca Republike Srpske o najni\u017eoj plati - PrijedorDanas.com - Prijedorski gradski portal","robots":{"index":"index","follow":"follow","max-snippet":"max-snippet:-1","max-image-preview":"max-image-preview:large","max-video-preview":"max-video-preview:-1"},"canonical":"https:\/\/www.prijedordanas.com\/?p=240568","og_locale":"en_US","og_type":"article","og_title":"Oglasila se Unija poslodavaca Republike Srpske o najni\u017eoj plati - PrijedorDanas.com - Prijedorski gradski portal","og_description":"Unija poslodavaca Republike Srpske obavje\u0161tava javnost da je u proteklom periodu intenzivno radila sa institucijama Republike Srpske na iznala\u017eenju najadekvatnijih rje\u0161enja vezanih za utvr\u0111ivanje visine najni\u017ee plate za 2025. godinu [&hellip;]","og_url":"https:\/\/www.prijedordanas.com\/?p=240568","og_site_name":"PrijedorDanas.com - Prijedorski gradski portal","article_publisher":"https:\/\/www.facebook.com\/PrijedorDanasCom\/","article_published_time":"2025-01-24T10:59:29+00:00","og_image":[{"url":"https:\/\/www.prijedordanas.com\/wp-content\/uploads\/2025\/01\/konvertibilne-marke-1-300x225.jpg"}],"author":"admin","twitter_card":"summary_large_image","twitter_misc":{"Written by":"admin"},"schema":{"@context":"https:\/\/schema.org","@graph":[{"@type":"Article","@id":"https:\/\/www.prijedordanas.com\/?p=240568#article","isPartOf":{"@id":"https:\/\/www.prijedordanas.com\/?p=240568"},"author":{"name":"admin","@id":"https:\/\/www.prijedordanas.com\/#\/schema\/person\/4e08ccf29b506ca916ff86d46bb700e6"},"headline":"Oglasila se Unija poslodavaca Republike Srpske o najni\u017eoj plati","datePublished":"2025-01-24T10:59:29+00:00","dateModified":"2025-01-24T10:59:29+00:00","mainEntityOfPage":{"@id":"https:\/\/www.prijedordanas.com\/?p=240568"},"wordCount":332,"publisher":{"@id":"https:\/\/www.prijedordanas.com\/#organization"},"articleSection":["\u017divot"],"inLanguage":"en-US"},{"@type":"WebPage","@id":"https:\/\/www.prijedordanas.com\/?p=240568","url":"https:\/\/www.prijedordanas.com\/?p=240568","name":"Oglasila se Unija poslodavaca Republike Srpske o najni\u017eoj plati - PrijedorDanas.com - Prijedorski gradski portal","isPartOf":{"@id":"https:\/\/www.prijedordanas.com\/#website"},"datePublished":"2025-01-24T10:59:29+00:00","dateModified":"2025-01-24T10:59:29+00:00","breadcrumb":{"@id":"https:\/\/www.prijedordanas.com\/?p=240568#breadcrumb"},"inLanguage":"en-US","potentialAction":[{"@type":"ReadAction","target":["https:\/\/www.prijedordanas.com\/?p=240568"]}]},{"@type":"BreadcrumbList","@id":"https:\/\/www.prijedordanas.com\/?p=240568#breadcrumb","itemListElement":[{"@type":"ListItem","position":1,"name":"Home","item":"https:\/\/www.prijedordanas.com\/"},{"@type":"ListItem","position":2,"name":"Oglasila se Unija poslodavaca Republike Srpske o najni\u017eoj plati"}]},{"@type":"WebSite","@id":"https:\/\/www.prijedordanas.com\/#website","url":"https:\/\/www.prijedordanas.com\/","name":"PrijedorDanas.com - Prijedorski gradski portal","description":"Portal o doga\u0111anjima u gradu Prijedoru","publisher":{"@id":"https:\/\/www.prijedordanas.com\/#organization"},"potentialAction":[{"@type":"SearchAction","target":{"@type":"EntryPoint","urlTemplate":"https:\/\/www.prijedordanas.com\/?s={search_term_string}"},"query-input":"required name=search_term_string"}],"inLanguage":"en-US"},{"@type":"Organization","@id":"https:\/\/www.prijedordanas.com\/#organization","name":"PrijedorDanas.com","url":"https:\/\/www.prijedordanas.com\/","logo":{"@type":"ImageObject","inLanguage":"en-US","@id":"https:\/\/www.prijedordanas.com\/#\/schema\/logo\/image\/","url":"http:\/\/www.prijedordanas.com\/wp-content\/uploads\/2021\/12\/logopng.png","contentUrl":"http:\/\/www.prijedordanas.com\/wp-content\/uploads\/2021\/12\/logopng.png","width":1019,"height":776,"caption":"PrijedorDanas.com"},"image":{"@id":"https:\/\/www.prijedordanas.com\/#\/schema\/logo\/image\/"},"sameAs":["https:\/\/www.facebook.com\/PrijedorDanasCom\/"]},{"@type":"Person","@id":"https:\/\/www.prijedordanas.com\/#\/schema\/person\/4e08ccf29b506ca916ff86d46bb700e6","name":"admin","image":{"@type":"ImageObject","inLanguage":"en-US","@id":"https:\/\/www.prijedordanas.com\/#\/schema\/person\/image\/","url":"https:\/\/secure.gravatar.com\/avatar\/1d3fc949d550f0b53a5f0d51e06dfd79?s=96&d=mm&r=g","contentUrl":"https:\/\/secure.gravatar.com\/avatar\/1d3fc949d550f0b53a5f0d51e06dfd79?s=96&d=mm&r=g","caption":"admin"},"url":"https:\/\/www.prijedordanas.com\/?author=1"}]}},"_links":{"self":[{"href":"https:\/\/www.prijedordanas.com\/index.php?rest_route=\/wp\/v2\/posts\/240568"}],"collection":[{"href":"https:\/\/www.prijedordanas.com\/index.php?rest_route=\/wp\/v2\/posts"}],"about":[{"href":"https:\/\/www.prijedordanas.com\/index.php?rest_route=\/wp\/v2\/types\/post"}],"author":[{"embeddable":true,"href":"https:\/\/www.prijedordanas.com\/index.php?rest_route=\/wp\/v2\/users\/1"}],"replies":[{"embeddable":true,"href":"https:\/\/www.prijedordanas.com\/index.php?rest_route=%2Fwp%2Fv2%2Fcomments&post=240568"}],"version-history":[{"count":1,"href":"https:\/\/www.prijedordanas.com\/index.php?rest_route=\/wp\/v2\/posts\/240568\/revisions"}],"predecessor-version":[{"id":240570,"href":"https:\/\/www.prijedordanas.com\/index.php?rest_route=\/wp\/v2\/posts\/240568\/revisions\/240570"}],"wp:attachment":[{"href":"https:\/\/www.prijedordanas.com\/index.php?rest_route=%2Fwp%2Fv2%2Fmedia&parent=240568"}],"wp:term":[{"taxonomy":"category","embeddable":true,"href":"https:\/\/www.prijedordanas.com\/index.php?rest_route=%2Fwp%2Fv2%2Fcategories&post=240568"},{"taxonomy":"post_tag","embeddable":true,"href":"https:\/\/www.prijedordanas.com\/index.php?rest_route=%2Fwp%2Fv2%2Ftags&post=240568"}],"curies":[{"name":"wp","href":"https:\/\/api.w.org\/{rel}","templated":true}]}}