{"id":240538,"date":"2025-01-23T18:09:43","date_gmt":"2025-01-23T17:09:43","guid":{"rendered":"https:\/\/www.prijedordanas.com\/?p=240538"},"modified":"2025-01-23T18:09:43","modified_gmt":"2025-01-23T17:09:43","slug":"pu-prijedor-milojica-ako-je-neko-u-autotransportu-pocinio-krivicno-djelo-mi-cemo-ga-pronaci","status":"publish","type":"post","link":"https:\/\/www.prijedordanas.com\/?p=240538","title":{"rendered":"PU Prijedor &#8211; Milojica: Ako je neko u &#8220;Autotransportu&#8221; po\u010dinio krivi\u010dno djelo, mi \u0107emo ga prona\u0107i"},"content":{"rendered":"<p><a href=\"https:\/\/www.prijedordanas.com\/wp-content\/uploads\/2025\/01\/pu-prijedor-pres-januar2025-1.jpg\"><img loading=\"lazy\" decoding=\"async\" class=\"alignleft size-medium wp-image-240539\" src=\"https:\/\/www.prijedordanas.com\/wp-content\/uploads\/2025\/01\/pu-prijedor-pres-januar2025-1-300x225.jpg\" alt=\"\" width=\"300\" height=\"225\" srcset=\"https:\/\/www.prijedordanas.com\/wp-content\/uploads\/2025\/01\/pu-prijedor-pres-januar2025-1-300x225.jpg 300w, https:\/\/www.prijedordanas.com\/wp-content\/uploads\/2025\/01\/pu-prijedor-pres-januar2025-1-640x480.jpg 640w, https:\/\/www.prijedordanas.com\/wp-content\/uploads\/2025\/01\/pu-prijedor-pres-januar2025-1.jpg 667w\" sizes=\"(max-width: 300px) 100vw, 300px\" \/><\/a>Policijska uprava Prijedor radi na predmetu &#8220;Autotransport&#8221; nakon \u0161to je gradona\u010delnik Slobodan Javor dostavio policiji zapisnik o poslovanju ovog gradskog preduze\u0107a koji sadr\u017ei elemente sumnje u nezakonitosti u poslovanju.<\/p>\n<p>&#8220;Ako je neko po\u010dinio krivi\u010dno djelo, mi \u0107emo ga na\u0107i&#8221;, izjavio je na\u010delnik Policijske uprave Prijedor Dragan Milojica na konferenciji za novinare.<\/p>\n<p>Na\u010delnik sektora kriminalisti\u010dke policije u Policijskoj upravi Prijedor Goran Karan rekao je da je Javor formirao Komisiju koja je analizirala poslovanja &#8220;Autotransporta&#8221;, te da je zapisnik Komisije dostavio policiji na kontrolu.<\/p>\n<p>&#8220;Imali smo saradnju sa prethodnim direktorom i pribavili odre\u0111enu dokumentaciju. Sada imamo novog direktora sa kojim smo tako\u0111e ostvarili kontakt&#8221;, dodao je Karan.<\/p>\n<p>On je rekao da \u0107e biti nastavljeno sa prikupljanjem dokumentacije, te da \u0107e te aktivnosti biti intenzivirane kako bi se vidjelo da li ima elemenata krivi\u010dnog djela.<\/p>\n<p>Prema njegovim rije\u010dima, u ovoj fazi predmeta ne mo\u017ee se govoriti o rokovima.<\/p>\n<p>Javor je ranije rekao da je dostavio policiji informacije o &#8220;Autotransportu&#8221; koje sadr\u017ee elemente sumnje u nezakonitosti u poslovanju.<\/p>\n<p>SRNA<br \/>\nFoto &#8211; ilustracija<\/p>\n<p><a href=\"https:\/\/www.prijedordanas.com\/wp-content\/uploads\/2025\/01\/pu-prijedor-pres-januar2025-dragan-milojica.jpg\"><img loading=\"lazy\" decoding=\"async\" src=\"https:\/\/www.prijedordanas.com\/wp-content\/uploads\/2025\/01\/pu-prijedor-pres-januar2025-dragan-milojica-300x225.jpg\" alt=\"\" width=\"300\" height=\"225\" class=\"alignleft size-medium wp-image-240540\" srcset=\"https:\/\/www.prijedordanas.com\/wp-content\/uploads\/2025\/01\/pu-prijedor-pres-januar2025-dragan-milojica-300x225.jpg 300w, https:\/\/www.prijedordanas.com\/wp-content\/uploads\/2025\/01\/pu-prijedor-pres-januar2025-dragan-milojica-640x480.jpg 640w, https:\/\/www.prijedordanas.com\/wp-content\/uploads\/2025\/01\/pu-prijedor-pres-januar2025-dragan-milojica.jpg 667w\" sizes=\"(max-width: 300px) 100vw, 300px\" \/><\/a> <a href=\"https:\/\/www.prijedordanas.com\/wp-content\/uploads\/2025\/01\/pu-prijedor-pres-januar2025-goran-karan.jpg\"><img loading=\"lazy\" decoding=\"async\" src=\"https:\/\/www.prijedordanas.com\/wp-content\/uploads\/2025\/01\/pu-prijedor-pres-januar2025-goran-karan-300x225.jpg\" alt=\"\" width=\"300\" height=\"225\" class=\"alignleft size-medium wp-image-240541\" srcset=\"https:\/\/www.prijedordanas.com\/wp-content\/uploads\/2025\/01\/pu-prijedor-pres-januar2025-goran-karan-300x225.jpg 300w, https:\/\/www.prijedordanas.com\/wp-content\/uploads\/2025\/01\/pu-prijedor-pres-januar2025-goran-karan-640x480.jpg 640w, https:\/\/www.prijedordanas.com\/wp-content\/uploads\/2025\/01\/pu-prijedor-pres-januar2025-goran-karan.jpg 667w\" sizes=\"(max-width: 300px) 100vw, 300px\" \/><\/a><\/p>\n","protected":false},"excerpt":{"rendered":"<p>Policijska uprava Prijedor radi na predmetu &#8220;Autotransport&#8221; nakon \u0161to je gradona\u010delnik Slobodan Javor dostavio policiji zapisnik o poslovanju ovog gradskog preduze\u0107a koji sadr\u017ei elemente sumnje u nezakonitosti u poslovanju. &#8220;Ako [&hellip;]<\/p>\n","protected":false},"author":1,"featured_media":0,"comment_status":"closed","ping_status":"open","sticky":false,"template":"","format":"standard","meta":{"_monsterinsights_skip_tracking":false,"_monsterinsights_sitenote_active":false,"_monsterinsights_sitenote_note":"","_monsterinsights_sitenote_category":0,"footnotes":""},"categories":[5],"tags":[],"yoast_head":"<!-- This site is optimized with the Yoast SEO plugin v21.6 - https:\/\/yoast.com\/wordpress\/plugins\/seo\/ -->\n<title>PU Prijedor - Milojica: Ako je neko u &quot;Autotransportu&quot; po\u010dinio krivi\u010dno djelo, mi \u0107emo ga prona\u0107i - PrijedorDanas.com - Prijedorski gradski portal<\/title>\n<meta name=\"robots\" content=\"index, follow, max-snippet:-1, max-image-preview:large, max-video-preview:-1\" \/>\n<link rel=\"canonical\" href=\"https:\/\/www.prijedordanas.com\/?p=240538\" \/>\n<meta property=\"og:locale\" content=\"en_US\" \/>\n<meta property=\"og:type\" content=\"article\" \/>\n<meta property=\"og:title\" content=\"PU Prijedor - Milojica: Ako je neko u &quot;Autotransportu&quot; po\u010dinio krivi\u010dno djelo, mi \u0107emo ga prona\u0107i - PrijedorDanas.com - Prijedorski gradski portal\" \/>\n<meta property=\"og:description\" content=\"Policijska uprava Prijedor radi na predmetu &#8220;Autotransport&#8221; nakon \u0161to je gradona\u010delnik Slobodan Javor dostavio policiji zapisnik o poslovanju ovog gradskog preduze\u0107a koji sadr\u017ei elemente sumnje u nezakonitosti u poslovanju. &#8220;Ako [&hellip;]\" \/>\n<meta property=\"og:url\" content=\"https:\/\/www.prijedordanas.com\/?p=240538\" \/>\n<meta property=\"og:site_name\" content=\"PrijedorDanas.com - Prijedorski gradski portal\" \/>\n<meta property=\"article:publisher\" content=\"https:\/\/www.facebook.com\/PrijedorDanasCom\/\" \/>\n<meta property=\"article:published_time\" content=\"2025-01-23T17:09:43+00:00\" \/>\n<meta property=\"og:image\" content=\"https:\/\/www.prijedordanas.com\/wp-content\/uploads\/2025\/01\/pu-prijedor-pres-januar2025-1-300x225.jpg\" \/>\n<meta name=\"author\" content=\"admin\" \/>\n<meta name=\"twitter:card\" content=\"summary_large_image\" \/>\n<meta name=\"twitter:label1\" content=\"Written by\" \/>\n\t<meta name=\"twitter:data1\" content=\"admin\" \/>\n\t<meta name=\"twitter:label2\" content=\"Est. reading time\" \/>\n\t<meta name=\"twitter:data2\" content=\"1 minute\" \/>\n<script type=\"application\/ld+json\" class=\"yoast-schema-graph\">{\"@context\":\"https:\/\/schema.org\",\"@graph\":[{\"@type\":\"Article\",\"@id\":\"https:\/\/www.prijedordanas.com\/?p=240538#article\",\"isPartOf\":{\"@id\":\"https:\/\/www.prijedordanas.com\/?p=240538\"},\"author\":{\"name\":\"admin\",\"@id\":\"https:\/\/www.prijedordanas.com\/#\/schema\/person\/4e08ccf29b506ca916ff86d46bb700e6\"},\"headline\":\"PU Prijedor &#8211; Milojica: Ako je neko u &#8220;Autotransportu&#8221; po\u010dinio krivi\u010dno djelo, mi \u0107emo ga prona\u0107i\",\"datePublished\":\"2025-01-23T17:09:43+00:00\",\"dateModified\":\"2025-01-23T17:09:43+00:00\",\"mainEntityOfPage\":{\"@id\":\"https:\/\/www.prijedordanas.com\/?p=240538\"},\"wordCount\":202,\"publisher\":{\"@id\":\"https:\/\/www.prijedordanas.com\/#organization\"},\"articleSection\":[\"Hronika\"],\"inLanguage\":\"en-US\"},{\"@type\":\"WebPage\",\"@id\":\"https:\/\/www.prijedordanas.com\/?p=240538\",\"url\":\"https:\/\/www.prijedordanas.com\/?p=240538\",\"name\":\"PU Prijedor - Milojica: Ako je neko u \\\"Autotransportu\\\" po\u010dinio krivi\u010dno djelo, mi \u0107emo ga prona\u0107i - PrijedorDanas.com - Prijedorski gradski portal\",\"isPartOf\":{\"@id\":\"https:\/\/www.prijedordanas.com\/#website\"},\"datePublished\":\"2025-01-23T17:09:43+00:00\",\"dateModified\":\"2025-01-23T17:09:43+00:00\",\"breadcrumb\":{\"@id\":\"https:\/\/www.prijedordanas.com\/?p=240538#breadcrumb\"},\"inLanguage\":\"en-US\",\"potentialAction\":[{\"@type\":\"ReadAction\",\"target\":[\"https:\/\/www.prijedordanas.com\/?p=240538\"]}]},{\"@type\":\"BreadcrumbList\",\"@id\":\"https:\/\/www.prijedordanas.com\/?p=240538#breadcrumb\",\"itemListElement\":[{\"@type\":\"ListItem\",\"position\":1,\"name\":\"Home\",\"item\":\"https:\/\/www.prijedordanas.com\/\"},{\"@type\":\"ListItem\",\"position\":2,\"name\":\"PU Prijedor &#8211; Milojica: Ako je neko u &#8220;Autotransportu&#8221; po\u010dinio krivi\u010dno djelo, mi \u0107emo ga prona\u0107i\"}]},{\"@type\":\"WebSite\",\"@id\":\"https:\/\/www.prijedordanas.com\/#website\",\"url\":\"https:\/\/www.prijedordanas.com\/\",\"name\":\"PrijedorDanas.com - Prijedorski gradski portal\",\"description\":\"Portal o doga\u0111anjima u gradu Prijedoru\",\"publisher\":{\"@id\":\"https:\/\/www.prijedordanas.com\/#organization\"},\"potentialAction\":[{\"@type\":\"SearchAction\",\"target\":{\"@type\":\"EntryPoint\",\"urlTemplate\":\"https:\/\/www.prijedordanas.com\/?s={search_term_string}\"},\"query-input\":\"required name=search_term_string\"}],\"inLanguage\":\"en-US\"},{\"@type\":\"Organization\",\"@id\":\"https:\/\/www.prijedordanas.com\/#organization\",\"name\":\"PrijedorDanas.com\",\"url\":\"https:\/\/www.prijedordanas.com\/\",\"logo\":{\"@type\":\"ImageObject\",\"inLanguage\":\"en-US\",\"@id\":\"https:\/\/www.prijedordanas.com\/#\/schema\/logo\/image\/\",\"url\":\"http:\/\/www.prijedordanas.com\/wp-content\/uploads\/2021\/12\/logopng.png\",\"contentUrl\":\"http:\/\/www.prijedordanas.com\/wp-content\/uploads\/2021\/12\/logopng.png\",\"width\":1019,\"height\":776,\"caption\":\"PrijedorDanas.com\"},\"image\":{\"@id\":\"https:\/\/www.prijedordanas.com\/#\/schema\/logo\/image\/\"},\"sameAs\":[\"https:\/\/www.facebook.com\/PrijedorDanasCom\/\"]},{\"@type\":\"Person\",\"@id\":\"https:\/\/www.prijedordanas.com\/#\/schema\/person\/4e08ccf29b506ca916ff86d46bb700e6\",\"name\":\"admin\",\"image\":{\"@type\":\"ImageObject\",\"inLanguage\":\"en-US\",\"@id\":\"https:\/\/www.prijedordanas.com\/#\/schema\/person\/image\/\",\"url\":\"https:\/\/secure.gravatar.com\/avatar\/1d3fc949d550f0b53a5f0d51e06dfd79?s=96&d=mm&r=g\",\"contentUrl\":\"https:\/\/secure.gravatar.com\/avatar\/1d3fc949d550f0b53a5f0d51e06dfd79?s=96&d=mm&r=g\",\"caption\":\"admin\"},\"url\":\"https:\/\/www.prijedordanas.com\/?author=1\"}]}<\/script>\n<!-- \/ Yoast SEO plugin. -->","yoast_head_json":{"title":"PU Prijedor - Milojica: Ako je neko u \"Autotransportu\" po\u010dinio krivi\u010dno djelo, mi \u0107emo ga prona\u0107i - PrijedorDanas.com - Prijedorski gradski portal","robots":{"index":"index","follow":"follow","max-snippet":"max-snippet:-1","max-image-preview":"max-image-preview:large","max-video-preview":"max-video-preview:-1"},"canonical":"https:\/\/www.prijedordanas.com\/?p=240538","og_locale":"en_US","og_type":"article","og_title":"PU Prijedor - Milojica: Ako je neko u \"Autotransportu\" po\u010dinio krivi\u010dno djelo, mi \u0107emo ga prona\u0107i - PrijedorDanas.com - Prijedorski gradski portal","og_description":"Policijska uprava Prijedor radi na predmetu &#8220;Autotransport&#8221; nakon \u0161to je gradona\u010delnik Slobodan Javor dostavio policiji zapisnik o poslovanju ovog gradskog preduze\u0107a koji sadr\u017ei elemente sumnje u nezakonitosti u poslovanju. &#8220;Ako [&hellip;]","og_url":"https:\/\/www.prijedordanas.com\/?p=240538","og_site_name":"PrijedorDanas.com - Prijedorski gradski portal","article_publisher":"https:\/\/www.facebook.com\/PrijedorDanasCom\/","article_published_time":"2025-01-23T17:09:43+00:00","og_image":[{"url":"https:\/\/www.prijedordanas.com\/wp-content\/uploads\/2025\/01\/pu-prijedor-pres-januar2025-1-300x225.jpg"}],"author":"admin","twitter_card":"summary_large_image","twitter_misc":{"Written by":"admin","Est. reading time":"1 minute"},"schema":{"@context":"https:\/\/schema.org","@graph":[{"@type":"Article","@id":"https:\/\/www.prijedordanas.com\/?p=240538#article","isPartOf":{"@id":"https:\/\/www.prijedordanas.com\/?p=240538"},"author":{"name":"admin","@id":"https:\/\/www.prijedordanas.com\/#\/schema\/person\/4e08ccf29b506ca916ff86d46bb700e6"},"headline":"PU Prijedor &#8211; Milojica: Ako je neko u &#8220;Autotransportu&#8221; po\u010dinio krivi\u010dno djelo, mi \u0107emo ga prona\u0107i","datePublished":"2025-01-23T17:09:43+00:00","dateModified":"2025-01-23T17:09:43+00:00","mainEntityOfPage":{"@id":"https:\/\/www.prijedordanas.com\/?p=240538"},"wordCount":202,"publisher":{"@id":"https:\/\/www.prijedordanas.com\/#organization"},"articleSection":["Hronika"],"inLanguage":"en-US"},{"@type":"WebPage","@id":"https:\/\/www.prijedordanas.com\/?p=240538","url":"https:\/\/www.prijedordanas.com\/?p=240538","name":"PU Prijedor - Milojica: Ako je neko u \"Autotransportu\" po\u010dinio krivi\u010dno djelo, mi \u0107emo ga prona\u0107i - PrijedorDanas.com - Prijedorski gradski portal","isPartOf":{"@id":"https:\/\/www.prijedordanas.com\/#website"},"datePublished":"2025-01-23T17:09:43+00:00","dateModified":"2025-01-23T17:09:43+00:00","breadcrumb":{"@id":"https:\/\/www.prijedordanas.com\/?p=240538#breadcrumb"},"inLanguage":"en-US","potentialAction":[{"@type":"ReadAction","target":["https:\/\/www.prijedordanas.com\/?p=240538"]}]},{"@type":"BreadcrumbList","@id":"https:\/\/www.prijedordanas.com\/?p=240538#breadcrumb","itemListElement":[{"@type":"ListItem","position":1,"name":"Home","item":"https:\/\/www.prijedordanas.com\/"},{"@type":"ListItem","position":2,"name":"PU Prijedor &#8211; Milojica: Ako je neko u &#8220;Autotransportu&#8221; po\u010dinio krivi\u010dno djelo, mi \u0107emo ga prona\u0107i"}]},{"@type":"WebSite","@id":"https:\/\/www.prijedordanas.com\/#website","url":"https:\/\/www.prijedordanas.com\/","name":"PrijedorDanas.com - Prijedorski gradski portal","description":"Portal o doga\u0111anjima u gradu Prijedoru","publisher":{"@id":"https:\/\/www.prijedordanas.com\/#organization"},"potentialAction":[{"@type":"SearchAction","target":{"@type":"EntryPoint","urlTemplate":"https:\/\/www.prijedordanas.com\/?s={search_term_string}"},"query-input":"required name=search_term_string"}],"inLanguage":"en-US"},{"@type":"Organization","@id":"https:\/\/www.prijedordanas.com\/#organization","name":"PrijedorDanas.com","url":"https:\/\/www.prijedordanas.com\/","logo":{"@type":"ImageObject","inLanguage":"en-US","@id":"https:\/\/www.prijedordanas.com\/#\/schema\/logo\/image\/","url":"http:\/\/www.prijedordanas.com\/wp-content\/uploads\/2021\/12\/logopng.png","contentUrl":"http:\/\/www.prijedordanas.com\/wp-content\/uploads\/2021\/12\/logopng.png","width":1019,"height":776,"caption":"PrijedorDanas.com"},"image":{"@id":"https:\/\/www.prijedordanas.com\/#\/schema\/logo\/image\/"},"sameAs":["https:\/\/www.facebook.com\/PrijedorDanasCom\/"]},{"@type":"Person","@id":"https:\/\/www.prijedordanas.com\/#\/schema\/person\/4e08ccf29b506ca916ff86d46bb700e6","name":"admin","image":{"@type":"ImageObject","inLanguage":"en-US","@id":"https:\/\/www.prijedordanas.com\/#\/schema\/person\/image\/","url":"https:\/\/secure.gravatar.com\/avatar\/1d3fc949d550f0b53a5f0d51e06dfd79?s=96&d=mm&r=g","contentUrl":"https:\/\/secure.gravatar.com\/avatar\/1d3fc949d550f0b53a5f0d51e06dfd79?s=96&d=mm&r=g","caption":"admin"},"url":"https:\/\/www.prijedordanas.com\/?author=1"}]}},"_links":{"self":[{"href":"https:\/\/www.prijedordanas.com\/index.php?rest_route=\/wp\/v2\/posts\/240538"}],"collection":[{"href":"https:\/\/www.prijedordanas.com\/index.php?rest_route=\/wp\/v2\/posts"}],"about":[{"href":"https:\/\/www.prijedordanas.com\/index.php?rest_route=\/wp\/v2\/types\/post"}],"author":[{"embeddable":true,"href":"https:\/\/www.prijedordanas.com\/index.php?rest_route=\/wp\/v2\/users\/1"}],"replies":[{"embeddable":true,"href":"https:\/\/www.prijedordanas.com\/index.php?rest_route=%2Fwp%2Fv2%2Fcomments&post=240538"}],"version-history":[{"count":1,"href":"https:\/\/www.prijedordanas.com\/index.php?rest_route=\/wp\/v2\/posts\/240538\/revisions"}],"predecessor-version":[{"id":240542,"href":"https:\/\/www.prijedordanas.com\/index.php?rest_route=\/wp\/v2\/posts\/240538\/revisions\/240542"}],"wp:attachment":[{"href":"https:\/\/www.prijedordanas.com\/index.php?rest_route=%2Fwp%2Fv2%2Fmedia&parent=240538"}],"wp:term":[{"taxonomy":"category","embeddable":true,"href":"https:\/\/www.prijedordanas.com\/index.php?rest_route=%2Fwp%2Fv2%2Fcategories&post=240538"},{"taxonomy":"post_tag","embeddable":true,"href":"https:\/\/www.prijedordanas.com\/index.php?rest_route=%2Fwp%2Fv2%2Ftags&post=240538"}],"curies":[{"name":"wp","href":"https:\/\/api.w.org\/{rel}","templated":true}]}}