{"id":240392,"date":"2025-01-20T08:21:40","date_gmt":"2025-01-20T07:21:40","guid":{"rendered":"https:\/\/www.prijedordanas.com\/?p=240392"},"modified":"2025-01-20T08:21:40","modified_gmt":"2025-01-20T07:21:40","slug":"od-februara-nova-poskupljenja-hljeba-u-republici-srpskoj-video","status":"publish","type":"post","link":"https:\/\/www.prijedordanas.com\/?p=240392","title":{"rendered":"Od februara nova poskupljenja hljeba u Republici Srpskoj &#8211; VIDEO"},"content":{"rendered":"<p><a href=\"https:\/\/www.prijedordanas.com\/wp-content\/uploads\/2017\/09\/pekarski-proizvodi-1.jpg\"><img loading=\"lazy\" decoding=\"async\" src=\"https:\/\/www.prijedordanas.com\/wp-content\/uploads\/2017\/09\/pekarski-proizvodi-1-300x222.jpg\" alt=\"\" width=\"300\" height=\"222\" class=\"alignleft size-medium wp-image-88546\" srcset=\"https:\/\/www.prijedordanas.com\/wp-content\/uploads\/2017\/09\/pekarski-proizvodi-1-300x222.jpg 300w, https:\/\/www.prijedordanas.com\/wp-content\/uploads\/2017\/09\/pekarski-proizvodi-1-100x74.jpg 100w, https:\/\/www.prijedordanas.com\/wp-content\/uploads\/2017\/09\/pekarski-proizvodi-1.jpg 675w\" sizes=\"(max-width: 300px) 100vw, 300px\" \/><\/a>Nakon \u0161to je objavljena vijest o poskupljenju struje za doma\u0107instva u Republici Srpskoj, uslijedila je najava pove\u0107anja cijene osnovnog prehrambenog proizvoda \u2013  hljeba. <\/p>\n<p>Ta\u010dan iznos poskupljenja jo\u0161 nije poznat, ali je izvjesno da \u0107e gra\u0111ani novu, ve\u0107u cijenu pla\u0107ati ve\u0107 za nekoliko dana.<\/p>\n<p>Udru\u017eenja pekara RS isti\u010du da je rast cijena energenata, pove\u0107anje tro\u0161kova struje te vi\u0161i doprinosi za radnike od Nove godine glavni razlog poskupljenja. <\/p>\n<p>&#8220;Najvjerovatnije \u0107e od 1. februara cijena rezanog hljeba biti 2 KM, dok \u0107e vekna bijelog hljeba ko\u0161tati izme\u0111u 1.80 i 1.90 KM,&#8221; izjavio je Radenko Pelemi\u0161 iz Udru\u017eenja mlinara i pekara regije Bijeljina.<\/p>\n<p>Istovremeno, udru\u017eenja potro\u0161a\u010da izra\u017eavaju nezadovoljstvo zbog slobodnog formiranja cijena, \u0161to, prema njihovom mi\u0161ljenju, omogu\u0107ava proizvo\u0111a\u010dima i trgovcima da pove\u0107avaju cijene kako im odgovara. <\/p>\n<p>Murisa Mari\u0107, predsjednica UG \u201eDon\u201c iz Prijedora, upozorava: &#8220;\u010cim radnici dobiju ne\u0161to ve\u0107u platu, ona je ve\u0107 unaprijed potro\u0161ena zbog rasta cijena. Bi\u0107e te\u0161ko obi\u010dnom \u010dovjeku spojiti kraj s krajem u narednim mjesecima.&#8221;<\/p>\n<p>Gra\u0111ani su ogor\u010deni, ali ne i iznena\u0111eni. <\/p>\n<p>Smatraju da teret svake krize, uklju\u010duju\u0107i poskupljenje hljeba, uvijek pada na njih. <\/p>\n<p>&#8220;Nije to bilo potrebno, narodu je stavljen jo\u0161 ve\u0107i teret na le\u0111a,&#8221; poru\u010dili su neki od njih u anketi.<\/p>\n<p>Iako su cijene bra\u0161na do sada bile stabilne, o\u010dekuje se njihov blagi rast, \u0161to \u0107e dodatno opteretiti ku\u0107ne bud\u017eete.<\/p>\n<p>Lan\u010dana poskupljenja su ve\u0107 po\u010dela, a ve\u0107i tro\u0161kovi struje i doprinosa za radnike izazivaju rast cijena i u drugim sektorima, uklju\u010duju\u0107i nekretnine. <\/p>\n<p>&#8220;Cijene gra\u0111evinskog materijala divljaju, a tro\u0161kovi zemlji\u0161ta i radne snage su sve vi\u0161i,&#8221; naglasio je Mile Petrovi\u0107 iz Udru\u017eenja gra\u0111evinarstva RS.<\/p>\n<p>Dok rastu cijene osnovnih potrep\u0161tina, raste i iznos potro\u0161a\u010dke korpe u Bosni i Hercegovini. <\/p>\n<p>Najporazniji podatak je da gra\u0111ani moraju izdvojiti sve ve\u0107e iznose samo za osnovne \u017eivotne namirnice.<\/p>\n<p>bhrt.ba<\/p>\n<p><iframe loading=\"lazy\" title=\"Od 1. februara poskupljenje hljeba u Republici Srpskoj\" width=\"500\" height=\"281\" src=\"https:\/\/www.youtube.com\/embed\/3H11QITRpZA?feature=oembed\" frameborder=\"0\" allow=\"accelerometer; autoplay; clipboard-write; encrypted-media; gyroscope; picture-in-picture; web-share\" referrerpolicy=\"strict-origin-when-cross-origin\" allowfullscreen><\/iframe><\/p>\n","protected":false},"excerpt":{"rendered":"<p>Nakon \u0161to je objavljena vijest o poskupljenju struje za doma\u0107instva u Republici Srpskoj, uslijedila je najava pove\u0107anja cijene osnovnog prehrambenog proizvoda \u2013 hljeba. Ta\u010dan iznos poskupljenja jo\u0161 nije poznat, ali [&hellip;]<\/p>\n","protected":false},"author":1,"featured_media":0,"comment_status":"closed","ping_status":"open","sticky":false,"template":"","format":"standard","meta":{"_monsterinsights_skip_tracking":false,"_monsterinsights_sitenote_active":false,"_monsterinsights_sitenote_note":"","_monsterinsights_sitenote_category":0,"footnotes":""},"categories":[3],"tags":[],"yoast_head":"<!-- This site is optimized with the Yoast SEO plugin v21.6 - https:\/\/yoast.com\/wordpress\/plugins\/seo\/ -->\n<title>Od februara nova poskupljenja hljeba u Republici Srpskoj - VIDEO - PrijedorDanas.com - Prijedorski gradski portal<\/title>\n<meta name=\"robots\" content=\"index, follow, max-snippet:-1, max-image-preview:large, max-video-preview:-1\" \/>\n<link rel=\"canonical\" href=\"https:\/\/www.prijedordanas.com\/?p=240392\" \/>\n<meta property=\"og:locale\" content=\"en_US\" \/>\n<meta property=\"og:type\" content=\"article\" \/>\n<meta property=\"og:title\" content=\"Od februara nova poskupljenja hljeba u Republici Srpskoj - VIDEO - PrijedorDanas.com - Prijedorski gradski portal\" \/>\n<meta property=\"og:description\" content=\"Nakon \u0161to je objavljena vijest o poskupljenju struje za doma\u0107instva u Republici Srpskoj, uslijedila je najava pove\u0107anja cijene osnovnog prehrambenog proizvoda \u2013 hljeba. Ta\u010dan iznos poskupljenja jo\u0161 nije poznat, ali [&hellip;]\" \/>\n<meta property=\"og:url\" content=\"https:\/\/www.prijedordanas.com\/?p=240392\" \/>\n<meta property=\"og:site_name\" content=\"PrijedorDanas.com - Prijedorski gradski portal\" \/>\n<meta property=\"article:publisher\" content=\"https:\/\/www.facebook.com\/PrijedorDanasCom\/\" \/>\n<meta property=\"article:published_time\" content=\"2025-01-20T07:21:40+00:00\" \/>\n<meta property=\"og:image\" content=\"https:\/\/www.prijedordanas.com\/wp-content\/uploads\/2017\/09\/pekarski-proizvodi-1-300x222.jpg\" \/>\n<meta name=\"author\" content=\"admin\" \/>\n<meta name=\"twitter:card\" content=\"summary_large_image\" \/>\n<meta name=\"twitter:label1\" content=\"Written by\" \/>\n\t<meta name=\"twitter:data1\" content=\"admin\" \/>\n<script type=\"application\/ld+json\" class=\"yoast-schema-graph\">{\"@context\":\"https:\/\/schema.org\",\"@graph\":[{\"@type\":\"Article\",\"@id\":\"https:\/\/www.prijedordanas.com\/?p=240392#article\",\"isPartOf\":{\"@id\":\"https:\/\/www.prijedordanas.com\/?p=240392\"},\"author\":{\"name\":\"admin\",\"@id\":\"https:\/\/www.prijedordanas.com\/#\/schema\/person\/4e08ccf29b506ca916ff86d46bb700e6\"},\"headline\":\"Od februara nova poskupljenja hljeba u Republici Srpskoj &#8211; VIDEO\",\"datePublished\":\"2025-01-20T07:21:40+00:00\",\"dateModified\":\"2025-01-20T07:21:40+00:00\",\"mainEntityOfPage\":{\"@id\":\"https:\/\/www.prijedordanas.com\/?p=240392\"},\"wordCount\":359,\"publisher\":{\"@id\":\"https:\/\/www.prijedordanas.com\/#organization\"},\"articleSection\":[\"\u017divot\"],\"inLanguage\":\"en-US\"},{\"@type\":\"WebPage\",\"@id\":\"https:\/\/www.prijedordanas.com\/?p=240392\",\"url\":\"https:\/\/www.prijedordanas.com\/?p=240392\",\"name\":\"Od februara nova poskupljenja hljeba u Republici Srpskoj - VIDEO - PrijedorDanas.com - Prijedorski gradski portal\",\"isPartOf\":{\"@id\":\"https:\/\/www.prijedordanas.com\/#website\"},\"datePublished\":\"2025-01-20T07:21:40+00:00\",\"dateModified\":\"2025-01-20T07:21:40+00:00\",\"breadcrumb\":{\"@id\":\"https:\/\/www.prijedordanas.com\/?p=240392#breadcrumb\"},\"inLanguage\":\"en-US\",\"potentialAction\":[{\"@type\":\"ReadAction\",\"target\":[\"https:\/\/www.prijedordanas.com\/?p=240392\"]}]},{\"@type\":\"BreadcrumbList\",\"@id\":\"https:\/\/www.prijedordanas.com\/?p=240392#breadcrumb\",\"itemListElement\":[{\"@type\":\"ListItem\",\"position\":1,\"name\":\"Home\",\"item\":\"https:\/\/www.prijedordanas.com\/\"},{\"@type\":\"ListItem\",\"position\":2,\"name\":\"Od februara nova poskupljenja hljeba u Republici Srpskoj &#8211; VIDEO\"}]},{\"@type\":\"WebSite\",\"@id\":\"https:\/\/www.prijedordanas.com\/#website\",\"url\":\"https:\/\/www.prijedordanas.com\/\",\"name\":\"PrijedorDanas.com - Prijedorski gradski portal\",\"description\":\"Portal o doga\u0111anjima u gradu Prijedoru\",\"publisher\":{\"@id\":\"https:\/\/www.prijedordanas.com\/#organization\"},\"potentialAction\":[{\"@type\":\"SearchAction\",\"target\":{\"@type\":\"EntryPoint\",\"urlTemplate\":\"https:\/\/www.prijedordanas.com\/?s={search_term_string}\"},\"query-input\":\"required name=search_term_string\"}],\"inLanguage\":\"en-US\"},{\"@type\":\"Organization\",\"@id\":\"https:\/\/www.prijedordanas.com\/#organization\",\"name\":\"PrijedorDanas.com\",\"url\":\"https:\/\/www.prijedordanas.com\/\",\"logo\":{\"@type\":\"ImageObject\",\"inLanguage\":\"en-US\",\"@id\":\"https:\/\/www.prijedordanas.com\/#\/schema\/logo\/image\/\",\"url\":\"http:\/\/www.prijedordanas.com\/wp-content\/uploads\/2021\/12\/logopng.png\",\"contentUrl\":\"http:\/\/www.prijedordanas.com\/wp-content\/uploads\/2021\/12\/logopng.png\",\"width\":1019,\"height\":776,\"caption\":\"PrijedorDanas.com\"},\"image\":{\"@id\":\"https:\/\/www.prijedordanas.com\/#\/schema\/logo\/image\/\"},\"sameAs\":[\"https:\/\/www.facebook.com\/PrijedorDanasCom\/\"]},{\"@type\":\"Person\",\"@id\":\"https:\/\/www.prijedordanas.com\/#\/schema\/person\/4e08ccf29b506ca916ff86d46bb700e6\",\"name\":\"admin\",\"image\":{\"@type\":\"ImageObject\",\"inLanguage\":\"en-US\",\"@id\":\"https:\/\/www.prijedordanas.com\/#\/schema\/person\/image\/\",\"url\":\"https:\/\/secure.gravatar.com\/avatar\/1d3fc949d550f0b53a5f0d51e06dfd79?s=96&d=mm&r=g\",\"contentUrl\":\"https:\/\/secure.gravatar.com\/avatar\/1d3fc949d550f0b53a5f0d51e06dfd79?s=96&d=mm&r=g\",\"caption\":\"admin\"},\"url\":\"https:\/\/www.prijedordanas.com\/?author=1\"}]}<\/script>\n<!-- \/ Yoast SEO plugin. -->","yoast_head_json":{"title":"Od februara nova poskupljenja hljeba u Republici Srpskoj - VIDEO - PrijedorDanas.com - Prijedorski gradski portal","robots":{"index":"index","follow":"follow","max-snippet":"max-snippet:-1","max-image-preview":"max-image-preview:large","max-video-preview":"max-video-preview:-1"},"canonical":"https:\/\/www.prijedordanas.com\/?p=240392","og_locale":"en_US","og_type":"article","og_title":"Od februara nova poskupljenja hljeba u Republici Srpskoj - VIDEO - PrijedorDanas.com - Prijedorski gradski portal","og_description":"Nakon \u0161to je objavljena vijest o poskupljenju struje za doma\u0107instva u Republici Srpskoj, uslijedila je najava pove\u0107anja cijene osnovnog prehrambenog proizvoda \u2013 hljeba. Ta\u010dan iznos poskupljenja jo\u0161 nije poznat, ali [&hellip;]","og_url":"https:\/\/www.prijedordanas.com\/?p=240392","og_site_name":"PrijedorDanas.com - Prijedorski gradski portal","article_publisher":"https:\/\/www.facebook.com\/PrijedorDanasCom\/","article_published_time":"2025-01-20T07:21:40+00:00","og_image":[{"url":"https:\/\/www.prijedordanas.com\/wp-content\/uploads\/2017\/09\/pekarski-proizvodi-1-300x222.jpg"}],"author":"admin","twitter_card":"summary_large_image","twitter_misc":{"Written by":"admin"},"schema":{"@context":"https:\/\/schema.org","@graph":[{"@type":"Article","@id":"https:\/\/www.prijedordanas.com\/?p=240392#article","isPartOf":{"@id":"https:\/\/www.prijedordanas.com\/?p=240392"},"author":{"name":"admin","@id":"https:\/\/www.prijedordanas.com\/#\/schema\/person\/4e08ccf29b506ca916ff86d46bb700e6"},"headline":"Od februara nova poskupljenja hljeba u Republici Srpskoj &#8211; VIDEO","datePublished":"2025-01-20T07:21:40+00:00","dateModified":"2025-01-20T07:21:40+00:00","mainEntityOfPage":{"@id":"https:\/\/www.prijedordanas.com\/?p=240392"},"wordCount":359,"publisher":{"@id":"https:\/\/www.prijedordanas.com\/#organization"},"articleSection":["\u017divot"],"inLanguage":"en-US"},{"@type":"WebPage","@id":"https:\/\/www.prijedordanas.com\/?p=240392","url":"https:\/\/www.prijedordanas.com\/?p=240392","name":"Od februara nova poskupljenja hljeba u Republici Srpskoj - VIDEO - PrijedorDanas.com - Prijedorski gradski portal","isPartOf":{"@id":"https:\/\/www.prijedordanas.com\/#website"},"datePublished":"2025-01-20T07:21:40+00:00","dateModified":"2025-01-20T07:21:40+00:00","breadcrumb":{"@id":"https:\/\/www.prijedordanas.com\/?p=240392#breadcrumb"},"inLanguage":"en-US","potentialAction":[{"@type":"ReadAction","target":["https:\/\/www.prijedordanas.com\/?p=240392"]}]},{"@type":"BreadcrumbList","@id":"https:\/\/www.prijedordanas.com\/?p=240392#breadcrumb","itemListElement":[{"@type":"ListItem","position":1,"name":"Home","item":"https:\/\/www.prijedordanas.com\/"},{"@type":"ListItem","position":2,"name":"Od februara nova poskupljenja hljeba u Republici Srpskoj &#8211; VIDEO"}]},{"@type":"WebSite","@id":"https:\/\/www.prijedordanas.com\/#website","url":"https:\/\/www.prijedordanas.com\/","name":"PrijedorDanas.com - Prijedorski gradski portal","description":"Portal o doga\u0111anjima u gradu Prijedoru","publisher":{"@id":"https:\/\/www.prijedordanas.com\/#organization"},"potentialAction":[{"@type":"SearchAction","target":{"@type":"EntryPoint","urlTemplate":"https:\/\/www.prijedordanas.com\/?s={search_term_string}"},"query-input":"required name=search_term_string"}],"inLanguage":"en-US"},{"@type":"Organization","@id":"https:\/\/www.prijedordanas.com\/#organization","name":"PrijedorDanas.com","url":"https:\/\/www.prijedordanas.com\/","logo":{"@type":"ImageObject","inLanguage":"en-US","@id":"https:\/\/www.prijedordanas.com\/#\/schema\/logo\/image\/","url":"http:\/\/www.prijedordanas.com\/wp-content\/uploads\/2021\/12\/logopng.png","contentUrl":"http:\/\/www.prijedordanas.com\/wp-content\/uploads\/2021\/12\/logopng.png","width":1019,"height":776,"caption":"PrijedorDanas.com"},"image":{"@id":"https:\/\/www.prijedordanas.com\/#\/schema\/logo\/image\/"},"sameAs":["https:\/\/www.facebook.com\/PrijedorDanasCom\/"]},{"@type":"Person","@id":"https:\/\/www.prijedordanas.com\/#\/schema\/person\/4e08ccf29b506ca916ff86d46bb700e6","name":"admin","image":{"@type":"ImageObject","inLanguage":"en-US","@id":"https:\/\/www.prijedordanas.com\/#\/schema\/person\/image\/","url":"https:\/\/secure.gravatar.com\/avatar\/1d3fc949d550f0b53a5f0d51e06dfd79?s=96&d=mm&r=g","contentUrl":"https:\/\/secure.gravatar.com\/avatar\/1d3fc949d550f0b53a5f0d51e06dfd79?s=96&d=mm&r=g","caption":"admin"},"url":"https:\/\/www.prijedordanas.com\/?author=1"}]}},"_links":{"self":[{"href":"https:\/\/www.prijedordanas.com\/index.php?rest_route=\/wp\/v2\/posts\/240392"}],"collection":[{"href":"https:\/\/www.prijedordanas.com\/index.php?rest_route=\/wp\/v2\/posts"}],"about":[{"href":"https:\/\/www.prijedordanas.com\/index.php?rest_route=\/wp\/v2\/types\/post"}],"author":[{"embeddable":true,"href":"https:\/\/www.prijedordanas.com\/index.php?rest_route=\/wp\/v2\/users\/1"}],"replies":[{"embeddable":true,"href":"https:\/\/www.prijedordanas.com\/index.php?rest_route=%2Fwp%2Fv2%2Fcomments&post=240392"}],"version-history":[{"count":1,"href":"https:\/\/www.prijedordanas.com\/index.php?rest_route=\/wp\/v2\/posts\/240392\/revisions"}],"predecessor-version":[{"id":240393,"href":"https:\/\/www.prijedordanas.com\/index.php?rest_route=\/wp\/v2\/posts\/240392\/revisions\/240393"}],"wp:attachment":[{"href":"https:\/\/www.prijedordanas.com\/index.php?rest_route=%2Fwp%2Fv2%2Fmedia&parent=240392"}],"wp:term":[{"taxonomy":"category","embeddable":true,"href":"https:\/\/www.prijedordanas.com\/index.php?rest_route=%2Fwp%2Fv2%2Fcategories&post=240392"},{"taxonomy":"post_tag","embeddable":true,"href":"https:\/\/www.prijedordanas.com\/index.php?rest_route=%2Fwp%2Fv2%2Ftags&post=240392"}],"curies":[{"name":"wp","href":"https:\/\/api.w.org\/{rel}","templated":true}]}}