{"id":240134,"date":"2025-01-15T21:30:54","date_gmt":"2025-01-15T20:30:54","guid":{"rendered":"https:\/\/www.prijedordanas.com\/?p=240134"},"modified":"2025-01-15T21:30:54","modified_gmt":"2025-01-15T20:30:54","slug":"dani-zime-na-kozari-1-i-2-februara-2","status":"publish","type":"post","link":"https:\/\/www.prijedordanas.com\/?p=240134","title":{"rendered":"\u201cDani zime na Kozari\u201d 1. i 2. februara"},"content":{"rendered":"<p><a href=\"https:\/\/www.prijedordanas.com\/wp-content\/uploads\/2025\/01\/dani-zime-na-kozari-plakat2025.jpg\"><img loading=\"lazy\" decoding=\"async\" src=\"https:\/\/www.prijedordanas.com\/wp-content\/uploads\/2025\/01\/dani-zime-na-kozari-plakat2025-213x300.jpg\" alt=\"\" width=\"213\" height=\"300\" class=\"alignleft size-medium wp-image-240135\" srcset=\"https:\/\/www.prijedordanas.com\/wp-content\/uploads\/2025\/01\/dani-zime-na-kozari-plakat2025-213x300.jpg 213w, https:\/\/www.prijedordanas.com\/wp-content\/uploads\/2025\/01\/dani-zime-na-kozari-plakat2025.jpg 454w\" sizes=\"(max-width: 213px) 100vw, 213px\" \/><\/a>Turisti\u010dka organizacija grada Prijedora pod pokroviteljstvom grada Prijedora ve\u0107 osamnaestu godinu organizuje manifestaciju \u201eDani zime na Kozari\u201c u svrhu promovisanja planine Kozare, Nacionalnog Parka \u201cKozara\u201d, lova\u010dkih udru\u017eenja, sportskih klubova, planinarskih udru\u017eenja, skija\u0161kih udru\u017eenja i svih ostalih turisti\u010dkih subjekata u okru\u017eenju.<\/p>\n<p>Ova manifestacija pru\u017ea jedinstvenu priliku za promociju kulturno-turisti\u010dkog naslije\u0111a, o\u010duvanja tradicije i obi\u010daja, te podsticanje razvoja zimskog turizma u na\u0161em regionu. Program manifestacije uklju\u010duje brojne aktivnosti kao \u0161to su: ski kup, planinarski mar\u0161, takmi\u010denje u sportskim igrama, te pripremanje \u010dorbi.<\/p>\n<p>U\u010de\u0161\u0107e planinarskih dru\u0161tava obogati\u0107e sadr\u017eaj manifestacije organizovanjem planiranskih ruta \u0161to u\u010desnicima pru\u017ea priliku za direktno u\u017eivanje u prirodnim ljepotama Kozare, \u0161to je jedan od glavnih razloga zbog kojeg ljudi dolaze na ovaj doga\u0111aj.<\/p>\n<p>U subotu, 1. februara 2025. godine, pozivamo sve ljubitelje prirode, avanture i zimske magije da nam se pridru\u017ee na tradicionalnoj 18. manifestaciji Dani zime na Kozari &#8211; u\u010de\u0161\u0107em na planinarskom mar\u0161u u organizaciji PK \u201cAlbatros\u201d Prijedor. Planinarska ruta je du\u017eine 9 kilometara, a na relaciji: Rajkovi\u0107i-Kozara\u010dki kamen- Be\u0161i\u0107a poljana-Mrakovica. Za u\u010desnike manifestacije predvi\u0111eno je dru\u017eenje uz ru\u010dak.<\/p>\n<p>Organizacija u\u010de\u0161\u0107a djece u ski kupovima kao promocija sporta je odli\u010dan na\u010din da se podstakne interesovanje za zimske sportove, razvijaju vje\u0161tine i promovi\u0161e zdrav na\u010din \u017eivota.<\/p>\n<p>Ski kup, ukoliko vremenske prilike budu dozvolile, odnosno ukoliko bude snje\u017enog pokriva\u010da organizova\u0107e Skija\u0161ko planinarsko dru\u0161tvo \u201eLjubijski rudar\u201c u subotu 1.februara 2025. godine u 3 kategorije, odnosno srednje \u0161kole (dje\u010daci i djevoj\u010dice), stariji osnovci (dje\u010daci i djevoj\u010dice) i mla\u0111i osnovci (dje\u010daci i djevoj\u010dice), za sve njih planirani su pehari, medalji i pokloni sponzora.<\/p>\n<p>Drugog dana manifestacije, odnosno 2.februara 2025. godine odr\u017ea\u0107e se centralna manifestacija \u201eDani zime na Kozari\u201c sa po\u010detkom u 11:00 \u010dasova. Obuhvati\u0107e sportska takmi\u010denja gradova\/op\u0161tina Potkozarja i okru\u017eenja, gastro takmi\u010denja u 3 kategorije: turisti\u010dko-ugostiteljske \u0161kole Republike Srpske, lova\u010dka udru\u017eenja Potkozarja i izvi\u0111a\u010dki odredi i planinarska dru\u0161tva. <\/p>\n<p>U skladu sa mjestom odr\u017eavanja i duhom tradicije bi\u0107e uprili\u010den kulturno zabavni program gdje u\u010destvuju izvo\u0111a\u010di narodne muzike, odnosno pjeva\u010dke grupe koje donose autenti\u010dan do\u017eivljaj lokalne kulture.<\/p>\n<p>Za sve posjetioce bi\u0107e obezbe\u0111en besplatan prevoz iz pravca Prijedora, Kozarske Dubice, Novog Grada, Kostajnice i Gradi\u0161ke do mjesta odr\u017eavanja manifestacije.<\/p>\n<p>Ne propustite priliku da provedete dan u prirodi, u\u017eivate u ljepotama zimske Kozare i u\u010dinite ovaj dan nezaboravnim!<\/p>\n<p>Za vi\u0161e informacija pratite na\u0161u zvani\u010dnu stranicu i dru\u0161tvene mre\u017ee.<\/p>\n<p>Organizacioni odbor Dana zime na Kozari.<\/p>\n","protected":false},"excerpt":{"rendered":"<p>Turisti\u010dka organizacija grada Prijedora pod pokroviteljstvom grada Prijedora ve\u0107 osamnaestu godinu organizuje manifestaciju \u201eDani zime na Kozari\u201c u svrhu promovisanja planine Kozare, Nacionalnog Parka \u201cKozara\u201d, lova\u010dkih udru\u017eenja, sportskih klubova, planinarskih [&hellip;]<\/p>\n","protected":false},"author":1,"featured_media":0,"comment_status":"closed","ping_status":"open","sticky":false,"template":"","format":"standard","meta":{"_monsterinsights_skip_tracking":false,"_monsterinsights_sitenote_active":false,"_monsterinsights_sitenote_note":"","_monsterinsights_sitenote_category":0,"footnotes":""},"categories":[4],"tags":[],"yoast_head":"<!-- This site is optimized with the Yoast SEO plugin v21.6 - https:\/\/yoast.com\/wordpress\/plugins\/seo\/ -->\n<title>\u201cDani zime na Kozari\u201d 1. i 2. februara - PrijedorDanas.com - Prijedorski gradski portal<\/title>\n<meta name=\"robots\" content=\"index, follow, max-snippet:-1, max-image-preview:large, max-video-preview:-1\" \/>\n<link rel=\"canonical\" href=\"https:\/\/www.prijedordanas.com\/?p=240134\" \/>\n<meta property=\"og:locale\" content=\"en_US\" \/>\n<meta property=\"og:type\" content=\"article\" \/>\n<meta property=\"og:title\" content=\"\u201cDani zime na Kozari\u201d 1. i 2. februara - PrijedorDanas.com - Prijedorski gradski portal\" \/>\n<meta property=\"og:description\" content=\"Turisti\u010dka organizacija grada Prijedora pod pokroviteljstvom grada Prijedora ve\u0107 osamnaestu godinu organizuje manifestaciju \u201eDani zime na Kozari\u201c u svrhu promovisanja planine Kozare, Nacionalnog Parka \u201cKozara\u201d, lova\u010dkih udru\u017eenja, sportskih klubova, planinarskih [&hellip;]\" \/>\n<meta property=\"og:url\" content=\"https:\/\/www.prijedordanas.com\/?p=240134\" \/>\n<meta property=\"og:site_name\" content=\"PrijedorDanas.com - Prijedorski gradski portal\" \/>\n<meta property=\"article:publisher\" content=\"https:\/\/www.facebook.com\/PrijedorDanasCom\/\" \/>\n<meta property=\"article:published_time\" content=\"2025-01-15T20:30:54+00:00\" \/>\n<meta property=\"og:image\" content=\"https:\/\/www.prijedordanas.com\/wp-content\/uploads\/2025\/01\/dani-zime-na-kozari-plakat2025-213x300.jpg\" \/>\n<meta name=\"author\" content=\"admin\" \/>\n<meta name=\"twitter:card\" content=\"summary_large_image\" \/>\n<meta name=\"twitter:label1\" content=\"Written by\" \/>\n\t<meta name=\"twitter:data1\" content=\"admin\" \/>\n<script type=\"application\/ld+json\" class=\"yoast-schema-graph\">{\"@context\":\"https:\/\/schema.org\",\"@graph\":[{\"@type\":\"Article\",\"@id\":\"https:\/\/www.prijedordanas.com\/?p=240134#article\",\"isPartOf\":{\"@id\":\"https:\/\/www.prijedordanas.com\/?p=240134\"},\"author\":{\"name\":\"admin\",\"@id\":\"https:\/\/www.prijedordanas.com\/#\/schema\/person\/4e08ccf29b506ca916ff86d46bb700e6\"},\"headline\":\"\u201cDani zime na Kozari\u201d 1. i 2. februara\",\"datePublished\":\"2025-01-15T20:30:54+00:00\",\"dateModified\":\"2025-01-15T20:30:54+00:00\",\"mainEntityOfPage\":{\"@id\":\"https:\/\/www.prijedordanas.com\/?p=240134\"},\"wordCount\":465,\"publisher\":{\"@id\":\"https:\/\/www.prijedordanas.com\/#organization\"},\"articleSection\":[\"Dru\u0161tvo\"],\"inLanguage\":\"en-US\"},{\"@type\":\"WebPage\",\"@id\":\"https:\/\/www.prijedordanas.com\/?p=240134\",\"url\":\"https:\/\/www.prijedordanas.com\/?p=240134\",\"name\":\"\u201cDani zime na Kozari\u201d 1. i 2. februara - PrijedorDanas.com - Prijedorski gradski portal\",\"isPartOf\":{\"@id\":\"https:\/\/www.prijedordanas.com\/#website\"},\"datePublished\":\"2025-01-15T20:30:54+00:00\",\"dateModified\":\"2025-01-15T20:30:54+00:00\",\"breadcrumb\":{\"@id\":\"https:\/\/www.prijedordanas.com\/?p=240134#breadcrumb\"},\"inLanguage\":\"en-US\",\"potentialAction\":[{\"@type\":\"ReadAction\",\"target\":[\"https:\/\/www.prijedordanas.com\/?p=240134\"]}]},{\"@type\":\"BreadcrumbList\",\"@id\":\"https:\/\/www.prijedordanas.com\/?p=240134#breadcrumb\",\"itemListElement\":[{\"@type\":\"ListItem\",\"position\":1,\"name\":\"Home\",\"item\":\"https:\/\/www.prijedordanas.com\/\"},{\"@type\":\"ListItem\",\"position\":2,\"name\":\"\u201cDani zime na Kozari\u201d 1. i 2. februara\"}]},{\"@type\":\"WebSite\",\"@id\":\"https:\/\/www.prijedordanas.com\/#website\",\"url\":\"https:\/\/www.prijedordanas.com\/\",\"name\":\"PrijedorDanas.com - Prijedorski gradski portal\",\"description\":\"Portal o doga\u0111anjima u gradu Prijedoru\",\"publisher\":{\"@id\":\"https:\/\/www.prijedordanas.com\/#organization\"},\"potentialAction\":[{\"@type\":\"SearchAction\",\"target\":{\"@type\":\"EntryPoint\",\"urlTemplate\":\"https:\/\/www.prijedordanas.com\/?s={search_term_string}\"},\"query-input\":\"required name=search_term_string\"}],\"inLanguage\":\"en-US\"},{\"@type\":\"Organization\",\"@id\":\"https:\/\/www.prijedordanas.com\/#organization\",\"name\":\"PrijedorDanas.com\",\"url\":\"https:\/\/www.prijedordanas.com\/\",\"logo\":{\"@type\":\"ImageObject\",\"inLanguage\":\"en-US\",\"@id\":\"https:\/\/www.prijedordanas.com\/#\/schema\/logo\/image\/\",\"url\":\"http:\/\/www.prijedordanas.com\/wp-content\/uploads\/2021\/12\/logopng.png\",\"contentUrl\":\"http:\/\/www.prijedordanas.com\/wp-content\/uploads\/2021\/12\/logopng.png\",\"width\":1019,\"height\":776,\"caption\":\"PrijedorDanas.com\"},\"image\":{\"@id\":\"https:\/\/www.prijedordanas.com\/#\/schema\/logo\/image\/\"},\"sameAs\":[\"https:\/\/www.facebook.com\/PrijedorDanasCom\/\"]},{\"@type\":\"Person\",\"@id\":\"https:\/\/www.prijedordanas.com\/#\/schema\/person\/4e08ccf29b506ca916ff86d46bb700e6\",\"name\":\"admin\",\"image\":{\"@type\":\"ImageObject\",\"inLanguage\":\"en-US\",\"@id\":\"https:\/\/www.prijedordanas.com\/#\/schema\/person\/image\/\",\"url\":\"https:\/\/secure.gravatar.com\/avatar\/1d3fc949d550f0b53a5f0d51e06dfd79?s=96&d=mm&r=g\",\"contentUrl\":\"https:\/\/secure.gravatar.com\/avatar\/1d3fc949d550f0b53a5f0d51e06dfd79?s=96&d=mm&r=g\",\"caption\":\"admin\"},\"url\":\"https:\/\/www.prijedordanas.com\/?author=1\"}]}<\/script>\n<!-- \/ Yoast SEO plugin. -->","yoast_head_json":{"title":"\u201cDani zime na Kozari\u201d 1. i 2. februara - PrijedorDanas.com - Prijedorski gradski portal","robots":{"index":"index","follow":"follow","max-snippet":"max-snippet:-1","max-image-preview":"max-image-preview:large","max-video-preview":"max-video-preview:-1"},"canonical":"https:\/\/www.prijedordanas.com\/?p=240134","og_locale":"en_US","og_type":"article","og_title":"\u201cDani zime na Kozari\u201d 1. i 2. februara - PrijedorDanas.com - Prijedorski gradski portal","og_description":"Turisti\u010dka organizacija grada Prijedora pod pokroviteljstvom grada Prijedora ve\u0107 osamnaestu godinu organizuje manifestaciju \u201eDani zime na Kozari\u201c u svrhu promovisanja planine Kozare, Nacionalnog Parka \u201cKozara\u201d, lova\u010dkih udru\u017eenja, sportskih klubova, planinarskih [&hellip;]","og_url":"https:\/\/www.prijedordanas.com\/?p=240134","og_site_name":"PrijedorDanas.com - Prijedorski gradski portal","article_publisher":"https:\/\/www.facebook.com\/PrijedorDanasCom\/","article_published_time":"2025-01-15T20:30:54+00:00","og_image":[{"url":"https:\/\/www.prijedordanas.com\/wp-content\/uploads\/2025\/01\/dani-zime-na-kozari-plakat2025-213x300.jpg"}],"author":"admin","twitter_card":"summary_large_image","twitter_misc":{"Written by":"admin"},"schema":{"@context":"https:\/\/schema.org","@graph":[{"@type":"Article","@id":"https:\/\/www.prijedordanas.com\/?p=240134#article","isPartOf":{"@id":"https:\/\/www.prijedordanas.com\/?p=240134"},"author":{"name":"admin","@id":"https:\/\/www.prijedordanas.com\/#\/schema\/person\/4e08ccf29b506ca916ff86d46bb700e6"},"headline":"\u201cDani zime na Kozari\u201d 1. i 2. februara","datePublished":"2025-01-15T20:30:54+00:00","dateModified":"2025-01-15T20:30:54+00:00","mainEntityOfPage":{"@id":"https:\/\/www.prijedordanas.com\/?p=240134"},"wordCount":465,"publisher":{"@id":"https:\/\/www.prijedordanas.com\/#organization"},"articleSection":["Dru\u0161tvo"],"inLanguage":"en-US"},{"@type":"WebPage","@id":"https:\/\/www.prijedordanas.com\/?p=240134","url":"https:\/\/www.prijedordanas.com\/?p=240134","name":"\u201cDani zime na Kozari\u201d 1. i 2. februara - PrijedorDanas.com - Prijedorski gradski portal","isPartOf":{"@id":"https:\/\/www.prijedordanas.com\/#website"},"datePublished":"2025-01-15T20:30:54+00:00","dateModified":"2025-01-15T20:30:54+00:00","breadcrumb":{"@id":"https:\/\/www.prijedordanas.com\/?p=240134#breadcrumb"},"inLanguage":"en-US","potentialAction":[{"@type":"ReadAction","target":["https:\/\/www.prijedordanas.com\/?p=240134"]}]},{"@type":"BreadcrumbList","@id":"https:\/\/www.prijedordanas.com\/?p=240134#breadcrumb","itemListElement":[{"@type":"ListItem","position":1,"name":"Home","item":"https:\/\/www.prijedordanas.com\/"},{"@type":"ListItem","position":2,"name":"\u201cDani zime na Kozari\u201d 1. i 2. februara"}]},{"@type":"WebSite","@id":"https:\/\/www.prijedordanas.com\/#website","url":"https:\/\/www.prijedordanas.com\/","name":"PrijedorDanas.com - Prijedorski gradski portal","description":"Portal o doga\u0111anjima u gradu Prijedoru","publisher":{"@id":"https:\/\/www.prijedordanas.com\/#organization"},"potentialAction":[{"@type":"SearchAction","target":{"@type":"EntryPoint","urlTemplate":"https:\/\/www.prijedordanas.com\/?s={search_term_string}"},"query-input":"required name=search_term_string"}],"inLanguage":"en-US"},{"@type":"Organization","@id":"https:\/\/www.prijedordanas.com\/#organization","name":"PrijedorDanas.com","url":"https:\/\/www.prijedordanas.com\/","logo":{"@type":"ImageObject","inLanguage":"en-US","@id":"https:\/\/www.prijedordanas.com\/#\/schema\/logo\/image\/","url":"http:\/\/www.prijedordanas.com\/wp-content\/uploads\/2021\/12\/logopng.png","contentUrl":"http:\/\/www.prijedordanas.com\/wp-content\/uploads\/2021\/12\/logopng.png","width":1019,"height":776,"caption":"PrijedorDanas.com"},"image":{"@id":"https:\/\/www.prijedordanas.com\/#\/schema\/logo\/image\/"},"sameAs":["https:\/\/www.facebook.com\/PrijedorDanasCom\/"]},{"@type":"Person","@id":"https:\/\/www.prijedordanas.com\/#\/schema\/person\/4e08ccf29b506ca916ff86d46bb700e6","name":"admin","image":{"@type":"ImageObject","inLanguage":"en-US","@id":"https:\/\/www.prijedordanas.com\/#\/schema\/person\/image\/","url":"https:\/\/secure.gravatar.com\/avatar\/1d3fc949d550f0b53a5f0d51e06dfd79?s=96&d=mm&r=g","contentUrl":"https:\/\/secure.gravatar.com\/avatar\/1d3fc949d550f0b53a5f0d51e06dfd79?s=96&d=mm&r=g","caption":"admin"},"url":"https:\/\/www.prijedordanas.com\/?author=1"}]}},"_links":{"self":[{"href":"https:\/\/www.prijedordanas.com\/index.php?rest_route=\/wp\/v2\/posts\/240134"}],"collection":[{"href":"https:\/\/www.prijedordanas.com\/index.php?rest_route=\/wp\/v2\/posts"}],"about":[{"href":"https:\/\/www.prijedordanas.com\/index.php?rest_route=\/wp\/v2\/types\/post"}],"author":[{"embeddable":true,"href":"https:\/\/www.prijedordanas.com\/index.php?rest_route=\/wp\/v2\/users\/1"}],"replies":[{"embeddable":true,"href":"https:\/\/www.prijedordanas.com\/index.php?rest_route=%2Fwp%2Fv2%2Fcomments&post=240134"}],"version-history":[{"count":1,"href":"https:\/\/www.prijedordanas.com\/index.php?rest_route=\/wp\/v2\/posts\/240134\/revisions"}],"predecessor-version":[{"id":240136,"href":"https:\/\/www.prijedordanas.com\/index.php?rest_route=\/wp\/v2\/posts\/240134\/revisions\/240136"}],"wp:attachment":[{"href":"https:\/\/www.prijedordanas.com\/index.php?rest_route=%2Fwp%2Fv2%2Fmedia&parent=240134"}],"wp:term":[{"taxonomy":"category","embeddable":true,"href":"https:\/\/www.prijedordanas.com\/index.php?rest_route=%2Fwp%2Fv2%2Fcategories&post=240134"},{"taxonomy":"post_tag","embeddable":true,"href":"https:\/\/www.prijedordanas.com\/index.php?rest_route=%2Fwp%2Fv2%2Ftags&post=240134"}],"curies":[{"name":"wp","href":"https:\/\/api.w.org\/{rel}","templated":true}]}}