{"id":240080,"date":"2025-01-15T08:19:32","date_gmt":"2025-01-15T07:19:32","guid":{"rendered":"https:\/\/www.prijedordanas.com\/?p=240080"},"modified":"2025-01-15T08:19:32","modified_gmt":"2025-01-15T07:19:32","slug":"optuzenom-za-zlocin-u-zecovima-kod-prijedora-odreden-pritvor-po-izrucenju-u-bih","status":"publish","type":"post","link":"https:\/\/www.prijedordanas.com\/?p=240080","title":{"rendered":"Optu\u017eenom za zlo\u010din u Zecovima kod Prijedora odre\u0111en pritvor po izru\u010denju u BiH"},"content":{"rendered":"<p><a href=\"https:\/\/www.prijedordanas.com\/wp-content\/uploads\/2024\/01\/sud-bih-4.jpg\"><img loading=\"lazy\" decoding=\"async\" src=\"https:\/\/www.prijedordanas.com\/wp-content\/uploads\/2024\/01\/sud-bih-4-300x225.jpg\" alt=\"\" width=\"300\" height=\"225\" class=\"alignleft size-medium wp-image-217721\" srcset=\"https:\/\/www.prijedordanas.com\/wp-content\/uploads\/2024\/01\/sud-bih-4-300x225.jpg 300w, https:\/\/www.prijedordanas.com\/wp-content\/uploads\/2024\/01\/sud-bih-4-640x480.jpg 640w, https:\/\/www.prijedordanas.com\/wp-content\/uploads\/2024\/01\/sud-bih-4.jpg 667w\" sizes=\"(max-width: 300px) 100vw, 300px\" \/><\/a>Dr\u017eavni sud je Du\u0161ku Zori\u0107u, optu\u017eenom za zlo\u010din u Zecovima kod Prijedora u julu 1992. godine, odredio pritvor nakon \u0161to je prije nekoliko dana izru\u010den iz Njema\u010dke, a u narednom periodu bit \u0107e zakazano ro\u010di\u0161te za glavni pretres, navode iz ovog suda.<\/p>\n<p>Sud Bosne i Hercegovine je potvrdio Detektoru da je Zori\u0107 izru\u010den 10. januara, a narednog dana izveden pred Sud.<\/p>\n<p>U saop\u0161tenju Suda se navodi da je istog dana Zori\u0107u odre\u0111en pritvor, koji mo\u017ee trajati najdu\u017ee tri godine, ra\u010dunaju\u0107i od dana li\u0161enja slobode ili do nove odluke Suda.<\/p>\n<p>Zori\u0107u se ranije sudilo s Du\u0161anom Miluni\u0107em i drugim za zlo\u010dine u Zecovima, ali je 2022. godine postupak u odnosu na njega razdvojen jer je bio uhap\u0161en u Njema\u010dkoj, te se nalazio u istra\u017enom pritvoru, o \u010demu je Detektor ranije izvijestio.<\/p>\n<p>Tu\u017eila\u0161tvo je ranije tokom sudskog postupka dostavilo informaciju od Interpola u kojoj se navodi da se vodi istraga protiv Zori\u0107a zbog sumnje da je prekr\u0161io zakon o zabrani ratnog oru\u017eja.<\/p>\n<p>Su\u0111enje za Zecove nastavilo se bez optu\u017eenog Zori\u0107a, a pravosna\u017enom presudom pro\u0161le godine Du\u0161an Miluni\u0107 je osu\u0111en na 12 godina, Ilija Zori\u0107 na 20, Zoran Stojni\u0107 na osam, Zoran Miluni\u0107 na 14 i Ljubi\u0161a \u010ceti\u0107 na pet godina zatvora za zlo\u010dine protiv \u010dovje\u010dnosti zbog progona ubistvima, prisilnim preseljenjem i ne\u010dovje\u010dnim djelima. Istom presudom su Radovan \u010ceti\u0107, \u017deljko Grbi\u0107, Bo\u0161ko i Rade Gruji\u010di\u0107, Uro\u0161 Gruj\u010di\u0107 te Rajko Gnjatovi\u0107 oslobo\u0111eni optu\u017ebi.<\/p>\n<p>Du\u0161an Miluni\u0107 je, u svojstvu komandira Rasava\u010dke \u010dete, progla\u0161en krivim za prisilno preseljenje. Stojni\u0107 je progla\u0161en krivim da je u toku akcije ubio jednog civila, a Zoran Miluni\u0107 da je s drugima u\u010destvovao u li\u0161avanju \u017eivota tri civila. \u010ceti\u0107 je osu\u0111en po optu\u017ebi da je udarcima nanio te\u0161ke du\u0161evne i fizi\u010dke patnje jednom civilu. Ilija Zori\u0107 je, prema presudi, s drugima do\u0161ao do ku\u0107e u kojoj su bili \u017eene i djeca, na koje su zapucali i usmrtili ih, osim tada petnaestogodi\u0161njeg Zijada Ba\u010di\u0107a, koji se sakrio na konjska kola i pre\u017eivio.<\/p>\n<p>U januaru pro\u0161le godine Sud BiH je izdao naredbe za raspisivanje me\u0111unarodnih potjernica za Du\u0161anom Miluni\u0107em, Ilijom Zori\u0107em i Stojni\u0107em, nakon \u0161to nisu prona\u0111eni na adresama stanovanja, a po odre\u0111ivanju pritvora tokom izricanja prvostepene presude.<\/p>\n<p>Tokom postupka koji je po\u010deo u aprilu 2015. godine preminula su dvojica optu\u017eenih \u2013 Zdravko Antoni\u0107 i Radomir Stojni\u0107, pa su postupci protiv njih obustavljeni.<\/p>\n<p>U narednom periodu, kako je potvrdio Sud BiH, bi\u0107e zakazano ro\u010di\u0161te za glavni pretres u predmetu optu\u017eenog Du\u0161ka Zori\u0107a.<\/p>\n<p>detektor.ba<\/p>\n","protected":false},"excerpt":{"rendered":"<p>Dr\u017eavni sud je Du\u0161ku Zori\u0107u, optu\u017eenom za zlo\u010din u Zecovima kod Prijedora u julu 1992. godine, odredio pritvor nakon \u0161to je prije nekoliko dana izru\u010den iz Njema\u010dke, a u narednom [&hellip;]<\/p>\n","protected":false},"author":1,"featured_media":0,"comment_status":"closed","ping_status":"open","sticky":false,"template":"","format":"standard","meta":{"_monsterinsights_skip_tracking":false,"_monsterinsights_sitenote_active":false,"_monsterinsights_sitenote_note":"","_monsterinsights_sitenote_category":0,"footnotes":""},"categories":[5],"tags":[],"yoast_head":"<!-- This site is optimized with the Yoast SEO plugin v21.6 - https:\/\/yoast.com\/wordpress\/plugins\/seo\/ -->\n<title>Optu\u017eenom za zlo\u010din u Zecovima kod Prijedora odre\u0111en pritvor po izru\u010denju u BiH - PrijedorDanas.com - Prijedorski gradski portal<\/title>\n<meta name=\"robots\" content=\"index, follow, max-snippet:-1, max-image-preview:large, max-video-preview:-1\" \/>\n<link rel=\"canonical\" href=\"https:\/\/www.prijedordanas.com\/?p=240080\" \/>\n<meta property=\"og:locale\" content=\"en_US\" \/>\n<meta property=\"og:type\" content=\"article\" \/>\n<meta property=\"og:title\" content=\"Optu\u017eenom za zlo\u010din u Zecovima kod Prijedora odre\u0111en pritvor po izru\u010denju u BiH - PrijedorDanas.com - Prijedorski gradski portal\" \/>\n<meta property=\"og:description\" content=\"Dr\u017eavni sud je Du\u0161ku Zori\u0107u, optu\u017eenom za zlo\u010din u Zecovima kod Prijedora u julu 1992. godine, odredio pritvor nakon \u0161to je prije nekoliko dana izru\u010den iz Njema\u010dke, a u narednom [&hellip;]\" \/>\n<meta property=\"og:url\" content=\"https:\/\/www.prijedordanas.com\/?p=240080\" \/>\n<meta property=\"og:site_name\" content=\"PrijedorDanas.com - Prijedorski gradski portal\" \/>\n<meta property=\"article:publisher\" content=\"https:\/\/www.facebook.com\/PrijedorDanasCom\/\" \/>\n<meta property=\"article:published_time\" content=\"2025-01-15T07:19:32+00:00\" \/>\n<meta property=\"og:image\" content=\"https:\/\/www.prijedordanas.com\/wp-content\/uploads\/2024\/01\/sud-bih-4-300x225.jpg\" \/>\n<meta name=\"author\" content=\"admin\" \/>\n<meta name=\"twitter:card\" content=\"summary_large_image\" \/>\n<meta name=\"twitter:label1\" content=\"Written by\" \/>\n\t<meta name=\"twitter:data1\" content=\"admin\" \/>\n<script type=\"application\/ld+json\" class=\"yoast-schema-graph\">{\"@context\":\"https:\/\/schema.org\",\"@graph\":[{\"@type\":\"Article\",\"@id\":\"https:\/\/www.prijedordanas.com\/?p=240080#article\",\"isPartOf\":{\"@id\":\"https:\/\/www.prijedordanas.com\/?p=240080\"},\"author\":{\"name\":\"admin\",\"@id\":\"https:\/\/www.prijedordanas.com\/#\/schema\/person\/4e08ccf29b506ca916ff86d46bb700e6\"},\"headline\":\"Optu\u017eenom za zlo\u010din u Zecovima kod Prijedora odre\u0111en pritvor po izru\u010denju u BiH\",\"datePublished\":\"2025-01-15T07:19:32+00:00\",\"dateModified\":\"2025-01-15T07:19:32+00:00\",\"mainEntityOfPage\":{\"@id\":\"https:\/\/www.prijedordanas.com\/?p=240080\"},\"wordCount\":490,\"publisher\":{\"@id\":\"https:\/\/www.prijedordanas.com\/#organization\"},\"articleSection\":[\"Hronika\"],\"inLanguage\":\"en-US\"},{\"@type\":\"WebPage\",\"@id\":\"https:\/\/www.prijedordanas.com\/?p=240080\",\"url\":\"https:\/\/www.prijedordanas.com\/?p=240080\",\"name\":\"Optu\u017eenom za zlo\u010din u Zecovima kod Prijedora odre\u0111en pritvor po izru\u010denju u BiH - PrijedorDanas.com - Prijedorski gradski portal\",\"isPartOf\":{\"@id\":\"https:\/\/www.prijedordanas.com\/#website\"},\"datePublished\":\"2025-01-15T07:19:32+00:00\",\"dateModified\":\"2025-01-15T07:19:32+00:00\",\"breadcrumb\":{\"@id\":\"https:\/\/www.prijedordanas.com\/?p=240080#breadcrumb\"},\"inLanguage\":\"en-US\",\"potentialAction\":[{\"@type\":\"ReadAction\",\"target\":[\"https:\/\/www.prijedordanas.com\/?p=240080\"]}]},{\"@type\":\"BreadcrumbList\",\"@id\":\"https:\/\/www.prijedordanas.com\/?p=240080#breadcrumb\",\"itemListElement\":[{\"@type\":\"ListItem\",\"position\":1,\"name\":\"Home\",\"item\":\"https:\/\/www.prijedordanas.com\/\"},{\"@type\":\"ListItem\",\"position\":2,\"name\":\"Optu\u017eenom za zlo\u010din u Zecovima kod Prijedora odre\u0111en pritvor po izru\u010denju u BiH\"}]},{\"@type\":\"WebSite\",\"@id\":\"https:\/\/www.prijedordanas.com\/#website\",\"url\":\"https:\/\/www.prijedordanas.com\/\",\"name\":\"PrijedorDanas.com - Prijedorski gradski portal\",\"description\":\"Portal o doga\u0111anjima u gradu Prijedoru\",\"publisher\":{\"@id\":\"https:\/\/www.prijedordanas.com\/#organization\"},\"potentialAction\":[{\"@type\":\"SearchAction\",\"target\":{\"@type\":\"EntryPoint\",\"urlTemplate\":\"https:\/\/www.prijedordanas.com\/?s={search_term_string}\"},\"query-input\":\"required name=search_term_string\"}],\"inLanguage\":\"en-US\"},{\"@type\":\"Organization\",\"@id\":\"https:\/\/www.prijedordanas.com\/#organization\",\"name\":\"PrijedorDanas.com\",\"url\":\"https:\/\/www.prijedordanas.com\/\",\"logo\":{\"@type\":\"ImageObject\",\"inLanguage\":\"en-US\",\"@id\":\"https:\/\/www.prijedordanas.com\/#\/schema\/logo\/image\/\",\"url\":\"http:\/\/www.prijedordanas.com\/wp-content\/uploads\/2021\/12\/logopng.png\",\"contentUrl\":\"http:\/\/www.prijedordanas.com\/wp-content\/uploads\/2021\/12\/logopng.png\",\"width\":1019,\"height\":776,\"caption\":\"PrijedorDanas.com\"},\"image\":{\"@id\":\"https:\/\/www.prijedordanas.com\/#\/schema\/logo\/image\/\"},\"sameAs\":[\"https:\/\/www.facebook.com\/PrijedorDanasCom\/\"]},{\"@type\":\"Person\",\"@id\":\"https:\/\/www.prijedordanas.com\/#\/schema\/person\/4e08ccf29b506ca916ff86d46bb700e6\",\"name\":\"admin\",\"image\":{\"@type\":\"ImageObject\",\"inLanguage\":\"en-US\",\"@id\":\"https:\/\/www.prijedordanas.com\/#\/schema\/person\/image\/\",\"url\":\"https:\/\/secure.gravatar.com\/avatar\/1d3fc949d550f0b53a5f0d51e06dfd79?s=96&d=mm&r=g\",\"contentUrl\":\"https:\/\/secure.gravatar.com\/avatar\/1d3fc949d550f0b53a5f0d51e06dfd79?s=96&d=mm&r=g\",\"caption\":\"admin\"},\"url\":\"https:\/\/www.prijedordanas.com\/?author=1\"}]}<\/script>\n<!-- \/ Yoast SEO plugin. -->","yoast_head_json":{"title":"Optu\u017eenom za zlo\u010din u Zecovima kod Prijedora odre\u0111en pritvor po izru\u010denju u BiH - PrijedorDanas.com - Prijedorski gradski portal","robots":{"index":"index","follow":"follow","max-snippet":"max-snippet:-1","max-image-preview":"max-image-preview:large","max-video-preview":"max-video-preview:-1"},"canonical":"https:\/\/www.prijedordanas.com\/?p=240080","og_locale":"en_US","og_type":"article","og_title":"Optu\u017eenom za zlo\u010din u Zecovima kod Prijedora odre\u0111en pritvor po izru\u010denju u BiH - PrijedorDanas.com - Prijedorski gradski portal","og_description":"Dr\u017eavni sud je Du\u0161ku Zori\u0107u, optu\u017eenom za zlo\u010din u Zecovima kod Prijedora u julu 1992. godine, odredio pritvor nakon \u0161to je prije nekoliko dana izru\u010den iz Njema\u010dke, a u narednom [&hellip;]","og_url":"https:\/\/www.prijedordanas.com\/?p=240080","og_site_name":"PrijedorDanas.com - Prijedorski gradski portal","article_publisher":"https:\/\/www.facebook.com\/PrijedorDanasCom\/","article_published_time":"2025-01-15T07:19:32+00:00","og_image":[{"url":"https:\/\/www.prijedordanas.com\/wp-content\/uploads\/2024\/01\/sud-bih-4-300x225.jpg"}],"author":"admin","twitter_card":"summary_large_image","twitter_misc":{"Written by":"admin"},"schema":{"@context":"https:\/\/schema.org","@graph":[{"@type":"Article","@id":"https:\/\/www.prijedordanas.com\/?p=240080#article","isPartOf":{"@id":"https:\/\/www.prijedordanas.com\/?p=240080"},"author":{"name":"admin","@id":"https:\/\/www.prijedordanas.com\/#\/schema\/person\/4e08ccf29b506ca916ff86d46bb700e6"},"headline":"Optu\u017eenom za zlo\u010din u Zecovima kod Prijedora odre\u0111en pritvor po izru\u010denju u BiH","datePublished":"2025-01-15T07:19:32+00:00","dateModified":"2025-01-15T07:19:32+00:00","mainEntityOfPage":{"@id":"https:\/\/www.prijedordanas.com\/?p=240080"},"wordCount":490,"publisher":{"@id":"https:\/\/www.prijedordanas.com\/#organization"},"articleSection":["Hronika"],"inLanguage":"en-US"},{"@type":"WebPage","@id":"https:\/\/www.prijedordanas.com\/?p=240080","url":"https:\/\/www.prijedordanas.com\/?p=240080","name":"Optu\u017eenom za zlo\u010din u Zecovima kod Prijedora odre\u0111en pritvor po izru\u010denju u BiH - PrijedorDanas.com - Prijedorski gradski portal","isPartOf":{"@id":"https:\/\/www.prijedordanas.com\/#website"},"datePublished":"2025-01-15T07:19:32+00:00","dateModified":"2025-01-15T07:19:32+00:00","breadcrumb":{"@id":"https:\/\/www.prijedordanas.com\/?p=240080#breadcrumb"},"inLanguage":"en-US","potentialAction":[{"@type":"ReadAction","target":["https:\/\/www.prijedordanas.com\/?p=240080"]}]},{"@type":"BreadcrumbList","@id":"https:\/\/www.prijedordanas.com\/?p=240080#breadcrumb","itemListElement":[{"@type":"ListItem","position":1,"name":"Home","item":"https:\/\/www.prijedordanas.com\/"},{"@type":"ListItem","position":2,"name":"Optu\u017eenom za zlo\u010din u Zecovima kod Prijedora odre\u0111en pritvor po izru\u010denju u BiH"}]},{"@type":"WebSite","@id":"https:\/\/www.prijedordanas.com\/#website","url":"https:\/\/www.prijedordanas.com\/","name":"PrijedorDanas.com - Prijedorski gradski portal","description":"Portal o doga\u0111anjima u gradu Prijedoru","publisher":{"@id":"https:\/\/www.prijedordanas.com\/#organization"},"potentialAction":[{"@type":"SearchAction","target":{"@type":"EntryPoint","urlTemplate":"https:\/\/www.prijedordanas.com\/?s={search_term_string}"},"query-input":"required name=search_term_string"}],"inLanguage":"en-US"},{"@type":"Organization","@id":"https:\/\/www.prijedordanas.com\/#organization","name":"PrijedorDanas.com","url":"https:\/\/www.prijedordanas.com\/","logo":{"@type":"ImageObject","inLanguage":"en-US","@id":"https:\/\/www.prijedordanas.com\/#\/schema\/logo\/image\/","url":"http:\/\/www.prijedordanas.com\/wp-content\/uploads\/2021\/12\/logopng.png","contentUrl":"http:\/\/www.prijedordanas.com\/wp-content\/uploads\/2021\/12\/logopng.png","width":1019,"height":776,"caption":"PrijedorDanas.com"},"image":{"@id":"https:\/\/www.prijedordanas.com\/#\/schema\/logo\/image\/"},"sameAs":["https:\/\/www.facebook.com\/PrijedorDanasCom\/"]},{"@type":"Person","@id":"https:\/\/www.prijedordanas.com\/#\/schema\/person\/4e08ccf29b506ca916ff86d46bb700e6","name":"admin","image":{"@type":"ImageObject","inLanguage":"en-US","@id":"https:\/\/www.prijedordanas.com\/#\/schema\/person\/image\/","url":"https:\/\/secure.gravatar.com\/avatar\/1d3fc949d550f0b53a5f0d51e06dfd79?s=96&d=mm&r=g","contentUrl":"https:\/\/secure.gravatar.com\/avatar\/1d3fc949d550f0b53a5f0d51e06dfd79?s=96&d=mm&r=g","caption":"admin"},"url":"https:\/\/www.prijedordanas.com\/?author=1"}]}},"_links":{"self":[{"href":"https:\/\/www.prijedordanas.com\/index.php?rest_route=\/wp\/v2\/posts\/240080"}],"collection":[{"href":"https:\/\/www.prijedordanas.com\/index.php?rest_route=\/wp\/v2\/posts"}],"about":[{"href":"https:\/\/www.prijedordanas.com\/index.php?rest_route=\/wp\/v2\/types\/post"}],"author":[{"embeddable":true,"href":"https:\/\/www.prijedordanas.com\/index.php?rest_route=\/wp\/v2\/users\/1"}],"replies":[{"embeddable":true,"href":"https:\/\/www.prijedordanas.com\/index.php?rest_route=%2Fwp%2Fv2%2Fcomments&post=240080"}],"version-history":[{"count":1,"href":"https:\/\/www.prijedordanas.com\/index.php?rest_route=\/wp\/v2\/posts\/240080\/revisions"}],"predecessor-version":[{"id":240081,"href":"https:\/\/www.prijedordanas.com\/index.php?rest_route=\/wp\/v2\/posts\/240080\/revisions\/240081"}],"wp:attachment":[{"href":"https:\/\/www.prijedordanas.com\/index.php?rest_route=%2Fwp%2Fv2%2Fmedia&parent=240080"}],"wp:term":[{"taxonomy":"category","embeddable":true,"href":"https:\/\/www.prijedordanas.com\/index.php?rest_route=%2Fwp%2Fv2%2Fcategories&post=240080"},{"taxonomy":"post_tag","embeddable":true,"href":"https:\/\/www.prijedordanas.com\/index.php?rest_route=%2Fwp%2Fv2%2Ftags&post=240080"}],"curies":[{"name":"wp","href":"https:\/\/api.w.org\/{rel}","templated":true}]}}