{"id":239758,"date":"2025-01-08T21:28:05","date_gmt":"2025-01-08T20:28:05","guid":{"rendered":"https:\/\/www.prijedordanas.com\/?p=239758"},"modified":"2025-01-08T21:28:05","modified_gmt":"2025-01-08T20:28:05","slug":"prijedor-mjestani-gomjenice-bakljadom-i-vatrometom-obiljezili-bozic-i-rodendan-republike-srpske-foto-video","status":"publish","type":"post","link":"https:\/\/www.prijedordanas.com\/?p=239758","title":{"rendered":"Prijedor: Mje\u0161tani Gomjenice bakljadom i vatrometom obilje\u017eili Bo\u017ei\u0107 i ro\u0111endan Republike Srpske &#8211; FOTO\/VIDEO"},"content":{"rendered":"<p><a href=\"https:\/\/www.prijedordanas.com\/wp-content\/uploads\/2025\/01\/gomjenica-8januar-1.jpg\"><img loading=\"lazy\" decoding=\"async\" class=\"alignleft size-medium wp-image-239761\" src=\"https:\/\/www.prijedordanas.com\/wp-content\/uploads\/2025\/01\/gomjenica-8januar-1-300x225.jpg\" alt=\"\" width=\"300\" height=\"225\" srcset=\"https:\/\/www.prijedordanas.com\/wp-content\/uploads\/2025\/01\/gomjenica-8januar-1-300x225.jpg 300w, https:\/\/www.prijedordanas.com\/wp-content\/uploads\/2025\/01\/gomjenica-8januar-1-640x480.jpg 640w, https:\/\/www.prijedordanas.com\/wp-content\/uploads\/2025\/01\/gomjenica-8januar-1.jpg 667w\" sizes=\"(max-width: 300px) 100vw, 300px\" \/><\/a>Mje\u0161tani prijedorskog naselja Gomjenica ve\u010deras su, drugu godinu zaredom, obilje\u017eili najradosniji hri\u0161\u0107anski praznik Bo\u017ei\u0107 i predstoje\u0107i Dan Republike Srpske.<\/p>\n<p>Tim povodom na platou i igrali\u0161tu kod dru\u0161tvenog doma okupio se veliki broj stanovnika ovog naselja svih uzrasta.<\/p>\n<p>-Nakon akcije obilje\u017eavanja Bo\u017ei\u0107a i ro\u0111endana Republike Srpske koju smo uspje\u0161no uprili\u010dili pro\u0161le godine, rije\u0161ili smo da nam to postane tradicija. U organizaciju smo ovoga puta krenuli ranije i drago mi je da su se mnogi odazvali. Priredili smo bakljadu i vatromet nakon \u010dega je uslijedilo i dru\u017eenje uz kuvano vino, rakiju, sokove i kola\u010de. Jedino smo naselje u Prijedoru koje na ovaj na\u010din obilje\u017eava Bo\u017ei\u0107 i ro\u0111endan Republike Srpske i na tu \u010dinjenicu smo svi veoma ponosni. Siguran sam da \u0107e se ova tradicija nastaviti i u narednim godinama jer i na ovaj na\u010din pokazujemo koliko nam zna\u010di Bo\u017ei\u0107 i dan Republike Srpske &#8211; rekao nam je mje\u0161tanin Gomjenice koji je bio jedan od inicijatora ovog okupljanja.<\/p>\n<div style=\"width: 568px;\" class=\"wp-video\"><!--[if lt IE 9]><script>document.createElement('video');<\/script><![endif]-->\n<video class=\"wp-video-shortcode\" id=\"video-239758-1\" width=\"568\" height=\"320\" preload=\"metadata\" controls=\"controls\"><source type=\"video\/mp4\" src=\"https:\/\/www.prijedordanas.com\/wp-content\/uploads\/2025\/01\/gomjenica-8januar-iz-vazduha.mp4?_=1\" \/><a href=\"https:\/\/www.prijedordanas.com\/wp-content\/uploads\/2025\/01\/gomjenica-8januar-iz-vazduha.mp4\">https:\/\/www.prijedordanas.com\/wp-content\/uploads\/2025\/01\/gomjenica-8januar-iz-vazduha.mp4<\/a><\/video><\/div>\n<p>&#8220;Preko Drine sve do mora isto nebo gledamo, zemljo na\u0161a sveta, nikome te ne damo! RS 33!&#8221; i &#8220;Gomjenica &#8211; stara srpska tvorevina, Republika Srpska &#8211; ponosna na\u0161a svetkovina! 33!&#8221; &#8211; pisalo je na transparentima koji su uz zastave Republike Srpske istakli mje\u0161tani Gomjenice.<\/p>\n<p>Tekst i foto &#8211; <a href=\"https:\/\/www.prijedordanas.com\" target=\"_blank\" rel=\"noopener noreferrer\">www.prijedordanas.com<\/a><\/p>\n<p><a href=\"https:\/\/www.prijedordanas.com\/wp-content\/uploads\/2025\/01\/gomjenica-8januar-2.jpg\"><img loading=\"lazy\" decoding=\"async\" class=\"alignleft size-medium wp-image-239762\" src=\"https:\/\/www.prijedordanas.com\/wp-content\/uploads\/2025\/01\/gomjenica-8januar-2-300x225.jpg\" alt=\"\" width=\"300\" height=\"225\" srcset=\"https:\/\/www.prijedordanas.com\/wp-content\/uploads\/2025\/01\/gomjenica-8januar-2-300x225.jpg 300w, https:\/\/www.prijedordanas.com\/wp-content\/uploads\/2025\/01\/gomjenica-8januar-2-640x480.jpg 640w, https:\/\/www.prijedordanas.com\/wp-content\/uploads\/2025\/01\/gomjenica-8januar-2.jpg 668w\" sizes=\"(max-width: 300px) 100vw, 300px\" \/><\/a> <a href=\"https:\/\/www.prijedordanas.com\/wp-content\/uploads\/2025\/01\/gomjenica-8januar-3.jpg\"><img loading=\"lazy\" decoding=\"async\" class=\"alignleft size-medium wp-image-239763\" src=\"https:\/\/www.prijedordanas.com\/wp-content\/uploads\/2025\/01\/gomjenica-8januar-3-300x225.jpg\" alt=\"\" width=\"300\" height=\"225\" srcset=\"https:\/\/www.prijedordanas.com\/wp-content\/uploads\/2025\/01\/gomjenica-8januar-3-300x225.jpg 300w, https:\/\/www.prijedordanas.com\/wp-content\/uploads\/2025\/01\/gomjenica-8januar-3-640x480.jpg 640w, https:\/\/www.prijedordanas.com\/wp-content\/uploads\/2025\/01\/gomjenica-8januar-3.jpg 667w\" sizes=\"(max-width: 300px) 100vw, 300px\" \/><\/a> <a href=\"https:\/\/www.prijedordanas.com\/wp-content\/uploads\/2025\/01\/gomjenica-8januar-4.jpg\"><img loading=\"lazy\" decoding=\"async\" class=\"alignleft size-medium wp-image-239764\" src=\"https:\/\/www.prijedordanas.com\/wp-content\/uploads\/2025\/01\/gomjenica-8januar-4-300x200.jpg\" alt=\"\" width=\"300\" height=\"200\" srcset=\"https:\/\/www.prijedordanas.com\/wp-content\/uploads\/2025\/01\/gomjenica-8januar-4-300x200.jpg 300w, https:\/\/www.prijedordanas.com\/wp-content\/uploads\/2025\/01\/gomjenica-8januar-4-480x320.jpg 480w, https:\/\/www.prijedordanas.com\/wp-content\/uploads\/2025\/01\/gomjenica-8januar-4.jpg 600w\" sizes=\"(max-width: 300px) 100vw, 300px\" \/><\/a> <a href=\"https:\/\/www.prijedordanas.com\/wp-content\/uploads\/2025\/01\/gomjenica-8januar-5.jpg\"><img loading=\"lazy\" decoding=\"async\" class=\"alignleft size-medium wp-image-239765\" src=\"https:\/\/www.prijedordanas.com\/wp-content\/uploads\/2025\/01\/gomjenica-8januar-5-300x200.jpg\" alt=\"\" width=\"300\" height=\"200\" srcset=\"https:\/\/www.prijedordanas.com\/wp-content\/uploads\/2025\/01\/gomjenica-8januar-5-300x200.jpg 300w, https:\/\/www.prijedordanas.com\/wp-content\/uploads\/2025\/01\/gomjenica-8januar-5-480x320.jpg 480w, https:\/\/www.prijedordanas.com\/wp-content\/uploads\/2025\/01\/gomjenica-8januar-5.jpg 600w\" sizes=\"(max-width: 300px) 100vw, 300px\" \/><\/a> <a href=\"https:\/\/www.prijedordanas.com\/wp-content\/uploads\/2025\/01\/gomjenica-8januar-6.jpg\"><img loading=\"lazy\" decoding=\"async\" class=\"alignleft size-medium wp-image-239766\" src=\"https:\/\/www.prijedordanas.com\/wp-content\/uploads\/2025\/01\/gomjenica-8januar-6-300x200.jpg\" alt=\"\" width=\"300\" height=\"200\" srcset=\"https:\/\/www.prijedordanas.com\/wp-content\/uploads\/2025\/01\/gomjenica-8januar-6-300x200.jpg 300w, https:\/\/www.prijedordanas.com\/wp-content\/uploads\/2025\/01\/gomjenica-8januar-6-480x320.jpg 480w, https:\/\/www.prijedordanas.com\/wp-content\/uploads\/2025\/01\/gomjenica-8januar-6.jpg 600w\" sizes=\"(max-width: 300px) 100vw, 300px\" \/><\/a> <a href=\"https:\/\/www.prijedordanas.com\/wp-content\/uploads\/2025\/01\/gomjenica-8januar-7.jpg\"><img loading=\"lazy\" decoding=\"async\" class=\"alignleft size-medium wp-image-239767\" src=\"https:\/\/www.prijedordanas.com\/wp-content\/uploads\/2025\/01\/gomjenica-8januar-7-300x200.jpg\" alt=\"\" width=\"300\" height=\"200\" srcset=\"https:\/\/www.prijedordanas.com\/wp-content\/uploads\/2025\/01\/gomjenica-8januar-7-300x200.jpg 300w, https:\/\/www.prijedordanas.com\/wp-content\/uploads\/2025\/01\/gomjenica-8januar-7-480x320.jpg 480w, https:\/\/www.prijedordanas.com\/wp-content\/uploads\/2025\/01\/gomjenica-8januar-7.jpg 600w\" sizes=\"(max-width: 300px) 100vw, 300px\" \/><\/a> <a href=\"https:\/\/www.prijedordanas.com\/wp-content\/uploads\/2025\/01\/gomjenica-8januar-8.jpg\"><img loading=\"lazy\" decoding=\"async\" class=\"alignleft size-medium wp-image-239768\" src=\"https:\/\/www.prijedordanas.com\/wp-content\/uploads\/2025\/01\/gomjenica-8januar-8-300x200.jpg\" alt=\"\" width=\"300\" height=\"200\" srcset=\"https:\/\/www.prijedordanas.com\/wp-content\/uploads\/2025\/01\/gomjenica-8januar-8-300x200.jpg 300w, https:\/\/www.prijedordanas.com\/wp-content\/uploads\/2025\/01\/gomjenica-8januar-8-480x320.jpg 480w, https:\/\/www.prijedordanas.com\/wp-content\/uploads\/2025\/01\/gomjenica-8januar-8.jpg 600w\" sizes=\"(max-width: 300px) 100vw, 300px\" \/><\/a> <a href=\"https:\/\/www.prijedordanas.com\/wp-content\/uploads\/2025\/01\/gomjenica-8januar-9.jpg\"><img loading=\"lazy\" decoding=\"async\" class=\"alignleft size-medium wp-image-239769\" src=\"https:\/\/www.prijedordanas.com\/wp-content\/uploads\/2025\/01\/gomjenica-8januar-9-300x200.jpg\" alt=\"\" width=\"300\" height=\"200\" srcset=\"https:\/\/www.prijedordanas.com\/wp-content\/uploads\/2025\/01\/gomjenica-8januar-9-300x200.jpg 300w, https:\/\/www.prijedordanas.com\/wp-content\/uploads\/2025\/01\/gomjenica-8januar-9-480x320.jpg 480w, https:\/\/www.prijedordanas.com\/wp-content\/uploads\/2025\/01\/gomjenica-8januar-9.jpg 600w\" sizes=\"(max-width: 300px) 100vw, 300px\" \/><\/a> <a href=\"https:\/\/www.prijedordanas.com\/wp-content\/uploads\/2025\/01\/gomjenica-8januar-18.jpg\"><img loading=\"lazy\" decoding=\"async\" class=\"alignleft size-medium wp-image-239770\" src=\"https:\/\/www.prijedordanas.com\/wp-content\/uploads\/2025\/01\/gomjenica-8januar-18-300x180.jpg\" alt=\"\" width=\"300\" height=\"180\" srcset=\"https:\/\/www.prijedordanas.com\/wp-content\/uploads\/2025\/01\/gomjenica-8januar-18-300x180.jpg 300w, https:\/\/www.prijedordanas.com\/wp-content\/uploads\/2025\/01\/gomjenica-8januar-18-768x462.jpg 768w, https:\/\/www.prijedordanas.com\/wp-content\/uploads\/2025\/01\/gomjenica-8januar-18.jpg 832w\" sizes=\"(max-width: 300px) 100vw, 300px\" \/><\/a> <a href=\"https:\/\/www.prijedordanas.com\/wp-content\/uploads\/2025\/01\/gomjenica-8januar-19.jpg\"><img loading=\"lazy\" decoding=\"async\" class=\"alignleft size-medium wp-image-239771\" src=\"https:\/\/www.prijedordanas.com\/wp-content\/uploads\/2025\/01\/gomjenica-8januar-19-300x174.jpg\" alt=\"\" width=\"300\" height=\"174\" srcset=\"https:\/\/www.prijedordanas.com\/wp-content\/uploads\/2025\/01\/gomjenica-8januar-19-300x174.jpg 300w, https:\/\/www.prijedordanas.com\/wp-content\/uploads\/2025\/01\/gomjenica-8januar-19-768x444.jpg 768w, https:\/\/www.prijedordanas.com\/wp-content\/uploads\/2025\/01\/gomjenica-8januar-19.jpg 864w\" sizes=\"(max-width: 300px) 100vw, 300px\" \/><\/a><\/p>\n<p><iframe loading=\"lazy\" style=\"border: none; overflow: hidden;\" src=\"https:\/\/www.facebook.com\/plugins\/video.php?height=314&amp;href=https%3A%2F%2Fwww.facebook.com%2FPrijedorDanasCom%2Fvideos%2F878355567570617%2F&amp;show_text=false&amp;width=560&amp;t=0\" width=\"560\" height=\"314\" frameborder=\"0\" scrolling=\"no\" allowfullscreen=\"allowfullscreen\"><\/iframe><\/p>\n<p><a href=\"https:\/\/www.prijedordanas.com\/wp-content\/uploads\/2025\/01\/gomjenica-8januar-10.jpg\"><img loading=\"lazy\" decoding=\"async\" class=\"alignleft size-medium wp-image-239773\" src=\"https:\/\/www.prijedordanas.com\/wp-content\/uploads\/2025\/01\/gomjenica-8januar-10-300x200.jpg\" alt=\"\" width=\"300\" height=\"200\" srcset=\"https:\/\/www.prijedordanas.com\/wp-content\/uploads\/2025\/01\/gomjenica-8januar-10-300x200.jpg 300w, https:\/\/www.prijedordanas.com\/wp-content\/uploads\/2025\/01\/gomjenica-8januar-10-480x320.jpg 480w, https:\/\/www.prijedordanas.com\/wp-content\/uploads\/2025\/01\/gomjenica-8januar-10.jpg 600w\" sizes=\"(max-width: 300px) 100vw, 300px\" \/><\/a> <a href=\"https:\/\/www.prijedordanas.com\/wp-content\/uploads\/2025\/01\/gomjenica-8januar-11.jpg\"><img loading=\"lazy\" decoding=\"async\" class=\"alignleft size-medium wp-image-239774\" src=\"https:\/\/www.prijedordanas.com\/wp-content\/uploads\/2025\/01\/gomjenica-8januar-11-300x200.jpg\" alt=\"\" width=\"300\" height=\"200\" srcset=\"https:\/\/www.prijedordanas.com\/wp-content\/uploads\/2025\/01\/gomjenica-8januar-11-300x200.jpg 300w, https:\/\/www.prijedordanas.com\/wp-content\/uploads\/2025\/01\/gomjenica-8januar-11-480x320.jpg 480w, https:\/\/www.prijedordanas.com\/wp-content\/uploads\/2025\/01\/gomjenica-8januar-11.jpg 600w\" sizes=\"(max-width: 300px) 100vw, 300px\" \/><\/a> <a href=\"https:\/\/www.prijedordanas.com\/wp-content\/uploads\/2025\/01\/gomjenica-8januar-13.jpg\"><img loading=\"lazy\" decoding=\"async\" class=\"alignleft size-medium wp-image-239775\" src=\"https:\/\/www.prijedordanas.com\/wp-content\/uploads\/2025\/01\/gomjenica-8januar-13-300x200.jpg\" alt=\"\" width=\"300\" height=\"200\" srcset=\"https:\/\/www.prijedordanas.com\/wp-content\/uploads\/2025\/01\/gomjenica-8januar-13-300x200.jpg 300w, https:\/\/www.prijedordanas.com\/wp-content\/uploads\/2025\/01\/gomjenica-8januar-13-480x320.jpg 480w, https:\/\/www.prijedordanas.com\/wp-content\/uploads\/2025\/01\/gomjenica-8januar-13.jpg 600w\" sizes=\"(max-width: 300px) 100vw, 300px\" \/><\/a> <a href=\"https:\/\/www.prijedordanas.com\/wp-content\/uploads\/2025\/01\/gomjenica-8januar-14.jpg\"><img loading=\"lazy\" decoding=\"async\" class=\"alignleft size-medium wp-image-239776\" src=\"https:\/\/www.prijedordanas.com\/wp-content\/uploads\/2025\/01\/gomjenica-8januar-14-300x200.jpg\" alt=\"\" width=\"300\" height=\"200\" srcset=\"https:\/\/www.prijedordanas.com\/wp-content\/uploads\/2025\/01\/gomjenica-8januar-14-300x200.jpg 300w, https:\/\/www.prijedordanas.com\/wp-content\/uploads\/2025\/01\/gomjenica-8januar-14-480x320.jpg 480w, https:\/\/www.prijedordanas.com\/wp-content\/uploads\/2025\/01\/gomjenica-8januar-14.jpg 600w\" sizes=\"(max-width: 300px) 100vw, 300px\" \/><\/a> <a href=\"https:\/\/www.prijedordanas.com\/wp-content\/uploads\/2025\/01\/gomjenica-8januar-15.jpg\"><img loading=\"lazy\" decoding=\"async\" class=\"alignleft size-medium wp-image-239777\" src=\"https:\/\/www.prijedordanas.com\/wp-content\/uploads\/2025\/01\/gomjenica-8januar-15-300x200.jpg\" alt=\"\" width=\"300\" height=\"200\" srcset=\"https:\/\/www.prijedordanas.com\/wp-content\/uploads\/2025\/01\/gomjenica-8januar-15-300x200.jpg 300w, https:\/\/www.prijedordanas.com\/wp-content\/uploads\/2025\/01\/gomjenica-8januar-15-480x320.jpg 480w, https:\/\/www.prijedordanas.com\/wp-content\/uploads\/2025\/01\/gomjenica-8januar-15.jpg 600w\" sizes=\"(max-width: 300px) 100vw, 300px\" \/><\/a> <a href=\"https:\/\/www.prijedordanas.com\/wp-content\/uploads\/2025\/01\/gomjenica-8januar-12.jpg\"><img loading=\"lazy\" decoding=\"async\" class=\"alignleft size-medium wp-image-239778\" src=\"https:\/\/www.prijedordanas.com\/wp-content\/uploads\/2025\/01\/gomjenica-8januar-12-300x200.jpg\" alt=\"\" width=\"300\" height=\"200\" srcset=\"https:\/\/www.prijedordanas.com\/wp-content\/uploads\/2025\/01\/gomjenica-8januar-12-300x200.jpg 300w, https:\/\/www.prijedordanas.com\/wp-content\/uploads\/2025\/01\/gomjenica-8januar-12-480x320.jpg 480w, https:\/\/www.prijedordanas.com\/wp-content\/uploads\/2025\/01\/gomjenica-8januar-12.jpg 600w\" sizes=\"(max-width: 300px) 100vw, 300px\" \/><\/a> <a href=\"https:\/\/www.prijedordanas.com\/wp-content\/uploads\/2025\/01\/gomjenica-8januar-16.jpg\"><img loading=\"lazy\" decoding=\"async\" class=\"alignleft size-medium wp-image-239779\" src=\"https:\/\/www.prijedordanas.com\/wp-content\/uploads\/2025\/01\/gomjenica-8januar-16-300x200.jpg\" alt=\"\" width=\"300\" height=\"200\" srcset=\"https:\/\/www.prijedordanas.com\/wp-content\/uploads\/2025\/01\/gomjenica-8januar-16-300x200.jpg 300w, https:\/\/www.prijedordanas.com\/wp-content\/uploads\/2025\/01\/gomjenica-8januar-16-480x320.jpg 480w, https:\/\/www.prijedordanas.com\/wp-content\/uploads\/2025\/01\/gomjenica-8januar-16.jpg 600w\" sizes=\"(max-width: 300px) 100vw, 300px\" \/><\/a> <a href=\"https:\/\/www.prijedordanas.com\/wp-content\/uploads\/2025\/01\/gomjenica-8januar-17.jpg\"><img loading=\"lazy\" decoding=\"async\" class=\"alignleft size-medium wp-image-239780\" src=\"https:\/\/www.prijedordanas.com\/wp-content\/uploads\/2025\/01\/gomjenica-8januar-17-300x200.jpg\" alt=\"\" width=\"300\" height=\"200\" srcset=\"https:\/\/www.prijedordanas.com\/wp-content\/uploads\/2025\/01\/gomjenica-8januar-17-300x200.jpg 300w, https:\/\/www.prijedordanas.com\/wp-content\/uploads\/2025\/01\/gomjenica-8januar-17-480x320.jpg 480w, https:\/\/www.prijedordanas.com\/wp-content\/uploads\/2025\/01\/gomjenica-8januar-17.jpg 600w\" sizes=\"(max-width: 300px) 100vw, 300px\" \/><\/a> <a href=\"https:\/\/www.prijedordanas.com\/wp-content\/uploads\/2025\/01\/gomjenica-8januar-20.jpg\"><img loading=\"lazy\" decoding=\"async\" class=\"alignleft size-medium wp-image-239781\" src=\"https:\/\/www.prijedordanas.com\/wp-content\/uploads\/2025\/01\/gomjenica-8januar-20-208x300.jpg\" alt=\"\" width=\"208\" height=\"300\" srcset=\"https:\/\/www.prijedordanas.com\/wp-content\/uploads\/2025\/01\/gomjenica-8januar-20-208x300.jpg 208w, https:\/\/www.prijedordanas.com\/wp-content\/uploads\/2025\/01\/gomjenica-8januar-20.jpg 450w\" sizes=\"(max-width: 208px) 100vw, 208px\" \/><\/a> <a href=\"https:\/\/www.prijedordanas.com\/wp-content\/uploads\/2025\/01\/gomjenica-8januar-21.jpg\"><img loading=\"lazy\" decoding=\"async\" class=\"alignleft size-medium wp-image-239782\" src=\"https:\/\/www.prijedordanas.com\/wp-content\/uploads\/2025\/01\/gomjenica-8januar-21-208x300.jpg\" alt=\"\" width=\"208\" height=\"300\" srcset=\"https:\/\/www.prijedordanas.com\/wp-content\/uploads\/2025\/01\/gomjenica-8januar-21-208x300.jpg 208w, https:\/\/www.prijedordanas.com\/wp-content\/uploads\/2025\/01\/gomjenica-8januar-21.jpg 450w\" sizes=\"(max-width: 208px) 100vw, 208px\" \/><\/a><\/p>\n","protected":false},"excerpt":{"rendered":"<p>Mje\u0161tani prijedorskog naselja Gomjenica ve\u010deras su, drugu godinu zaredom, obilje\u017eili najradosniji hri\u0161\u0107anski praznik Bo\u017ei\u0107 i predstoje\u0107i Dan Republike Srpske. Tim povodom na platou i igrali\u0161tu kod dru\u0161tvenog doma okupio se [&hellip;]<\/p>\n","protected":false},"author":1,"featured_media":0,"comment_status":"closed","ping_status":"open","sticky":false,"template":"","format":"standard","meta":{"_monsterinsights_skip_tracking":false,"_monsterinsights_sitenote_active":false,"_monsterinsights_sitenote_note":"","_monsterinsights_sitenote_category":0,"footnotes":""},"categories":[4,7515,7517],"tags":[],"yoast_head":"<!-- This site is optimized with the Yoast SEO plugin v21.6 - https:\/\/yoast.com\/wordpress\/plugins\/seo\/ -->\n<title>Prijedor: Mje\u0161tani Gomjenice bakljadom i vatrometom obilje\u017eili Bo\u017ei\u0107 i ro\u0111endan Republike Srpske - FOTO\/VIDEO - PrijedorDanas.com - Prijedorski gradski portal<\/title>\n<meta name=\"robots\" content=\"index, follow, max-snippet:-1, max-image-preview:large, max-video-preview:-1\" \/>\n<link rel=\"canonical\" href=\"https:\/\/www.prijedordanas.com\/?p=239758\" \/>\n<meta property=\"og:locale\" content=\"en_US\" \/>\n<meta property=\"og:type\" content=\"article\" \/>\n<meta property=\"og:title\" content=\"Prijedor: Mje\u0161tani Gomjenice bakljadom i vatrometom obilje\u017eili Bo\u017ei\u0107 i ro\u0111endan Republike Srpske - FOTO\/VIDEO - PrijedorDanas.com - Prijedorski gradski portal\" \/>\n<meta property=\"og:description\" content=\"Mje\u0161tani prijedorskog naselja Gomjenica ve\u010deras su, drugu godinu zaredom, obilje\u017eili najradosniji hri\u0161\u0107anski praznik Bo\u017ei\u0107 i predstoje\u0107i Dan Republike Srpske. Tim povodom na platou i igrali\u0161tu kod dru\u0161tvenog doma okupio se [&hellip;]\" \/>\n<meta property=\"og:url\" content=\"https:\/\/www.prijedordanas.com\/?p=239758\" \/>\n<meta property=\"og:site_name\" content=\"PrijedorDanas.com - Prijedorski gradski portal\" \/>\n<meta property=\"article:publisher\" content=\"https:\/\/www.facebook.com\/PrijedorDanasCom\/\" \/>\n<meta property=\"article:published_time\" content=\"2025-01-08T20:28:05+00:00\" \/>\n<meta property=\"og:image\" content=\"https:\/\/www.prijedordanas.com\/wp-content\/uploads\/2025\/01\/gomjenica-8januar-1-300x225.jpg\" \/>\n<meta name=\"author\" content=\"admin\" \/>\n<meta name=\"twitter:card\" content=\"summary_large_image\" \/>\n<meta name=\"twitter:label1\" content=\"Written by\" \/>\n\t<meta name=\"twitter:data1\" content=\"admin\" \/>\n\t<meta name=\"twitter:label2\" content=\"Est. reading time\" \/>\n\t<meta name=\"twitter:data2\" content=\"6 minutes\" \/>\n<script type=\"application\/ld+json\" class=\"yoast-schema-graph\">{\"@context\":\"https:\/\/schema.org\",\"@graph\":[{\"@type\":\"Article\",\"@id\":\"https:\/\/www.prijedordanas.com\/?p=239758#article\",\"isPartOf\":{\"@id\":\"https:\/\/www.prijedordanas.com\/?p=239758\"},\"author\":{\"name\":\"admin\",\"@id\":\"https:\/\/www.prijedordanas.com\/#\/schema\/person\/4e08ccf29b506ca916ff86d46bb700e6\"},\"headline\":\"Prijedor: Mje\u0161tani Gomjenice bakljadom i vatrometom obilje\u017eili Bo\u017ei\u0107 i ro\u0111endan Republike Srpske &#8211; FOTO\/VIDEO\",\"datePublished\":\"2025-01-08T20:28:05+00:00\",\"dateModified\":\"2025-01-08T20:28:05+00:00\",\"mainEntityOfPage\":{\"@id\":\"https:\/\/www.prijedordanas.com\/?p=239758\"},\"wordCount\":266,\"publisher\":{\"@id\":\"https:\/\/www.prijedordanas.com\/#organization\"},\"articleSection\":[\"Dru\u0161tvo\",\"Foto dana\",\"Video dana\"],\"inLanguage\":\"en-US\"},{\"@type\":\"WebPage\",\"@id\":\"https:\/\/www.prijedordanas.com\/?p=239758\",\"url\":\"https:\/\/www.prijedordanas.com\/?p=239758\",\"name\":\"Prijedor: Mje\u0161tani Gomjenice bakljadom i vatrometom obilje\u017eili Bo\u017ei\u0107 i ro\u0111endan Republike Srpske - FOTO\/VIDEO - PrijedorDanas.com - Prijedorski gradski portal\",\"isPartOf\":{\"@id\":\"https:\/\/www.prijedordanas.com\/#website\"},\"datePublished\":\"2025-01-08T20:28:05+00:00\",\"dateModified\":\"2025-01-08T20:28:05+00:00\",\"breadcrumb\":{\"@id\":\"https:\/\/www.prijedordanas.com\/?p=239758#breadcrumb\"},\"inLanguage\":\"en-US\",\"potentialAction\":[{\"@type\":\"ReadAction\",\"target\":[\"https:\/\/www.prijedordanas.com\/?p=239758\"]}]},{\"@type\":\"BreadcrumbList\",\"@id\":\"https:\/\/www.prijedordanas.com\/?p=239758#breadcrumb\",\"itemListElement\":[{\"@type\":\"ListItem\",\"position\":1,\"name\":\"Home\",\"item\":\"https:\/\/www.prijedordanas.com\/\"},{\"@type\":\"ListItem\",\"position\":2,\"name\":\"Prijedor: Mje\u0161tani Gomjenice bakljadom i vatrometom obilje\u017eili Bo\u017ei\u0107 i ro\u0111endan Republike Srpske &#8211; FOTO\/VIDEO\"}]},{\"@type\":\"WebSite\",\"@id\":\"https:\/\/www.prijedordanas.com\/#website\",\"url\":\"https:\/\/www.prijedordanas.com\/\",\"name\":\"PrijedorDanas.com - Prijedorski gradski portal\",\"description\":\"Portal o doga\u0111anjima u gradu Prijedoru\",\"publisher\":{\"@id\":\"https:\/\/www.prijedordanas.com\/#organization\"},\"potentialAction\":[{\"@type\":\"SearchAction\",\"target\":{\"@type\":\"EntryPoint\",\"urlTemplate\":\"https:\/\/www.prijedordanas.com\/?s={search_term_string}\"},\"query-input\":\"required name=search_term_string\"}],\"inLanguage\":\"en-US\"},{\"@type\":\"Organization\",\"@id\":\"https:\/\/www.prijedordanas.com\/#organization\",\"name\":\"PrijedorDanas.com\",\"url\":\"https:\/\/www.prijedordanas.com\/\",\"logo\":{\"@type\":\"ImageObject\",\"inLanguage\":\"en-US\",\"@id\":\"https:\/\/www.prijedordanas.com\/#\/schema\/logo\/image\/\",\"url\":\"http:\/\/www.prijedordanas.com\/wp-content\/uploads\/2021\/12\/logopng.png\",\"contentUrl\":\"http:\/\/www.prijedordanas.com\/wp-content\/uploads\/2021\/12\/logopng.png\",\"width\":1019,\"height\":776,\"caption\":\"PrijedorDanas.com\"},\"image\":{\"@id\":\"https:\/\/www.prijedordanas.com\/#\/schema\/logo\/image\/\"},\"sameAs\":[\"https:\/\/www.facebook.com\/PrijedorDanasCom\/\"]},{\"@type\":\"Person\",\"@id\":\"https:\/\/www.prijedordanas.com\/#\/schema\/person\/4e08ccf29b506ca916ff86d46bb700e6\",\"name\":\"admin\",\"image\":{\"@type\":\"ImageObject\",\"inLanguage\":\"en-US\",\"@id\":\"https:\/\/www.prijedordanas.com\/#\/schema\/person\/image\/\",\"url\":\"https:\/\/secure.gravatar.com\/avatar\/1d3fc949d550f0b53a5f0d51e06dfd79?s=96&d=mm&r=g\",\"contentUrl\":\"https:\/\/secure.gravatar.com\/avatar\/1d3fc949d550f0b53a5f0d51e06dfd79?s=96&d=mm&r=g\",\"caption\":\"admin\"},\"url\":\"https:\/\/www.prijedordanas.com\/?author=1\"}]}<\/script>\n<!-- \/ Yoast SEO plugin. -->","yoast_head_json":{"title":"Prijedor: Mje\u0161tani Gomjenice bakljadom i vatrometom obilje\u017eili Bo\u017ei\u0107 i ro\u0111endan Republike Srpske - FOTO\/VIDEO - PrijedorDanas.com - Prijedorski gradski portal","robots":{"index":"index","follow":"follow","max-snippet":"max-snippet:-1","max-image-preview":"max-image-preview:large","max-video-preview":"max-video-preview:-1"},"canonical":"https:\/\/www.prijedordanas.com\/?p=239758","og_locale":"en_US","og_type":"article","og_title":"Prijedor: Mje\u0161tani Gomjenice bakljadom i vatrometom obilje\u017eili Bo\u017ei\u0107 i ro\u0111endan Republike Srpske - FOTO\/VIDEO - PrijedorDanas.com - Prijedorski gradski portal","og_description":"Mje\u0161tani prijedorskog naselja Gomjenica ve\u010deras su, drugu godinu zaredom, obilje\u017eili najradosniji hri\u0161\u0107anski praznik Bo\u017ei\u0107 i predstoje\u0107i Dan Republike Srpske. Tim povodom na platou i igrali\u0161tu kod dru\u0161tvenog doma okupio se [&hellip;]","og_url":"https:\/\/www.prijedordanas.com\/?p=239758","og_site_name":"PrijedorDanas.com - Prijedorski gradski portal","article_publisher":"https:\/\/www.facebook.com\/PrijedorDanasCom\/","article_published_time":"2025-01-08T20:28:05+00:00","og_image":[{"url":"https:\/\/www.prijedordanas.com\/wp-content\/uploads\/2025\/01\/gomjenica-8januar-1-300x225.jpg"}],"author":"admin","twitter_card":"summary_large_image","twitter_misc":{"Written by":"admin","Est. reading time":"6 minutes"},"schema":{"@context":"https:\/\/schema.org","@graph":[{"@type":"Article","@id":"https:\/\/www.prijedordanas.com\/?p=239758#article","isPartOf":{"@id":"https:\/\/www.prijedordanas.com\/?p=239758"},"author":{"name":"admin","@id":"https:\/\/www.prijedordanas.com\/#\/schema\/person\/4e08ccf29b506ca916ff86d46bb700e6"},"headline":"Prijedor: Mje\u0161tani Gomjenice bakljadom i vatrometom obilje\u017eili Bo\u017ei\u0107 i ro\u0111endan Republike Srpske &#8211; FOTO\/VIDEO","datePublished":"2025-01-08T20:28:05+00:00","dateModified":"2025-01-08T20:28:05+00:00","mainEntityOfPage":{"@id":"https:\/\/www.prijedordanas.com\/?p=239758"},"wordCount":266,"publisher":{"@id":"https:\/\/www.prijedordanas.com\/#organization"},"articleSection":["Dru\u0161tvo","Foto dana","Video dana"],"inLanguage":"en-US"},{"@type":"WebPage","@id":"https:\/\/www.prijedordanas.com\/?p=239758","url":"https:\/\/www.prijedordanas.com\/?p=239758","name":"Prijedor: Mje\u0161tani Gomjenice bakljadom i vatrometom obilje\u017eili Bo\u017ei\u0107 i ro\u0111endan Republike Srpske - FOTO\/VIDEO - PrijedorDanas.com - Prijedorski gradski portal","isPartOf":{"@id":"https:\/\/www.prijedordanas.com\/#website"},"datePublished":"2025-01-08T20:28:05+00:00","dateModified":"2025-01-08T20:28:05+00:00","breadcrumb":{"@id":"https:\/\/www.prijedordanas.com\/?p=239758#breadcrumb"},"inLanguage":"en-US","potentialAction":[{"@type":"ReadAction","target":["https:\/\/www.prijedordanas.com\/?p=239758"]}]},{"@type":"BreadcrumbList","@id":"https:\/\/www.prijedordanas.com\/?p=239758#breadcrumb","itemListElement":[{"@type":"ListItem","position":1,"name":"Home","item":"https:\/\/www.prijedordanas.com\/"},{"@type":"ListItem","position":2,"name":"Prijedor: Mje\u0161tani Gomjenice bakljadom i vatrometom obilje\u017eili Bo\u017ei\u0107 i ro\u0111endan Republike Srpske &#8211; FOTO\/VIDEO"}]},{"@type":"WebSite","@id":"https:\/\/www.prijedordanas.com\/#website","url":"https:\/\/www.prijedordanas.com\/","name":"PrijedorDanas.com - Prijedorski gradski portal","description":"Portal o doga\u0111anjima u gradu Prijedoru","publisher":{"@id":"https:\/\/www.prijedordanas.com\/#organization"},"potentialAction":[{"@type":"SearchAction","target":{"@type":"EntryPoint","urlTemplate":"https:\/\/www.prijedordanas.com\/?s={search_term_string}"},"query-input":"required name=search_term_string"}],"inLanguage":"en-US"},{"@type":"Organization","@id":"https:\/\/www.prijedordanas.com\/#organization","name":"PrijedorDanas.com","url":"https:\/\/www.prijedordanas.com\/","logo":{"@type":"ImageObject","inLanguage":"en-US","@id":"https:\/\/www.prijedordanas.com\/#\/schema\/logo\/image\/","url":"http:\/\/www.prijedordanas.com\/wp-content\/uploads\/2021\/12\/logopng.png","contentUrl":"http:\/\/www.prijedordanas.com\/wp-content\/uploads\/2021\/12\/logopng.png","width":1019,"height":776,"caption":"PrijedorDanas.com"},"image":{"@id":"https:\/\/www.prijedordanas.com\/#\/schema\/logo\/image\/"},"sameAs":["https:\/\/www.facebook.com\/PrijedorDanasCom\/"]},{"@type":"Person","@id":"https:\/\/www.prijedordanas.com\/#\/schema\/person\/4e08ccf29b506ca916ff86d46bb700e6","name":"admin","image":{"@type":"ImageObject","inLanguage":"en-US","@id":"https:\/\/www.prijedordanas.com\/#\/schema\/person\/image\/","url":"https:\/\/secure.gravatar.com\/avatar\/1d3fc949d550f0b53a5f0d51e06dfd79?s=96&d=mm&r=g","contentUrl":"https:\/\/secure.gravatar.com\/avatar\/1d3fc949d550f0b53a5f0d51e06dfd79?s=96&d=mm&r=g","caption":"admin"},"url":"https:\/\/www.prijedordanas.com\/?author=1"}]}},"_links":{"self":[{"href":"https:\/\/www.prijedordanas.com\/index.php?rest_route=\/wp\/v2\/posts\/239758"}],"collection":[{"href":"https:\/\/www.prijedordanas.com\/index.php?rest_route=\/wp\/v2\/posts"}],"about":[{"href":"https:\/\/www.prijedordanas.com\/index.php?rest_route=\/wp\/v2\/types\/post"}],"author":[{"embeddable":true,"href":"https:\/\/www.prijedordanas.com\/index.php?rest_route=\/wp\/v2\/users\/1"}],"replies":[{"embeddable":true,"href":"https:\/\/www.prijedordanas.com\/index.php?rest_route=%2Fwp%2Fv2%2Fcomments&post=239758"}],"version-history":[{"count":3,"href":"https:\/\/www.prijedordanas.com\/index.php?rest_route=\/wp\/v2\/posts\/239758\/revisions"}],"predecessor-version":[{"id":239783,"href":"https:\/\/www.prijedordanas.com\/index.php?rest_route=\/wp\/v2\/posts\/239758\/revisions\/239783"}],"wp:attachment":[{"href":"https:\/\/www.prijedordanas.com\/index.php?rest_route=%2Fwp%2Fv2%2Fmedia&parent=239758"}],"wp:term":[{"taxonomy":"category","embeddable":true,"href":"https:\/\/www.prijedordanas.com\/index.php?rest_route=%2Fwp%2Fv2%2Fcategories&post=239758"},{"taxonomy":"post_tag","embeddable":true,"href":"https:\/\/www.prijedordanas.com\/index.php?rest_route=%2Fwp%2Fv2%2Ftags&post=239758"}],"curies":[{"name":"wp","href":"https:\/\/api.w.org\/{rel}","templated":true}]}}