{"id":239752,"date":"2025-01-08T16:16:27","date_gmt":"2025-01-08T15:16:27","guid":{"rendered":"https:\/\/www.prijedordanas.com\/?p=239752"},"modified":"2025-01-08T16:16:27","modified_gmt":"2025-01-08T15:16:27","slug":"okruzni-sud-prijedor-ukinuo-oslobadajucu-presudu-ponovno-sudenje-za-neiskoristene-vakcine-protiv-kovida","status":"publish","type":"post","link":"https:\/\/www.prijedordanas.com\/?p=239752","title":{"rendered":"Okru\u017eni sud Prijedor ukinuo osloba\u0111aju\u0107u presudu: Ponovno su\u0111enje za neiskori\u0161tene vakcine protiv kovida"},"content":{"rendered":"<p><a href=\"https:\/\/www.prijedordanas.com\/wp-content\/uploads\/2023\/10\/okruzni-sud-tuzilastvo-privredni-sud-2023-3.jpg\"><img loading=\"lazy\" decoding=\"async\" src=\"https:\/\/www.prijedordanas.com\/wp-content\/uploads\/2023\/10\/okruzni-sud-tuzilastvo-privredni-sud-2023-3-300x225.jpg\" alt=\"\" width=\"300\" height=\"225\" class=\"alignleft size-medium wp-image-212240\" srcset=\"https:\/\/www.prijedordanas.com\/wp-content\/uploads\/2023\/10\/okruzni-sud-tuzilastvo-privredni-sud-2023-3-300x225.jpg 300w, https:\/\/www.prijedordanas.com\/wp-content\/uploads\/2023\/10\/okruzni-sud-tuzilastvo-privredni-sud-2023-3-640x480.jpg 640w, https:\/\/www.prijedordanas.com\/wp-content\/uploads\/2023\/10\/okruzni-sud-tuzilastvo-privredni-sud-2023-3.jpg 667w\" sizes=\"(max-width: 300px) 100vw, 300px\" \/><\/a>Okru\u017eni sud u Prijedoru ukinuo je prvostepenu presudu Osnovnog suda kojom je na\u010delnik Higijensko-epidemiolo\u0161ke slu\u017ebe Doma zdravlja u ovom gradu Milica Otkovi\u0107 oslobo\u0111ena optu\u017ebi \u0161to nisu upotrijebljene 1.342 doze vakcine &#8220;sputnjik ve&#8221; tokom epidemije virusa korona.<\/p>\n<p>Sud je uva\u017eio \u017ealbu Okru\u017enog javnog tu\u017eila\u0161tva Prijedor na osloba\u0111aju\u0107u presudu.<\/p>\n<p>&#8220;Predmet se vra\u0107a na ponovno su\u0111enje&#8221;, navedeno je u rje\u0161enju dostavljenom Srni.<\/p>\n<p>Sudsko vije\u0107e Okru\u017enog suda smatra da je presuda Osnovnog suda izuzetno optere\u0107ena iscrpnim i dosljednim prepisivanjem uvodnih i zavr\u0161nih rije\u010di, posebno \u0161to je rije\u010d o predmetu gdje je izveden niz dokaza.<\/p>\n<p>Izme\u0111u ostalog, smatra da se prvostepeni sud bespotrebno bavi procedurom koja se odnosi na &#8220;postupak u vanrednim okolnostima&#8221; i radom portira, kada se optu\u017eenoj stavlja na teret da je nesavjesnim radom i postupanjem do\u0161lo do nastanka onog \u0161to prvostepeni sud ozna\u010dava kao &#8220;vanredne okolnosti&#8221;.<\/p>\n<p>&#8220;U ponovnom postupku obaveza prvostepenog suda je da otkloni ukazane nedostatke, te da se bavi odlu\u010dnim \u010dinjenicama koje se odnose na elemente predmetnih djela kako bi dao odgovor na predmet optu\u017ebe&#8221;, navedeno je u rje\u0161enju Okru\u017enog suda.<\/p>\n<p>Osloba\u0111aju\u0107u presudu Osnovni sud u Prijedoru donio je 27. novembra pro\u0161le godine navode\u0107i da na\u010dela pravi\u010dnog su\u0111enja obavezuju sud na dono\u0161enje osloba\u0111aju\u0107e presude ne samo kada je dokazana nevinost optu\u017eenog, ve\u0107 i onda kada nije nesumnjivo dokazana krivica.<\/p>\n<p>Okru\u017eno javno tu\u017eila\u0161tvo Prijedor je u oktobru 2021. godine podiglo optu\u017enicu protiv Otkovi\u0107eve za krivi\u010dna djela nesavjestan rad u slu\u017ebi i nepostupanje po zdravstvenim propisima za vrijeme epidemije i donijelo naredbu o obustavi istrage protiv drugog lica obuhva\u0107enog istragom, S.J. iz Prijedora.<\/p>\n<p>U prijedorskom Domu zdravlja 12. aprila 2021. godine privremeno je obustavljeno vakcinisanje stanovnika protiv kovida 19, budu\u0107i da je do\u0161lo do prekida hladnog lanca u zamrziva\u010du u kojem su \u010duvane 1.342 doze vakcine &#8220;sputnjik ve&#8221;. \/kraj\/kp\/dlu<\/p>\n<p>SRNA<\/p>\n","protected":false},"excerpt":{"rendered":"<p>Okru\u017eni sud u Prijedoru ukinuo je prvostepenu presudu Osnovnog suda kojom je na\u010delnik Higijensko-epidemiolo\u0161ke slu\u017ebe Doma zdravlja u ovom gradu Milica Otkovi\u0107 oslobo\u0111ena optu\u017ebi \u0161to nisu upotrijebljene 1.342 doze vakcine [&hellip;]<\/p>\n","protected":false},"author":1,"featured_media":0,"comment_status":"closed","ping_status":"open","sticky":false,"template":"","format":"standard","meta":{"_monsterinsights_skip_tracking":false,"_monsterinsights_sitenote_active":false,"_monsterinsights_sitenote_note":"","_monsterinsights_sitenote_category":0,"footnotes":""},"categories":[5],"tags":[],"yoast_head":"<!-- This site is optimized with the Yoast SEO plugin v21.6 - https:\/\/yoast.com\/wordpress\/plugins\/seo\/ -->\n<title>Okru\u017eni sud Prijedor ukinuo osloba\u0111aju\u0107u presudu: Ponovno su\u0111enje za neiskori\u0161tene vakcine protiv kovida - PrijedorDanas.com - Prijedorski gradski portal<\/title>\n<meta name=\"robots\" content=\"index, follow, max-snippet:-1, max-image-preview:large, max-video-preview:-1\" \/>\n<link rel=\"canonical\" href=\"https:\/\/www.prijedordanas.com\/?p=239752\" \/>\n<meta property=\"og:locale\" content=\"en_US\" \/>\n<meta property=\"og:type\" content=\"article\" \/>\n<meta property=\"og:title\" content=\"Okru\u017eni sud Prijedor ukinuo osloba\u0111aju\u0107u presudu: Ponovno su\u0111enje za neiskori\u0161tene vakcine protiv kovida - PrijedorDanas.com - Prijedorski gradski portal\" \/>\n<meta property=\"og:description\" content=\"Okru\u017eni sud u Prijedoru ukinuo je prvostepenu presudu Osnovnog suda kojom je na\u010delnik Higijensko-epidemiolo\u0161ke slu\u017ebe Doma zdravlja u ovom gradu Milica Otkovi\u0107 oslobo\u0111ena optu\u017ebi \u0161to nisu upotrijebljene 1.342 doze vakcine [&hellip;]\" \/>\n<meta property=\"og:url\" content=\"https:\/\/www.prijedordanas.com\/?p=239752\" \/>\n<meta property=\"og:site_name\" content=\"PrijedorDanas.com - Prijedorski gradski portal\" \/>\n<meta property=\"article:publisher\" content=\"https:\/\/www.facebook.com\/PrijedorDanasCom\/\" \/>\n<meta property=\"article:published_time\" content=\"2025-01-08T15:16:27+00:00\" \/>\n<meta property=\"og:image\" content=\"https:\/\/www.prijedordanas.com\/wp-content\/uploads\/2023\/10\/okruzni-sud-tuzilastvo-privredni-sud-2023-3-300x225.jpg\" \/>\n<meta name=\"author\" content=\"admin\" \/>\n<meta name=\"twitter:card\" content=\"summary_large_image\" \/>\n<meta name=\"twitter:label1\" content=\"Written by\" \/>\n\t<meta name=\"twitter:data1\" content=\"admin\" \/>\n<script type=\"application\/ld+json\" class=\"yoast-schema-graph\">{\"@context\":\"https:\/\/schema.org\",\"@graph\":[{\"@type\":\"Article\",\"@id\":\"https:\/\/www.prijedordanas.com\/?p=239752#article\",\"isPartOf\":{\"@id\":\"https:\/\/www.prijedordanas.com\/?p=239752\"},\"author\":{\"name\":\"admin\",\"@id\":\"https:\/\/www.prijedordanas.com\/#\/schema\/person\/4e08ccf29b506ca916ff86d46bb700e6\"},\"headline\":\"Okru\u017eni sud Prijedor ukinuo osloba\u0111aju\u0107u presudu: Ponovno su\u0111enje za neiskori\u0161tene vakcine protiv kovida\",\"datePublished\":\"2025-01-08T15:16:27+00:00\",\"dateModified\":\"2025-01-08T15:16:27+00:00\",\"mainEntityOfPage\":{\"@id\":\"https:\/\/www.prijedordanas.com\/?p=239752\"},\"wordCount\":352,\"publisher\":{\"@id\":\"https:\/\/www.prijedordanas.com\/#organization\"},\"articleSection\":[\"Hronika\"],\"inLanguage\":\"en-US\"},{\"@type\":\"WebPage\",\"@id\":\"https:\/\/www.prijedordanas.com\/?p=239752\",\"url\":\"https:\/\/www.prijedordanas.com\/?p=239752\",\"name\":\"Okru\u017eni sud Prijedor ukinuo osloba\u0111aju\u0107u presudu: Ponovno su\u0111enje za neiskori\u0161tene vakcine protiv kovida - PrijedorDanas.com - Prijedorski gradski portal\",\"isPartOf\":{\"@id\":\"https:\/\/www.prijedordanas.com\/#website\"},\"datePublished\":\"2025-01-08T15:16:27+00:00\",\"dateModified\":\"2025-01-08T15:16:27+00:00\",\"breadcrumb\":{\"@id\":\"https:\/\/www.prijedordanas.com\/?p=239752#breadcrumb\"},\"inLanguage\":\"en-US\",\"potentialAction\":[{\"@type\":\"ReadAction\",\"target\":[\"https:\/\/www.prijedordanas.com\/?p=239752\"]}]},{\"@type\":\"BreadcrumbList\",\"@id\":\"https:\/\/www.prijedordanas.com\/?p=239752#breadcrumb\",\"itemListElement\":[{\"@type\":\"ListItem\",\"position\":1,\"name\":\"Home\",\"item\":\"https:\/\/www.prijedordanas.com\/\"},{\"@type\":\"ListItem\",\"position\":2,\"name\":\"Okru\u017eni sud Prijedor ukinuo osloba\u0111aju\u0107u presudu: Ponovno su\u0111enje za neiskori\u0161tene vakcine protiv kovida\"}]},{\"@type\":\"WebSite\",\"@id\":\"https:\/\/www.prijedordanas.com\/#website\",\"url\":\"https:\/\/www.prijedordanas.com\/\",\"name\":\"PrijedorDanas.com - Prijedorski gradski portal\",\"description\":\"Portal o doga\u0111anjima u gradu Prijedoru\",\"publisher\":{\"@id\":\"https:\/\/www.prijedordanas.com\/#organization\"},\"potentialAction\":[{\"@type\":\"SearchAction\",\"target\":{\"@type\":\"EntryPoint\",\"urlTemplate\":\"https:\/\/www.prijedordanas.com\/?s={search_term_string}\"},\"query-input\":\"required name=search_term_string\"}],\"inLanguage\":\"en-US\"},{\"@type\":\"Organization\",\"@id\":\"https:\/\/www.prijedordanas.com\/#organization\",\"name\":\"PrijedorDanas.com\",\"url\":\"https:\/\/www.prijedordanas.com\/\",\"logo\":{\"@type\":\"ImageObject\",\"inLanguage\":\"en-US\",\"@id\":\"https:\/\/www.prijedordanas.com\/#\/schema\/logo\/image\/\",\"url\":\"http:\/\/www.prijedordanas.com\/wp-content\/uploads\/2021\/12\/logopng.png\",\"contentUrl\":\"http:\/\/www.prijedordanas.com\/wp-content\/uploads\/2021\/12\/logopng.png\",\"width\":1019,\"height\":776,\"caption\":\"PrijedorDanas.com\"},\"image\":{\"@id\":\"https:\/\/www.prijedordanas.com\/#\/schema\/logo\/image\/\"},\"sameAs\":[\"https:\/\/www.facebook.com\/PrijedorDanasCom\/\"]},{\"@type\":\"Person\",\"@id\":\"https:\/\/www.prijedordanas.com\/#\/schema\/person\/4e08ccf29b506ca916ff86d46bb700e6\",\"name\":\"admin\",\"image\":{\"@type\":\"ImageObject\",\"inLanguage\":\"en-US\",\"@id\":\"https:\/\/www.prijedordanas.com\/#\/schema\/person\/image\/\",\"url\":\"https:\/\/secure.gravatar.com\/avatar\/1d3fc949d550f0b53a5f0d51e06dfd79?s=96&d=mm&r=g\",\"contentUrl\":\"https:\/\/secure.gravatar.com\/avatar\/1d3fc949d550f0b53a5f0d51e06dfd79?s=96&d=mm&r=g\",\"caption\":\"admin\"},\"url\":\"https:\/\/www.prijedordanas.com\/?author=1\"}]}<\/script>\n<!-- \/ Yoast SEO plugin. -->","yoast_head_json":{"title":"Okru\u017eni sud Prijedor ukinuo osloba\u0111aju\u0107u presudu: Ponovno su\u0111enje za neiskori\u0161tene vakcine protiv kovida - PrijedorDanas.com - Prijedorski gradski portal","robots":{"index":"index","follow":"follow","max-snippet":"max-snippet:-1","max-image-preview":"max-image-preview:large","max-video-preview":"max-video-preview:-1"},"canonical":"https:\/\/www.prijedordanas.com\/?p=239752","og_locale":"en_US","og_type":"article","og_title":"Okru\u017eni sud Prijedor ukinuo osloba\u0111aju\u0107u presudu: Ponovno su\u0111enje za neiskori\u0161tene vakcine protiv kovida - PrijedorDanas.com - Prijedorski gradski portal","og_description":"Okru\u017eni sud u Prijedoru ukinuo je prvostepenu presudu Osnovnog suda kojom je na\u010delnik Higijensko-epidemiolo\u0161ke slu\u017ebe Doma zdravlja u ovom gradu Milica Otkovi\u0107 oslobo\u0111ena optu\u017ebi \u0161to nisu upotrijebljene 1.342 doze vakcine [&hellip;]","og_url":"https:\/\/www.prijedordanas.com\/?p=239752","og_site_name":"PrijedorDanas.com - Prijedorski gradski portal","article_publisher":"https:\/\/www.facebook.com\/PrijedorDanasCom\/","article_published_time":"2025-01-08T15:16:27+00:00","og_image":[{"url":"https:\/\/www.prijedordanas.com\/wp-content\/uploads\/2023\/10\/okruzni-sud-tuzilastvo-privredni-sud-2023-3-300x225.jpg"}],"author":"admin","twitter_card":"summary_large_image","twitter_misc":{"Written by":"admin"},"schema":{"@context":"https:\/\/schema.org","@graph":[{"@type":"Article","@id":"https:\/\/www.prijedordanas.com\/?p=239752#article","isPartOf":{"@id":"https:\/\/www.prijedordanas.com\/?p=239752"},"author":{"name":"admin","@id":"https:\/\/www.prijedordanas.com\/#\/schema\/person\/4e08ccf29b506ca916ff86d46bb700e6"},"headline":"Okru\u017eni sud Prijedor ukinuo osloba\u0111aju\u0107u presudu: Ponovno su\u0111enje za neiskori\u0161tene vakcine protiv kovida","datePublished":"2025-01-08T15:16:27+00:00","dateModified":"2025-01-08T15:16:27+00:00","mainEntityOfPage":{"@id":"https:\/\/www.prijedordanas.com\/?p=239752"},"wordCount":352,"publisher":{"@id":"https:\/\/www.prijedordanas.com\/#organization"},"articleSection":["Hronika"],"inLanguage":"en-US"},{"@type":"WebPage","@id":"https:\/\/www.prijedordanas.com\/?p=239752","url":"https:\/\/www.prijedordanas.com\/?p=239752","name":"Okru\u017eni sud Prijedor ukinuo osloba\u0111aju\u0107u presudu: Ponovno su\u0111enje za neiskori\u0161tene vakcine protiv kovida - PrijedorDanas.com - Prijedorski gradski portal","isPartOf":{"@id":"https:\/\/www.prijedordanas.com\/#website"},"datePublished":"2025-01-08T15:16:27+00:00","dateModified":"2025-01-08T15:16:27+00:00","breadcrumb":{"@id":"https:\/\/www.prijedordanas.com\/?p=239752#breadcrumb"},"inLanguage":"en-US","potentialAction":[{"@type":"ReadAction","target":["https:\/\/www.prijedordanas.com\/?p=239752"]}]},{"@type":"BreadcrumbList","@id":"https:\/\/www.prijedordanas.com\/?p=239752#breadcrumb","itemListElement":[{"@type":"ListItem","position":1,"name":"Home","item":"https:\/\/www.prijedordanas.com\/"},{"@type":"ListItem","position":2,"name":"Okru\u017eni sud Prijedor ukinuo osloba\u0111aju\u0107u presudu: Ponovno su\u0111enje za neiskori\u0161tene vakcine protiv kovida"}]},{"@type":"WebSite","@id":"https:\/\/www.prijedordanas.com\/#website","url":"https:\/\/www.prijedordanas.com\/","name":"PrijedorDanas.com - Prijedorski gradski portal","description":"Portal o doga\u0111anjima u gradu Prijedoru","publisher":{"@id":"https:\/\/www.prijedordanas.com\/#organization"},"potentialAction":[{"@type":"SearchAction","target":{"@type":"EntryPoint","urlTemplate":"https:\/\/www.prijedordanas.com\/?s={search_term_string}"},"query-input":"required name=search_term_string"}],"inLanguage":"en-US"},{"@type":"Organization","@id":"https:\/\/www.prijedordanas.com\/#organization","name":"PrijedorDanas.com","url":"https:\/\/www.prijedordanas.com\/","logo":{"@type":"ImageObject","inLanguage":"en-US","@id":"https:\/\/www.prijedordanas.com\/#\/schema\/logo\/image\/","url":"http:\/\/www.prijedordanas.com\/wp-content\/uploads\/2021\/12\/logopng.png","contentUrl":"http:\/\/www.prijedordanas.com\/wp-content\/uploads\/2021\/12\/logopng.png","width":1019,"height":776,"caption":"PrijedorDanas.com"},"image":{"@id":"https:\/\/www.prijedordanas.com\/#\/schema\/logo\/image\/"},"sameAs":["https:\/\/www.facebook.com\/PrijedorDanasCom\/"]},{"@type":"Person","@id":"https:\/\/www.prijedordanas.com\/#\/schema\/person\/4e08ccf29b506ca916ff86d46bb700e6","name":"admin","image":{"@type":"ImageObject","inLanguage":"en-US","@id":"https:\/\/www.prijedordanas.com\/#\/schema\/person\/image\/","url":"https:\/\/secure.gravatar.com\/avatar\/1d3fc949d550f0b53a5f0d51e06dfd79?s=96&d=mm&r=g","contentUrl":"https:\/\/secure.gravatar.com\/avatar\/1d3fc949d550f0b53a5f0d51e06dfd79?s=96&d=mm&r=g","caption":"admin"},"url":"https:\/\/www.prijedordanas.com\/?author=1"}]}},"_links":{"self":[{"href":"https:\/\/www.prijedordanas.com\/index.php?rest_route=\/wp\/v2\/posts\/239752"}],"collection":[{"href":"https:\/\/www.prijedordanas.com\/index.php?rest_route=\/wp\/v2\/posts"}],"about":[{"href":"https:\/\/www.prijedordanas.com\/index.php?rest_route=\/wp\/v2\/types\/post"}],"author":[{"embeddable":true,"href":"https:\/\/www.prijedordanas.com\/index.php?rest_route=\/wp\/v2\/users\/1"}],"replies":[{"embeddable":true,"href":"https:\/\/www.prijedordanas.com\/index.php?rest_route=%2Fwp%2Fv2%2Fcomments&post=239752"}],"version-history":[{"count":1,"href":"https:\/\/www.prijedordanas.com\/index.php?rest_route=\/wp\/v2\/posts\/239752\/revisions"}],"predecessor-version":[{"id":239753,"href":"https:\/\/www.prijedordanas.com\/index.php?rest_route=\/wp\/v2\/posts\/239752\/revisions\/239753"}],"wp:attachment":[{"href":"https:\/\/www.prijedordanas.com\/index.php?rest_route=%2Fwp%2Fv2%2Fmedia&parent=239752"}],"wp:term":[{"taxonomy":"category","embeddable":true,"href":"https:\/\/www.prijedordanas.com\/index.php?rest_route=%2Fwp%2Fv2%2Fcategories&post=239752"},{"taxonomy":"post_tag","embeddable":true,"href":"https:\/\/www.prijedordanas.com\/index.php?rest_route=%2Fwp%2Fv2%2Ftags&post=239752"}],"curies":[{"name":"wp","href":"https:\/\/api.w.org\/{rel}","templated":true}]}}