{"id":23951,"date":"2015-06-08T19:40:37","date_gmt":"2015-06-08T18:40:37","guid":{"rendered":"https:\/\/www.prijedordanas.com\/?p=23951"},"modified":"2015-06-08T19:40:37","modified_gmt":"2015-06-08T18:40:37","slug":"taekwondo-novi-uspjeh-prijedorcana-devet-spartanaca-za-devet-medalja","status":"publish","type":"post","link":"https:\/\/www.prijedordanas.com\/?p=23951","title":{"rendered":"TAEKWONDO-NOVI USPJEH PRIJEDOR\u010cANA: DEVET \u201eSPARTANACA\u201c ZA DEVET MEDALJA"},"content":{"rendered":"<p><a href=\"https:\/\/www.prijedordanas.com\/wp-content\/uploads\/2015\/06\/taekwondo-spartakus-takmicenje-brcko.jpg\"><img loading=\"lazy\" decoding=\"async\" src=\"https:\/\/www.prijedordanas.com\/wp-content\/uploads\/2015\/06\/taekwondo-spartakus-takmicenje-brcko-300x210.jpg\" alt=\"taekwondo spartakus-takmicenje brcko\" width=\"300\" height=\"210\" class=\"alignleft size-medium wp-image-23952\" srcset=\"https:\/\/www.prijedordanas.com\/wp-content\/uploads\/2015\/06\/taekwondo-spartakus-takmicenje-brcko-300x210.jpg 300w, https:\/\/www.prijedordanas.com\/wp-content\/uploads\/2015\/06\/taekwondo-spartakus-takmicenje-brcko.jpg 600w\" sizes=\"(max-width: 300px) 100vw, 300px\" \/><\/a>U organizaciji Taekwondo Asocijacije Republike Srpske i Taekwondo akademije \u201eJopa\u201c Br\u010dko, proteklog vikenda u ovom gradu je od\u017ean tre\u0107i \u201eSRPSKA OPEN\u201c.<\/p>\n<p>Predstavnici na\u0161eg grada na ovom takmi\u010denju su bili takmi\u010dari Taekwondo kluba \u201eSpartakus\u201c.<\/p>\n<p>U izuzetno jakoj konkurenici uz u\u010de\u0161\u0107e preko 20 klubova iz Slovenije, Hrvatske, BiH, Srbije, Makedonije i Republike Srpske, mladi takmi\u010dari prijedorskog kluba osvojili su devet medalja.<\/p>\n<p>-Uzeli smo u\u010de\u0161\u0107e na ovom izuzetno jakom turniru, gdje klubovi obi\u010dno dovode najbolje takmi\u010dare, a mi smo nastupili sa kombinovanim sastavom u \u017eelji da afirmi\u0161emo jo\u0161 mladih takmi\u010dara. U tome smo i uspjeli jer su na\u0161e dvije najbolje takmi\u010darke koje su osvojile zlato Milica Marmat i Olivera \u0160vraka po\u010detnici, ta\u010dnije treniraju oko 5 mjeseci -rekao je Stevica Dronjak, trener \u201eSpartanaca\u201c.<\/p>\n<p>Zlatne medalje osvojile su Olivera \u0160vraka i Milica Marmat, srebrne medalje su osvojili Sr\u0111an Buni\u0107, Milica Pan\u010di\u0107, Dragan Radanovi\u0107, Dragan Kvo\u010dka i Milo\u0161 Gruji\u0107, dok su se David Velaula i Sla\u0111an Bund\u017ea okitili bronzanim odli\u010djima.<\/p>\n<p>-Sada predstoji kratka takmi\u010darska pauza a zatim odlazimo na pripreme koje \u0107emo obaviti u Mrkonji\u0107 Gradu na Balkani i na\u0161oj Mrakovici, poslije toga nastupamo na takmi\u010denjima u Zagrebu i Novoj Gradi\u0161ci &#8211; potvrdila je Milkica Dronjak, predsjednik kluba.<\/p>\n<p>Tekst \u2013 Aleksandar Drakuli\u0107 \u2013 <a href=\"www.prijedordanas.com\" target=\"_blank\">www.prijedordanas.com<\/a><br \/>\nFoto &#8211; Taekwondo klub \u201eSpartakus\u201c<\/p>\n","protected":false},"excerpt":{"rendered":"<p>U organizaciji Taekwondo Asocijacije Republike Srpske i Taekwondo akademije \u201eJopa\u201c Br\u010dko, proteklog vikenda u ovom gradu je od\u017ean tre\u0107i \u201eSRPSKA OPEN\u201c. Predstavnici na\u0161eg grada na ovom takmi\u010denju su bili takmi\u010dari [&hellip;]<\/p>\n","protected":false},"author":1,"featured_media":0,"comment_status":"closed","ping_status":"open","sticky":false,"template":"","format":"standard","meta":{"_monsterinsights_skip_tracking":false,"_monsterinsights_sitenote_active":false,"_monsterinsights_sitenote_note":"","_monsterinsights_sitenote_category":0,"footnotes":""},"categories":[7],"tags":[3836,3837,1911,3835],"yoast_head":"<!-- This site is optimized with the Yoast SEO plugin v21.6 - https:\/\/yoast.com\/wordpress\/plugins\/seo\/ -->\n<title>TAEKWONDO-NOVI USPJEH PRIJEDOR\u010cANA: DEVET \u201eSPARTANACA\u201c ZA DEVET MEDALJA - PrijedorDanas.com - Prijedorski gradski portal<\/title>\n<meta name=\"robots\" content=\"index, follow, max-snippet:-1, max-image-preview:large, max-video-preview:-1\" \/>\n<link rel=\"canonical\" href=\"https:\/\/www.prijedordanas.com\/?p=23951\" \/>\n<meta property=\"og:locale\" content=\"en_US\" \/>\n<meta property=\"og:type\" content=\"article\" \/>\n<meta property=\"og:title\" content=\"TAEKWONDO-NOVI USPJEH PRIJEDOR\u010cANA: DEVET \u201eSPARTANACA\u201c ZA DEVET MEDALJA - PrijedorDanas.com - Prijedorski gradski portal\" \/>\n<meta property=\"og:description\" content=\"U organizaciji Taekwondo Asocijacije Republike Srpske i Taekwondo akademije \u201eJopa\u201c Br\u010dko, proteklog vikenda u ovom gradu je od\u017ean tre\u0107i \u201eSRPSKA OPEN\u201c. Predstavnici na\u0161eg grada na ovom takmi\u010denju su bili takmi\u010dari [&hellip;]\" \/>\n<meta property=\"og:url\" content=\"https:\/\/www.prijedordanas.com\/?p=23951\" \/>\n<meta property=\"og:site_name\" content=\"PrijedorDanas.com - Prijedorski gradski portal\" \/>\n<meta property=\"article:publisher\" content=\"https:\/\/www.facebook.com\/PrijedorDanasCom\/\" \/>\n<meta property=\"article:published_time\" content=\"2015-06-08T18:40:37+00:00\" \/>\n<meta property=\"og:image\" content=\"https:\/\/www.prijedordanas.com\/wp-content\/uploads\/2015\/06\/taekwondo-spartakus-takmicenje-brcko-300x210.jpg\" \/>\n<meta name=\"author\" content=\"admin\" \/>\n<meta name=\"twitter:card\" content=\"summary_large_image\" \/>\n<meta name=\"twitter:label1\" content=\"Written by\" \/>\n\t<meta name=\"twitter:data1\" content=\"admin\" \/>\n\t<meta name=\"twitter:label2\" content=\"Est. reading time\" \/>\n\t<meta name=\"twitter:data2\" content=\"1 minute\" \/>\n<script type=\"application\/ld+json\" class=\"yoast-schema-graph\">{\"@context\":\"https:\/\/schema.org\",\"@graph\":[{\"@type\":\"Article\",\"@id\":\"https:\/\/www.prijedordanas.com\/?p=23951#article\",\"isPartOf\":{\"@id\":\"https:\/\/www.prijedordanas.com\/?p=23951\"},\"author\":{\"name\":\"admin\",\"@id\":\"https:\/\/www.prijedordanas.com\/#\/schema\/person\/4e08ccf29b506ca916ff86d46bb700e6\"},\"headline\":\"TAEKWONDO-NOVI USPJEH PRIJEDOR\u010cANA: DEVET \u201eSPARTANACA\u201c ZA DEVET MEDALJA\",\"datePublished\":\"2015-06-08T18:40:37+00:00\",\"dateModified\":\"2015-06-08T18:40:37+00:00\",\"mainEntityOfPage\":{\"@id\":\"https:\/\/www.prijedordanas.com\/?p=23951\"},\"wordCount\":239,\"publisher\":{\"@id\":\"https:\/\/www.prijedordanas.com\/#organization\"},\"keywords\":[\"Br\u010dko\",\"Srpska Open\",\"Stevica Dronjak\",\"Taekwondo klub \u201eSpartakus\u201c\"],\"articleSection\":[\"Sport\"],\"inLanguage\":\"en-US\"},{\"@type\":\"WebPage\",\"@id\":\"https:\/\/www.prijedordanas.com\/?p=23951\",\"url\":\"https:\/\/www.prijedordanas.com\/?p=23951\",\"name\":\"TAEKWONDO-NOVI USPJEH PRIJEDOR\u010cANA: DEVET \u201eSPARTANACA\u201c ZA DEVET MEDALJA - PrijedorDanas.com - Prijedorski gradski portal\",\"isPartOf\":{\"@id\":\"https:\/\/www.prijedordanas.com\/#website\"},\"datePublished\":\"2015-06-08T18:40:37+00:00\",\"dateModified\":\"2015-06-08T18:40:37+00:00\",\"breadcrumb\":{\"@id\":\"https:\/\/www.prijedordanas.com\/?p=23951#breadcrumb\"},\"inLanguage\":\"en-US\",\"potentialAction\":[{\"@type\":\"ReadAction\",\"target\":[\"https:\/\/www.prijedordanas.com\/?p=23951\"]}]},{\"@type\":\"BreadcrumbList\",\"@id\":\"https:\/\/www.prijedordanas.com\/?p=23951#breadcrumb\",\"itemListElement\":[{\"@type\":\"ListItem\",\"position\":1,\"name\":\"Home\",\"item\":\"https:\/\/www.prijedordanas.com\/\"},{\"@type\":\"ListItem\",\"position\":2,\"name\":\"TAEKWONDO-NOVI USPJEH PRIJEDOR\u010cANA: DEVET \u201eSPARTANACA\u201c ZA DEVET MEDALJA\"}]},{\"@type\":\"WebSite\",\"@id\":\"https:\/\/www.prijedordanas.com\/#website\",\"url\":\"https:\/\/www.prijedordanas.com\/\",\"name\":\"PrijedorDanas.com - Prijedorski gradski portal\",\"description\":\"Portal o doga\u0111anjima u gradu Prijedoru\",\"publisher\":{\"@id\":\"https:\/\/www.prijedordanas.com\/#organization\"},\"potentialAction\":[{\"@type\":\"SearchAction\",\"target\":{\"@type\":\"EntryPoint\",\"urlTemplate\":\"https:\/\/www.prijedordanas.com\/?s={search_term_string}\"},\"query-input\":\"required name=search_term_string\"}],\"inLanguage\":\"en-US\"},{\"@type\":\"Organization\",\"@id\":\"https:\/\/www.prijedordanas.com\/#organization\",\"name\":\"PrijedorDanas.com\",\"url\":\"https:\/\/www.prijedordanas.com\/\",\"logo\":{\"@type\":\"ImageObject\",\"inLanguage\":\"en-US\",\"@id\":\"https:\/\/www.prijedordanas.com\/#\/schema\/logo\/image\/\",\"url\":\"http:\/\/www.prijedordanas.com\/wp-content\/uploads\/2021\/12\/logopng.png\",\"contentUrl\":\"http:\/\/www.prijedordanas.com\/wp-content\/uploads\/2021\/12\/logopng.png\",\"width\":1019,\"height\":776,\"caption\":\"PrijedorDanas.com\"},\"image\":{\"@id\":\"https:\/\/www.prijedordanas.com\/#\/schema\/logo\/image\/\"},\"sameAs\":[\"https:\/\/www.facebook.com\/PrijedorDanasCom\/\"]},{\"@type\":\"Person\",\"@id\":\"https:\/\/www.prijedordanas.com\/#\/schema\/person\/4e08ccf29b506ca916ff86d46bb700e6\",\"name\":\"admin\",\"image\":{\"@type\":\"ImageObject\",\"inLanguage\":\"en-US\",\"@id\":\"https:\/\/www.prijedordanas.com\/#\/schema\/person\/image\/\",\"url\":\"https:\/\/secure.gravatar.com\/avatar\/1d3fc949d550f0b53a5f0d51e06dfd79?s=96&d=mm&r=g\",\"contentUrl\":\"https:\/\/secure.gravatar.com\/avatar\/1d3fc949d550f0b53a5f0d51e06dfd79?s=96&d=mm&r=g\",\"caption\":\"admin\"},\"url\":\"https:\/\/www.prijedordanas.com\/?author=1\"}]}<\/script>\n<!-- \/ Yoast SEO plugin. -->","yoast_head_json":{"title":"TAEKWONDO-NOVI USPJEH PRIJEDOR\u010cANA: DEVET \u201eSPARTANACA\u201c ZA DEVET MEDALJA - PrijedorDanas.com - Prijedorski gradski portal","robots":{"index":"index","follow":"follow","max-snippet":"max-snippet:-1","max-image-preview":"max-image-preview:large","max-video-preview":"max-video-preview:-1"},"canonical":"https:\/\/www.prijedordanas.com\/?p=23951","og_locale":"en_US","og_type":"article","og_title":"TAEKWONDO-NOVI USPJEH PRIJEDOR\u010cANA: DEVET \u201eSPARTANACA\u201c ZA DEVET MEDALJA - PrijedorDanas.com - Prijedorski gradski portal","og_description":"U organizaciji Taekwondo Asocijacije Republike Srpske i Taekwondo akademije \u201eJopa\u201c Br\u010dko, proteklog vikenda u ovom gradu je od\u017ean tre\u0107i \u201eSRPSKA OPEN\u201c. Predstavnici na\u0161eg grada na ovom takmi\u010denju su bili takmi\u010dari [&hellip;]","og_url":"https:\/\/www.prijedordanas.com\/?p=23951","og_site_name":"PrijedorDanas.com - Prijedorski gradski portal","article_publisher":"https:\/\/www.facebook.com\/PrijedorDanasCom\/","article_published_time":"2015-06-08T18:40:37+00:00","og_image":[{"url":"https:\/\/www.prijedordanas.com\/wp-content\/uploads\/2015\/06\/taekwondo-spartakus-takmicenje-brcko-300x210.jpg"}],"author":"admin","twitter_card":"summary_large_image","twitter_misc":{"Written by":"admin","Est. reading time":"1 minute"},"schema":{"@context":"https:\/\/schema.org","@graph":[{"@type":"Article","@id":"https:\/\/www.prijedordanas.com\/?p=23951#article","isPartOf":{"@id":"https:\/\/www.prijedordanas.com\/?p=23951"},"author":{"name":"admin","@id":"https:\/\/www.prijedordanas.com\/#\/schema\/person\/4e08ccf29b506ca916ff86d46bb700e6"},"headline":"TAEKWONDO-NOVI USPJEH PRIJEDOR\u010cANA: DEVET \u201eSPARTANACA\u201c ZA DEVET MEDALJA","datePublished":"2015-06-08T18:40:37+00:00","dateModified":"2015-06-08T18:40:37+00:00","mainEntityOfPage":{"@id":"https:\/\/www.prijedordanas.com\/?p=23951"},"wordCount":239,"publisher":{"@id":"https:\/\/www.prijedordanas.com\/#organization"},"keywords":["Br\u010dko","Srpska Open","Stevica Dronjak","Taekwondo klub \u201eSpartakus\u201c"],"articleSection":["Sport"],"inLanguage":"en-US"},{"@type":"WebPage","@id":"https:\/\/www.prijedordanas.com\/?p=23951","url":"https:\/\/www.prijedordanas.com\/?p=23951","name":"TAEKWONDO-NOVI USPJEH PRIJEDOR\u010cANA: DEVET \u201eSPARTANACA\u201c ZA DEVET MEDALJA - PrijedorDanas.com - Prijedorski gradski portal","isPartOf":{"@id":"https:\/\/www.prijedordanas.com\/#website"},"datePublished":"2015-06-08T18:40:37+00:00","dateModified":"2015-06-08T18:40:37+00:00","breadcrumb":{"@id":"https:\/\/www.prijedordanas.com\/?p=23951#breadcrumb"},"inLanguage":"en-US","potentialAction":[{"@type":"ReadAction","target":["https:\/\/www.prijedordanas.com\/?p=23951"]}]},{"@type":"BreadcrumbList","@id":"https:\/\/www.prijedordanas.com\/?p=23951#breadcrumb","itemListElement":[{"@type":"ListItem","position":1,"name":"Home","item":"https:\/\/www.prijedordanas.com\/"},{"@type":"ListItem","position":2,"name":"TAEKWONDO-NOVI USPJEH PRIJEDOR\u010cANA: DEVET \u201eSPARTANACA\u201c ZA DEVET MEDALJA"}]},{"@type":"WebSite","@id":"https:\/\/www.prijedordanas.com\/#website","url":"https:\/\/www.prijedordanas.com\/","name":"PrijedorDanas.com - Prijedorski gradski portal","description":"Portal o doga\u0111anjima u gradu Prijedoru","publisher":{"@id":"https:\/\/www.prijedordanas.com\/#organization"},"potentialAction":[{"@type":"SearchAction","target":{"@type":"EntryPoint","urlTemplate":"https:\/\/www.prijedordanas.com\/?s={search_term_string}"},"query-input":"required name=search_term_string"}],"inLanguage":"en-US"},{"@type":"Organization","@id":"https:\/\/www.prijedordanas.com\/#organization","name":"PrijedorDanas.com","url":"https:\/\/www.prijedordanas.com\/","logo":{"@type":"ImageObject","inLanguage":"en-US","@id":"https:\/\/www.prijedordanas.com\/#\/schema\/logo\/image\/","url":"http:\/\/www.prijedordanas.com\/wp-content\/uploads\/2021\/12\/logopng.png","contentUrl":"http:\/\/www.prijedordanas.com\/wp-content\/uploads\/2021\/12\/logopng.png","width":1019,"height":776,"caption":"PrijedorDanas.com"},"image":{"@id":"https:\/\/www.prijedordanas.com\/#\/schema\/logo\/image\/"},"sameAs":["https:\/\/www.facebook.com\/PrijedorDanasCom\/"]},{"@type":"Person","@id":"https:\/\/www.prijedordanas.com\/#\/schema\/person\/4e08ccf29b506ca916ff86d46bb700e6","name":"admin","image":{"@type":"ImageObject","inLanguage":"en-US","@id":"https:\/\/www.prijedordanas.com\/#\/schema\/person\/image\/","url":"https:\/\/secure.gravatar.com\/avatar\/1d3fc949d550f0b53a5f0d51e06dfd79?s=96&d=mm&r=g","contentUrl":"https:\/\/secure.gravatar.com\/avatar\/1d3fc949d550f0b53a5f0d51e06dfd79?s=96&d=mm&r=g","caption":"admin"},"url":"https:\/\/www.prijedordanas.com\/?author=1"}]}},"_links":{"self":[{"href":"https:\/\/www.prijedordanas.com\/index.php?rest_route=\/wp\/v2\/posts\/23951"}],"collection":[{"href":"https:\/\/www.prijedordanas.com\/index.php?rest_route=\/wp\/v2\/posts"}],"about":[{"href":"https:\/\/www.prijedordanas.com\/index.php?rest_route=\/wp\/v2\/types\/post"}],"author":[{"embeddable":true,"href":"https:\/\/www.prijedordanas.com\/index.php?rest_route=\/wp\/v2\/users\/1"}],"replies":[{"embeddable":true,"href":"https:\/\/www.prijedordanas.com\/index.php?rest_route=%2Fwp%2Fv2%2Fcomments&post=23951"}],"version-history":[{"count":1,"href":"https:\/\/www.prijedordanas.com\/index.php?rest_route=\/wp\/v2\/posts\/23951\/revisions"}],"predecessor-version":[{"id":23953,"href":"https:\/\/www.prijedordanas.com\/index.php?rest_route=\/wp\/v2\/posts\/23951\/revisions\/23953"}],"wp:attachment":[{"href":"https:\/\/www.prijedordanas.com\/index.php?rest_route=%2Fwp%2Fv2%2Fmedia&parent=23951"}],"wp:term":[{"taxonomy":"category","embeddable":true,"href":"https:\/\/www.prijedordanas.com\/index.php?rest_route=%2Fwp%2Fv2%2Fcategories&post=23951"},{"taxonomy":"post_tag","embeddable":true,"href":"https:\/\/www.prijedordanas.com\/index.php?rest_route=%2Fwp%2Fv2%2Ftags&post=23951"}],"curies":[{"name":"wp","href":"https:\/\/api.w.org\/{rel}","templated":true}]}}