{"id":239002,"date":"2024-12-25T13:54:11","date_gmt":"2024-12-25T12:54:11","guid":{"rendered":"https:\/\/www.prijedordanas.com\/?p=239002"},"modified":"2024-12-25T13:54:11","modified_gmt":"2024-12-25T12:54:11","slug":"pljuste-ostavke-u-rudar-prijedoru-klub-ostao-bez-predsjednika-i-kompletne-uprave","status":"publish","type":"post","link":"https:\/\/www.prijedordanas.com\/?p=239002","title":{"rendered":"Plju\u0161te ostavke u &#8220;Rudar-Prijedoru&#8221;: Klub ostao bez predsjednika i kompletne uprave"},"content":{"rendered":"<p><a href=\"https:\/\/www.prijedordanas.com\/wp-content\/uploads\/2020\/09\/rudar-prijedor-grb.jpg\"><img loading=\"lazy\" decoding=\"async\" class=\"alignleft size-medium wp-image-153374\" src=\"https:\/\/www.prijedordanas.com\/wp-content\/uploads\/2020\/09\/rudar-prijedor-grb-300x300.jpg\" alt=\"\" width=\"300\" height=\"300\" srcset=\"https:\/\/www.prijedordanas.com\/wp-content\/uploads\/2020\/09\/rudar-prijedor-grb-300x300.jpg 300w, https:\/\/www.prijedordanas.com\/wp-content\/uploads\/2020\/09\/rudar-prijedor-grb-150x150.jpg 150w, https:\/\/www.prijedordanas.com\/wp-content\/uploads\/2020\/09\/rudar-prijedor-grb-50x50.jpg 50w, https:\/\/www.prijedordanas.com\/wp-content\/uploads\/2020\/09\/rudar-prijedor-grb.jpg 550w\" sizes=\"(max-width: 300px) 100vw, 300px\" \/><\/a>Na dana\u0161njoj sjednici Upravnog odbora FK Rudar-Prijedor, predsjednik kluba Stanko Vujkovi\u0107, kao i svi \u010dlanovi Upravnog odbora, podnijeli su ostavke na svoje funkcije u klubu.<\/p>\n<p>Razlog za ovakav potez jeste neizvjesnost obezbje\u0111enja finansijske konstrukcije za sljede\u0107u godinu, u situaciji kada klub ima odli\u010dnu poziciju pred nastavak sezone u Prvoj ligi Republike Srpske.<\/p>\n<p>Imenovana je komisija za prelazni period, koja \u0107e obavljati sve potrebne poslove u klubu do dana 22.01.2025. godine, kada \u0107e biti odr\u017eana sjednica skup\u0161tine kluba, na kojoj \u0107e se birati novi predsjednik i \u010dlanovi upravnog odbora.<\/p>\n<p>Sredinom januara po\u010dinju pripreme za nastavak prvenstva, a od komisije se o\u010dekuje da \u0161to prije odr\u017ei sastanak sa generalnim sponzorima kluba, na kojem \u0107e se definisati dalji koraci i plan za naredni period.<\/p>\n<p>FK Rudar-Prijedor<\/p>\n","protected":false},"excerpt":{"rendered":"<p>Na dana\u0161njoj sjednici Upravnog odbora FK Rudar-Prijedor, predsjednik kluba Stanko Vujkovi\u0107, kao i svi \u010dlanovi Upravnog odbora, podnijeli su ostavke na svoje funkcije u klubu. Razlog za ovakav potez jeste [&hellip;]<\/p>\n","protected":false},"author":1,"featured_media":0,"comment_status":"closed","ping_status":"open","sticky":false,"template":"","format":"standard","meta":{"_monsterinsights_skip_tracking":false,"_monsterinsights_sitenote_active":false,"_monsterinsights_sitenote_note":"","_monsterinsights_sitenote_category":0,"footnotes":""},"categories":[7],"tags":[],"yoast_head":"<!-- This site is optimized with the Yoast SEO plugin v21.6 - https:\/\/yoast.com\/wordpress\/plugins\/seo\/ -->\n<title>Plju\u0161te ostavke u &quot;Rudar-Prijedoru&quot;: Klub ostao bez predsjednika i kompletne uprave - PrijedorDanas.com - Prijedorski gradski portal<\/title>\n<meta name=\"robots\" content=\"index, follow, max-snippet:-1, max-image-preview:large, max-video-preview:-1\" \/>\n<link rel=\"canonical\" href=\"https:\/\/www.prijedordanas.com\/?p=239002\" \/>\n<meta property=\"og:locale\" content=\"en_US\" \/>\n<meta property=\"og:type\" content=\"article\" \/>\n<meta property=\"og:title\" content=\"Plju\u0161te ostavke u &quot;Rudar-Prijedoru&quot;: Klub ostao bez predsjednika i kompletne uprave - PrijedorDanas.com - Prijedorski gradski portal\" \/>\n<meta property=\"og:description\" content=\"Na dana\u0161njoj sjednici Upravnog odbora FK Rudar-Prijedor, predsjednik kluba Stanko Vujkovi\u0107, kao i svi \u010dlanovi Upravnog odbora, podnijeli su ostavke na svoje funkcije u klubu. Razlog za ovakav potez jeste [&hellip;]\" \/>\n<meta property=\"og:url\" content=\"https:\/\/www.prijedordanas.com\/?p=239002\" \/>\n<meta property=\"og:site_name\" content=\"PrijedorDanas.com - Prijedorski gradski portal\" \/>\n<meta property=\"article:publisher\" content=\"https:\/\/www.facebook.com\/PrijedorDanasCom\/\" \/>\n<meta property=\"article:published_time\" content=\"2024-12-25T12:54:11+00:00\" \/>\n<meta property=\"og:image\" content=\"https:\/\/www.prijedordanas.com\/wp-content\/uploads\/2020\/09\/rudar-prijedor-grb-300x300.jpg\" \/>\n<meta name=\"author\" content=\"admin\" \/>\n<meta name=\"twitter:card\" content=\"summary_large_image\" \/>\n<meta name=\"twitter:label1\" content=\"Written by\" \/>\n\t<meta name=\"twitter:data1\" content=\"admin\" \/>\n\t<meta name=\"twitter:label2\" content=\"Est. reading time\" \/>\n\t<meta name=\"twitter:data2\" content=\"1 minute\" \/>\n<script type=\"application\/ld+json\" class=\"yoast-schema-graph\">{\"@context\":\"https:\/\/schema.org\",\"@graph\":[{\"@type\":\"Article\",\"@id\":\"https:\/\/www.prijedordanas.com\/?p=239002#article\",\"isPartOf\":{\"@id\":\"https:\/\/www.prijedordanas.com\/?p=239002\"},\"author\":{\"name\":\"admin\",\"@id\":\"https:\/\/www.prijedordanas.com\/#\/schema\/person\/4e08ccf29b506ca916ff86d46bb700e6\"},\"headline\":\"Plju\u0161te ostavke u &#8220;Rudar-Prijedoru&#8221;: Klub ostao bez predsjednika i kompletne uprave\",\"datePublished\":\"2024-12-25T12:54:11+00:00\",\"dateModified\":\"2024-12-25T12:54:11+00:00\",\"mainEntityOfPage\":{\"@id\":\"https:\/\/www.prijedordanas.com\/?p=239002\"},\"wordCount\":143,\"publisher\":{\"@id\":\"https:\/\/www.prijedordanas.com\/#organization\"},\"articleSection\":[\"Sport\"],\"inLanguage\":\"en-US\"},{\"@type\":\"WebPage\",\"@id\":\"https:\/\/www.prijedordanas.com\/?p=239002\",\"url\":\"https:\/\/www.prijedordanas.com\/?p=239002\",\"name\":\"Plju\u0161te ostavke u \\\"Rudar-Prijedoru\\\": Klub ostao bez predsjednika i kompletne uprave - PrijedorDanas.com - Prijedorski gradski portal\",\"isPartOf\":{\"@id\":\"https:\/\/www.prijedordanas.com\/#website\"},\"datePublished\":\"2024-12-25T12:54:11+00:00\",\"dateModified\":\"2024-12-25T12:54:11+00:00\",\"breadcrumb\":{\"@id\":\"https:\/\/www.prijedordanas.com\/?p=239002#breadcrumb\"},\"inLanguage\":\"en-US\",\"potentialAction\":[{\"@type\":\"ReadAction\",\"target\":[\"https:\/\/www.prijedordanas.com\/?p=239002\"]}]},{\"@type\":\"BreadcrumbList\",\"@id\":\"https:\/\/www.prijedordanas.com\/?p=239002#breadcrumb\",\"itemListElement\":[{\"@type\":\"ListItem\",\"position\":1,\"name\":\"Home\",\"item\":\"https:\/\/www.prijedordanas.com\/\"},{\"@type\":\"ListItem\",\"position\":2,\"name\":\"Plju\u0161te ostavke u &#8220;Rudar-Prijedoru&#8221;: Klub ostao bez predsjednika i kompletne uprave\"}]},{\"@type\":\"WebSite\",\"@id\":\"https:\/\/www.prijedordanas.com\/#website\",\"url\":\"https:\/\/www.prijedordanas.com\/\",\"name\":\"PrijedorDanas.com - Prijedorski gradski portal\",\"description\":\"Portal o doga\u0111anjima u gradu Prijedoru\",\"publisher\":{\"@id\":\"https:\/\/www.prijedordanas.com\/#organization\"},\"potentialAction\":[{\"@type\":\"SearchAction\",\"target\":{\"@type\":\"EntryPoint\",\"urlTemplate\":\"https:\/\/www.prijedordanas.com\/?s={search_term_string}\"},\"query-input\":\"required name=search_term_string\"}],\"inLanguage\":\"en-US\"},{\"@type\":\"Organization\",\"@id\":\"https:\/\/www.prijedordanas.com\/#organization\",\"name\":\"PrijedorDanas.com\",\"url\":\"https:\/\/www.prijedordanas.com\/\",\"logo\":{\"@type\":\"ImageObject\",\"inLanguage\":\"en-US\",\"@id\":\"https:\/\/www.prijedordanas.com\/#\/schema\/logo\/image\/\",\"url\":\"http:\/\/www.prijedordanas.com\/wp-content\/uploads\/2021\/12\/logopng.png\",\"contentUrl\":\"http:\/\/www.prijedordanas.com\/wp-content\/uploads\/2021\/12\/logopng.png\",\"width\":1019,\"height\":776,\"caption\":\"PrijedorDanas.com\"},\"image\":{\"@id\":\"https:\/\/www.prijedordanas.com\/#\/schema\/logo\/image\/\"},\"sameAs\":[\"https:\/\/www.facebook.com\/PrijedorDanasCom\/\"]},{\"@type\":\"Person\",\"@id\":\"https:\/\/www.prijedordanas.com\/#\/schema\/person\/4e08ccf29b506ca916ff86d46bb700e6\",\"name\":\"admin\",\"image\":{\"@type\":\"ImageObject\",\"inLanguage\":\"en-US\",\"@id\":\"https:\/\/www.prijedordanas.com\/#\/schema\/person\/image\/\",\"url\":\"https:\/\/secure.gravatar.com\/avatar\/1d3fc949d550f0b53a5f0d51e06dfd79?s=96&d=mm&r=g\",\"contentUrl\":\"https:\/\/secure.gravatar.com\/avatar\/1d3fc949d550f0b53a5f0d51e06dfd79?s=96&d=mm&r=g\",\"caption\":\"admin\"},\"url\":\"https:\/\/www.prijedordanas.com\/?author=1\"}]}<\/script>\n<!-- \/ Yoast SEO plugin. -->","yoast_head_json":{"title":"Plju\u0161te ostavke u \"Rudar-Prijedoru\": Klub ostao bez predsjednika i kompletne uprave - PrijedorDanas.com - Prijedorski gradski portal","robots":{"index":"index","follow":"follow","max-snippet":"max-snippet:-1","max-image-preview":"max-image-preview:large","max-video-preview":"max-video-preview:-1"},"canonical":"https:\/\/www.prijedordanas.com\/?p=239002","og_locale":"en_US","og_type":"article","og_title":"Plju\u0161te ostavke u \"Rudar-Prijedoru\": Klub ostao bez predsjednika i kompletne uprave - PrijedorDanas.com - Prijedorski gradski portal","og_description":"Na dana\u0161njoj sjednici Upravnog odbora FK Rudar-Prijedor, predsjednik kluba Stanko Vujkovi\u0107, kao i svi \u010dlanovi Upravnog odbora, podnijeli su ostavke na svoje funkcije u klubu. Razlog za ovakav potez jeste [&hellip;]","og_url":"https:\/\/www.prijedordanas.com\/?p=239002","og_site_name":"PrijedorDanas.com - Prijedorski gradski portal","article_publisher":"https:\/\/www.facebook.com\/PrijedorDanasCom\/","article_published_time":"2024-12-25T12:54:11+00:00","og_image":[{"url":"https:\/\/www.prijedordanas.com\/wp-content\/uploads\/2020\/09\/rudar-prijedor-grb-300x300.jpg"}],"author":"admin","twitter_card":"summary_large_image","twitter_misc":{"Written by":"admin","Est. reading time":"1 minute"},"schema":{"@context":"https:\/\/schema.org","@graph":[{"@type":"Article","@id":"https:\/\/www.prijedordanas.com\/?p=239002#article","isPartOf":{"@id":"https:\/\/www.prijedordanas.com\/?p=239002"},"author":{"name":"admin","@id":"https:\/\/www.prijedordanas.com\/#\/schema\/person\/4e08ccf29b506ca916ff86d46bb700e6"},"headline":"Plju\u0161te ostavke u &#8220;Rudar-Prijedoru&#8221;: Klub ostao bez predsjednika i kompletne uprave","datePublished":"2024-12-25T12:54:11+00:00","dateModified":"2024-12-25T12:54:11+00:00","mainEntityOfPage":{"@id":"https:\/\/www.prijedordanas.com\/?p=239002"},"wordCount":143,"publisher":{"@id":"https:\/\/www.prijedordanas.com\/#organization"},"articleSection":["Sport"],"inLanguage":"en-US"},{"@type":"WebPage","@id":"https:\/\/www.prijedordanas.com\/?p=239002","url":"https:\/\/www.prijedordanas.com\/?p=239002","name":"Plju\u0161te ostavke u \"Rudar-Prijedoru\": Klub ostao bez predsjednika i kompletne uprave - PrijedorDanas.com - Prijedorski gradski portal","isPartOf":{"@id":"https:\/\/www.prijedordanas.com\/#website"},"datePublished":"2024-12-25T12:54:11+00:00","dateModified":"2024-12-25T12:54:11+00:00","breadcrumb":{"@id":"https:\/\/www.prijedordanas.com\/?p=239002#breadcrumb"},"inLanguage":"en-US","potentialAction":[{"@type":"ReadAction","target":["https:\/\/www.prijedordanas.com\/?p=239002"]}]},{"@type":"BreadcrumbList","@id":"https:\/\/www.prijedordanas.com\/?p=239002#breadcrumb","itemListElement":[{"@type":"ListItem","position":1,"name":"Home","item":"https:\/\/www.prijedordanas.com\/"},{"@type":"ListItem","position":2,"name":"Plju\u0161te ostavke u &#8220;Rudar-Prijedoru&#8221;: Klub ostao bez predsjednika i kompletne uprave"}]},{"@type":"WebSite","@id":"https:\/\/www.prijedordanas.com\/#website","url":"https:\/\/www.prijedordanas.com\/","name":"PrijedorDanas.com - Prijedorski gradski portal","description":"Portal o doga\u0111anjima u gradu Prijedoru","publisher":{"@id":"https:\/\/www.prijedordanas.com\/#organization"},"potentialAction":[{"@type":"SearchAction","target":{"@type":"EntryPoint","urlTemplate":"https:\/\/www.prijedordanas.com\/?s={search_term_string}"},"query-input":"required name=search_term_string"}],"inLanguage":"en-US"},{"@type":"Organization","@id":"https:\/\/www.prijedordanas.com\/#organization","name":"PrijedorDanas.com","url":"https:\/\/www.prijedordanas.com\/","logo":{"@type":"ImageObject","inLanguage":"en-US","@id":"https:\/\/www.prijedordanas.com\/#\/schema\/logo\/image\/","url":"http:\/\/www.prijedordanas.com\/wp-content\/uploads\/2021\/12\/logopng.png","contentUrl":"http:\/\/www.prijedordanas.com\/wp-content\/uploads\/2021\/12\/logopng.png","width":1019,"height":776,"caption":"PrijedorDanas.com"},"image":{"@id":"https:\/\/www.prijedordanas.com\/#\/schema\/logo\/image\/"},"sameAs":["https:\/\/www.facebook.com\/PrijedorDanasCom\/"]},{"@type":"Person","@id":"https:\/\/www.prijedordanas.com\/#\/schema\/person\/4e08ccf29b506ca916ff86d46bb700e6","name":"admin","image":{"@type":"ImageObject","inLanguage":"en-US","@id":"https:\/\/www.prijedordanas.com\/#\/schema\/person\/image\/","url":"https:\/\/secure.gravatar.com\/avatar\/1d3fc949d550f0b53a5f0d51e06dfd79?s=96&d=mm&r=g","contentUrl":"https:\/\/secure.gravatar.com\/avatar\/1d3fc949d550f0b53a5f0d51e06dfd79?s=96&d=mm&r=g","caption":"admin"},"url":"https:\/\/www.prijedordanas.com\/?author=1"}]}},"_links":{"self":[{"href":"https:\/\/www.prijedordanas.com\/index.php?rest_route=\/wp\/v2\/posts\/239002"}],"collection":[{"href":"https:\/\/www.prijedordanas.com\/index.php?rest_route=\/wp\/v2\/posts"}],"about":[{"href":"https:\/\/www.prijedordanas.com\/index.php?rest_route=\/wp\/v2\/types\/post"}],"author":[{"embeddable":true,"href":"https:\/\/www.prijedordanas.com\/index.php?rest_route=\/wp\/v2\/users\/1"}],"replies":[{"embeddable":true,"href":"https:\/\/www.prijedordanas.com\/index.php?rest_route=%2Fwp%2Fv2%2Fcomments&post=239002"}],"version-history":[{"count":1,"href":"https:\/\/www.prijedordanas.com\/index.php?rest_route=\/wp\/v2\/posts\/239002\/revisions"}],"predecessor-version":[{"id":239003,"href":"https:\/\/www.prijedordanas.com\/index.php?rest_route=\/wp\/v2\/posts\/239002\/revisions\/239003"}],"wp:attachment":[{"href":"https:\/\/www.prijedordanas.com\/index.php?rest_route=%2Fwp%2Fv2%2Fmedia&parent=239002"}],"wp:term":[{"taxonomy":"category","embeddable":true,"href":"https:\/\/www.prijedordanas.com\/index.php?rest_route=%2Fwp%2Fv2%2Fcategories&post=239002"},{"taxonomy":"post_tag","embeddable":true,"href":"https:\/\/www.prijedordanas.com\/index.php?rest_route=%2Fwp%2Fv2%2Ftags&post=239002"}],"curies":[{"name":"wp","href":"https:\/\/api.w.org\/{rel}","templated":true}]}}