{"id":238936,"date":"2024-12-24T16:35:17","date_gmt":"2024-12-24T15:35:17","guid":{"rendered":"https:\/\/www.prijedordanas.com\/?p=238936"},"modified":"2024-12-24T16:35:17","modified_gmt":"2024-12-24T15:35:17","slug":"aleksandar-tubin-novi-vrsilac-duznosti-direktora-autotransporta","status":"publish","type":"post","link":"https:\/\/www.prijedordanas.com\/?p=238936","title":{"rendered":"Aleksandar Tubin novi vr\u0161ilac du\u017enosti direktora &#8220;Autotransporta&#8221;"},"content":{"rendered":"<p><a href=\"https:\/\/www.prijedordanas.com\/wp-content\/uploads\/2024\/12\/autotransport-javor-tubin.jpg\"><img loading=\"lazy\" decoding=\"async\" src=\"https:\/\/www.prijedordanas.com\/wp-content\/uploads\/2024\/12\/autotransport-javor-tubin-300x225.jpg\" alt=\"\" width=\"300\" height=\"225\" class=\"alignleft size-medium wp-image-238937\" srcset=\"https:\/\/www.prijedordanas.com\/wp-content\/uploads\/2024\/12\/autotransport-javor-tubin-300x225.jpg 300w, https:\/\/www.prijedordanas.com\/wp-content\/uploads\/2024\/12\/autotransport-javor-tubin-640x480.jpg 640w, https:\/\/www.prijedordanas.com\/wp-content\/uploads\/2024\/12\/autotransport-javor-tubin.jpg 667w\" sizes=\"(max-width: 300px) 100vw, 300px\" \/><\/a>Gradona\u010delnik Prijedora Slobodan Javor izjavio je danas da \u0107e sutra sazvati vanrednu skup\u0161tinu akcionara preduze\u0107a &#8220;Autotransport&#8221; na kojoj \u0107e za novog vr\u0161ioca du\u017enosti direktora biti imenovan Aleksandar Tubin, a razrije\u0161en dosada\u0161nji v.d. direktora Igor Mileti\u0107 koji je podnio ostavku.<\/p>\n<p>Javor je na konferenciji za novinare rekao da \u0107e sutra &#8220;gledati da se odr\u017ei i primopredaja&#8221; da bi Tubin \u0161to prije mogao da preuzme funkciju i da se upusti u rje\u0161avanje problema svih radnika i gra\u0111ana.<\/p>\n<p><strong><a href=\"https:\/\/www.prijedordanas.com\/?p=238912\" rel=\"noopener\" target=\"_blank\">Radnici \u201cAutotransporta\u201d od danas u generalnom \u0161trajku: U petak blokada autobuske stanice u Prijedoru \u2013 FOTO<\/a><\/strong><\/p>\n<p>On je podsjetio da je posljednji dogovor s radnicima bio da grad za plate obezbijedi 200.000 KM do kraja godine i 300.000 KM do 10. januara idu\u0107e godine, da je grad isplatio interventnih 200.000 KM u ovom mjesecu, ali da je banka kao kreditor preduze\u0107a novac prenijela na svoj ra\u010dun.<\/p>\n<p>O\u010dekuje, istakao je, da u toku dana dobije povratnu informaciju banke za 200.000 KM za koje o\u010dekuje da budu upla\u0107ene na ra\u010dun &#8220;Autotransporta&#8221;.<\/p>\n<p>&#8220;\u010cim dobijem tu povratnu informaciju, moja \u017eelja je i, iskreno se nadam, da \u0107e do kraja sedmice ta sredstva biti na ra\u010dunu, da \u010demo iz tih sredstava platiti dio duga za dobavlja\u010de, konkretno za gorivo, i dio plata&#8221;, naveo je Javor.<\/p>\n<p>Najavio je da \u0107e sutra pozvati predsjednika sindikata da \u010duje zahtjeve radnika, \u010dije probleme, kako je rekao, razumije i \u017eao mu je \u0161to je do\u0161lo do toga.<\/p>\n<p>&#8220;Moram da ka\u017eem da radnici ni u kojem segmentu nisu krivi, oni tra\u017ee ono \u0161to im pripada, plate, i ja kao gradona\u010delnik nemam nijednu zamjerku na njihove zahtjeve i, naravno, eventualne \u0161trajkove&#8221;, dodao je Javor.<\/p>\n<p>On je podsjetio da je dokumentaciju u vezi sa nepravilnostima uo\u010denim u poslovanju ovog preduze\u0107a dostavio policijskim organima na dalje postupanje i da o\u010dekuje povratnu informaciju.<\/p>\n<p>Tubin je rekao da \u0107e raditi na toma da se prvenstveno isplate plate radnicima i pokrene saobra\u0107aj. <\/p>\n<p>&#8220;Moramo prvo da sagledamo situaciju, pa onda mo\u017eemo ne\u0161to konkretnije razgovarati&#8221;, dodao je Tubin.<\/p>\n<p>Radnici &#8220;Autotransporta&#8221; stupili su danas u generalni \u0161trajk uz zahtjeve da im se isplati pet zaostalih plata i doprinosi za 18 mjeseci koliko im poslodavac duguje.<\/p>\n<p>Prvi put u ovoj godini &#8220;Autotransport&#8221; je obustavio saobra\u0107aj 22. oktobra zbog toga \u0161to nije imao goriva za vozila, a dobavlja\u010di ga nisu htjeli isporu\u010divati zbog dugova.<\/p>\n<p>Drugi put je saobra\u0107aj stao zbog \u0161trajka radnika po\u010detkom novembra, a tre\u0107i put po\u010detkom ovog mjeseca, dan nakon \u0161to je vr\u0161ilac du\u017enosti direktora Igor Mileti\u0107 podnio ostavku na tu funkciju.<\/p>\n<p>U posljednje \u010detiri godine smijenila su se tri direktora na \u010delu firme, sva tri iz SPS-a, dok je Tubin kadar Potkozarskog narodnog pokreta. <\/p>\n<p>SRNA<\/p>\n","protected":false},"excerpt":{"rendered":"<p>Gradona\u010delnik Prijedora Slobodan Javor izjavio je danas da \u0107e sutra sazvati vanrednu skup\u0161tinu akcionara preduze\u0107a &#8220;Autotransport&#8221; na kojoj \u0107e za novog vr\u0161ioca du\u017enosti direktora biti imenovan Aleksandar Tubin, a razrije\u0161en [&hellip;]<\/p>\n","protected":false},"author":1,"featured_media":0,"comment_status":"closed","ping_status":"open","sticky":false,"template":"","format":"standard","meta":{"_monsterinsights_skip_tracking":false,"_monsterinsights_sitenote_active":false,"_monsterinsights_sitenote_note":"","_monsterinsights_sitenote_category":0,"footnotes":""},"categories":[4],"tags":[],"yoast_head":"<!-- This site is optimized with the Yoast SEO plugin v21.6 - https:\/\/yoast.com\/wordpress\/plugins\/seo\/ -->\n<title>Aleksandar Tubin novi vr\u0161ilac du\u017enosti direktora &quot;Autotransporta&quot; - PrijedorDanas.com - Prijedorski gradski portal<\/title>\n<meta name=\"robots\" content=\"index, follow, max-snippet:-1, max-image-preview:large, max-video-preview:-1\" \/>\n<link rel=\"canonical\" href=\"https:\/\/www.prijedordanas.com\/?p=238936\" \/>\n<meta property=\"og:locale\" content=\"en_US\" \/>\n<meta property=\"og:type\" content=\"article\" \/>\n<meta property=\"og:title\" content=\"Aleksandar Tubin novi vr\u0161ilac du\u017enosti direktora &quot;Autotransporta&quot; - PrijedorDanas.com - Prijedorski gradski portal\" \/>\n<meta property=\"og:description\" content=\"Gradona\u010delnik Prijedora Slobodan Javor izjavio je danas da \u0107e sutra sazvati vanrednu skup\u0161tinu akcionara preduze\u0107a &#8220;Autotransport&#8221; na kojoj \u0107e za novog vr\u0161ioca du\u017enosti direktora biti imenovan Aleksandar Tubin, a razrije\u0161en [&hellip;]\" \/>\n<meta property=\"og:url\" content=\"https:\/\/www.prijedordanas.com\/?p=238936\" \/>\n<meta property=\"og:site_name\" content=\"PrijedorDanas.com - Prijedorski gradski portal\" \/>\n<meta property=\"article:publisher\" content=\"https:\/\/www.facebook.com\/PrijedorDanasCom\/\" \/>\n<meta property=\"article:published_time\" content=\"2024-12-24T15:35:17+00:00\" \/>\n<meta property=\"og:image\" content=\"https:\/\/www.prijedordanas.com\/wp-content\/uploads\/2024\/12\/autotransport-javor-tubin-300x225.jpg\" \/>\n<meta name=\"author\" content=\"admin\" \/>\n<meta name=\"twitter:card\" content=\"summary_large_image\" \/>\n<meta name=\"twitter:label1\" content=\"Written by\" \/>\n\t<meta name=\"twitter:data1\" content=\"admin\" \/>\n<script type=\"application\/ld+json\" class=\"yoast-schema-graph\">{\"@context\":\"https:\/\/schema.org\",\"@graph\":[{\"@type\":\"Article\",\"@id\":\"https:\/\/www.prijedordanas.com\/?p=238936#article\",\"isPartOf\":{\"@id\":\"https:\/\/www.prijedordanas.com\/?p=238936\"},\"author\":{\"name\":\"admin\",\"@id\":\"https:\/\/www.prijedordanas.com\/#\/schema\/person\/4e08ccf29b506ca916ff86d46bb700e6\"},\"headline\":\"Aleksandar Tubin novi vr\u0161ilac du\u017enosti direktora &#8220;Autotransporta&#8221;\",\"datePublished\":\"2024-12-24T15:35:17+00:00\",\"dateModified\":\"2024-12-24T15:35:17+00:00\",\"mainEntityOfPage\":{\"@id\":\"https:\/\/www.prijedordanas.com\/?p=238936\"},\"wordCount\":471,\"publisher\":{\"@id\":\"https:\/\/www.prijedordanas.com\/#organization\"},\"articleSection\":[\"Dru\u0161tvo\"],\"inLanguage\":\"en-US\"},{\"@type\":\"WebPage\",\"@id\":\"https:\/\/www.prijedordanas.com\/?p=238936\",\"url\":\"https:\/\/www.prijedordanas.com\/?p=238936\",\"name\":\"Aleksandar Tubin novi vr\u0161ilac du\u017enosti direktora \\\"Autotransporta\\\" - PrijedorDanas.com - Prijedorski gradski portal\",\"isPartOf\":{\"@id\":\"https:\/\/www.prijedordanas.com\/#website\"},\"datePublished\":\"2024-12-24T15:35:17+00:00\",\"dateModified\":\"2024-12-24T15:35:17+00:00\",\"breadcrumb\":{\"@id\":\"https:\/\/www.prijedordanas.com\/?p=238936#breadcrumb\"},\"inLanguage\":\"en-US\",\"potentialAction\":[{\"@type\":\"ReadAction\",\"target\":[\"https:\/\/www.prijedordanas.com\/?p=238936\"]}]},{\"@type\":\"BreadcrumbList\",\"@id\":\"https:\/\/www.prijedordanas.com\/?p=238936#breadcrumb\",\"itemListElement\":[{\"@type\":\"ListItem\",\"position\":1,\"name\":\"Home\",\"item\":\"https:\/\/www.prijedordanas.com\/\"},{\"@type\":\"ListItem\",\"position\":2,\"name\":\"Aleksandar Tubin novi vr\u0161ilac du\u017enosti direktora &#8220;Autotransporta&#8221;\"}]},{\"@type\":\"WebSite\",\"@id\":\"https:\/\/www.prijedordanas.com\/#website\",\"url\":\"https:\/\/www.prijedordanas.com\/\",\"name\":\"PrijedorDanas.com - Prijedorski gradski portal\",\"description\":\"Portal o doga\u0111anjima u gradu Prijedoru\",\"publisher\":{\"@id\":\"https:\/\/www.prijedordanas.com\/#organization\"},\"potentialAction\":[{\"@type\":\"SearchAction\",\"target\":{\"@type\":\"EntryPoint\",\"urlTemplate\":\"https:\/\/www.prijedordanas.com\/?s={search_term_string}\"},\"query-input\":\"required name=search_term_string\"}],\"inLanguage\":\"en-US\"},{\"@type\":\"Organization\",\"@id\":\"https:\/\/www.prijedordanas.com\/#organization\",\"name\":\"PrijedorDanas.com\",\"url\":\"https:\/\/www.prijedordanas.com\/\",\"logo\":{\"@type\":\"ImageObject\",\"inLanguage\":\"en-US\",\"@id\":\"https:\/\/www.prijedordanas.com\/#\/schema\/logo\/image\/\",\"url\":\"http:\/\/www.prijedordanas.com\/wp-content\/uploads\/2021\/12\/logopng.png\",\"contentUrl\":\"http:\/\/www.prijedordanas.com\/wp-content\/uploads\/2021\/12\/logopng.png\",\"width\":1019,\"height\":776,\"caption\":\"PrijedorDanas.com\"},\"image\":{\"@id\":\"https:\/\/www.prijedordanas.com\/#\/schema\/logo\/image\/\"},\"sameAs\":[\"https:\/\/www.facebook.com\/PrijedorDanasCom\/\"]},{\"@type\":\"Person\",\"@id\":\"https:\/\/www.prijedordanas.com\/#\/schema\/person\/4e08ccf29b506ca916ff86d46bb700e6\",\"name\":\"admin\",\"image\":{\"@type\":\"ImageObject\",\"inLanguage\":\"en-US\",\"@id\":\"https:\/\/www.prijedordanas.com\/#\/schema\/person\/image\/\",\"url\":\"https:\/\/secure.gravatar.com\/avatar\/1d3fc949d550f0b53a5f0d51e06dfd79?s=96&d=mm&r=g\",\"contentUrl\":\"https:\/\/secure.gravatar.com\/avatar\/1d3fc949d550f0b53a5f0d51e06dfd79?s=96&d=mm&r=g\",\"caption\":\"admin\"},\"url\":\"https:\/\/www.prijedordanas.com\/?author=1\"}]}<\/script>\n<!-- \/ Yoast SEO plugin. -->","yoast_head_json":{"title":"Aleksandar Tubin novi vr\u0161ilac du\u017enosti direktora \"Autotransporta\" - PrijedorDanas.com - Prijedorski gradski portal","robots":{"index":"index","follow":"follow","max-snippet":"max-snippet:-1","max-image-preview":"max-image-preview:large","max-video-preview":"max-video-preview:-1"},"canonical":"https:\/\/www.prijedordanas.com\/?p=238936","og_locale":"en_US","og_type":"article","og_title":"Aleksandar Tubin novi vr\u0161ilac du\u017enosti direktora \"Autotransporta\" - PrijedorDanas.com - Prijedorski gradski portal","og_description":"Gradona\u010delnik Prijedora Slobodan Javor izjavio je danas da \u0107e sutra sazvati vanrednu skup\u0161tinu akcionara preduze\u0107a &#8220;Autotransport&#8221; na kojoj \u0107e za novog vr\u0161ioca du\u017enosti direktora biti imenovan Aleksandar Tubin, a razrije\u0161en [&hellip;]","og_url":"https:\/\/www.prijedordanas.com\/?p=238936","og_site_name":"PrijedorDanas.com - Prijedorski gradski portal","article_publisher":"https:\/\/www.facebook.com\/PrijedorDanasCom\/","article_published_time":"2024-12-24T15:35:17+00:00","og_image":[{"url":"https:\/\/www.prijedordanas.com\/wp-content\/uploads\/2024\/12\/autotransport-javor-tubin-300x225.jpg"}],"author":"admin","twitter_card":"summary_large_image","twitter_misc":{"Written by":"admin"},"schema":{"@context":"https:\/\/schema.org","@graph":[{"@type":"Article","@id":"https:\/\/www.prijedordanas.com\/?p=238936#article","isPartOf":{"@id":"https:\/\/www.prijedordanas.com\/?p=238936"},"author":{"name":"admin","@id":"https:\/\/www.prijedordanas.com\/#\/schema\/person\/4e08ccf29b506ca916ff86d46bb700e6"},"headline":"Aleksandar Tubin novi vr\u0161ilac du\u017enosti direktora &#8220;Autotransporta&#8221;","datePublished":"2024-12-24T15:35:17+00:00","dateModified":"2024-12-24T15:35:17+00:00","mainEntityOfPage":{"@id":"https:\/\/www.prijedordanas.com\/?p=238936"},"wordCount":471,"publisher":{"@id":"https:\/\/www.prijedordanas.com\/#organization"},"articleSection":["Dru\u0161tvo"],"inLanguage":"en-US"},{"@type":"WebPage","@id":"https:\/\/www.prijedordanas.com\/?p=238936","url":"https:\/\/www.prijedordanas.com\/?p=238936","name":"Aleksandar Tubin novi vr\u0161ilac du\u017enosti direktora \"Autotransporta\" - PrijedorDanas.com - Prijedorski gradski portal","isPartOf":{"@id":"https:\/\/www.prijedordanas.com\/#website"},"datePublished":"2024-12-24T15:35:17+00:00","dateModified":"2024-12-24T15:35:17+00:00","breadcrumb":{"@id":"https:\/\/www.prijedordanas.com\/?p=238936#breadcrumb"},"inLanguage":"en-US","potentialAction":[{"@type":"ReadAction","target":["https:\/\/www.prijedordanas.com\/?p=238936"]}]},{"@type":"BreadcrumbList","@id":"https:\/\/www.prijedordanas.com\/?p=238936#breadcrumb","itemListElement":[{"@type":"ListItem","position":1,"name":"Home","item":"https:\/\/www.prijedordanas.com\/"},{"@type":"ListItem","position":2,"name":"Aleksandar Tubin novi vr\u0161ilac du\u017enosti direktora &#8220;Autotransporta&#8221;"}]},{"@type":"WebSite","@id":"https:\/\/www.prijedordanas.com\/#website","url":"https:\/\/www.prijedordanas.com\/","name":"PrijedorDanas.com - Prijedorski gradski portal","description":"Portal o doga\u0111anjima u gradu Prijedoru","publisher":{"@id":"https:\/\/www.prijedordanas.com\/#organization"},"potentialAction":[{"@type":"SearchAction","target":{"@type":"EntryPoint","urlTemplate":"https:\/\/www.prijedordanas.com\/?s={search_term_string}"},"query-input":"required name=search_term_string"}],"inLanguage":"en-US"},{"@type":"Organization","@id":"https:\/\/www.prijedordanas.com\/#organization","name":"PrijedorDanas.com","url":"https:\/\/www.prijedordanas.com\/","logo":{"@type":"ImageObject","inLanguage":"en-US","@id":"https:\/\/www.prijedordanas.com\/#\/schema\/logo\/image\/","url":"http:\/\/www.prijedordanas.com\/wp-content\/uploads\/2021\/12\/logopng.png","contentUrl":"http:\/\/www.prijedordanas.com\/wp-content\/uploads\/2021\/12\/logopng.png","width":1019,"height":776,"caption":"PrijedorDanas.com"},"image":{"@id":"https:\/\/www.prijedordanas.com\/#\/schema\/logo\/image\/"},"sameAs":["https:\/\/www.facebook.com\/PrijedorDanasCom\/"]},{"@type":"Person","@id":"https:\/\/www.prijedordanas.com\/#\/schema\/person\/4e08ccf29b506ca916ff86d46bb700e6","name":"admin","image":{"@type":"ImageObject","inLanguage":"en-US","@id":"https:\/\/www.prijedordanas.com\/#\/schema\/person\/image\/","url":"https:\/\/secure.gravatar.com\/avatar\/1d3fc949d550f0b53a5f0d51e06dfd79?s=96&d=mm&r=g","contentUrl":"https:\/\/secure.gravatar.com\/avatar\/1d3fc949d550f0b53a5f0d51e06dfd79?s=96&d=mm&r=g","caption":"admin"},"url":"https:\/\/www.prijedordanas.com\/?author=1"}]}},"_links":{"self":[{"href":"https:\/\/www.prijedordanas.com\/index.php?rest_route=\/wp\/v2\/posts\/238936"}],"collection":[{"href":"https:\/\/www.prijedordanas.com\/index.php?rest_route=\/wp\/v2\/posts"}],"about":[{"href":"https:\/\/www.prijedordanas.com\/index.php?rest_route=\/wp\/v2\/types\/post"}],"author":[{"embeddable":true,"href":"https:\/\/www.prijedordanas.com\/index.php?rest_route=\/wp\/v2\/users\/1"}],"replies":[{"embeddable":true,"href":"https:\/\/www.prijedordanas.com\/index.php?rest_route=%2Fwp%2Fv2%2Fcomments&post=238936"}],"version-history":[{"count":1,"href":"https:\/\/www.prijedordanas.com\/index.php?rest_route=\/wp\/v2\/posts\/238936\/revisions"}],"predecessor-version":[{"id":238938,"href":"https:\/\/www.prijedordanas.com\/index.php?rest_route=\/wp\/v2\/posts\/238936\/revisions\/238938"}],"wp:attachment":[{"href":"https:\/\/www.prijedordanas.com\/index.php?rest_route=%2Fwp%2Fv2%2Fmedia&parent=238936"}],"wp:term":[{"taxonomy":"category","embeddable":true,"href":"https:\/\/www.prijedordanas.com\/index.php?rest_route=%2Fwp%2Fv2%2Fcategories&post=238936"},{"taxonomy":"post_tag","embeddable":true,"href":"https:\/\/www.prijedordanas.com\/index.php?rest_route=%2Fwp%2Fv2%2Ftags&post=238936"}],"curies":[{"name":"wp","href":"https:\/\/api.w.org\/{rel}","templated":true}]}}