{"id":238840,"date":"2024-12-23T16:09:01","date_gmt":"2024-12-23T15:09:01","guid":{"rendered":"https:\/\/www.prijedordanas.com\/?p=238840"},"modified":"2024-12-23T16:09:01","modified_gmt":"2024-12-23T15:09:01","slug":"u-osnovnom-sudu-u-prijedoru-nastavljeno-sudenje-ljekaru-optuzenom-za-nesavjesno-lijecenje","status":"publish","type":"post","link":"https:\/\/www.prijedordanas.com\/?p=238840","title":{"rendered":"U Osnovnom sudu u Prijedoru nastavljeno su\u0111enje ljekaru optu\u017eenom za nesavjesno lije\u010denje"},"content":{"rendered":"<p><a href=\"https:\/\/www.prijedordanas.com\/wp-content\/uploads\/2023\/12\/ilustracija-pravda-6.jpg\"><img loading=\"lazy\" decoding=\"async\" src=\"https:\/\/www.prijedordanas.com\/wp-content\/uploads\/2023\/12\/ilustracija-pravda-6-300x225.jpg\" alt=\"\" width=\"300\" height=\"225\" class=\"alignleft size-medium wp-image-217061\" srcset=\"https:\/\/www.prijedordanas.com\/wp-content\/uploads\/2023\/12\/ilustracija-pravda-6-300x225.jpg 300w, https:\/\/www.prijedordanas.com\/wp-content\/uploads\/2023\/12\/ilustracija-pravda-6-640x480.jpg 640w, https:\/\/www.prijedordanas.com\/wp-content\/uploads\/2023\/12\/ilustracija-pravda-6.jpg 667w\" sizes=\"(max-width: 300px) 100vw, 300px\" \/><\/a>U Osnovnom sudu u Prijedoru danas je nastavljeno su\u0111enje ljekaru prijedorske bolnice Predragu Stojni\u0107u optu\u017eenom za nesavjesno pru\u017eanje ljekarske pomo\u0107i usljed kojeg je nastupila smrt pacijentkinje D.J.<\/p>\n<p>U sudnici je danas pro\u010ditan iskaz svjedoka Miroslava Doli\u0107a koji je ljetos umro.<\/p>\n<p>Rije\u010d je o iskazu datom u toku istrage koju je u ovom predmetu vodilo tu\u017eila\u0161tvo i kojom su, pored optu\u017eenog Stojni\u0107a, bila obuhva\u0107ena i lica G.A. i V.\u0110. u svojstvu osumnji\u010denih.<\/p>\n<p>Doli\u0107 je iskaz dao kao medicinski tehni\u010dar zaposlen u prijedorskoj bolnici koji je bio de\u017eurni u prijemnoj ambulanti hirurgije na dan kada je pacijentkinja primljena, koji joj je nakon hirur\u0161kog pregleda stavljao gips zajedno s jednom medicinskom sestrom i jednim portirom i koji joj je nakon smrti skidao gips.<\/p>\n<p>Ro\u010di\u0161tu nisu pristupili sudski vje\u0161taci \u010dije saslu\u0161anje je bilo predvi\u0111eno za danas.<\/p>\n<p>Predsjednik sudskog vije\u0107a Zoran Milojica rekao je da je patolog \u017deljko Karan u petak obavijestio sud da danas ne mo\u017ee do\u0107i jer u isto vrijeme ima ro\u010di\u0161te u Okru\u017enom sudu u Banjaluci, a da specijalisti op\u0161te medicine Veselki Bjelakovi\u0107 nije uredno dostavljen poziv.<\/p>\n<p>On je najavio njihovo saslu\u0161anje za naredno ro\u010di\u0161te i zakazao naredno ro\u010di\u0161te za 13. januara 2025. godine.<\/p>\n<p>Su\u0111enje je po\u010delo 13. marta 2023. godine, kada se Stojni\u0107 izjasnio da nije kriv za krivi\u010dno djelo koje mu se stavlja na teret.<\/p>\n<p>Okru\u017eno javno tu\u017eila\u0161tvo Prijedor optu\u017eilo je Stojni\u0107a da je 25. avgusta 2019. godine, kao de\u017eurni ljekar u Bolnici &#8220;Dr Mladen Stojanovi\u0107&#8221; u Prijedoru, u\u010dinio propuste u dijagnostici i terapijskom postupku u medicinskom tretmanu o\u0161te\u0107ene J.D. koja je povrije\u0111ena u saobra\u0107ajnoj nezgodi.<\/p>\n<p>Kako stoji u optu\u017enici, on nije obavio dijagnosti\u010dke pretrage u vidu CT snimanja glave i mozga, te RTG i CT snimanje grudnog ko\u0161a \u010dime bi se vidjeli prelomi kostiju, glave, nagnje\u010denja mozga i krvarenje unutar lobanje, te masivni prelomi rebara i klju\u010dne kosti kao i nagnje\u010dina plu\u0107a.<\/p>\n<p>Pacijentkinja je upu\u0107ena na odjeljenje psihijatrije gdje joj se zbog povreda, neadekvatne dijagnostike i neadekvatnog lije\u010denja stanje pogor\u0161alo, a 26. avgusta 2019. je umrla.<\/p>\n<p>Krivi\u010dni zakonik Republike Srpske propisuje kaznu zatvora od jedne do osam godina ako je krivi\u010dno djelo nesavjesno pru\u017eanje ljekarske pomo\u0107i po\u010dinjeno iz nehata, a nastupila je smrt jednog ili vi\u0161e lica. <\/p>\n<p>SRNA<br \/>\nFoto &#8211; ilustracija<\/p>\n","protected":false},"excerpt":{"rendered":"<p>U Osnovnom sudu u Prijedoru danas je nastavljeno su\u0111enje ljekaru prijedorske bolnice Predragu Stojni\u0107u optu\u017eenom za nesavjesno pru\u017eanje ljekarske pomo\u0107i usljed kojeg je nastupila smrt pacijentkinje D.J. U sudnici je [&hellip;]<\/p>\n","protected":false},"author":1,"featured_media":0,"comment_status":"closed","ping_status":"open","sticky":false,"template":"","format":"standard","meta":{"_monsterinsights_skip_tracking":false,"_monsterinsights_sitenote_active":false,"_monsterinsights_sitenote_note":"","_monsterinsights_sitenote_category":0,"footnotes":""},"categories":[5],"tags":[],"yoast_head":"<!-- This site is optimized with the Yoast SEO plugin v21.6 - https:\/\/yoast.com\/wordpress\/plugins\/seo\/ -->\n<title>U Osnovnom sudu u Prijedoru nastavljeno su\u0111enje ljekaru optu\u017eenom za nesavjesno lije\u010denje - PrijedorDanas.com - Prijedorski gradski portal<\/title>\n<meta name=\"robots\" content=\"index, follow, max-snippet:-1, max-image-preview:large, max-video-preview:-1\" \/>\n<link rel=\"canonical\" href=\"https:\/\/www.prijedordanas.com\/?p=238840\" \/>\n<meta property=\"og:locale\" content=\"en_US\" \/>\n<meta property=\"og:type\" content=\"article\" \/>\n<meta property=\"og:title\" content=\"U Osnovnom sudu u Prijedoru nastavljeno su\u0111enje ljekaru optu\u017eenom za nesavjesno lije\u010denje - PrijedorDanas.com - Prijedorski gradski portal\" \/>\n<meta property=\"og:description\" content=\"U Osnovnom sudu u Prijedoru danas je nastavljeno su\u0111enje ljekaru prijedorske bolnice Predragu Stojni\u0107u optu\u017eenom za nesavjesno pru\u017eanje ljekarske pomo\u0107i usljed kojeg je nastupila smrt pacijentkinje D.J. U sudnici je [&hellip;]\" \/>\n<meta property=\"og:url\" content=\"https:\/\/www.prijedordanas.com\/?p=238840\" \/>\n<meta property=\"og:site_name\" content=\"PrijedorDanas.com - Prijedorski gradski portal\" \/>\n<meta property=\"article:publisher\" content=\"https:\/\/www.facebook.com\/PrijedorDanasCom\/\" \/>\n<meta property=\"article:published_time\" content=\"2024-12-23T15:09:01+00:00\" \/>\n<meta property=\"og:image\" content=\"https:\/\/www.prijedordanas.com\/wp-content\/uploads\/2023\/12\/ilustracija-pravda-6-300x225.jpg\" \/>\n<meta name=\"author\" content=\"admin\" \/>\n<meta name=\"twitter:card\" content=\"summary_large_image\" \/>\n<meta name=\"twitter:label1\" content=\"Written by\" \/>\n\t<meta name=\"twitter:data1\" content=\"admin\" \/>\n<script type=\"application\/ld+json\" class=\"yoast-schema-graph\">{\"@context\":\"https:\/\/schema.org\",\"@graph\":[{\"@type\":\"Article\",\"@id\":\"https:\/\/www.prijedordanas.com\/?p=238840#article\",\"isPartOf\":{\"@id\":\"https:\/\/www.prijedordanas.com\/?p=238840\"},\"author\":{\"name\":\"admin\",\"@id\":\"https:\/\/www.prijedordanas.com\/#\/schema\/person\/4e08ccf29b506ca916ff86d46bb700e6\"},\"headline\":\"U Osnovnom sudu u Prijedoru nastavljeno su\u0111enje ljekaru optu\u017eenom za nesavjesno lije\u010denje\",\"datePublished\":\"2024-12-23T15:09:01+00:00\",\"dateModified\":\"2024-12-23T15:09:01+00:00\",\"mainEntityOfPage\":{\"@id\":\"https:\/\/www.prijedordanas.com\/?p=238840\"},\"wordCount\":435,\"publisher\":{\"@id\":\"https:\/\/www.prijedordanas.com\/#organization\"},\"articleSection\":[\"Hronika\"],\"inLanguage\":\"en-US\"},{\"@type\":\"WebPage\",\"@id\":\"https:\/\/www.prijedordanas.com\/?p=238840\",\"url\":\"https:\/\/www.prijedordanas.com\/?p=238840\",\"name\":\"U Osnovnom sudu u Prijedoru nastavljeno su\u0111enje ljekaru optu\u017eenom za nesavjesno lije\u010denje - PrijedorDanas.com - Prijedorski gradski portal\",\"isPartOf\":{\"@id\":\"https:\/\/www.prijedordanas.com\/#website\"},\"datePublished\":\"2024-12-23T15:09:01+00:00\",\"dateModified\":\"2024-12-23T15:09:01+00:00\",\"breadcrumb\":{\"@id\":\"https:\/\/www.prijedordanas.com\/?p=238840#breadcrumb\"},\"inLanguage\":\"en-US\",\"potentialAction\":[{\"@type\":\"ReadAction\",\"target\":[\"https:\/\/www.prijedordanas.com\/?p=238840\"]}]},{\"@type\":\"BreadcrumbList\",\"@id\":\"https:\/\/www.prijedordanas.com\/?p=238840#breadcrumb\",\"itemListElement\":[{\"@type\":\"ListItem\",\"position\":1,\"name\":\"Home\",\"item\":\"https:\/\/www.prijedordanas.com\/\"},{\"@type\":\"ListItem\",\"position\":2,\"name\":\"U Osnovnom sudu u Prijedoru nastavljeno su\u0111enje ljekaru optu\u017eenom za nesavjesno lije\u010denje\"}]},{\"@type\":\"WebSite\",\"@id\":\"https:\/\/www.prijedordanas.com\/#website\",\"url\":\"https:\/\/www.prijedordanas.com\/\",\"name\":\"PrijedorDanas.com - Prijedorski gradski portal\",\"description\":\"Portal o doga\u0111anjima u gradu Prijedoru\",\"publisher\":{\"@id\":\"https:\/\/www.prijedordanas.com\/#organization\"},\"potentialAction\":[{\"@type\":\"SearchAction\",\"target\":{\"@type\":\"EntryPoint\",\"urlTemplate\":\"https:\/\/www.prijedordanas.com\/?s={search_term_string}\"},\"query-input\":\"required name=search_term_string\"}],\"inLanguage\":\"en-US\"},{\"@type\":\"Organization\",\"@id\":\"https:\/\/www.prijedordanas.com\/#organization\",\"name\":\"PrijedorDanas.com\",\"url\":\"https:\/\/www.prijedordanas.com\/\",\"logo\":{\"@type\":\"ImageObject\",\"inLanguage\":\"en-US\",\"@id\":\"https:\/\/www.prijedordanas.com\/#\/schema\/logo\/image\/\",\"url\":\"http:\/\/www.prijedordanas.com\/wp-content\/uploads\/2021\/12\/logopng.png\",\"contentUrl\":\"http:\/\/www.prijedordanas.com\/wp-content\/uploads\/2021\/12\/logopng.png\",\"width\":1019,\"height\":776,\"caption\":\"PrijedorDanas.com\"},\"image\":{\"@id\":\"https:\/\/www.prijedordanas.com\/#\/schema\/logo\/image\/\"},\"sameAs\":[\"https:\/\/www.facebook.com\/PrijedorDanasCom\/\"]},{\"@type\":\"Person\",\"@id\":\"https:\/\/www.prijedordanas.com\/#\/schema\/person\/4e08ccf29b506ca916ff86d46bb700e6\",\"name\":\"admin\",\"image\":{\"@type\":\"ImageObject\",\"inLanguage\":\"en-US\",\"@id\":\"https:\/\/www.prijedordanas.com\/#\/schema\/person\/image\/\",\"url\":\"https:\/\/secure.gravatar.com\/avatar\/1d3fc949d550f0b53a5f0d51e06dfd79?s=96&d=mm&r=g\",\"contentUrl\":\"https:\/\/secure.gravatar.com\/avatar\/1d3fc949d550f0b53a5f0d51e06dfd79?s=96&d=mm&r=g\",\"caption\":\"admin\"},\"url\":\"https:\/\/www.prijedordanas.com\/?author=1\"}]}<\/script>\n<!-- \/ Yoast SEO plugin. -->","yoast_head_json":{"title":"U Osnovnom sudu u Prijedoru nastavljeno su\u0111enje ljekaru optu\u017eenom za nesavjesno lije\u010denje - PrijedorDanas.com - Prijedorski gradski portal","robots":{"index":"index","follow":"follow","max-snippet":"max-snippet:-1","max-image-preview":"max-image-preview:large","max-video-preview":"max-video-preview:-1"},"canonical":"https:\/\/www.prijedordanas.com\/?p=238840","og_locale":"en_US","og_type":"article","og_title":"U Osnovnom sudu u Prijedoru nastavljeno su\u0111enje ljekaru optu\u017eenom za nesavjesno lije\u010denje - PrijedorDanas.com - Prijedorski gradski portal","og_description":"U Osnovnom sudu u Prijedoru danas je nastavljeno su\u0111enje ljekaru prijedorske bolnice Predragu Stojni\u0107u optu\u017eenom za nesavjesno pru\u017eanje ljekarske pomo\u0107i usljed kojeg je nastupila smrt pacijentkinje D.J. U sudnici je [&hellip;]","og_url":"https:\/\/www.prijedordanas.com\/?p=238840","og_site_name":"PrijedorDanas.com - Prijedorski gradski portal","article_publisher":"https:\/\/www.facebook.com\/PrijedorDanasCom\/","article_published_time":"2024-12-23T15:09:01+00:00","og_image":[{"url":"https:\/\/www.prijedordanas.com\/wp-content\/uploads\/2023\/12\/ilustracija-pravda-6-300x225.jpg"}],"author":"admin","twitter_card":"summary_large_image","twitter_misc":{"Written by":"admin"},"schema":{"@context":"https:\/\/schema.org","@graph":[{"@type":"Article","@id":"https:\/\/www.prijedordanas.com\/?p=238840#article","isPartOf":{"@id":"https:\/\/www.prijedordanas.com\/?p=238840"},"author":{"name":"admin","@id":"https:\/\/www.prijedordanas.com\/#\/schema\/person\/4e08ccf29b506ca916ff86d46bb700e6"},"headline":"U Osnovnom sudu u Prijedoru nastavljeno su\u0111enje ljekaru optu\u017eenom za nesavjesno lije\u010denje","datePublished":"2024-12-23T15:09:01+00:00","dateModified":"2024-12-23T15:09:01+00:00","mainEntityOfPage":{"@id":"https:\/\/www.prijedordanas.com\/?p=238840"},"wordCount":435,"publisher":{"@id":"https:\/\/www.prijedordanas.com\/#organization"},"articleSection":["Hronika"],"inLanguage":"en-US"},{"@type":"WebPage","@id":"https:\/\/www.prijedordanas.com\/?p=238840","url":"https:\/\/www.prijedordanas.com\/?p=238840","name":"U Osnovnom sudu u Prijedoru nastavljeno su\u0111enje ljekaru optu\u017eenom za nesavjesno lije\u010denje - PrijedorDanas.com - Prijedorski gradski portal","isPartOf":{"@id":"https:\/\/www.prijedordanas.com\/#website"},"datePublished":"2024-12-23T15:09:01+00:00","dateModified":"2024-12-23T15:09:01+00:00","breadcrumb":{"@id":"https:\/\/www.prijedordanas.com\/?p=238840#breadcrumb"},"inLanguage":"en-US","potentialAction":[{"@type":"ReadAction","target":["https:\/\/www.prijedordanas.com\/?p=238840"]}]},{"@type":"BreadcrumbList","@id":"https:\/\/www.prijedordanas.com\/?p=238840#breadcrumb","itemListElement":[{"@type":"ListItem","position":1,"name":"Home","item":"https:\/\/www.prijedordanas.com\/"},{"@type":"ListItem","position":2,"name":"U Osnovnom sudu u Prijedoru nastavljeno su\u0111enje ljekaru optu\u017eenom za nesavjesno lije\u010denje"}]},{"@type":"WebSite","@id":"https:\/\/www.prijedordanas.com\/#website","url":"https:\/\/www.prijedordanas.com\/","name":"PrijedorDanas.com - Prijedorski gradski portal","description":"Portal o doga\u0111anjima u gradu Prijedoru","publisher":{"@id":"https:\/\/www.prijedordanas.com\/#organization"},"potentialAction":[{"@type":"SearchAction","target":{"@type":"EntryPoint","urlTemplate":"https:\/\/www.prijedordanas.com\/?s={search_term_string}"},"query-input":"required name=search_term_string"}],"inLanguage":"en-US"},{"@type":"Organization","@id":"https:\/\/www.prijedordanas.com\/#organization","name":"PrijedorDanas.com","url":"https:\/\/www.prijedordanas.com\/","logo":{"@type":"ImageObject","inLanguage":"en-US","@id":"https:\/\/www.prijedordanas.com\/#\/schema\/logo\/image\/","url":"http:\/\/www.prijedordanas.com\/wp-content\/uploads\/2021\/12\/logopng.png","contentUrl":"http:\/\/www.prijedordanas.com\/wp-content\/uploads\/2021\/12\/logopng.png","width":1019,"height":776,"caption":"PrijedorDanas.com"},"image":{"@id":"https:\/\/www.prijedordanas.com\/#\/schema\/logo\/image\/"},"sameAs":["https:\/\/www.facebook.com\/PrijedorDanasCom\/"]},{"@type":"Person","@id":"https:\/\/www.prijedordanas.com\/#\/schema\/person\/4e08ccf29b506ca916ff86d46bb700e6","name":"admin","image":{"@type":"ImageObject","inLanguage":"en-US","@id":"https:\/\/www.prijedordanas.com\/#\/schema\/person\/image\/","url":"https:\/\/secure.gravatar.com\/avatar\/1d3fc949d550f0b53a5f0d51e06dfd79?s=96&d=mm&r=g","contentUrl":"https:\/\/secure.gravatar.com\/avatar\/1d3fc949d550f0b53a5f0d51e06dfd79?s=96&d=mm&r=g","caption":"admin"},"url":"https:\/\/www.prijedordanas.com\/?author=1"}]}},"_links":{"self":[{"href":"https:\/\/www.prijedordanas.com\/index.php?rest_route=\/wp\/v2\/posts\/238840"}],"collection":[{"href":"https:\/\/www.prijedordanas.com\/index.php?rest_route=\/wp\/v2\/posts"}],"about":[{"href":"https:\/\/www.prijedordanas.com\/index.php?rest_route=\/wp\/v2\/types\/post"}],"author":[{"embeddable":true,"href":"https:\/\/www.prijedordanas.com\/index.php?rest_route=\/wp\/v2\/users\/1"}],"replies":[{"embeddable":true,"href":"https:\/\/www.prijedordanas.com\/index.php?rest_route=%2Fwp%2Fv2%2Fcomments&post=238840"}],"version-history":[{"count":1,"href":"https:\/\/www.prijedordanas.com\/index.php?rest_route=\/wp\/v2\/posts\/238840\/revisions"}],"predecessor-version":[{"id":238841,"href":"https:\/\/www.prijedordanas.com\/index.php?rest_route=\/wp\/v2\/posts\/238840\/revisions\/238841"}],"wp:attachment":[{"href":"https:\/\/www.prijedordanas.com\/index.php?rest_route=%2Fwp%2Fv2%2Fmedia&parent=238840"}],"wp:term":[{"taxonomy":"category","embeddable":true,"href":"https:\/\/www.prijedordanas.com\/index.php?rest_route=%2Fwp%2Fv2%2Fcategories&post=238840"},{"taxonomy":"post_tag","embeddable":true,"href":"https:\/\/www.prijedordanas.com\/index.php?rest_route=%2Fwp%2Fv2%2Ftags&post=238840"}],"curies":[{"name":"wp","href":"https:\/\/api.w.org\/{rel}","templated":true}]}}