{"id":238805,"date":"2024-12-23T11:51:59","date_gmt":"2024-12-23T10:51:59","guid":{"rendered":"https:\/\/www.prijedordanas.com\/?p=238805"},"modified":"2024-12-23T11:51:59","modified_gmt":"2024-12-23T10:51:59","slug":"moguc-prekid-nastave-u-republici-srpskoj","status":"publish","type":"post","link":"https:\/\/www.prijedordanas.com\/?p=238805","title":{"rendered":"Mogu\u0107 prekid nastave u Republici Srpskoj"},"content":{"rendered":"<p><a href=\"https:\/\/www.prijedordanas.com\/wp-content\/uploads\/2018\/10\/ilustracija-djaci.jpg\"><img loading=\"lazy\" decoding=\"async\" src=\"https:\/\/www.prijedordanas.com\/wp-content\/uploads\/2018\/10\/ilustracija-djaci-300x231.jpg\" alt=\"\" width=\"300\" height=\"231\" class=\"alignleft size-medium wp-image-114375\" srcset=\"https:\/\/www.prijedordanas.com\/wp-content\/uploads\/2018\/10\/ilustracija-djaci-300x231.jpg 300w, https:\/\/www.prijedordanas.com\/wp-content\/uploads\/2018\/10\/ilustracija-djaci-100x77.jpg 100w, https:\/\/www.prijedordanas.com\/wp-content\/uploads\/2018\/10\/ilustracija-djaci.jpg 650w\" sizes=\"(max-width: 300px) 100vw, 300px\" \/><\/a>Ministarstvo prosvjete i kulture Republike Srpske zatra\u017eilo je informacije od osnovnih i srednjih \u0161kola u Srpskoj da li je ote\u017eano odvijanje nastave zbog snijega od jutros koji pada i koji je prouzrokovao brojne probleme, saznaju &#8220;Nezavisne novine&#8221;.<\/p>\n<p>U skladu sa onim \u0161to Ministarstvo dobije kao povratnu informaciju, kako &#8220;Nezavisne novine&#8221; saznaju, u toku dana donije\u0107e odluku o eventulanom prekidu nastave.<\/p>\n<p>Ljubi\u0161a Blagojevi\u0107, predsjednik Aktiva direktora osnovnih \u0161kola dobojske regije, kazao je da u dvije osnovne \u0161kole na podru\u010dju Doboja i pet na podru\u010dju Tesli\u0107a obustavi\u0107e nastavu u drugoj smjeni zbog nemogu\u0107nosti grijanja objekata usljed nestanka struje izazvanih snje\u017enim padavinama<\/p>\n<p>Blagojevi\u0107 ka\u017ee da je rije\u010d o seoskim \u0161kolama, i to sa podru\u010dja Doboja &#8220;Petar Petrovi\u0107 Njego\u0161&#8221; iz Boljani\u0107a i &#8220;Petar Ko\u010di\u0107&#8221; iz Sjenine Rijeke, a sa podru\u010dja Tesli\u0107a &#8220;Dositej Obradovi\u0107&#8221; iz Blatnice, &#8220;Prota Stevan Du\u0161ani\u0107&#8221; iz Pribini\u0107a, &#8220;Vuk Karad\u017ei\u0107&#8221; iz Vitkovaca, &#8220;Jevrem Stankovi\u0107&#8221; iz \u010ce\u010dave i &#8220;Ivo Andri\u0107&#8221; iz \u0110uli\u0107a.<\/p>\n<p>Blagojevi\u0107 je naveo da su navedene \u0161kole registrovale i ka\u0161njenje sa po\u010detkom nastave zbog snje\u017enog pokriva\u010da na putnim pravcima.<\/p>\n<p>On je rekao da su ga direktori ovih \u0161kola obavijestili da \u0107e djeca koja su do\u0161la u prvu smjenu imati nastavu po skra\u0107enim \u010dasovima. <\/p>\n<p><a href=\"https:\/\/www.nezavisne.com\/novosti\/obrazovanje\/Moguc-prekid-nastave-u-Srpskoj\/876990\" rel=\"noopener\" target=\"_blank\">nezavisne.com<\/a><\/p>\n","protected":false},"excerpt":{"rendered":"<p>Ministarstvo prosvjete i kulture Republike Srpske zatra\u017eilo je informacije od osnovnih i srednjih \u0161kola u Srpskoj da li je ote\u017eano odvijanje nastave zbog snijega od jutros koji pada i koji [&hellip;]<\/p>\n","protected":false},"author":1,"featured_media":0,"comment_status":"closed","ping_status":"open","sticky":false,"template":"","format":"standard","meta":{"_monsterinsights_skip_tracking":false,"_monsterinsights_sitenote_active":false,"_monsterinsights_sitenote_note":"","_monsterinsights_sitenote_category":0,"footnotes":""},"categories":[7518],"tags":[],"yoast_head":"<!-- This site is optimized with the Yoast SEO plugin v21.6 - https:\/\/yoast.com\/wordpress\/plugins\/seo\/ -->\n<title>Mogu\u0107 prekid nastave u Republici Srpskoj - PrijedorDanas.com - Prijedorski gradski portal<\/title>\n<meta name=\"robots\" content=\"index, follow, max-snippet:-1, max-image-preview:large, max-video-preview:-1\" \/>\n<link rel=\"canonical\" href=\"https:\/\/www.prijedordanas.com\/?p=238805\" \/>\n<meta property=\"og:locale\" content=\"en_US\" \/>\n<meta property=\"og:type\" content=\"article\" \/>\n<meta property=\"og:title\" content=\"Mogu\u0107 prekid nastave u Republici Srpskoj - PrijedorDanas.com - Prijedorski gradski portal\" \/>\n<meta property=\"og:description\" content=\"Ministarstvo prosvjete i kulture Republike Srpske zatra\u017eilo je informacije od osnovnih i srednjih \u0161kola u Srpskoj da li je ote\u017eano odvijanje nastave zbog snijega od jutros koji pada i koji [&hellip;]\" \/>\n<meta property=\"og:url\" content=\"https:\/\/www.prijedordanas.com\/?p=238805\" \/>\n<meta property=\"og:site_name\" content=\"PrijedorDanas.com - Prijedorski gradski portal\" \/>\n<meta property=\"article:publisher\" content=\"https:\/\/www.facebook.com\/PrijedorDanasCom\/\" \/>\n<meta property=\"article:published_time\" content=\"2024-12-23T10:51:59+00:00\" \/>\n<meta property=\"og:image\" content=\"https:\/\/www.prijedordanas.com\/wp-content\/uploads\/2018\/10\/ilustracija-djaci-300x231.jpg\" \/>\n<meta name=\"author\" content=\"admin\" \/>\n<meta name=\"twitter:card\" content=\"summary_large_image\" \/>\n<meta name=\"twitter:label1\" content=\"Written by\" \/>\n\t<meta name=\"twitter:data1\" content=\"admin\" \/>\n<script type=\"application\/ld+json\" class=\"yoast-schema-graph\">{\"@context\":\"https:\/\/schema.org\",\"@graph\":[{\"@type\":\"Article\",\"@id\":\"https:\/\/www.prijedordanas.com\/?p=238805#article\",\"isPartOf\":{\"@id\":\"https:\/\/www.prijedordanas.com\/?p=238805\"},\"author\":{\"name\":\"admin\",\"@id\":\"https:\/\/www.prijedordanas.com\/#\/schema\/person\/4e08ccf29b506ca916ff86d46bb700e6\"},\"headline\":\"Mogu\u0107 prekid nastave u Republici Srpskoj\",\"datePublished\":\"2024-12-23T10:51:59+00:00\",\"dateModified\":\"2024-12-23T10:51:59+00:00\",\"mainEntityOfPage\":{\"@id\":\"https:\/\/www.prijedordanas.com\/?p=238805\"},\"wordCount\":227,\"publisher\":{\"@id\":\"https:\/\/www.prijedordanas.com\/#organization\"},\"articleSection\":[\"Mladi\"],\"inLanguage\":\"en-US\"},{\"@type\":\"WebPage\",\"@id\":\"https:\/\/www.prijedordanas.com\/?p=238805\",\"url\":\"https:\/\/www.prijedordanas.com\/?p=238805\",\"name\":\"Mogu\u0107 prekid nastave u Republici Srpskoj - PrijedorDanas.com - Prijedorski gradski portal\",\"isPartOf\":{\"@id\":\"https:\/\/www.prijedordanas.com\/#website\"},\"datePublished\":\"2024-12-23T10:51:59+00:00\",\"dateModified\":\"2024-12-23T10:51:59+00:00\",\"breadcrumb\":{\"@id\":\"https:\/\/www.prijedordanas.com\/?p=238805#breadcrumb\"},\"inLanguage\":\"en-US\",\"potentialAction\":[{\"@type\":\"ReadAction\",\"target\":[\"https:\/\/www.prijedordanas.com\/?p=238805\"]}]},{\"@type\":\"BreadcrumbList\",\"@id\":\"https:\/\/www.prijedordanas.com\/?p=238805#breadcrumb\",\"itemListElement\":[{\"@type\":\"ListItem\",\"position\":1,\"name\":\"Home\",\"item\":\"https:\/\/www.prijedordanas.com\/\"},{\"@type\":\"ListItem\",\"position\":2,\"name\":\"Mogu\u0107 prekid nastave u Republici Srpskoj\"}]},{\"@type\":\"WebSite\",\"@id\":\"https:\/\/www.prijedordanas.com\/#website\",\"url\":\"https:\/\/www.prijedordanas.com\/\",\"name\":\"PrijedorDanas.com - Prijedorski gradski portal\",\"description\":\"Portal o doga\u0111anjima u gradu Prijedoru\",\"publisher\":{\"@id\":\"https:\/\/www.prijedordanas.com\/#organization\"},\"potentialAction\":[{\"@type\":\"SearchAction\",\"target\":{\"@type\":\"EntryPoint\",\"urlTemplate\":\"https:\/\/www.prijedordanas.com\/?s={search_term_string}\"},\"query-input\":\"required name=search_term_string\"}],\"inLanguage\":\"en-US\"},{\"@type\":\"Organization\",\"@id\":\"https:\/\/www.prijedordanas.com\/#organization\",\"name\":\"PrijedorDanas.com\",\"url\":\"https:\/\/www.prijedordanas.com\/\",\"logo\":{\"@type\":\"ImageObject\",\"inLanguage\":\"en-US\",\"@id\":\"https:\/\/www.prijedordanas.com\/#\/schema\/logo\/image\/\",\"url\":\"http:\/\/www.prijedordanas.com\/wp-content\/uploads\/2021\/12\/logopng.png\",\"contentUrl\":\"http:\/\/www.prijedordanas.com\/wp-content\/uploads\/2021\/12\/logopng.png\",\"width\":1019,\"height\":776,\"caption\":\"PrijedorDanas.com\"},\"image\":{\"@id\":\"https:\/\/www.prijedordanas.com\/#\/schema\/logo\/image\/\"},\"sameAs\":[\"https:\/\/www.facebook.com\/PrijedorDanasCom\/\"]},{\"@type\":\"Person\",\"@id\":\"https:\/\/www.prijedordanas.com\/#\/schema\/person\/4e08ccf29b506ca916ff86d46bb700e6\",\"name\":\"admin\",\"image\":{\"@type\":\"ImageObject\",\"inLanguage\":\"en-US\",\"@id\":\"https:\/\/www.prijedordanas.com\/#\/schema\/person\/image\/\",\"url\":\"https:\/\/secure.gravatar.com\/avatar\/1d3fc949d550f0b53a5f0d51e06dfd79?s=96&d=mm&r=g\",\"contentUrl\":\"https:\/\/secure.gravatar.com\/avatar\/1d3fc949d550f0b53a5f0d51e06dfd79?s=96&d=mm&r=g\",\"caption\":\"admin\"},\"url\":\"https:\/\/www.prijedordanas.com\/?author=1\"}]}<\/script>\n<!-- \/ Yoast SEO plugin. -->","yoast_head_json":{"title":"Mogu\u0107 prekid nastave u Republici Srpskoj - PrijedorDanas.com - Prijedorski gradski portal","robots":{"index":"index","follow":"follow","max-snippet":"max-snippet:-1","max-image-preview":"max-image-preview:large","max-video-preview":"max-video-preview:-1"},"canonical":"https:\/\/www.prijedordanas.com\/?p=238805","og_locale":"en_US","og_type":"article","og_title":"Mogu\u0107 prekid nastave u Republici Srpskoj - PrijedorDanas.com - Prijedorski gradski portal","og_description":"Ministarstvo prosvjete i kulture Republike Srpske zatra\u017eilo je informacije od osnovnih i srednjih \u0161kola u Srpskoj da li je ote\u017eano odvijanje nastave zbog snijega od jutros koji pada i koji [&hellip;]","og_url":"https:\/\/www.prijedordanas.com\/?p=238805","og_site_name":"PrijedorDanas.com - Prijedorski gradski portal","article_publisher":"https:\/\/www.facebook.com\/PrijedorDanasCom\/","article_published_time":"2024-12-23T10:51:59+00:00","og_image":[{"url":"https:\/\/www.prijedordanas.com\/wp-content\/uploads\/2018\/10\/ilustracija-djaci-300x231.jpg"}],"author":"admin","twitter_card":"summary_large_image","twitter_misc":{"Written by":"admin"},"schema":{"@context":"https:\/\/schema.org","@graph":[{"@type":"Article","@id":"https:\/\/www.prijedordanas.com\/?p=238805#article","isPartOf":{"@id":"https:\/\/www.prijedordanas.com\/?p=238805"},"author":{"name":"admin","@id":"https:\/\/www.prijedordanas.com\/#\/schema\/person\/4e08ccf29b506ca916ff86d46bb700e6"},"headline":"Mogu\u0107 prekid nastave u Republici Srpskoj","datePublished":"2024-12-23T10:51:59+00:00","dateModified":"2024-12-23T10:51:59+00:00","mainEntityOfPage":{"@id":"https:\/\/www.prijedordanas.com\/?p=238805"},"wordCount":227,"publisher":{"@id":"https:\/\/www.prijedordanas.com\/#organization"},"articleSection":["Mladi"],"inLanguage":"en-US"},{"@type":"WebPage","@id":"https:\/\/www.prijedordanas.com\/?p=238805","url":"https:\/\/www.prijedordanas.com\/?p=238805","name":"Mogu\u0107 prekid nastave u Republici Srpskoj - PrijedorDanas.com - Prijedorski gradski portal","isPartOf":{"@id":"https:\/\/www.prijedordanas.com\/#website"},"datePublished":"2024-12-23T10:51:59+00:00","dateModified":"2024-12-23T10:51:59+00:00","breadcrumb":{"@id":"https:\/\/www.prijedordanas.com\/?p=238805#breadcrumb"},"inLanguage":"en-US","potentialAction":[{"@type":"ReadAction","target":["https:\/\/www.prijedordanas.com\/?p=238805"]}]},{"@type":"BreadcrumbList","@id":"https:\/\/www.prijedordanas.com\/?p=238805#breadcrumb","itemListElement":[{"@type":"ListItem","position":1,"name":"Home","item":"https:\/\/www.prijedordanas.com\/"},{"@type":"ListItem","position":2,"name":"Mogu\u0107 prekid nastave u Republici Srpskoj"}]},{"@type":"WebSite","@id":"https:\/\/www.prijedordanas.com\/#website","url":"https:\/\/www.prijedordanas.com\/","name":"PrijedorDanas.com - Prijedorski gradski portal","description":"Portal o doga\u0111anjima u gradu Prijedoru","publisher":{"@id":"https:\/\/www.prijedordanas.com\/#organization"},"potentialAction":[{"@type":"SearchAction","target":{"@type":"EntryPoint","urlTemplate":"https:\/\/www.prijedordanas.com\/?s={search_term_string}"},"query-input":"required name=search_term_string"}],"inLanguage":"en-US"},{"@type":"Organization","@id":"https:\/\/www.prijedordanas.com\/#organization","name":"PrijedorDanas.com","url":"https:\/\/www.prijedordanas.com\/","logo":{"@type":"ImageObject","inLanguage":"en-US","@id":"https:\/\/www.prijedordanas.com\/#\/schema\/logo\/image\/","url":"http:\/\/www.prijedordanas.com\/wp-content\/uploads\/2021\/12\/logopng.png","contentUrl":"http:\/\/www.prijedordanas.com\/wp-content\/uploads\/2021\/12\/logopng.png","width":1019,"height":776,"caption":"PrijedorDanas.com"},"image":{"@id":"https:\/\/www.prijedordanas.com\/#\/schema\/logo\/image\/"},"sameAs":["https:\/\/www.facebook.com\/PrijedorDanasCom\/"]},{"@type":"Person","@id":"https:\/\/www.prijedordanas.com\/#\/schema\/person\/4e08ccf29b506ca916ff86d46bb700e6","name":"admin","image":{"@type":"ImageObject","inLanguage":"en-US","@id":"https:\/\/www.prijedordanas.com\/#\/schema\/person\/image\/","url":"https:\/\/secure.gravatar.com\/avatar\/1d3fc949d550f0b53a5f0d51e06dfd79?s=96&d=mm&r=g","contentUrl":"https:\/\/secure.gravatar.com\/avatar\/1d3fc949d550f0b53a5f0d51e06dfd79?s=96&d=mm&r=g","caption":"admin"},"url":"https:\/\/www.prijedordanas.com\/?author=1"}]}},"_links":{"self":[{"href":"https:\/\/www.prijedordanas.com\/index.php?rest_route=\/wp\/v2\/posts\/238805"}],"collection":[{"href":"https:\/\/www.prijedordanas.com\/index.php?rest_route=\/wp\/v2\/posts"}],"about":[{"href":"https:\/\/www.prijedordanas.com\/index.php?rest_route=\/wp\/v2\/types\/post"}],"author":[{"embeddable":true,"href":"https:\/\/www.prijedordanas.com\/index.php?rest_route=\/wp\/v2\/users\/1"}],"replies":[{"embeddable":true,"href":"https:\/\/www.prijedordanas.com\/index.php?rest_route=%2Fwp%2Fv2%2Fcomments&post=238805"}],"version-history":[{"count":1,"href":"https:\/\/www.prijedordanas.com\/index.php?rest_route=\/wp\/v2\/posts\/238805\/revisions"}],"predecessor-version":[{"id":238806,"href":"https:\/\/www.prijedordanas.com\/index.php?rest_route=\/wp\/v2\/posts\/238805\/revisions\/238806"}],"wp:attachment":[{"href":"https:\/\/www.prijedordanas.com\/index.php?rest_route=%2Fwp%2Fv2%2Fmedia&parent=238805"}],"wp:term":[{"taxonomy":"category","embeddable":true,"href":"https:\/\/www.prijedordanas.com\/index.php?rest_route=%2Fwp%2Fv2%2Fcategories&post=238805"},{"taxonomy":"post_tag","embeddable":true,"href":"https:\/\/www.prijedordanas.com\/index.php?rest_route=%2Fwp%2Fv2%2Ftags&post=238805"}],"curies":[{"name":"wp","href":"https:\/\/api.w.org\/{rel}","templated":true}]}}