{"id":238425,"date":"2024-12-15T17:10:06","date_gmt":"2024-12-15T16:10:06","guid":{"rendered":"https:\/\/www.prijedordanas.com\/?p=238425"},"modified":"2024-12-15T17:11:34","modified_gmt":"2024-12-15T16:11:34","slug":"prijedor-udruzenje-slovenaca-lipa-organizovalo-tradicionalnu-bozicnu-zabavu","status":"publish","type":"post","link":"https:\/\/www.prijedordanas.com\/?p=238425","title":{"rendered":"Prijedor: Udru\u017eenje Slovenaca &#8220;Lipa&#8221; organizovalo tradicionalnu bo\u017ei\u0107nu zabavu"},"content":{"rendered":"<p><a href=\"https:\/\/www.prijedordanas.com\/wp-content\/uploads\/2024\/12\/kozarski-udruzenje-slovenaca-lipa-bozicni-koncert.jpg\"><img loading=\"lazy\" decoding=\"async\" src=\"https:\/\/www.prijedordanas.com\/wp-content\/uploads\/2024\/12\/kozarski-udruzenje-slovenaca-lipa-bozicni-koncert-300x225.jpg\" alt=\"\" width=\"300\" height=\"225\" class=\"alignleft size-medium wp-image-238426\" srcset=\"https:\/\/www.prijedordanas.com\/wp-content\/uploads\/2024\/12\/kozarski-udruzenje-slovenaca-lipa-bozicni-koncert-300x225.jpg 300w, https:\/\/www.prijedordanas.com\/wp-content\/uploads\/2024\/12\/kozarski-udruzenje-slovenaca-lipa-bozicni-koncert-640x480.jpg 640w, https:\/\/www.prijedordanas.com\/wp-content\/uploads\/2024\/12\/kozarski-udruzenje-slovenaca-lipa-bozicni-koncert.jpg 667w\" sizes=\"(max-width: 300px) 100vw, 300px\" \/><\/a>U Prijedoru je u Kinu \u201eKozara\u201c zapo\u010delo obilje\u017eavanje 27. godina rada Udru\u017eenja Slovenaca \u201eLipa\u201c.<\/p>\n<p>Obilje\u017eilo se i 20 godina rada na radio emisiji na slovena\u010dkom jeziku, te dvije decenije saradnje sa op\u0161tinom Bovec iz Slovenije.<\/p>\n<p>Predsjednica Udru\u017eenja Slovenaca \u201eLipa\u201c Alenka Udu\u010d je istakla da se ve\u010deras odr\u017eava i 27. po redu bo\u017ei\u0107na zabava.<\/p>\n<p>\u201eVe\u010deras u Kinu \u201eKozara\u201c \u0107ete vidjeti ne\u0161to iz na\u0161e radio emisije i predstavi\u0107e se mu\u0161ki hor iz Bovca.Priznanja \u0107emo dodijeliti na bo\u017ei\u0107noj zabavi u Prijedoru\u201c, istakla je Udu\u010d.<\/p>\n<p>Dr Zvone \u017digon zamjenik ambasadora Republike Slovenije u BiH je istakao da su Slovenci koji \u017eive u drugim biv\u0161im jugoslovenskim republikama most izme\u0111u tih zajednica i matice Slovenije.<\/p>\n<p>\u201eVeseli me \u0161to je ovo Udru\u017eenje uspje\u0161no, dobili su i nove prostore za rad ovdje u Prijedoru.Kultura ne samo da hrani etni\u010dki identitet kod naprimjer Slovenaca u Prijedoru, nego je kultura ono \u0161to spaja narode, koja je most isto kao Slovenci sami\u201c, rekao je dr \u017digon.<\/p>\n<p>On je rekao da Ambasada Slovenije pru\u017ea zna\u010dajnu moralnu podr\u0161ku. <\/p>\n<p>Zna\u010dajno je i \u0161to se djeca slovena\u010dkog porijekla u\u010de slovena\u010dkom jeziku. <\/p>\n<p>Po njegovim rije\u010dima u BiH ima vi\u0161e od 5. 000 Slovenaca koji imaju slovena\u010dke korijene.<\/p>\n<p><a href=\"https:\/\/kozarski.com\/udruzenje-slovenaca-lipa-organizovalo-tradicionalnu-bozicnu-zabavu\/\" rel=\"noopener\" target=\"_blank\">kozarski.com<\/a><\/p>\n","protected":false},"excerpt":{"rendered":"<p>U Prijedoru je u Kinu \u201eKozara\u201c zapo\u010delo obilje\u017eavanje 27. godina rada Udru\u017eenja Slovenaca \u201eLipa\u201c. Obilje\u017eilo se i 20 godina rada na radio emisiji na slovena\u010dkom jeziku, te dvije decenije saradnje [&hellip;]<\/p>\n","protected":false},"author":1,"featured_media":0,"comment_status":"closed","ping_status":"open","sticky":false,"template":"","format":"standard","meta":{"_monsterinsights_skip_tracking":false,"_monsterinsights_sitenote_active":false,"_monsterinsights_sitenote_note":"","_monsterinsights_sitenote_category":0,"footnotes":""},"categories":[8],"tags":[],"yoast_head":"<!-- This site is optimized with the Yoast SEO plugin v21.6 - https:\/\/yoast.com\/wordpress\/plugins\/seo\/ -->\n<title>Prijedor: Udru\u017eenje Slovenaca &quot;Lipa&quot; organizovalo tradicionalnu bo\u017ei\u0107nu zabavu - PrijedorDanas.com - Prijedorski gradski portal<\/title>\n<meta name=\"robots\" content=\"index, follow, max-snippet:-1, max-image-preview:large, max-video-preview:-1\" \/>\n<link rel=\"canonical\" href=\"https:\/\/www.prijedordanas.com\/?p=238425\" \/>\n<meta property=\"og:locale\" content=\"en_US\" \/>\n<meta property=\"og:type\" content=\"article\" \/>\n<meta property=\"og:title\" content=\"Prijedor: Udru\u017eenje Slovenaca &quot;Lipa&quot; organizovalo tradicionalnu bo\u017ei\u0107nu zabavu - PrijedorDanas.com - Prijedorski gradski portal\" \/>\n<meta property=\"og:description\" content=\"U Prijedoru je u Kinu \u201eKozara\u201c zapo\u010delo obilje\u017eavanje 27. godina rada Udru\u017eenja Slovenaca \u201eLipa\u201c. Obilje\u017eilo se i 20 godina rada na radio emisiji na slovena\u010dkom jeziku, te dvije decenije saradnje [&hellip;]\" \/>\n<meta property=\"og:url\" content=\"https:\/\/www.prijedordanas.com\/?p=238425\" \/>\n<meta property=\"og:site_name\" content=\"PrijedorDanas.com - Prijedorski gradski portal\" \/>\n<meta property=\"article:publisher\" content=\"https:\/\/www.facebook.com\/PrijedorDanasCom\/\" \/>\n<meta property=\"article:published_time\" content=\"2024-12-15T16:10:06+00:00\" \/>\n<meta property=\"article:modified_time\" content=\"2024-12-15T16:11:34+00:00\" \/>\n<meta property=\"og:image\" content=\"https:\/\/www.prijedordanas.com\/wp-content\/uploads\/2024\/12\/kozarski-udruzenje-slovenaca-lipa-bozicni-koncert-300x225.jpg\" \/>\n<meta name=\"author\" content=\"admin\" \/>\n<meta name=\"twitter:card\" content=\"summary_large_image\" \/>\n<meta name=\"twitter:label1\" content=\"Written by\" \/>\n\t<meta name=\"twitter:data1\" content=\"admin\" \/>\n\t<meta name=\"twitter:label2\" content=\"Est. reading time\" \/>\n\t<meta name=\"twitter:data2\" content=\"2 minutes\" \/>\n<script type=\"application\/ld+json\" class=\"yoast-schema-graph\">{\"@context\":\"https:\/\/schema.org\",\"@graph\":[{\"@type\":\"Article\",\"@id\":\"https:\/\/www.prijedordanas.com\/?p=238425#article\",\"isPartOf\":{\"@id\":\"https:\/\/www.prijedordanas.com\/?p=238425\"},\"author\":{\"name\":\"admin\",\"@id\":\"https:\/\/www.prijedordanas.com\/#\/schema\/person\/4e08ccf29b506ca916ff86d46bb700e6\"},\"headline\":\"Prijedor: Udru\u017eenje Slovenaca &#8220;Lipa&#8221; organizovalo tradicionalnu bo\u017ei\u0107nu zabavu\",\"datePublished\":\"2024-12-15T16:10:06+00:00\",\"dateModified\":\"2024-12-15T16:11:34+00:00\",\"mainEntityOfPage\":{\"@id\":\"https:\/\/www.prijedordanas.com\/?p=238425\"},\"wordCount\":234,\"publisher\":{\"@id\":\"https:\/\/www.prijedordanas.com\/#organization\"},\"articleSection\":[\"Svakodnevno\"],\"inLanguage\":\"en-US\"},{\"@type\":\"WebPage\",\"@id\":\"https:\/\/www.prijedordanas.com\/?p=238425\",\"url\":\"https:\/\/www.prijedordanas.com\/?p=238425\",\"name\":\"Prijedor: Udru\u017eenje Slovenaca \\\"Lipa\\\" organizovalo tradicionalnu bo\u017ei\u0107nu zabavu - PrijedorDanas.com - Prijedorski gradski portal\",\"isPartOf\":{\"@id\":\"https:\/\/www.prijedordanas.com\/#website\"},\"datePublished\":\"2024-12-15T16:10:06+00:00\",\"dateModified\":\"2024-12-15T16:11:34+00:00\",\"breadcrumb\":{\"@id\":\"https:\/\/www.prijedordanas.com\/?p=238425#breadcrumb\"},\"inLanguage\":\"en-US\",\"potentialAction\":[{\"@type\":\"ReadAction\",\"target\":[\"https:\/\/www.prijedordanas.com\/?p=238425\"]}]},{\"@type\":\"BreadcrumbList\",\"@id\":\"https:\/\/www.prijedordanas.com\/?p=238425#breadcrumb\",\"itemListElement\":[{\"@type\":\"ListItem\",\"position\":1,\"name\":\"Home\",\"item\":\"https:\/\/www.prijedordanas.com\/\"},{\"@type\":\"ListItem\",\"position\":2,\"name\":\"Prijedor: Udru\u017eenje Slovenaca &#8220;Lipa&#8221; organizovalo tradicionalnu bo\u017ei\u0107nu zabavu\"}]},{\"@type\":\"WebSite\",\"@id\":\"https:\/\/www.prijedordanas.com\/#website\",\"url\":\"https:\/\/www.prijedordanas.com\/\",\"name\":\"PrijedorDanas.com - Prijedorski gradski portal\",\"description\":\"Portal o doga\u0111anjima u gradu Prijedoru\",\"publisher\":{\"@id\":\"https:\/\/www.prijedordanas.com\/#organization\"},\"potentialAction\":[{\"@type\":\"SearchAction\",\"target\":{\"@type\":\"EntryPoint\",\"urlTemplate\":\"https:\/\/www.prijedordanas.com\/?s={search_term_string}\"},\"query-input\":\"required name=search_term_string\"}],\"inLanguage\":\"en-US\"},{\"@type\":\"Organization\",\"@id\":\"https:\/\/www.prijedordanas.com\/#organization\",\"name\":\"PrijedorDanas.com\",\"url\":\"https:\/\/www.prijedordanas.com\/\",\"logo\":{\"@type\":\"ImageObject\",\"inLanguage\":\"en-US\",\"@id\":\"https:\/\/www.prijedordanas.com\/#\/schema\/logo\/image\/\",\"url\":\"http:\/\/www.prijedordanas.com\/wp-content\/uploads\/2021\/12\/logopng.png\",\"contentUrl\":\"http:\/\/www.prijedordanas.com\/wp-content\/uploads\/2021\/12\/logopng.png\",\"width\":1019,\"height\":776,\"caption\":\"PrijedorDanas.com\"},\"image\":{\"@id\":\"https:\/\/www.prijedordanas.com\/#\/schema\/logo\/image\/\"},\"sameAs\":[\"https:\/\/www.facebook.com\/PrijedorDanasCom\/\"]},{\"@type\":\"Person\",\"@id\":\"https:\/\/www.prijedordanas.com\/#\/schema\/person\/4e08ccf29b506ca916ff86d46bb700e6\",\"name\":\"admin\",\"image\":{\"@type\":\"ImageObject\",\"inLanguage\":\"en-US\",\"@id\":\"https:\/\/www.prijedordanas.com\/#\/schema\/person\/image\/\",\"url\":\"https:\/\/secure.gravatar.com\/avatar\/1d3fc949d550f0b53a5f0d51e06dfd79?s=96&d=mm&r=g\",\"contentUrl\":\"https:\/\/secure.gravatar.com\/avatar\/1d3fc949d550f0b53a5f0d51e06dfd79?s=96&d=mm&r=g\",\"caption\":\"admin\"},\"url\":\"https:\/\/www.prijedordanas.com\/?author=1\"}]}<\/script>\n<!-- \/ Yoast SEO plugin. -->","yoast_head_json":{"title":"Prijedor: Udru\u017eenje Slovenaca \"Lipa\" organizovalo tradicionalnu bo\u017ei\u0107nu zabavu - PrijedorDanas.com - Prijedorski gradski portal","robots":{"index":"index","follow":"follow","max-snippet":"max-snippet:-1","max-image-preview":"max-image-preview:large","max-video-preview":"max-video-preview:-1"},"canonical":"https:\/\/www.prijedordanas.com\/?p=238425","og_locale":"en_US","og_type":"article","og_title":"Prijedor: Udru\u017eenje Slovenaca \"Lipa\" organizovalo tradicionalnu bo\u017ei\u0107nu zabavu - PrijedorDanas.com - Prijedorski gradski portal","og_description":"U Prijedoru je u Kinu \u201eKozara\u201c zapo\u010delo obilje\u017eavanje 27. godina rada Udru\u017eenja Slovenaca \u201eLipa\u201c. Obilje\u017eilo se i 20 godina rada na radio emisiji na slovena\u010dkom jeziku, te dvije decenije saradnje [&hellip;]","og_url":"https:\/\/www.prijedordanas.com\/?p=238425","og_site_name":"PrijedorDanas.com - Prijedorski gradski portal","article_publisher":"https:\/\/www.facebook.com\/PrijedorDanasCom\/","article_published_time":"2024-12-15T16:10:06+00:00","article_modified_time":"2024-12-15T16:11:34+00:00","og_image":[{"url":"https:\/\/www.prijedordanas.com\/wp-content\/uploads\/2024\/12\/kozarski-udruzenje-slovenaca-lipa-bozicni-koncert-300x225.jpg"}],"author":"admin","twitter_card":"summary_large_image","twitter_misc":{"Written by":"admin","Est. reading time":"2 minutes"},"schema":{"@context":"https:\/\/schema.org","@graph":[{"@type":"Article","@id":"https:\/\/www.prijedordanas.com\/?p=238425#article","isPartOf":{"@id":"https:\/\/www.prijedordanas.com\/?p=238425"},"author":{"name":"admin","@id":"https:\/\/www.prijedordanas.com\/#\/schema\/person\/4e08ccf29b506ca916ff86d46bb700e6"},"headline":"Prijedor: Udru\u017eenje Slovenaca &#8220;Lipa&#8221; organizovalo tradicionalnu bo\u017ei\u0107nu zabavu","datePublished":"2024-12-15T16:10:06+00:00","dateModified":"2024-12-15T16:11:34+00:00","mainEntityOfPage":{"@id":"https:\/\/www.prijedordanas.com\/?p=238425"},"wordCount":234,"publisher":{"@id":"https:\/\/www.prijedordanas.com\/#organization"},"articleSection":["Svakodnevno"],"inLanguage":"en-US"},{"@type":"WebPage","@id":"https:\/\/www.prijedordanas.com\/?p=238425","url":"https:\/\/www.prijedordanas.com\/?p=238425","name":"Prijedor: Udru\u017eenje Slovenaca \"Lipa\" organizovalo tradicionalnu bo\u017ei\u0107nu zabavu - PrijedorDanas.com - Prijedorski gradski portal","isPartOf":{"@id":"https:\/\/www.prijedordanas.com\/#website"},"datePublished":"2024-12-15T16:10:06+00:00","dateModified":"2024-12-15T16:11:34+00:00","breadcrumb":{"@id":"https:\/\/www.prijedordanas.com\/?p=238425#breadcrumb"},"inLanguage":"en-US","potentialAction":[{"@type":"ReadAction","target":["https:\/\/www.prijedordanas.com\/?p=238425"]}]},{"@type":"BreadcrumbList","@id":"https:\/\/www.prijedordanas.com\/?p=238425#breadcrumb","itemListElement":[{"@type":"ListItem","position":1,"name":"Home","item":"https:\/\/www.prijedordanas.com\/"},{"@type":"ListItem","position":2,"name":"Prijedor: Udru\u017eenje Slovenaca &#8220;Lipa&#8221; organizovalo tradicionalnu bo\u017ei\u0107nu zabavu"}]},{"@type":"WebSite","@id":"https:\/\/www.prijedordanas.com\/#website","url":"https:\/\/www.prijedordanas.com\/","name":"PrijedorDanas.com - Prijedorski gradski portal","description":"Portal o doga\u0111anjima u gradu Prijedoru","publisher":{"@id":"https:\/\/www.prijedordanas.com\/#organization"},"potentialAction":[{"@type":"SearchAction","target":{"@type":"EntryPoint","urlTemplate":"https:\/\/www.prijedordanas.com\/?s={search_term_string}"},"query-input":"required name=search_term_string"}],"inLanguage":"en-US"},{"@type":"Organization","@id":"https:\/\/www.prijedordanas.com\/#organization","name":"PrijedorDanas.com","url":"https:\/\/www.prijedordanas.com\/","logo":{"@type":"ImageObject","inLanguage":"en-US","@id":"https:\/\/www.prijedordanas.com\/#\/schema\/logo\/image\/","url":"http:\/\/www.prijedordanas.com\/wp-content\/uploads\/2021\/12\/logopng.png","contentUrl":"http:\/\/www.prijedordanas.com\/wp-content\/uploads\/2021\/12\/logopng.png","width":1019,"height":776,"caption":"PrijedorDanas.com"},"image":{"@id":"https:\/\/www.prijedordanas.com\/#\/schema\/logo\/image\/"},"sameAs":["https:\/\/www.facebook.com\/PrijedorDanasCom\/"]},{"@type":"Person","@id":"https:\/\/www.prijedordanas.com\/#\/schema\/person\/4e08ccf29b506ca916ff86d46bb700e6","name":"admin","image":{"@type":"ImageObject","inLanguage":"en-US","@id":"https:\/\/www.prijedordanas.com\/#\/schema\/person\/image\/","url":"https:\/\/secure.gravatar.com\/avatar\/1d3fc949d550f0b53a5f0d51e06dfd79?s=96&d=mm&r=g","contentUrl":"https:\/\/secure.gravatar.com\/avatar\/1d3fc949d550f0b53a5f0d51e06dfd79?s=96&d=mm&r=g","caption":"admin"},"url":"https:\/\/www.prijedordanas.com\/?author=1"}]}},"_links":{"self":[{"href":"https:\/\/www.prijedordanas.com\/index.php?rest_route=\/wp\/v2\/posts\/238425"}],"collection":[{"href":"https:\/\/www.prijedordanas.com\/index.php?rest_route=\/wp\/v2\/posts"}],"about":[{"href":"https:\/\/www.prijedordanas.com\/index.php?rest_route=\/wp\/v2\/types\/post"}],"author":[{"embeddable":true,"href":"https:\/\/www.prijedordanas.com\/index.php?rest_route=\/wp\/v2\/users\/1"}],"replies":[{"embeddable":true,"href":"https:\/\/www.prijedordanas.com\/index.php?rest_route=%2Fwp%2Fv2%2Fcomments&post=238425"}],"version-history":[{"count":3,"href":"https:\/\/www.prijedordanas.com\/index.php?rest_route=\/wp\/v2\/posts\/238425\/revisions"}],"predecessor-version":[{"id":238429,"href":"https:\/\/www.prijedordanas.com\/index.php?rest_route=\/wp\/v2\/posts\/238425\/revisions\/238429"}],"wp:attachment":[{"href":"https:\/\/www.prijedordanas.com\/index.php?rest_route=%2Fwp%2Fv2%2Fmedia&parent=238425"}],"wp:term":[{"taxonomy":"category","embeddable":true,"href":"https:\/\/www.prijedordanas.com\/index.php?rest_route=%2Fwp%2Fv2%2Fcategories&post=238425"},{"taxonomy":"post_tag","embeddable":true,"href":"https:\/\/www.prijedordanas.com\/index.php?rest_route=%2Fwp%2Fv2%2Ftags&post=238425"}],"curies":[{"name":"wp","href":"https:\/\/api.w.org\/{rel}","templated":true}]}}