{"id":238350,"date":"2024-12-13T14:37:09","date_gmt":"2024-12-13T13:37:09","guid":{"rendered":"https:\/\/www.prijedordanas.com\/?p=238350"},"modified":"2024-12-13T14:37:09","modified_gmt":"2024-12-13T13:37:09","slug":"osnovni-sud-prijedor-nastavljen-glavni-pretres-na-sudenju-ljekaru-optuzenom-za-nesavjesno-lijecenje","status":"publish","type":"post","link":"https:\/\/www.prijedordanas.com\/?p=238350","title":{"rendered":"Osnovni sud Prijedor: Nastavljen glavni pretres na su\u0111enju ljekaru optu\u017eenom za nesavjesno lije\u010denje"},"content":{"rendered":"<p><a href=\"https:\/\/www.prijedordanas.com\/wp-content\/uploads\/2020\/12\/osnovni-sud-prijedor-decembar-2020.jpg\"><img loading=\"lazy\" decoding=\"async\" class=\"alignleft size-medium wp-image-159469\" src=\"https:\/\/www.prijedordanas.com\/wp-content\/uploads\/2020\/12\/osnovni-sud-prijedor-decembar-2020-300x225.jpg\" alt=\"\" width=\"300\" height=\"225\" srcset=\"https:\/\/www.prijedordanas.com\/wp-content\/uploads\/2020\/12\/osnovni-sud-prijedor-decembar-2020-300x225.jpg 300w, https:\/\/www.prijedordanas.com\/wp-content\/uploads\/2020\/12\/osnovni-sud-prijedor-decembar-2020-640x480.jpg 640w, https:\/\/www.prijedordanas.com\/wp-content\/uploads\/2020\/12\/osnovni-sud-prijedor-decembar-2020.jpg 667w\" sizes=\"(max-width: 300px) 100vw, 300px\" \/><\/a>U Osnovnom sudu u Prijedoru danas je nastavljen glavni pretres u krivi\u010dnom postupku protiv ljekara prijedorske bolnice Predraga Stojnic\u0301a optu\u017eenog za nesavjesno pru\u017eanje ljekarske pomoc\u0301i.<\/p>\n<p>Danas su saslu\u0161ani svjedoci Dragan Plav\u0161ic\u0301, u vrijeme predmetnog doga\u0111aja vi\u0161i radiolo\u0161ki tehni\u010dar u prijedorskoj bolnici, te Ranko Grbic\u0301, medicinski tehni\u010dar te ustanove.<\/p>\n<p>Glavni pretres nastavlja se 23. decembra kada c\u0301e biti saslu\u0161ani sudski vje\u0161taci \u017deljko Karan, patolog, i Veselka Bjelakovic\u0301, specijalista op\u0161te medicine.<\/p>\n<p>Postupak vodi sudsko vijec\u0301e u sastavu predsjednik Zoran Milojica i \u010dlanovi Tanja Mugo\u0161a i Harun Samard\u017eic\u0301.<\/p>\n<p>Okru\u017eno javno tu\u017eila\u0161tvo u Prijedoru zastupa tu\u017eilac Samir Zuparevic\u0301, a optu\u017eenog Stojnic\u0301a brani advokatica Vesna Rujevic\u0301.<\/p>\n<p>Su\u0111enje je po\u010delo 13. marta 2023. godine kada se Stojnic\u0301 izjasnio da nije kriv za krivi\u010dno djelo koje mu se stavlja na teret. Okru\u017eno javno tu\u017eila\u0161tvo Prijedor optu\u017eilo je Stojnic\u0301a da je 25. avgusta 2019. godine, kao de\u017eurni ljekar u bolnici \u201eDr Mladen Stojanovic\u0301\u201c Prijedor, u\u010dinio propuste u dijagnostici i terapijskom postupku u medicinskom tretmanu o\u0161tec\u0301ene J.D. koja je povrije\u0111ena u saobrac\u0301ajnoj nezgodi.<\/p>\n<p>Kako stoji u optu\u017enici, on nije obavio dijagnosti\u010dke pretrage u vidu CT snimanja glave i mozga, te RTG i CT snimanje grudnog ko\u0161a \u010dime bi se vidjeli prelomi kostiju, glave, nagnje\u010denja mozga i krvarenje unutar lobanje \u0161upljine, te masivni prelomi rebara i klju\u010dne kosti kao i nagnje\u010dina pluc\u0301a.<\/p>\n<p>Pacijentkinja je upuc\u0301ena na odjel psihijatrije gdje joj se zbog povreda, neadekvatne dijagnostike i neadekvatnog lije\u010denja stanje pogor\u0161alo, a 26. avgusta 2019. u 23.30 \u010dasova je umrla.<\/p>\n<p>\u010clanom 197. Krivi\u010dnog zakonika Republike Srpske propisana je kazna zatvora od jedne do osam godina ako je krivi\u010dno djelo nesavjesno pru\u017eanje ljekarske pomoc\u0301i po\u010dinjeno iz nehata, a nastupila smrt jednog ili vi\u0161e lica.<\/p>\n<p>Tekst \u2013 <a href=\"https:\/\/www.prijedordanas.com\" target=\"_blank\" rel=\"noopener noreferrer\">www.prijedordanas.com<\/a><br \/>\nFoto &#8211; ilustracija<\/p>\n","protected":false},"excerpt":{"rendered":"<p>U Osnovnom sudu u Prijedoru danas je nastavljen glavni pretres u krivi\u010dnom postupku protiv ljekara prijedorske bolnice Predraga Stojnic\u0301a optu\u017eenog za nesavjesno pru\u017eanje ljekarske pomoc\u0301i. Danas su saslu\u0161ani svjedoci Dragan [&hellip;]<\/p>\n","protected":false},"author":1,"featured_media":0,"comment_status":"closed","ping_status":"open","sticky":false,"template":"","format":"standard","meta":{"_monsterinsights_skip_tracking":false,"_monsterinsights_sitenote_active":false,"_monsterinsights_sitenote_note":"","_monsterinsights_sitenote_category":0,"footnotes":""},"categories":[5],"tags":[],"yoast_head":"<!-- This site is optimized with the Yoast SEO plugin v21.6 - https:\/\/yoast.com\/wordpress\/plugins\/seo\/ -->\n<title>Osnovni sud Prijedor: Nastavljen glavni pretres na su\u0111enju ljekaru optu\u017eenom za nesavjesno lije\u010denje - PrijedorDanas.com - Prijedorski gradski portal<\/title>\n<meta name=\"robots\" content=\"index, follow, max-snippet:-1, max-image-preview:large, max-video-preview:-1\" \/>\n<link rel=\"canonical\" href=\"https:\/\/www.prijedordanas.com\/?p=238350\" \/>\n<meta property=\"og:locale\" content=\"en_US\" \/>\n<meta property=\"og:type\" content=\"article\" \/>\n<meta property=\"og:title\" content=\"Osnovni sud Prijedor: Nastavljen glavni pretres na su\u0111enju ljekaru optu\u017eenom za nesavjesno lije\u010denje - PrijedorDanas.com - Prijedorski gradski portal\" \/>\n<meta property=\"og:description\" content=\"U Osnovnom sudu u Prijedoru danas je nastavljen glavni pretres u krivi\u010dnom postupku protiv ljekara prijedorske bolnice Predraga Stojnic\u0301a optu\u017eenog za nesavjesno pru\u017eanje ljekarske pomoc\u0301i. Danas su saslu\u0161ani svjedoci Dragan [&hellip;]\" \/>\n<meta property=\"og:url\" content=\"https:\/\/www.prijedordanas.com\/?p=238350\" \/>\n<meta property=\"og:site_name\" content=\"PrijedorDanas.com - Prijedorski gradski portal\" \/>\n<meta property=\"article:publisher\" content=\"https:\/\/www.facebook.com\/PrijedorDanasCom\/\" \/>\n<meta property=\"article:published_time\" content=\"2024-12-13T13:37:09+00:00\" \/>\n<meta property=\"og:image\" content=\"https:\/\/www.prijedordanas.com\/wp-content\/uploads\/2020\/12\/osnovni-sud-prijedor-decembar-2020-300x225.jpg\" \/>\n<meta name=\"author\" content=\"admin\" \/>\n<meta name=\"twitter:card\" content=\"summary_large_image\" \/>\n<meta name=\"twitter:label1\" content=\"Written by\" \/>\n\t<meta name=\"twitter:data1\" content=\"admin\" \/>\n\t<meta name=\"twitter:label2\" content=\"Est. reading time\" \/>\n\t<meta name=\"twitter:data2\" content=\"2 minutes\" \/>\n<script type=\"application\/ld+json\" class=\"yoast-schema-graph\">{\"@context\":\"https:\/\/schema.org\",\"@graph\":[{\"@type\":\"Article\",\"@id\":\"https:\/\/www.prijedordanas.com\/?p=238350#article\",\"isPartOf\":{\"@id\":\"https:\/\/www.prijedordanas.com\/?p=238350\"},\"author\":{\"name\":\"admin\",\"@id\":\"https:\/\/www.prijedordanas.com\/#\/schema\/person\/4e08ccf29b506ca916ff86d46bb700e6\"},\"headline\":\"Osnovni sud Prijedor: Nastavljen glavni pretres na su\u0111enju ljekaru optu\u017eenom za nesavjesno lije\u010denje\",\"datePublished\":\"2024-12-13T13:37:09+00:00\",\"dateModified\":\"2024-12-13T13:37:09+00:00\",\"mainEntityOfPage\":{\"@id\":\"https:\/\/www.prijedordanas.com\/?p=238350\"},\"wordCount\":342,\"publisher\":{\"@id\":\"https:\/\/www.prijedordanas.com\/#organization\"},\"articleSection\":[\"Hronika\"],\"inLanguage\":\"en-US\"},{\"@type\":\"WebPage\",\"@id\":\"https:\/\/www.prijedordanas.com\/?p=238350\",\"url\":\"https:\/\/www.prijedordanas.com\/?p=238350\",\"name\":\"Osnovni sud Prijedor: Nastavljen glavni pretres na su\u0111enju ljekaru optu\u017eenom za nesavjesno lije\u010denje - PrijedorDanas.com - Prijedorski gradski portal\",\"isPartOf\":{\"@id\":\"https:\/\/www.prijedordanas.com\/#website\"},\"datePublished\":\"2024-12-13T13:37:09+00:00\",\"dateModified\":\"2024-12-13T13:37:09+00:00\",\"breadcrumb\":{\"@id\":\"https:\/\/www.prijedordanas.com\/?p=238350#breadcrumb\"},\"inLanguage\":\"en-US\",\"potentialAction\":[{\"@type\":\"ReadAction\",\"target\":[\"https:\/\/www.prijedordanas.com\/?p=238350\"]}]},{\"@type\":\"BreadcrumbList\",\"@id\":\"https:\/\/www.prijedordanas.com\/?p=238350#breadcrumb\",\"itemListElement\":[{\"@type\":\"ListItem\",\"position\":1,\"name\":\"Home\",\"item\":\"https:\/\/www.prijedordanas.com\/\"},{\"@type\":\"ListItem\",\"position\":2,\"name\":\"Osnovni sud Prijedor: Nastavljen glavni pretres na su\u0111enju ljekaru optu\u017eenom za nesavjesno lije\u010denje\"}]},{\"@type\":\"WebSite\",\"@id\":\"https:\/\/www.prijedordanas.com\/#website\",\"url\":\"https:\/\/www.prijedordanas.com\/\",\"name\":\"PrijedorDanas.com - Prijedorski gradski portal\",\"description\":\"Portal o doga\u0111anjima u gradu Prijedoru\",\"publisher\":{\"@id\":\"https:\/\/www.prijedordanas.com\/#organization\"},\"potentialAction\":[{\"@type\":\"SearchAction\",\"target\":{\"@type\":\"EntryPoint\",\"urlTemplate\":\"https:\/\/www.prijedordanas.com\/?s={search_term_string}\"},\"query-input\":\"required name=search_term_string\"}],\"inLanguage\":\"en-US\"},{\"@type\":\"Organization\",\"@id\":\"https:\/\/www.prijedordanas.com\/#organization\",\"name\":\"PrijedorDanas.com\",\"url\":\"https:\/\/www.prijedordanas.com\/\",\"logo\":{\"@type\":\"ImageObject\",\"inLanguage\":\"en-US\",\"@id\":\"https:\/\/www.prijedordanas.com\/#\/schema\/logo\/image\/\",\"url\":\"http:\/\/www.prijedordanas.com\/wp-content\/uploads\/2021\/12\/logopng.png\",\"contentUrl\":\"http:\/\/www.prijedordanas.com\/wp-content\/uploads\/2021\/12\/logopng.png\",\"width\":1019,\"height\":776,\"caption\":\"PrijedorDanas.com\"},\"image\":{\"@id\":\"https:\/\/www.prijedordanas.com\/#\/schema\/logo\/image\/\"},\"sameAs\":[\"https:\/\/www.facebook.com\/PrijedorDanasCom\/\"]},{\"@type\":\"Person\",\"@id\":\"https:\/\/www.prijedordanas.com\/#\/schema\/person\/4e08ccf29b506ca916ff86d46bb700e6\",\"name\":\"admin\",\"image\":{\"@type\":\"ImageObject\",\"inLanguage\":\"en-US\",\"@id\":\"https:\/\/www.prijedordanas.com\/#\/schema\/person\/image\/\",\"url\":\"https:\/\/secure.gravatar.com\/avatar\/1d3fc949d550f0b53a5f0d51e06dfd79?s=96&d=mm&r=g\",\"contentUrl\":\"https:\/\/secure.gravatar.com\/avatar\/1d3fc949d550f0b53a5f0d51e06dfd79?s=96&d=mm&r=g\",\"caption\":\"admin\"},\"url\":\"https:\/\/www.prijedordanas.com\/?author=1\"}]}<\/script>\n<!-- \/ Yoast SEO plugin. -->","yoast_head_json":{"title":"Osnovni sud Prijedor: Nastavljen glavni pretres na su\u0111enju ljekaru optu\u017eenom za nesavjesno lije\u010denje - PrijedorDanas.com - Prijedorski gradski portal","robots":{"index":"index","follow":"follow","max-snippet":"max-snippet:-1","max-image-preview":"max-image-preview:large","max-video-preview":"max-video-preview:-1"},"canonical":"https:\/\/www.prijedordanas.com\/?p=238350","og_locale":"en_US","og_type":"article","og_title":"Osnovni sud Prijedor: Nastavljen glavni pretres na su\u0111enju ljekaru optu\u017eenom za nesavjesno lije\u010denje - PrijedorDanas.com - Prijedorski gradski portal","og_description":"U Osnovnom sudu u Prijedoru danas je nastavljen glavni pretres u krivi\u010dnom postupku protiv ljekara prijedorske bolnice Predraga Stojnic\u0301a optu\u017eenog za nesavjesno pru\u017eanje ljekarske pomoc\u0301i. Danas su saslu\u0161ani svjedoci Dragan [&hellip;]","og_url":"https:\/\/www.prijedordanas.com\/?p=238350","og_site_name":"PrijedorDanas.com - Prijedorski gradski portal","article_publisher":"https:\/\/www.facebook.com\/PrijedorDanasCom\/","article_published_time":"2024-12-13T13:37:09+00:00","og_image":[{"url":"https:\/\/www.prijedordanas.com\/wp-content\/uploads\/2020\/12\/osnovni-sud-prijedor-decembar-2020-300x225.jpg"}],"author":"admin","twitter_card":"summary_large_image","twitter_misc":{"Written by":"admin","Est. reading time":"2 minutes"},"schema":{"@context":"https:\/\/schema.org","@graph":[{"@type":"Article","@id":"https:\/\/www.prijedordanas.com\/?p=238350#article","isPartOf":{"@id":"https:\/\/www.prijedordanas.com\/?p=238350"},"author":{"name":"admin","@id":"https:\/\/www.prijedordanas.com\/#\/schema\/person\/4e08ccf29b506ca916ff86d46bb700e6"},"headline":"Osnovni sud Prijedor: Nastavljen glavni pretres na su\u0111enju ljekaru optu\u017eenom za nesavjesno lije\u010denje","datePublished":"2024-12-13T13:37:09+00:00","dateModified":"2024-12-13T13:37:09+00:00","mainEntityOfPage":{"@id":"https:\/\/www.prijedordanas.com\/?p=238350"},"wordCount":342,"publisher":{"@id":"https:\/\/www.prijedordanas.com\/#organization"},"articleSection":["Hronika"],"inLanguage":"en-US"},{"@type":"WebPage","@id":"https:\/\/www.prijedordanas.com\/?p=238350","url":"https:\/\/www.prijedordanas.com\/?p=238350","name":"Osnovni sud Prijedor: Nastavljen glavni pretres na su\u0111enju ljekaru optu\u017eenom za nesavjesno lije\u010denje - PrijedorDanas.com - Prijedorski gradski portal","isPartOf":{"@id":"https:\/\/www.prijedordanas.com\/#website"},"datePublished":"2024-12-13T13:37:09+00:00","dateModified":"2024-12-13T13:37:09+00:00","breadcrumb":{"@id":"https:\/\/www.prijedordanas.com\/?p=238350#breadcrumb"},"inLanguage":"en-US","potentialAction":[{"@type":"ReadAction","target":["https:\/\/www.prijedordanas.com\/?p=238350"]}]},{"@type":"BreadcrumbList","@id":"https:\/\/www.prijedordanas.com\/?p=238350#breadcrumb","itemListElement":[{"@type":"ListItem","position":1,"name":"Home","item":"https:\/\/www.prijedordanas.com\/"},{"@type":"ListItem","position":2,"name":"Osnovni sud Prijedor: Nastavljen glavni pretres na su\u0111enju ljekaru optu\u017eenom za nesavjesno lije\u010denje"}]},{"@type":"WebSite","@id":"https:\/\/www.prijedordanas.com\/#website","url":"https:\/\/www.prijedordanas.com\/","name":"PrijedorDanas.com - Prijedorski gradski portal","description":"Portal o doga\u0111anjima u gradu Prijedoru","publisher":{"@id":"https:\/\/www.prijedordanas.com\/#organization"},"potentialAction":[{"@type":"SearchAction","target":{"@type":"EntryPoint","urlTemplate":"https:\/\/www.prijedordanas.com\/?s={search_term_string}"},"query-input":"required name=search_term_string"}],"inLanguage":"en-US"},{"@type":"Organization","@id":"https:\/\/www.prijedordanas.com\/#organization","name":"PrijedorDanas.com","url":"https:\/\/www.prijedordanas.com\/","logo":{"@type":"ImageObject","inLanguage":"en-US","@id":"https:\/\/www.prijedordanas.com\/#\/schema\/logo\/image\/","url":"http:\/\/www.prijedordanas.com\/wp-content\/uploads\/2021\/12\/logopng.png","contentUrl":"http:\/\/www.prijedordanas.com\/wp-content\/uploads\/2021\/12\/logopng.png","width":1019,"height":776,"caption":"PrijedorDanas.com"},"image":{"@id":"https:\/\/www.prijedordanas.com\/#\/schema\/logo\/image\/"},"sameAs":["https:\/\/www.facebook.com\/PrijedorDanasCom\/"]},{"@type":"Person","@id":"https:\/\/www.prijedordanas.com\/#\/schema\/person\/4e08ccf29b506ca916ff86d46bb700e6","name":"admin","image":{"@type":"ImageObject","inLanguage":"en-US","@id":"https:\/\/www.prijedordanas.com\/#\/schema\/person\/image\/","url":"https:\/\/secure.gravatar.com\/avatar\/1d3fc949d550f0b53a5f0d51e06dfd79?s=96&d=mm&r=g","contentUrl":"https:\/\/secure.gravatar.com\/avatar\/1d3fc949d550f0b53a5f0d51e06dfd79?s=96&d=mm&r=g","caption":"admin"},"url":"https:\/\/www.prijedordanas.com\/?author=1"}]}},"_links":{"self":[{"href":"https:\/\/www.prijedordanas.com\/index.php?rest_route=\/wp\/v2\/posts\/238350"}],"collection":[{"href":"https:\/\/www.prijedordanas.com\/index.php?rest_route=\/wp\/v2\/posts"}],"about":[{"href":"https:\/\/www.prijedordanas.com\/index.php?rest_route=\/wp\/v2\/types\/post"}],"author":[{"embeddable":true,"href":"https:\/\/www.prijedordanas.com\/index.php?rest_route=\/wp\/v2\/users\/1"}],"replies":[{"embeddable":true,"href":"https:\/\/www.prijedordanas.com\/index.php?rest_route=%2Fwp%2Fv2%2Fcomments&post=238350"}],"version-history":[{"count":1,"href":"https:\/\/www.prijedordanas.com\/index.php?rest_route=\/wp\/v2\/posts\/238350\/revisions"}],"predecessor-version":[{"id":238351,"href":"https:\/\/www.prijedordanas.com\/index.php?rest_route=\/wp\/v2\/posts\/238350\/revisions\/238351"}],"wp:attachment":[{"href":"https:\/\/www.prijedordanas.com\/index.php?rest_route=%2Fwp%2Fv2%2Fmedia&parent=238350"}],"wp:term":[{"taxonomy":"category","embeddable":true,"href":"https:\/\/www.prijedordanas.com\/index.php?rest_route=%2Fwp%2Fv2%2Fcategories&post=238350"},{"taxonomy":"post_tag","embeddable":true,"href":"https:\/\/www.prijedordanas.com\/index.php?rest_route=%2Fwp%2Fv2%2Ftags&post=238350"}],"curies":[{"name":"wp","href":"https:\/\/api.w.org\/{rel}","templated":true}]}}