{"id":23832,"date":"2015-06-06T09:39:40","date_gmt":"2015-06-06T08:39:40","guid":{"rendered":"https:\/\/www.prijedordanas.com\/?p=23832"},"modified":"2015-06-06T09:39:40","modified_gmt":"2015-06-06T08:39:40","slug":"humanitarna-priredba-budi-mi-prijatelj-prijedorskih-osnovaca-foto","status":"publish","type":"post","link":"https:\/\/www.prijedordanas.com\/?p=23832","title":{"rendered":"HUMANITARNA PRIREDBA \u201eBUDI MI PRIJATELJ\u201c PRIJEDORSKIH OSNOVACA &#8211; FOTO"},"content":{"rendered":"<p><a href=\"https:\/\/www.prijedordanas.com\/wp-content\/uploads\/2015\/06\/budi-mi-prijatelj-1.jpg\"><img loading=\"lazy\" decoding=\"async\" class=\"alignleft size-medium wp-image-23833\" src=\"https:\/\/www.prijedordanas.com\/wp-content\/uploads\/2015\/06\/budi-mi-prijatelj-1-300x160.jpg\" alt=\"budi mi prijatelj (1)\" width=\"300\" height=\"160\" srcset=\"https:\/\/www.prijedordanas.com\/wp-content\/uploads\/2015\/06\/budi-mi-prijatelj-1-300x160.jpg 300w, https:\/\/www.prijedordanas.com\/wp-content\/uploads\/2015\/06\/budi-mi-prijatelj-1.jpg 1000w\" sizes=\"(max-width: 300px) 100vw, 300px\" \/><\/a>U\u010denici 10 osnovnih \u0161kola sa podru\u010dja grada Prijedora, priredili su u Pozori\u0161tu Prijedor humanitarnu priredbu \u201eBudi mi prijatelj\u201c.<\/p>\n<p>Organizator ove tradicionalne manifestacije, koja je u na\u0161em gradu odr\u017eana po \u0161esti put bio je Aktiv nastavnika srpskog jezika osnovnih \u0161kola sa podru\u010dja Prijedora.<\/p>\n<p>Na priredbi su svi prisutni mogli da vide \u010dlanove dramskih, recitatorskih, folklornih, plesnih i drugih sekcija iz prijedorskih osnovnih \u0161kola \u201eJovan Du\u010di\u0107\u201c Lamovita, \u201eVuk Karad\u017ei\u0107\u201c Omarska, \u201e\u0106irilo i Metodije\u201c Trnopolje, \u201eMladen Stojanovi\u0107\u201c Ljubija, \u201eBranko Radi\u010devi\u0107\u201c Petrovo, \u201eJovan Cviji\u0107\u201c Brezi\u010dani te \u201eDesanka Maksimovi\u0107\u201c, \u201ePetar Ko\u010di\u0107\u201c, \u201eDositej Obradovi\u0107\u201c, Branko \u0106opi\u0107\u201c iz Prijedora.<\/p>\n<p>Ulaznice za ovaj humanitarni koncert su ko\u0161tale 3 KM i sve su prodate, a ostvareni prihod je namijenjen kao pomo\u0107 za Nikolinu Dragojevi\u0107 iz Osnovne \u0161kole \u201ePetar Ko\u010di\u0107\u201c koja ima autoimunu bolest i ozbiljne zdravstvene probleme.<\/p>\n<p>Ukoliko i Vi \u017eelite svojom donacijom da pomognete lije\u010denje mlade Prijedor\u010danke mo\u017eete se obratiti direktorici O\u0160 \u201ePetar Ko\u010di\u0107\u201c Gorani Bosan\u010di\u0107 za vi\u0161e informacija.<\/p>\n<p>Tekst i foto \u2013 Aleksandar Drakuli\u0107 \u2013 <a href=\"www.prijedordanas.com\" target=\"_blank\">www.prijedordanas.com<\/a><\/p>\n<p><a href=\"https:\/\/www.prijedordanas.com\/wp-content\/uploads\/2015\/06\/budi-mi-prijatelj-2.jpg\"><img loading=\"lazy\" decoding=\"async\" class=\"alignleft size-medium wp-image-23834\" src=\"https:\/\/www.prijedordanas.com\/wp-content\/uploads\/2015\/06\/budi-mi-prijatelj-2-300x199.jpg\" alt=\"budi mi prijatelj (2)\" width=\"300\" height=\"199\" srcset=\"https:\/\/www.prijedordanas.com\/wp-content\/uploads\/2015\/06\/budi-mi-prijatelj-2-300x199.jpg 300w, https:\/\/www.prijedordanas.com\/wp-content\/uploads\/2015\/06\/budi-mi-prijatelj-2-150x100.jpg 150w, https:\/\/www.prijedordanas.com\/wp-content\/uploads\/2015\/06\/budi-mi-prijatelj-2-200x133.jpg 200w, https:\/\/www.prijedordanas.com\/wp-content\/uploads\/2015\/06\/budi-mi-prijatelj-2-250x166.jpg 250w, https:\/\/www.prijedordanas.com\/wp-content\/uploads\/2015\/06\/budi-mi-prijatelj-2-480x320.jpg 480w, https:\/\/www.prijedordanas.com\/wp-content\/uploads\/2015\/06\/budi-mi-prijatelj-2.jpg 600w\" sizes=\"(max-width: 300px) 100vw, 300px\" \/><\/a> <a href=\"https:\/\/www.prijedordanas.com\/wp-content\/uploads\/2015\/06\/budi-mi-prijatelj-3.jpg\"><img loading=\"lazy\" decoding=\"async\" class=\"alignleft size-medium wp-image-23835\" src=\"https:\/\/www.prijedordanas.com\/wp-content\/uploads\/2015\/06\/budi-mi-prijatelj-3-300x199.jpg\" alt=\"budi mi prijatelj (3)\" width=\"300\" height=\"199\" srcset=\"https:\/\/www.prijedordanas.com\/wp-content\/uploads\/2015\/06\/budi-mi-prijatelj-3-300x199.jpg 300w, https:\/\/www.prijedordanas.com\/wp-content\/uploads\/2015\/06\/budi-mi-prijatelj-3-150x100.jpg 150w, https:\/\/www.prijedordanas.com\/wp-content\/uploads\/2015\/06\/budi-mi-prijatelj-3-200x133.jpg 200w, https:\/\/www.prijedordanas.com\/wp-content\/uploads\/2015\/06\/budi-mi-prijatelj-3-250x166.jpg 250w, https:\/\/www.prijedordanas.com\/wp-content\/uploads\/2015\/06\/budi-mi-prijatelj-3-480x320.jpg 480w, https:\/\/www.prijedordanas.com\/wp-content\/uploads\/2015\/06\/budi-mi-prijatelj-3.jpg 600w\" sizes=\"(max-width: 300px) 100vw, 300px\" \/><\/a> <a href=\"https:\/\/www.prijedordanas.com\/wp-content\/uploads\/2015\/06\/budi-mi-prijatelj-4.jpg\"><img loading=\"lazy\" decoding=\"async\" class=\"alignleft size-medium wp-image-23836\" src=\"https:\/\/www.prijedordanas.com\/wp-content\/uploads\/2015\/06\/budi-mi-prijatelj-4-300x199.jpg\" alt=\"budi mi prijatelj (4)\" width=\"300\" height=\"199\" srcset=\"https:\/\/www.prijedordanas.com\/wp-content\/uploads\/2015\/06\/budi-mi-prijatelj-4-300x199.jpg 300w, https:\/\/www.prijedordanas.com\/wp-content\/uploads\/2015\/06\/budi-mi-prijatelj-4-150x100.jpg 150w, https:\/\/www.prijedordanas.com\/wp-content\/uploads\/2015\/06\/budi-mi-prijatelj-4-200x133.jpg 200w, https:\/\/www.prijedordanas.com\/wp-content\/uploads\/2015\/06\/budi-mi-prijatelj-4-250x166.jpg 250w, https:\/\/www.prijedordanas.com\/wp-content\/uploads\/2015\/06\/budi-mi-prijatelj-4-480x320.jpg 480w, https:\/\/www.prijedordanas.com\/wp-content\/uploads\/2015\/06\/budi-mi-prijatelj-4.jpg 600w\" sizes=\"(max-width: 300px) 100vw, 300px\" \/><\/a> <a href=\"https:\/\/www.prijedordanas.com\/wp-content\/uploads\/2015\/06\/budi-mi-prijatelj-5.jpg\"><img loading=\"lazy\" decoding=\"async\" class=\"alignleft size-medium wp-image-23837\" src=\"https:\/\/www.prijedordanas.com\/wp-content\/uploads\/2015\/06\/budi-mi-prijatelj-5-300x199.jpg\" alt=\"budi mi prijatelj (5)\" width=\"300\" height=\"199\" srcset=\"https:\/\/www.prijedordanas.com\/wp-content\/uploads\/2015\/06\/budi-mi-prijatelj-5-300x199.jpg 300w, https:\/\/www.prijedordanas.com\/wp-content\/uploads\/2015\/06\/budi-mi-prijatelj-5-150x100.jpg 150w, https:\/\/www.prijedordanas.com\/wp-content\/uploads\/2015\/06\/budi-mi-prijatelj-5-200x133.jpg 200w, https:\/\/www.prijedordanas.com\/wp-content\/uploads\/2015\/06\/budi-mi-prijatelj-5-250x166.jpg 250w, https:\/\/www.prijedordanas.com\/wp-content\/uploads\/2015\/06\/budi-mi-prijatelj-5-480x320.jpg 480w, https:\/\/www.prijedordanas.com\/wp-content\/uploads\/2015\/06\/budi-mi-prijatelj-5.jpg 600w\" sizes=\"(max-width: 300px) 100vw, 300px\" \/><\/a> <a href=\"https:\/\/www.prijedordanas.com\/wp-content\/uploads\/2015\/06\/budi-mi-prijatelj-6.jpg\"><img loading=\"lazy\" decoding=\"async\" class=\"alignleft size-medium wp-image-23838\" src=\"https:\/\/www.prijedordanas.com\/wp-content\/uploads\/2015\/06\/budi-mi-prijatelj-6-300x199.jpg\" alt=\"budi mi prijatelj (6)\" width=\"300\" height=\"199\" srcset=\"https:\/\/www.prijedordanas.com\/wp-content\/uploads\/2015\/06\/budi-mi-prijatelj-6-300x199.jpg 300w, https:\/\/www.prijedordanas.com\/wp-content\/uploads\/2015\/06\/budi-mi-prijatelj-6-150x100.jpg 150w, https:\/\/www.prijedordanas.com\/wp-content\/uploads\/2015\/06\/budi-mi-prijatelj-6-200x133.jpg 200w, https:\/\/www.prijedordanas.com\/wp-content\/uploads\/2015\/06\/budi-mi-prijatelj-6-250x166.jpg 250w, https:\/\/www.prijedordanas.com\/wp-content\/uploads\/2015\/06\/budi-mi-prijatelj-6-480x320.jpg 480w, https:\/\/www.prijedordanas.com\/wp-content\/uploads\/2015\/06\/budi-mi-prijatelj-6.jpg 600w\" sizes=\"(max-width: 300px) 100vw, 300px\" \/><\/a> <a href=\"https:\/\/www.prijedordanas.com\/wp-content\/uploads\/2015\/06\/budi-mi-prijatelj-7.jpg\"><img loading=\"lazy\" decoding=\"async\" class=\"alignleft size-medium wp-image-23839\" src=\"https:\/\/www.prijedordanas.com\/wp-content\/uploads\/2015\/06\/budi-mi-prijatelj-7-300x199.jpg\" alt=\"budi mi prijatelj (7)\" width=\"300\" height=\"199\" srcset=\"https:\/\/www.prijedordanas.com\/wp-content\/uploads\/2015\/06\/budi-mi-prijatelj-7-300x199.jpg 300w, https:\/\/www.prijedordanas.com\/wp-content\/uploads\/2015\/06\/budi-mi-prijatelj-7-150x100.jpg 150w, https:\/\/www.prijedordanas.com\/wp-content\/uploads\/2015\/06\/budi-mi-prijatelj-7-200x133.jpg 200w, https:\/\/www.prijedordanas.com\/wp-content\/uploads\/2015\/06\/budi-mi-prijatelj-7-250x166.jpg 250w, https:\/\/www.prijedordanas.com\/wp-content\/uploads\/2015\/06\/budi-mi-prijatelj-7-480x320.jpg 480w, https:\/\/www.prijedordanas.com\/wp-content\/uploads\/2015\/06\/budi-mi-prijatelj-7.jpg 600w\" sizes=\"(max-width: 300px) 100vw, 300px\" \/><\/a> <a href=\"https:\/\/www.prijedordanas.com\/wp-content\/uploads\/2015\/06\/budi-mi-prijatelj-8.jpg\"><img loading=\"lazy\" decoding=\"async\" class=\"alignleft size-medium wp-image-23840\" src=\"https:\/\/www.prijedordanas.com\/wp-content\/uploads\/2015\/06\/budi-mi-prijatelj-8-300x199.jpg\" alt=\"budi mi prijatelj (8)\" width=\"300\" height=\"199\" srcset=\"https:\/\/www.prijedordanas.com\/wp-content\/uploads\/2015\/06\/budi-mi-prijatelj-8-300x199.jpg 300w, https:\/\/www.prijedordanas.com\/wp-content\/uploads\/2015\/06\/budi-mi-prijatelj-8-150x100.jpg 150w, https:\/\/www.prijedordanas.com\/wp-content\/uploads\/2015\/06\/budi-mi-prijatelj-8-200x133.jpg 200w, https:\/\/www.prijedordanas.com\/wp-content\/uploads\/2015\/06\/budi-mi-prijatelj-8-250x166.jpg 250w, https:\/\/www.prijedordanas.com\/wp-content\/uploads\/2015\/06\/budi-mi-prijatelj-8-480x320.jpg 480w, https:\/\/www.prijedordanas.com\/wp-content\/uploads\/2015\/06\/budi-mi-prijatelj-8.jpg 600w\" sizes=\"(max-width: 300px) 100vw, 300px\" \/><\/a> <a href=\"https:\/\/www.prijedordanas.com\/wp-content\/uploads\/2015\/06\/budi-mi-prijatelj-9.jpg\"><img loading=\"lazy\" decoding=\"async\" class=\"alignleft size-medium wp-image-23841\" src=\"https:\/\/www.prijedordanas.com\/wp-content\/uploads\/2015\/06\/budi-mi-prijatelj-9-300x199.jpg\" alt=\"budi mi prijatelj (9)\" width=\"300\" height=\"199\" srcset=\"https:\/\/www.prijedordanas.com\/wp-content\/uploads\/2015\/06\/budi-mi-prijatelj-9-300x199.jpg 300w, https:\/\/www.prijedordanas.com\/wp-content\/uploads\/2015\/06\/budi-mi-prijatelj-9-150x100.jpg 150w, https:\/\/www.prijedordanas.com\/wp-content\/uploads\/2015\/06\/budi-mi-prijatelj-9-200x133.jpg 200w, https:\/\/www.prijedordanas.com\/wp-content\/uploads\/2015\/06\/budi-mi-prijatelj-9-250x166.jpg 250w, https:\/\/www.prijedordanas.com\/wp-content\/uploads\/2015\/06\/budi-mi-prijatelj-9-480x320.jpg 480w, https:\/\/www.prijedordanas.com\/wp-content\/uploads\/2015\/06\/budi-mi-prijatelj-9.jpg 600w\" sizes=\"(max-width: 300px) 100vw, 300px\" \/><\/a> <a href=\"https:\/\/www.prijedordanas.com\/wp-content\/uploads\/2015\/06\/budi-mi-prijatelj-10.jpg\"><img loading=\"lazy\" decoding=\"async\" class=\"alignleft size-medium wp-image-23842\" src=\"https:\/\/www.prijedordanas.com\/wp-content\/uploads\/2015\/06\/budi-mi-prijatelj-10-300x199.jpg\" alt=\"budi mi prijatelj (10)\" width=\"300\" height=\"199\" srcset=\"https:\/\/www.prijedordanas.com\/wp-content\/uploads\/2015\/06\/budi-mi-prijatelj-10-300x199.jpg 300w, https:\/\/www.prijedordanas.com\/wp-content\/uploads\/2015\/06\/budi-mi-prijatelj-10-150x100.jpg 150w, https:\/\/www.prijedordanas.com\/wp-content\/uploads\/2015\/06\/budi-mi-prijatelj-10-200x133.jpg 200w, https:\/\/www.prijedordanas.com\/wp-content\/uploads\/2015\/06\/budi-mi-prijatelj-10-250x166.jpg 250w, https:\/\/www.prijedordanas.com\/wp-content\/uploads\/2015\/06\/budi-mi-prijatelj-10-480x320.jpg 480w, https:\/\/www.prijedordanas.com\/wp-content\/uploads\/2015\/06\/budi-mi-prijatelj-10.jpg 600w\" sizes=\"(max-width: 300px) 100vw, 300px\" \/><\/a> <a href=\"https:\/\/www.prijedordanas.com\/wp-content\/uploads\/2015\/06\/budi-mi-prijatelj-11.jpg\"><img loading=\"lazy\" decoding=\"async\" class=\"alignleft size-medium wp-image-23843\" src=\"https:\/\/www.prijedordanas.com\/wp-content\/uploads\/2015\/06\/budi-mi-prijatelj-11-300x199.jpg\" alt=\"budi mi prijatelj (11)\" width=\"300\" height=\"199\" srcset=\"https:\/\/www.prijedordanas.com\/wp-content\/uploads\/2015\/06\/budi-mi-prijatelj-11-300x199.jpg 300w, https:\/\/www.prijedordanas.com\/wp-content\/uploads\/2015\/06\/budi-mi-prijatelj-11-150x100.jpg 150w, https:\/\/www.prijedordanas.com\/wp-content\/uploads\/2015\/06\/budi-mi-prijatelj-11-200x133.jpg 200w, https:\/\/www.prijedordanas.com\/wp-content\/uploads\/2015\/06\/budi-mi-prijatelj-11-250x166.jpg 250w, https:\/\/www.prijedordanas.com\/wp-content\/uploads\/2015\/06\/budi-mi-prijatelj-11-480x320.jpg 480w, https:\/\/www.prijedordanas.com\/wp-content\/uploads\/2015\/06\/budi-mi-prijatelj-11.jpg 600w\" sizes=\"(max-width: 300px) 100vw, 300px\" \/><\/a> <a href=\"https:\/\/www.prijedordanas.com\/wp-content\/uploads\/2015\/06\/budi-mi-prijatelj-12.jpg\"><img loading=\"lazy\" decoding=\"async\" class=\"alignleft size-medium wp-image-23844\" src=\"https:\/\/www.prijedordanas.com\/wp-content\/uploads\/2015\/06\/budi-mi-prijatelj-12-300x199.jpg\" alt=\"budi mi prijatelj (12)\" width=\"300\" height=\"199\" srcset=\"https:\/\/www.prijedordanas.com\/wp-content\/uploads\/2015\/06\/budi-mi-prijatelj-12-300x199.jpg 300w, https:\/\/www.prijedordanas.com\/wp-content\/uploads\/2015\/06\/budi-mi-prijatelj-12-150x100.jpg 150w, https:\/\/www.prijedordanas.com\/wp-content\/uploads\/2015\/06\/budi-mi-prijatelj-12-200x133.jpg 200w, https:\/\/www.prijedordanas.com\/wp-content\/uploads\/2015\/06\/budi-mi-prijatelj-12-250x166.jpg 250w, https:\/\/www.prijedordanas.com\/wp-content\/uploads\/2015\/06\/budi-mi-prijatelj-12-480x320.jpg 480w, https:\/\/www.prijedordanas.com\/wp-content\/uploads\/2015\/06\/budi-mi-prijatelj-12.jpg 600w\" sizes=\"(max-width: 300px) 100vw, 300px\" \/><\/a> <a href=\"https:\/\/www.prijedordanas.com\/wp-content\/uploads\/2015\/06\/budi-mi-prijatelj-13.jpg\"><img loading=\"lazy\" decoding=\"async\" class=\"alignleft size-medium wp-image-23845\" src=\"https:\/\/www.prijedordanas.com\/wp-content\/uploads\/2015\/06\/budi-mi-prijatelj-13-300x199.jpg\" alt=\"budi mi prijatelj (13)\" width=\"300\" height=\"199\" srcset=\"https:\/\/www.prijedordanas.com\/wp-content\/uploads\/2015\/06\/budi-mi-prijatelj-13-300x199.jpg 300w, https:\/\/www.prijedordanas.com\/wp-content\/uploads\/2015\/06\/budi-mi-prijatelj-13-150x100.jpg 150w, https:\/\/www.prijedordanas.com\/wp-content\/uploads\/2015\/06\/budi-mi-prijatelj-13-200x133.jpg 200w, https:\/\/www.prijedordanas.com\/wp-content\/uploads\/2015\/06\/budi-mi-prijatelj-13-250x166.jpg 250w, https:\/\/www.prijedordanas.com\/wp-content\/uploads\/2015\/06\/budi-mi-prijatelj-13-480x320.jpg 480w, https:\/\/www.prijedordanas.com\/wp-content\/uploads\/2015\/06\/budi-mi-prijatelj-13.jpg 600w\" sizes=\"(max-width: 300px) 100vw, 300px\" \/><\/a> <a href=\"https:\/\/www.prijedordanas.com\/wp-content\/uploads\/2015\/06\/budi-mi-prijatelj-14.jpg\"><img loading=\"lazy\" decoding=\"async\" class=\"alignleft size-medium wp-image-23846\" src=\"https:\/\/www.prijedordanas.com\/wp-content\/uploads\/2015\/06\/budi-mi-prijatelj-14-300x199.jpg\" alt=\"budi mi prijatelj (14)\" width=\"300\" height=\"199\" srcset=\"https:\/\/www.prijedordanas.com\/wp-content\/uploads\/2015\/06\/budi-mi-prijatelj-14-300x199.jpg 300w, https:\/\/www.prijedordanas.com\/wp-content\/uploads\/2015\/06\/budi-mi-prijatelj-14-150x100.jpg 150w, https:\/\/www.prijedordanas.com\/wp-content\/uploads\/2015\/06\/budi-mi-prijatelj-14-200x133.jpg 200w, https:\/\/www.prijedordanas.com\/wp-content\/uploads\/2015\/06\/budi-mi-prijatelj-14-250x166.jpg 250w, https:\/\/www.prijedordanas.com\/wp-content\/uploads\/2015\/06\/budi-mi-prijatelj-14-480x320.jpg 480w, https:\/\/www.prijedordanas.com\/wp-content\/uploads\/2015\/06\/budi-mi-prijatelj-14.jpg 600w\" sizes=\"(max-width: 300px) 100vw, 300px\" \/><\/a> <a href=\"https:\/\/www.prijedordanas.com\/wp-content\/uploads\/2015\/06\/budi-mi-prijatelj-15.jpg\"><img loading=\"lazy\" decoding=\"async\" class=\"alignleft size-medium wp-image-23847\" src=\"https:\/\/www.prijedordanas.com\/wp-content\/uploads\/2015\/06\/budi-mi-prijatelj-15-300x199.jpg\" alt=\"budi mi prijatelj (15)\" width=\"300\" height=\"199\" srcset=\"https:\/\/www.prijedordanas.com\/wp-content\/uploads\/2015\/06\/budi-mi-prijatelj-15-300x199.jpg 300w, https:\/\/www.prijedordanas.com\/wp-content\/uploads\/2015\/06\/budi-mi-prijatelj-15-150x100.jpg 150w, https:\/\/www.prijedordanas.com\/wp-content\/uploads\/2015\/06\/budi-mi-prijatelj-15-200x133.jpg 200w, https:\/\/www.prijedordanas.com\/wp-content\/uploads\/2015\/06\/budi-mi-prijatelj-15-250x166.jpg 250w, https:\/\/www.prijedordanas.com\/wp-content\/uploads\/2015\/06\/budi-mi-prijatelj-15-480x320.jpg 480w, https:\/\/www.prijedordanas.com\/wp-content\/uploads\/2015\/06\/budi-mi-prijatelj-15.jpg 600w\" sizes=\"(max-width: 300px) 100vw, 300px\" \/><\/a><\/p>\n","protected":false},"excerpt":{"rendered":"<p>U\u010denici 10 osnovnih \u0161kola sa podru\u010dja grada Prijedora, priredili su u Pozori\u0161tu Prijedor humanitarnu priredbu \u201eBudi mi prijatelj\u201c. Organizator ove tradicionalne manifestacije, koja je u na\u0161em gradu odr\u017eana po \u0161esti [&hellip;]<\/p>\n","protected":false},"author":1,"featured_media":0,"comment_status":"closed","ping_status":"open","sticky":false,"template":"","format":"standard","meta":{"_monsterinsights_skip_tracking":false,"_monsterinsights_sitenote_active":false,"_monsterinsights_sitenote_note":"","_monsterinsights_sitenote_category":0,"footnotes":""},"categories":[4],"tags":[1590,3812,861],"yoast_head":"<!-- This site is optimized with the Yoast SEO plugin v21.6 - https:\/\/yoast.com\/wordpress\/plugins\/seo\/ -->\n<title>HUMANITARNA PRIREDBA \u201eBUDI MI PRIJATELJ\u201c PRIJEDORSKIH OSNOVACA - FOTO - PrijedorDanas.com - Prijedorski gradski portal<\/title>\n<meta name=\"robots\" content=\"index, follow, max-snippet:-1, max-image-preview:large, max-video-preview:-1\" \/>\n<link rel=\"canonical\" href=\"https:\/\/www.prijedordanas.com\/?p=23832\" \/>\n<meta property=\"og:locale\" content=\"en_US\" \/>\n<meta property=\"og:type\" content=\"article\" \/>\n<meta property=\"og:title\" content=\"HUMANITARNA PRIREDBA \u201eBUDI MI PRIJATELJ\u201c PRIJEDORSKIH OSNOVACA - FOTO - PrijedorDanas.com - Prijedorski gradski portal\" \/>\n<meta property=\"og:description\" content=\"U\u010denici 10 osnovnih \u0161kola sa podru\u010dja grada Prijedora, priredili su u Pozori\u0161tu Prijedor humanitarnu priredbu \u201eBudi mi prijatelj\u201c. Organizator ove tradicionalne manifestacije, koja je u na\u0161em gradu odr\u017eana po \u0161esti [&hellip;]\" \/>\n<meta property=\"og:url\" content=\"https:\/\/www.prijedordanas.com\/?p=23832\" \/>\n<meta property=\"og:site_name\" content=\"PrijedorDanas.com - Prijedorski gradski portal\" \/>\n<meta property=\"article:publisher\" content=\"https:\/\/www.facebook.com\/PrijedorDanasCom\/\" \/>\n<meta property=\"article:published_time\" content=\"2015-06-06T08:39:40+00:00\" \/>\n<meta property=\"og:image\" content=\"https:\/\/www.prijedordanas.com\/wp-content\/uploads\/2015\/06\/budi-mi-prijatelj-1-300x160.jpg\" \/>\n<meta name=\"author\" content=\"admin\" \/>\n<meta name=\"twitter:card\" content=\"summary_large_image\" \/>\n<meta name=\"twitter:label1\" content=\"Written by\" \/>\n\t<meta name=\"twitter:data1\" content=\"admin\" \/>\n\t<meta name=\"twitter:label2\" content=\"Est. reading time\" \/>\n\t<meta name=\"twitter:data2\" content=\"1 minute\" \/>\n<script type=\"application\/ld+json\" class=\"yoast-schema-graph\">{\"@context\":\"https:\/\/schema.org\",\"@graph\":[{\"@type\":\"Article\",\"@id\":\"https:\/\/www.prijedordanas.com\/?p=23832#article\",\"isPartOf\":{\"@id\":\"https:\/\/www.prijedordanas.com\/?p=23832\"},\"author\":{\"name\":\"admin\",\"@id\":\"https:\/\/www.prijedordanas.com\/#\/schema\/person\/4e08ccf29b506ca916ff86d46bb700e6\"},\"headline\":\"HUMANITARNA PRIREDBA \u201eBUDI MI PRIJATELJ\u201c PRIJEDORSKIH OSNOVACA &#8211; FOTO\",\"datePublished\":\"2015-06-06T08:39:40+00:00\",\"dateModified\":\"2015-06-06T08:39:40+00:00\",\"mainEntityOfPage\":{\"@id\":\"https:\/\/www.prijedordanas.com\/?p=23832\"},\"wordCount\":185,\"publisher\":{\"@id\":\"https:\/\/www.prijedordanas.com\/#organization\"},\"keywords\":[\"Budi mi prijatelj\",\"Nikolina Dragojevi\u0107\",\"osnovci\"],\"articleSection\":[\"Dru\u0161tvo\"],\"inLanguage\":\"en-US\"},{\"@type\":\"WebPage\",\"@id\":\"https:\/\/www.prijedordanas.com\/?p=23832\",\"url\":\"https:\/\/www.prijedordanas.com\/?p=23832\",\"name\":\"HUMANITARNA PRIREDBA \u201eBUDI MI PRIJATELJ\u201c PRIJEDORSKIH OSNOVACA - FOTO - PrijedorDanas.com - Prijedorski gradski portal\",\"isPartOf\":{\"@id\":\"https:\/\/www.prijedordanas.com\/#website\"},\"datePublished\":\"2015-06-06T08:39:40+00:00\",\"dateModified\":\"2015-06-06T08:39:40+00:00\",\"breadcrumb\":{\"@id\":\"https:\/\/www.prijedordanas.com\/?p=23832#breadcrumb\"},\"inLanguage\":\"en-US\",\"potentialAction\":[{\"@type\":\"ReadAction\",\"target\":[\"https:\/\/www.prijedordanas.com\/?p=23832\"]}]},{\"@type\":\"BreadcrumbList\",\"@id\":\"https:\/\/www.prijedordanas.com\/?p=23832#breadcrumb\",\"itemListElement\":[{\"@type\":\"ListItem\",\"position\":1,\"name\":\"Home\",\"item\":\"https:\/\/www.prijedordanas.com\/\"},{\"@type\":\"ListItem\",\"position\":2,\"name\":\"HUMANITARNA PRIREDBA \u201eBUDI MI PRIJATELJ\u201c PRIJEDORSKIH OSNOVACA &#8211; FOTO\"}]},{\"@type\":\"WebSite\",\"@id\":\"https:\/\/www.prijedordanas.com\/#website\",\"url\":\"https:\/\/www.prijedordanas.com\/\",\"name\":\"PrijedorDanas.com - Prijedorski gradski portal\",\"description\":\"Portal o doga\u0111anjima u gradu Prijedoru\",\"publisher\":{\"@id\":\"https:\/\/www.prijedordanas.com\/#organization\"},\"potentialAction\":[{\"@type\":\"SearchAction\",\"target\":{\"@type\":\"EntryPoint\",\"urlTemplate\":\"https:\/\/www.prijedordanas.com\/?s={search_term_string}\"},\"query-input\":\"required name=search_term_string\"}],\"inLanguage\":\"en-US\"},{\"@type\":\"Organization\",\"@id\":\"https:\/\/www.prijedordanas.com\/#organization\",\"name\":\"PrijedorDanas.com\",\"url\":\"https:\/\/www.prijedordanas.com\/\",\"logo\":{\"@type\":\"ImageObject\",\"inLanguage\":\"en-US\",\"@id\":\"https:\/\/www.prijedordanas.com\/#\/schema\/logo\/image\/\",\"url\":\"http:\/\/www.prijedordanas.com\/wp-content\/uploads\/2021\/12\/logopng.png\",\"contentUrl\":\"http:\/\/www.prijedordanas.com\/wp-content\/uploads\/2021\/12\/logopng.png\",\"width\":1019,\"height\":776,\"caption\":\"PrijedorDanas.com\"},\"image\":{\"@id\":\"https:\/\/www.prijedordanas.com\/#\/schema\/logo\/image\/\"},\"sameAs\":[\"https:\/\/www.facebook.com\/PrijedorDanasCom\/\"]},{\"@type\":\"Person\",\"@id\":\"https:\/\/www.prijedordanas.com\/#\/schema\/person\/4e08ccf29b506ca916ff86d46bb700e6\",\"name\":\"admin\",\"image\":{\"@type\":\"ImageObject\",\"inLanguage\":\"en-US\",\"@id\":\"https:\/\/www.prijedordanas.com\/#\/schema\/person\/image\/\",\"url\":\"https:\/\/secure.gravatar.com\/avatar\/1d3fc949d550f0b53a5f0d51e06dfd79?s=96&d=mm&r=g\",\"contentUrl\":\"https:\/\/secure.gravatar.com\/avatar\/1d3fc949d550f0b53a5f0d51e06dfd79?s=96&d=mm&r=g\",\"caption\":\"admin\"},\"url\":\"https:\/\/www.prijedordanas.com\/?author=1\"}]}<\/script>\n<!-- \/ Yoast SEO plugin. -->","yoast_head_json":{"title":"HUMANITARNA PRIREDBA \u201eBUDI MI PRIJATELJ\u201c PRIJEDORSKIH OSNOVACA - FOTO - PrijedorDanas.com - Prijedorski gradski portal","robots":{"index":"index","follow":"follow","max-snippet":"max-snippet:-1","max-image-preview":"max-image-preview:large","max-video-preview":"max-video-preview:-1"},"canonical":"https:\/\/www.prijedordanas.com\/?p=23832","og_locale":"en_US","og_type":"article","og_title":"HUMANITARNA PRIREDBA \u201eBUDI MI PRIJATELJ\u201c PRIJEDORSKIH OSNOVACA - FOTO - PrijedorDanas.com - Prijedorski gradski portal","og_description":"U\u010denici 10 osnovnih \u0161kola sa podru\u010dja grada Prijedora, priredili su u Pozori\u0161tu Prijedor humanitarnu priredbu \u201eBudi mi prijatelj\u201c. Organizator ove tradicionalne manifestacije, koja je u na\u0161em gradu odr\u017eana po \u0161esti [&hellip;]","og_url":"https:\/\/www.prijedordanas.com\/?p=23832","og_site_name":"PrijedorDanas.com - Prijedorski gradski portal","article_publisher":"https:\/\/www.facebook.com\/PrijedorDanasCom\/","article_published_time":"2015-06-06T08:39:40+00:00","og_image":[{"url":"https:\/\/www.prijedordanas.com\/wp-content\/uploads\/2015\/06\/budi-mi-prijatelj-1-300x160.jpg"}],"author":"admin","twitter_card":"summary_large_image","twitter_misc":{"Written by":"admin","Est. reading time":"1 minute"},"schema":{"@context":"https:\/\/schema.org","@graph":[{"@type":"Article","@id":"https:\/\/www.prijedordanas.com\/?p=23832#article","isPartOf":{"@id":"https:\/\/www.prijedordanas.com\/?p=23832"},"author":{"name":"admin","@id":"https:\/\/www.prijedordanas.com\/#\/schema\/person\/4e08ccf29b506ca916ff86d46bb700e6"},"headline":"HUMANITARNA PRIREDBA \u201eBUDI MI PRIJATELJ\u201c PRIJEDORSKIH OSNOVACA &#8211; FOTO","datePublished":"2015-06-06T08:39:40+00:00","dateModified":"2015-06-06T08:39:40+00:00","mainEntityOfPage":{"@id":"https:\/\/www.prijedordanas.com\/?p=23832"},"wordCount":185,"publisher":{"@id":"https:\/\/www.prijedordanas.com\/#organization"},"keywords":["Budi mi prijatelj","Nikolina Dragojevi\u0107","osnovci"],"articleSection":["Dru\u0161tvo"],"inLanguage":"en-US"},{"@type":"WebPage","@id":"https:\/\/www.prijedordanas.com\/?p=23832","url":"https:\/\/www.prijedordanas.com\/?p=23832","name":"HUMANITARNA PRIREDBA \u201eBUDI MI PRIJATELJ\u201c PRIJEDORSKIH OSNOVACA - FOTO - PrijedorDanas.com - Prijedorski gradski portal","isPartOf":{"@id":"https:\/\/www.prijedordanas.com\/#website"},"datePublished":"2015-06-06T08:39:40+00:00","dateModified":"2015-06-06T08:39:40+00:00","breadcrumb":{"@id":"https:\/\/www.prijedordanas.com\/?p=23832#breadcrumb"},"inLanguage":"en-US","potentialAction":[{"@type":"ReadAction","target":["https:\/\/www.prijedordanas.com\/?p=23832"]}]},{"@type":"BreadcrumbList","@id":"https:\/\/www.prijedordanas.com\/?p=23832#breadcrumb","itemListElement":[{"@type":"ListItem","position":1,"name":"Home","item":"https:\/\/www.prijedordanas.com\/"},{"@type":"ListItem","position":2,"name":"HUMANITARNA PRIREDBA \u201eBUDI MI PRIJATELJ\u201c PRIJEDORSKIH OSNOVACA &#8211; FOTO"}]},{"@type":"WebSite","@id":"https:\/\/www.prijedordanas.com\/#website","url":"https:\/\/www.prijedordanas.com\/","name":"PrijedorDanas.com - Prijedorski gradski portal","description":"Portal o doga\u0111anjima u gradu Prijedoru","publisher":{"@id":"https:\/\/www.prijedordanas.com\/#organization"},"potentialAction":[{"@type":"SearchAction","target":{"@type":"EntryPoint","urlTemplate":"https:\/\/www.prijedordanas.com\/?s={search_term_string}"},"query-input":"required name=search_term_string"}],"inLanguage":"en-US"},{"@type":"Organization","@id":"https:\/\/www.prijedordanas.com\/#organization","name":"PrijedorDanas.com","url":"https:\/\/www.prijedordanas.com\/","logo":{"@type":"ImageObject","inLanguage":"en-US","@id":"https:\/\/www.prijedordanas.com\/#\/schema\/logo\/image\/","url":"http:\/\/www.prijedordanas.com\/wp-content\/uploads\/2021\/12\/logopng.png","contentUrl":"http:\/\/www.prijedordanas.com\/wp-content\/uploads\/2021\/12\/logopng.png","width":1019,"height":776,"caption":"PrijedorDanas.com"},"image":{"@id":"https:\/\/www.prijedordanas.com\/#\/schema\/logo\/image\/"},"sameAs":["https:\/\/www.facebook.com\/PrijedorDanasCom\/"]},{"@type":"Person","@id":"https:\/\/www.prijedordanas.com\/#\/schema\/person\/4e08ccf29b506ca916ff86d46bb700e6","name":"admin","image":{"@type":"ImageObject","inLanguage":"en-US","@id":"https:\/\/www.prijedordanas.com\/#\/schema\/person\/image\/","url":"https:\/\/secure.gravatar.com\/avatar\/1d3fc949d550f0b53a5f0d51e06dfd79?s=96&d=mm&r=g","contentUrl":"https:\/\/secure.gravatar.com\/avatar\/1d3fc949d550f0b53a5f0d51e06dfd79?s=96&d=mm&r=g","caption":"admin"},"url":"https:\/\/www.prijedordanas.com\/?author=1"}]}},"_links":{"self":[{"href":"https:\/\/www.prijedordanas.com\/index.php?rest_route=\/wp\/v2\/posts\/23832"}],"collection":[{"href":"https:\/\/www.prijedordanas.com\/index.php?rest_route=\/wp\/v2\/posts"}],"about":[{"href":"https:\/\/www.prijedordanas.com\/index.php?rest_route=\/wp\/v2\/types\/post"}],"author":[{"embeddable":true,"href":"https:\/\/www.prijedordanas.com\/index.php?rest_route=\/wp\/v2\/users\/1"}],"replies":[{"embeddable":true,"href":"https:\/\/www.prijedordanas.com\/index.php?rest_route=%2Fwp%2Fv2%2Fcomments&post=23832"}],"version-history":[{"count":1,"href":"https:\/\/www.prijedordanas.com\/index.php?rest_route=\/wp\/v2\/posts\/23832\/revisions"}],"predecessor-version":[{"id":23848,"href":"https:\/\/www.prijedordanas.com\/index.php?rest_route=\/wp\/v2\/posts\/23832\/revisions\/23848"}],"wp:attachment":[{"href":"https:\/\/www.prijedordanas.com\/index.php?rest_route=%2Fwp%2Fv2%2Fmedia&parent=23832"}],"wp:term":[{"taxonomy":"category","embeddable":true,"href":"https:\/\/www.prijedordanas.com\/index.php?rest_route=%2Fwp%2Fv2%2Fcategories&post=23832"},{"taxonomy":"post_tag","embeddable":true,"href":"https:\/\/www.prijedordanas.com\/index.php?rest_route=%2Fwp%2Fv2%2Ftags&post=23832"}],"curies":[{"name":"wp","href":"https:\/\/api.w.org\/{rel}","templated":true}]}}