{"id":238251,"date":"2024-12-11T15:56:14","date_gmt":"2024-12-11T14:56:14","guid":{"rendered":"https:\/\/www.prijedordanas.com\/?p=238251"},"modified":"2024-12-11T15:56:14","modified_gmt":"2024-12-11T14:56:14","slug":"okoncano-sudenje-po-tuzbi-prijedorskih-vatrogasaca-protiv-poslodavca","status":"publish","type":"post","link":"https:\/\/www.prijedordanas.com\/?p=238251","title":{"rendered":"Okon\u010dano su\u0111enje po tu\u017ebi prijedorskih vatrogasaca protiv poslodavca"},"content":{"rendered":"<p><a href=\"https:\/\/www.prijedordanas.com\/wp-content\/uploads\/2024\/11\/osnovni-sud-prijedor-oktobar2024-2.jpg\"><img loading=\"lazy\" decoding=\"async\" src=\"https:\/\/www.prijedordanas.com\/wp-content\/uploads\/2024\/11\/osnovni-sud-prijedor-oktobar2024-2-300x225.jpg\" alt=\"\" width=\"300\" height=\"225\" class=\"alignleft size-medium wp-image-236346\" srcset=\"https:\/\/www.prijedordanas.com\/wp-content\/uploads\/2024\/11\/osnovni-sud-prijedor-oktobar2024-2-300x225.jpg 300w, https:\/\/www.prijedordanas.com\/wp-content\/uploads\/2024\/11\/osnovni-sud-prijedor-oktobar2024-2-640x480.jpg 640w, https:\/\/www.prijedordanas.com\/wp-content\/uploads\/2024\/11\/osnovni-sud-prijedor-oktobar2024-2.jpg 667w\" sizes=\"(max-width: 300px) 100vw, 300px\" \/><\/a>U Osnovnom sudu u Prijedoru danas je okona\u010dano su\u0111enje po tu\u017ebi \u010detvorice vatrogasaca koji smatraju da su uskrac\u0301eni za radna prava i postupajuc\u0301i sudija Senad Had\u017eic\u0301 najavio da c\u0301e presuda biti donesena u drugoj polovini januara iduc\u0301e godine. <\/p>\n<p>\u010cetvorica zaposlenika Teritorijalne vatrogasno-spasila\u010dke jedinice \/TVSJ\/ Prijedor, koji su kao vatrogasci povrije\u0111eni na radnim mjestima ili oboljeli, po najnovijoj sistematizaciji ne ostvaruju radna prava kao ostali vatrogasci. <\/p>\n<p>Njihova pravna zastupnica, advokatica Violeta Popovic\u0301, predlo\u017eila je danas sporazum da poslodavac vatrogascima isplati razliku od 15 odsto za koliko je plata uvec\u0301ana ostalim kolegama vatrogascima, da ubuduc\u0301e imaju platu jednaku kao ostali vatrogasci, da svakom od njih isplati po 7.500 KM naknade za du\u0161evne boli koje su ustanovljene vje\u0161ta\u010denjem u ovom postupku i da pokrije tro\u0161kove ovog sudskog postupka. <\/p>\n<p>Ona je navela da bi se vatrogasci zauzvrat odrekli zateznih zakonskih kamata i prava na podno\u0161enja posebnih tu\u017ebi za naknadu \u0161tete po osnovu uznemiravanja i diskriminacije na radnom mjestu, koji su tako\u0111e utvr\u0111eni vje\u0161ta\u010dnjem, a za koje bi nov\u010dana potra\u017eivanja bila i znatno vec\u0301a od danas predlo\u017eenih. <\/p>\n<p>Stalni sudski vje\u0161tak Senka Jovanovic\u0301 Gakovic\u0301, specijalista psihijatrije i psihoterapeut, rekla je danas da je du\u0161evne boli usljed uznemirenosti na radnom mjestu i straha od gubitka posla kod \u010detvorice vatrogasaca utvrdila klini\u010dkim intervjuom, medicinskom dokumentacijom, uvidom u kriti\u010dne doga\u0111aje na njihovom radnom mjestu i uvidom u relevantne dijelove sudskog spisa o ovom predmetu. <\/p>\n<p>Ona je dodala da sva \u010detvorica imaju radnu sposobnost i mogu raditi u kolektivu gdje je ambijent povoljan i me\u0111uljudski odnosi dobri i uz po\u0161tovanje ograni\u010denja koja su posljedica njihovih specifi\u010dnih bolesti. <\/p>\n<p>U postupku je bio anga\u017eovan i vje\u0161tak ekonomske struke koji je utvrdio za koje iznose su vatrogasci o\u0161tec\u0301eni usljed neprimjenjivanja istih kriterijuma na njih u odnosu na druge vatrogasce. <\/p>\n<p>Pravna zastupnica Gradske uprave Sanela Tubic\u0301 rekla je da nema ovla\u0161tenje da se odmah na dana\u0161njem ro\u010di\u0161tu izjasni o predlo\u017eenom sportazumu, a postupajuc\u0301i sudija je pozvao strane da ga obavijeste ukoliko postignu sporazum prije dono\u0161enja presude.<\/p>\n<p>\u010cetvorica vatrogasaca su po umanjenju radne sposobnosti raspore\u0111eni na radna mjesta koja odgovaraju preostaloj radnoj sposobnosti i na novim radnim mjestima zadr\u017eali su prava koja su im pripadala i prije, \u0161to je i zakonska obaveza, ali nakon procjene rizika, koju je za potrebe Gradske uprave uradila ovla\u0161tena firma \u201eEIB Internationale\u201c iz Banjaluke, nisu dobili uvec\u0301anje plate od 15 odsto kao \u0161to ostali vatrogasci jesu. <\/p>\n<p>Tekst i foto \u2013 <a href=\"https:\/\/www.prijedordanas.com\" target=\"_blank\" rel=\"noopener noreferrer\">www.prijedordanas.com<\/a><\/p>\n","protected":false},"excerpt":{"rendered":"<p>U Osnovnom sudu u Prijedoru danas je okona\u010dano su\u0111enje po tu\u017ebi \u010detvorice vatrogasaca koji smatraju da su uskrac\u0301eni za radna prava i postupajuc\u0301i sudija Senad Had\u017eic\u0301 najavio da c\u0301e presuda [&hellip;]<\/p>\n","protected":false},"author":1,"featured_media":0,"comment_status":"closed","ping_status":"open","sticky":false,"template":"","format":"standard","meta":{"_monsterinsights_skip_tracking":false,"_monsterinsights_sitenote_active":false,"_monsterinsights_sitenote_note":"","_monsterinsights_sitenote_category":0,"footnotes":""},"categories":[5],"tags":[],"yoast_head":"<!-- This site is optimized with the Yoast SEO plugin v21.6 - https:\/\/yoast.com\/wordpress\/plugins\/seo\/ -->\n<title>Okon\u010dano su\u0111enje po tu\u017ebi prijedorskih vatrogasaca protiv poslodavca - PrijedorDanas.com - Prijedorski gradski portal<\/title>\n<meta name=\"robots\" content=\"index, follow, max-snippet:-1, max-image-preview:large, max-video-preview:-1\" \/>\n<link rel=\"canonical\" href=\"https:\/\/www.prijedordanas.com\/?p=238251\" \/>\n<meta property=\"og:locale\" content=\"en_US\" \/>\n<meta property=\"og:type\" content=\"article\" \/>\n<meta property=\"og:title\" content=\"Okon\u010dano su\u0111enje po tu\u017ebi prijedorskih vatrogasaca protiv poslodavca - PrijedorDanas.com - Prijedorski gradski portal\" \/>\n<meta property=\"og:description\" content=\"U Osnovnom sudu u Prijedoru danas je okona\u010dano su\u0111enje po tu\u017ebi \u010detvorice vatrogasaca koji smatraju da su uskrac\u0301eni za radna prava i postupajuc\u0301i sudija Senad Had\u017eic\u0301 najavio da c\u0301e presuda [&hellip;]\" \/>\n<meta property=\"og:url\" content=\"https:\/\/www.prijedordanas.com\/?p=238251\" \/>\n<meta property=\"og:site_name\" content=\"PrijedorDanas.com - Prijedorski gradski portal\" \/>\n<meta property=\"article:publisher\" content=\"https:\/\/www.facebook.com\/PrijedorDanasCom\/\" \/>\n<meta property=\"article:published_time\" content=\"2024-12-11T14:56:14+00:00\" \/>\n<meta property=\"og:image\" content=\"https:\/\/www.prijedordanas.com\/wp-content\/uploads\/2024\/11\/osnovni-sud-prijedor-oktobar2024-2-300x225.jpg\" \/>\n<meta name=\"author\" content=\"admin\" \/>\n<meta name=\"twitter:card\" content=\"summary_large_image\" \/>\n<meta name=\"twitter:label1\" content=\"Written by\" \/>\n\t<meta name=\"twitter:data1\" content=\"admin\" \/>\n<script type=\"application\/ld+json\" class=\"yoast-schema-graph\">{\"@context\":\"https:\/\/schema.org\",\"@graph\":[{\"@type\":\"Article\",\"@id\":\"https:\/\/www.prijedordanas.com\/?p=238251#article\",\"isPartOf\":{\"@id\":\"https:\/\/www.prijedordanas.com\/?p=238251\"},\"author\":{\"name\":\"admin\",\"@id\":\"https:\/\/www.prijedordanas.com\/#\/schema\/person\/4e08ccf29b506ca916ff86d46bb700e6\"},\"headline\":\"Okon\u010dano su\u0111enje po tu\u017ebi prijedorskih vatrogasaca protiv poslodavca\",\"datePublished\":\"2024-12-11T14:56:14+00:00\",\"dateModified\":\"2024-12-11T14:56:14+00:00\",\"mainEntityOfPage\":{\"@id\":\"https:\/\/www.prijedordanas.com\/?p=238251\"},\"wordCount\":451,\"publisher\":{\"@id\":\"https:\/\/www.prijedordanas.com\/#organization\"},\"articleSection\":[\"Hronika\"],\"inLanguage\":\"en-US\"},{\"@type\":\"WebPage\",\"@id\":\"https:\/\/www.prijedordanas.com\/?p=238251\",\"url\":\"https:\/\/www.prijedordanas.com\/?p=238251\",\"name\":\"Okon\u010dano su\u0111enje po tu\u017ebi prijedorskih vatrogasaca protiv poslodavca - PrijedorDanas.com - Prijedorski gradski portal\",\"isPartOf\":{\"@id\":\"https:\/\/www.prijedordanas.com\/#website\"},\"datePublished\":\"2024-12-11T14:56:14+00:00\",\"dateModified\":\"2024-12-11T14:56:14+00:00\",\"breadcrumb\":{\"@id\":\"https:\/\/www.prijedordanas.com\/?p=238251#breadcrumb\"},\"inLanguage\":\"en-US\",\"potentialAction\":[{\"@type\":\"ReadAction\",\"target\":[\"https:\/\/www.prijedordanas.com\/?p=238251\"]}]},{\"@type\":\"BreadcrumbList\",\"@id\":\"https:\/\/www.prijedordanas.com\/?p=238251#breadcrumb\",\"itemListElement\":[{\"@type\":\"ListItem\",\"position\":1,\"name\":\"Home\",\"item\":\"https:\/\/www.prijedordanas.com\/\"},{\"@type\":\"ListItem\",\"position\":2,\"name\":\"Okon\u010dano su\u0111enje po tu\u017ebi prijedorskih vatrogasaca protiv poslodavca\"}]},{\"@type\":\"WebSite\",\"@id\":\"https:\/\/www.prijedordanas.com\/#website\",\"url\":\"https:\/\/www.prijedordanas.com\/\",\"name\":\"PrijedorDanas.com - Prijedorski gradski portal\",\"description\":\"Portal o doga\u0111anjima u gradu Prijedoru\",\"publisher\":{\"@id\":\"https:\/\/www.prijedordanas.com\/#organization\"},\"potentialAction\":[{\"@type\":\"SearchAction\",\"target\":{\"@type\":\"EntryPoint\",\"urlTemplate\":\"https:\/\/www.prijedordanas.com\/?s={search_term_string}\"},\"query-input\":\"required name=search_term_string\"}],\"inLanguage\":\"en-US\"},{\"@type\":\"Organization\",\"@id\":\"https:\/\/www.prijedordanas.com\/#organization\",\"name\":\"PrijedorDanas.com\",\"url\":\"https:\/\/www.prijedordanas.com\/\",\"logo\":{\"@type\":\"ImageObject\",\"inLanguage\":\"en-US\",\"@id\":\"https:\/\/www.prijedordanas.com\/#\/schema\/logo\/image\/\",\"url\":\"http:\/\/www.prijedordanas.com\/wp-content\/uploads\/2021\/12\/logopng.png\",\"contentUrl\":\"http:\/\/www.prijedordanas.com\/wp-content\/uploads\/2021\/12\/logopng.png\",\"width\":1019,\"height\":776,\"caption\":\"PrijedorDanas.com\"},\"image\":{\"@id\":\"https:\/\/www.prijedordanas.com\/#\/schema\/logo\/image\/\"},\"sameAs\":[\"https:\/\/www.facebook.com\/PrijedorDanasCom\/\"]},{\"@type\":\"Person\",\"@id\":\"https:\/\/www.prijedordanas.com\/#\/schema\/person\/4e08ccf29b506ca916ff86d46bb700e6\",\"name\":\"admin\",\"image\":{\"@type\":\"ImageObject\",\"inLanguage\":\"en-US\",\"@id\":\"https:\/\/www.prijedordanas.com\/#\/schema\/person\/image\/\",\"url\":\"https:\/\/secure.gravatar.com\/avatar\/1d3fc949d550f0b53a5f0d51e06dfd79?s=96&d=mm&r=g\",\"contentUrl\":\"https:\/\/secure.gravatar.com\/avatar\/1d3fc949d550f0b53a5f0d51e06dfd79?s=96&d=mm&r=g\",\"caption\":\"admin\"},\"url\":\"https:\/\/www.prijedordanas.com\/?author=1\"}]}<\/script>\n<!-- \/ Yoast SEO plugin. -->","yoast_head_json":{"title":"Okon\u010dano su\u0111enje po tu\u017ebi prijedorskih vatrogasaca protiv poslodavca - PrijedorDanas.com - Prijedorski gradski portal","robots":{"index":"index","follow":"follow","max-snippet":"max-snippet:-1","max-image-preview":"max-image-preview:large","max-video-preview":"max-video-preview:-1"},"canonical":"https:\/\/www.prijedordanas.com\/?p=238251","og_locale":"en_US","og_type":"article","og_title":"Okon\u010dano su\u0111enje po tu\u017ebi prijedorskih vatrogasaca protiv poslodavca - PrijedorDanas.com - Prijedorski gradski portal","og_description":"U Osnovnom sudu u Prijedoru danas je okona\u010dano su\u0111enje po tu\u017ebi \u010detvorice vatrogasaca koji smatraju da su uskrac\u0301eni za radna prava i postupajuc\u0301i sudija Senad Had\u017eic\u0301 najavio da c\u0301e presuda [&hellip;]","og_url":"https:\/\/www.prijedordanas.com\/?p=238251","og_site_name":"PrijedorDanas.com - Prijedorski gradski portal","article_publisher":"https:\/\/www.facebook.com\/PrijedorDanasCom\/","article_published_time":"2024-12-11T14:56:14+00:00","og_image":[{"url":"https:\/\/www.prijedordanas.com\/wp-content\/uploads\/2024\/11\/osnovni-sud-prijedor-oktobar2024-2-300x225.jpg"}],"author":"admin","twitter_card":"summary_large_image","twitter_misc":{"Written by":"admin"},"schema":{"@context":"https:\/\/schema.org","@graph":[{"@type":"Article","@id":"https:\/\/www.prijedordanas.com\/?p=238251#article","isPartOf":{"@id":"https:\/\/www.prijedordanas.com\/?p=238251"},"author":{"name":"admin","@id":"https:\/\/www.prijedordanas.com\/#\/schema\/person\/4e08ccf29b506ca916ff86d46bb700e6"},"headline":"Okon\u010dano su\u0111enje po tu\u017ebi prijedorskih vatrogasaca protiv poslodavca","datePublished":"2024-12-11T14:56:14+00:00","dateModified":"2024-12-11T14:56:14+00:00","mainEntityOfPage":{"@id":"https:\/\/www.prijedordanas.com\/?p=238251"},"wordCount":451,"publisher":{"@id":"https:\/\/www.prijedordanas.com\/#organization"},"articleSection":["Hronika"],"inLanguage":"en-US"},{"@type":"WebPage","@id":"https:\/\/www.prijedordanas.com\/?p=238251","url":"https:\/\/www.prijedordanas.com\/?p=238251","name":"Okon\u010dano su\u0111enje po tu\u017ebi prijedorskih vatrogasaca protiv poslodavca - PrijedorDanas.com - Prijedorski gradski portal","isPartOf":{"@id":"https:\/\/www.prijedordanas.com\/#website"},"datePublished":"2024-12-11T14:56:14+00:00","dateModified":"2024-12-11T14:56:14+00:00","breadcrumb":{"@id":"https:\/\/www.prijedordanas.com\/?p=238251#breadcrumb"},"inLanguage":"en-US","potentialAction":[{"@type":"ReadAction","target":["https:\/\/www.prijedordanas.com\/?p=238251"]}]},{"@type":"BreadcrumbList","@id":"https:\/\/www.prijedordanas.com\/?p=238251#breadcrumb","itemListElement":[{"@type":"ListItem","position":1,"name":"Home","item":"https:\/\/www.prijedordanas.com\/"},{"@type":"ListItem","position":2,"name":"Okon\u010dano su\u0111enje po tu\u017ebi prijedorskih vatrogasaca protiv poslodavca"}]},{"@type":"WebSite","@id":"https:\/\/www.prijedordanas.com\/#website","url":"https:\/\/www.prijedordanas.com\/","name":"PrijedorDanas.com - Prijedorski gradski portal","description":"Portal o doga\u0111anjima u gradu Prijedoru","publisher":{"@id":"https:\/\/www.prijedordanas.com\/#organization"},"potentialAction":[{"@type":"SearchAction","target":{"@type":"EntryPoint","urlTemplate":"https:\/\/www.prijedordanas.com\/?s={search_term_string}"},"query-input":"required name=search_term_string"}],"inLanguage":"en-US"},{"@type":"Organization","@id":"https:\/\/www.prijedordanas.com\/#organization","name":"PrijedorDanas.com","url":"https:\/\/www.prijedordanas.com\/","logo":{"@type":"ImageObject","inLanguage":"en-US","@id":"https:\/\/www.prijedordanas.com\/#\/schema\/logo\/image\/","url":"http:\/\/www.prijedordanas.com\/wp-content\/uploads\/2021\/12\/logopng.png","contentUrl":"http:\/\/www.prijedordanas.com\/wp-content\/uploads\/2021\/12\/logopng.png","width":1019,"height":776,"caption":"PrijedorDanas.com"},"image":{"@id":"https:\/\/www.prijedordanas.com\/#\/schema\/logo\/image\/"},"sameAs":["https:\/\/www.facebook.com\/PrijedorDanasCom\/"]},{"@type":"Person","@id":"https:\/\/www.prijedordanas.com\/#\/schema\/person\/4e08ccf29b506ca916ff86d46bb700e6","name":"admin","image":{"@type":"ImageObject","inLanguage":"en-US","@id":"https:\/\/www.prijedordanas.com\/#\/schema\/person\/image\/","url":"https:\/\/secure.gravatar.com\/avatar\/1d3fc949d550f0b53a5f0d51e06dfd79?s=96&d=mm&r=g","contentUrl":"https:\/\/secure.gravatar.com\/avatar\/1d3fc949d550f0b53a5f0d51e06dfd79?s=96&d=mm&r=g","caption":"admin"},"url":"https:\/\/www.prijedordanas.com\/?author=1"}]}},"_links":{"self":[{"href":"https:\/\/www.prijedordanas.com\/index.php?rest_route=\/wp\/v2\/posts\/238251"}],"collection":[{"href":"https:\/\/www.prijedordanas.com\/index.php?rest_route=\/wp\/v2\/posts"}],"about":[{"href":"https:\/\/www.prijedordanas.com\/index.php?rest_route=\/wp\/v2\/types\/post"}],"author":[{"embeddable":true,"href":"https:\/\/www.prijedordanas.com\/index.php?rest_route=\/wp\/v2\/users\/1"}],"replies":[{"embeddable":true,"href":"https:\/\/www.prijedordanas.com\/index.php?rest_route=%2Fwp%2Fv2%2Fcomments&post=238251"}],"version-history":[{"count":1,"href":"https:\/\/www.prijedordanas.com\/index.php?rest_route=\/wp\/v2\/posts\/238251\/revisions"}],"predecessor-version":[{"id":238252,"href":"https:\/\/www.prijedordanas.com\/index.php?rest_route=\/wp\/v2\/posts\/238251\/revisions\/238252"}],"wp:attachment":[{"href":"https:\/\/www.prijedordanas.com\/index.php?rest_route=%2Fwp%2Fv2%2Fmedia&parent=238251"}],"wp:term":[{"taxonomy":"category","embeddable":true,"href":"https:\/\/www.prijedordanas.com\/index.php?rest_route=%2Fwp%2Fv2%2Fcategories&post=238251"},{"taxonomy":"post_tag","embeddable":true,"href":"https:\/\/www.prijedordanas.com\/index.php?rest_route=%2Fwp%2Fv2%2Ftags&post=238251"}],"curies":[{"name":"wp","href":"https:\/\/api.w.org\/{rel}","templated":true}]}}