{"id":238102,"date":"2024-12-08T09:53:11","date_gmt":"2024-12-08T08:53:11","guid":{"rendered":"https:\/\/www.prijedordanas.com\/?p=238102"},"modified":"2024-12-09T10:06:56","modified_gmt":"2024-12-09T09:06:56","slug":"odlicni-rezultati-karatista-prijedorskog-sodana-sedam-medalja-na-feniks-openu-2024-foto","status":"publish","type":"post","link":"https:\/\/www.prijedordanas.com\/?p=238102","title":{"rendered":"Odli\u010dni rezultati karatista prijedorskog &#8220;\u0160odana&#8221;: Sedam medalja na &#8220;Feniks openu 2024&#8221; &#8211; FOTO"},"content":{"rendered":"<p><a href=\"https:\/\/www.prijedordanas.com\/wp-content\/uploads\/2024\/12\/sodan-feniks-open-2024-1.jpg\"><img loading=\"lazy\" decoding=\"async\" src=\"https:\/\/www.prijedordanas.com\/wp-content\/uploads\/2024\/12\/sodan-feniks-open-2024-1-300x225.jpg\" alt=\"\" width=\"300\" height=\"225\" class=\"alignleft size-medium wp-image-238100\" srcset=\"https:\/\/www.prijedordanas.com\/wp-content\/uploads\/2024\/12\/sodan-feniks-open-2024-1-300x225.jpg 300w, https:\/\/www.prijedordanas.com\/wp-content\/uploads\/2024\/12\/sodan-feniks-open-2024-1-640x480.jpg 640w, https:\/\/www.prijedordanas.com\/wp-content\/uploads\/2024\/12\/sodan-feniks-open-2024-1.jpg 667w\" sizes=\"(max-width: 300px) 100vw, 300px\" \/><\/a>U subotu je u Bosanskoj Krupi odr\u017ean 10. Regionalni karate kup &#8220;Feniks open 2024&#8221;. <\/p>\n<p>-U veoma dobroj organizaciji turnira, u konkurenciji 298 takmi\u010dara sa 429 prijava iz 20 klubova, karatisti prijedorskog &#8220;\u0161odana&#8221; postigli su sjajne rezultate. Na turniru smo osvojili ukupno sedam medalja, \u010detiri zlatne, dvije srebrne i jednu bronzanu. Najsjajnija odli\u010dja su osvojili<br \/>\nUro\u0161 Rajili\u0107, Filip Rajili\u0107 i Andrej Tomi\u0107 u svojoj kao i u starijoj kategoriji. Srebrne medalje su osvojili Stefan Drini\u0107 i Filip Rajili\u0107 u starijoj kategoriji dok je bronzu osvojio Uro\u0161 Ostoji\u0107 &#8211; rekao je prvi \u010dovjek kluba Rajko Vu\u010di\u0107evi\u0107.<\/p>\n<p>Mlade karatiste na ovom takmi\u010denju predvodio je trener Du\u0161ko Rajili\u0107.<\/p>\n<p>Novim medaljama i zapa\u017eenim rezultatom na ovom turniru, karatisti &#8220;\u0160odana&#8221; privode kraju izuzetno uspje\u0161nu kalendarsku godinu za ovaj uzorni sportski kolektiv iz Prijedora.<\/p>\n<p>Kao i mnogo puta do sada, odlazak mladih karatista na takmi\u010denje pomogla je firma &#8220;Lim profi&#8221;.<\/p>\n<p>Tekst &#8211; Aleksandar Drakuli\u0107 &#8211; <a href=\"https:\/\/www.prijedordanas.com\" target=\"_blank\" rel=\"noopener noreferrer\">www.prijedordanas.com<\/a><br \/>\nUstupljeni foto &#8211; KK &#8220;\u0160odan&#8221;<\/p>\n<p><a href=\"https:\/\/www.prijedordanas.com\/wp-content\/uploads\/2024\/12\/sodan-feniks-open-2024-2.jpg\"><img loading=\"lazy\" decoding=\"async\" src=\"https:\/\/www.prijedordanas.com\/wp-content\/uploads\/2024\/12\/sodan-feniks-open-2024-2-300x225.jpg\" alt=\"\" width=\"300\" height=\"225\" class=\"alignleft size-medium wp-image-238096\" srcset=\"https:\/\/www.prijedordanas.com\/wp-content\/uploads\/2024\/12\/sodan-feniks-open-2024-2-300x225.jpg 300w, https:\/\/www.prijedordanas.com\/wp-content\/uploads\/2024\/12\/sodan-feniks-open-2024-2-640x480.jpg 640w, https:\/\/www.prijedordanas.com\/wp-content\/uploads\/2024\/12\/sodan-feniks-open-2024-2.jpg 666w\" sizes=\"(max-width: 300px) 100vw, 300px\" \/><\/a> <a href=\"https:\/\/www.prijedordanas.com\/wp-content\/uploads\/2024\/12\/sodan-feniks-open-2024-3.jpg\"><img loading=\"lazy\" decoding=\"async\" src=\"https:\/\/www.prijedordanas.com\/wp-content\/uploads\/2024\/12\/sodan-feniks-open-2024-3-300x226.jpg\" alt=\"\" width=\"300\" height=\"226\" class=\"alignleft size-medium wp-image-238097\" srcset=\"https:\/\/www.prijedordanas.com\/wp-content\/uploads\/2024\/12\/sodan-feniks-open-2024-3-300x226.jpg 300w, https:\/\/www.prijedordanas.com\/wp-content\/uploads\/2024\/12\/sodan-feniks-open-2024-3.jpg 600w\" sizes=\"(max-width: 300px) 100vw, 300px\" \/><\/a> <a href=\"https:\/\/www.prijedordanas.com\/wp-content\/uploads\/2024\/12\/sodan-feniks-open-2024-4.jpg\"><img loading=\"lazy\" decoding=\"async\" src=\"https:\/\/www.prijedordanas.com\/wp-content\/uploads\/2024\/12\/sodan-feniks-open-2024-4-226x300.jpg\" alt=\"\" width=\"226\" height=\"300\" class=\"alignleft size-medium wp-image-238151\" srcset=\"https:\/\/www.prijedordanas.com\/wp-content\/uploads\/2024\/12\/sodan-feniks-open-2024-4-226x300.jpg 226w, https:\/\/www.prijedordanas.com\/wp-content\/uploads\/2024\/12\/sodan-feniks-open-2024-4.jpg 451w\" sizes=\"(max-width: 226px) 100vw, 226px\" \/><\/a> <a href=\"https:\/\/www.prijedordanas.com\/wp-content\/uploads\/2024\/12\/sodan-feniks-open-2024-5.jpg\"><img loading=\"lazy\" decoding=\"async\" src=\"https:\/\/www.prijedordanas.com\/wp-content\/uploads\/2024\/12\/sodan-feniks-open-2024-5-226x300.jpg\" alt=\"\" width=\"226\" height=\"300\" class=\"alignleft size-medium wp-image-238153\" srcset=\"https:\/\/www.prijedordanas.com\/wp-content\/uploads\/2024\/12\/sodan-feniks-open-2024-5-226x300.jpg 226w, https:\/\/www.prijedordanas.com\/wp-content\/uploads\/2024\/12\/sodan-feniks-open-2024-5.jpg 451w\" sizes=\"(max-width: 226px) 100vw, 226px\" \/><\/a> <a href=\"https:\/\/www.prijedordanas.com\/wp-content\/uploads\/2024\/12\/sodan-feniks-open-2024-6.jpg\"><img loading=\"lazy\" decoding=\"async\" src=\"https:\/\/www.prijedordanas.com\/wp-content\/uploads\/2024\/12\/sodan-feniks-open-2024-6-226x300.jpg\" alt=\"\" width=\"226\" height=\"300\" class=\"alignleft size-medium wp-image-238154\" srcset=\"https:\/\/www.prijedordanas.com\/wp-content\/uploads\/2024\/12\/sodan-feniks-open-2024-6-226x300.jpg 226w, https:\/\/www.prijedordanas.com\/wp-content\/uploads\/2024\/12\/sodan-feniks-open-2024-6.jpg 451w\" sizes=\"(max-width: 226px) 100vw, 226px\" \/><\/a> <a href=\"https:\/\/www.prijedordanas.com\/wp-content\/uploads\/2024\/12\/sodan-feniks-open-2024-7.jpg\"><img loading=\"lazy\" decoding=\"async\" src=\"https:\/\/www.prijedordanas.com\/wp-content\/uploads\/2024\/12\/sodan-feniks-open-2024-7-226x300.jpg\" alt=\"\" width=\"226\" height=\"300\" class=\"alignleft size-medium wp-image-238155\" srcset=\"https:\/\/www.prijedordanas.com\/wp-content\/uploads\/2024\/12\/sodan-feniks-open-2024-7-226x300.jpg 226w, https:\/\/www.prijedordanas.com\/wp-content\/uploads\/2024\/12\/sodan-feniks-open-2024-7.jpg 451w\" sizes=\"(max-width: 226px) 100vw, 226px\" \/><\/a><\/p>\n","protected":false},"excerpt":{"rendered":"<p>U subotu je u Bosanskoj Krupi odr\u017ean 10. Regionalni karate kup &#8220;Feniks open 2024&#8221;. -U veoma dobroj organizaciji turnira, u konkurenciji 298 takmi\u010dara sa 429 prijava iz 20 klubova, karatisti [&hellip;]<\/p>\n","protected":false},"author":1,"featured_media":0,"comment_status":"closed","ping_status":"open","sticky":false,"template":"","format":"standard","meta":{"_monsterinsights_skip_tracking":false,"_monsterinsights_sitenote_active":false,"_monsterinsights_sitenote_note":"","_monsterinsights_sitenote_category":0,"footnotes":""},"categories":[7],"tags":[929,11623,1116,1562],"yoast_head":"<!-- This site is optimized with the Yoast SEO plugin v21.6 - https:\/\/yoast.com\/wordpress\/plugins\/seo\/ -->\n<title>Odli\u010dni rezultati karatista prijedorskog &quot;\u0160odana&quot;: Sedam medalja na &quot;Feniks openu 2024&quot; - FOTO - PrijedorDanas.com - Prijedorski gradski portal<\/title>\n<meta name=\"robots\" content=\"index, follow, max-snippet:-1, max-image-preview:large, max-video-preview:-1\" \/>\n<link rel=\"canonical\" href=\"https:\/\/www.prijedordanas.com\/?p=238102\" \/>\n<meta property=\"og:locale\" content=\"en_US\" \/>\n<meta property=\"og:type\" content=\"article\" \/>\n<meta property=\"og:title\" content=\"Odli\u010dni rezultati karatista prijedorskog &quot;\u0160odana&quot;: Sedam medalja na &quot;Feniks openu 2024&quot; - FOTO - PrijedorDanas.com - Prijedorski gradski portal\" \/>\n<meta property=\"og:description\" content=\"U subotu je u Bosanskoj Krupi odr\u017ean 10. Regionalni karate kup &#8220;Feniks open 2024&#8221;. -U veoma dobroj organizaciji turnira, u konkurenciji 298 takmi\u010dara sa 429 prijava iz 20 klubova, karatisti [&hellip;]\" \/>\n<meta property=\"og:url\" content=\"https:\/\/www.prijedordanas.com\/?p=238102\" \/>\n<meta property=\"og:site_name\" content=\"PrijedorDanas.com - Prijedorski gradski portal\" \/>\n<meta property=\"article:publisher\" content=\"https:\/\/www.facebook.com\/PrijedorDanasCom\/\" \/>\n<meta property=\"article:published_time\" content=\"2024-12-08T08:53:11+00:00\" \/>\n<meta property=\"article:modified_time\" content=\"2024-12-09T09:06:56+00:00\" \/>\n<meta property=\"og:image\" content=\"https:\/\/www.prijedordanas.com\/wp-content\/uploads\/2024\/12\/sodan-feniks-open-2024-1-300x225.jpg\" \/>\n<meta name=\"author\" content=\"admin\" \/>\n<meta name=\"twitter:card\" content=\"summary_large_image\" \/>\n<meta name=\"twitter:label1\" content=\"Written by\" \/>\n\t<meta name=\"twitter:data1\" content=\"admin\" \/>\n\t<meta name=\"twitter:label2\" content=\"Est. reading time\" \/>\n\t<meta name=\"twitter:data2\" content=\"2 minutes\" \/>\n<script type=\"application\/ld+json\" class=\"yoast-schema-graph\">{\"@context\":\"https:\/\/schema.org\",\"@graph\":[{\"@type\":\"Article\",\"@id\":\"https:\/\/www.prijedordanas.com\/?p=238102#article\",\"isPartOf\":{\"@id\":\"https:\/\/www.prijedordanas.com\/?p=238102\"},\"author\":{\"name\":\"admin\",\"@id\":\"https:\/\/www.prijedordanas.com\/#\/schema\/person\/4e08ccf29b506ca916ff86d46bb700e6\"},\"headline\":\"Odli\u010dni rezultati karatista prijedorskog &#8220;\u0160odana&#8221;: Sedam medalja na &#8220;Feniks openu 2024&#8221; &#8211; FOTO\",\"datePublished\":\"2024-12-08T08:53:11+00:00\",\"dateModified\":\"2024-12-09T09:06:56+00:00\",\"mainEntityOfPage\":{\"@id\":\"https:\/\/www.prijedordanas.com\/?p=238102\"},\"wordCount\":174,\"publisher\":{\"@id\":\"https:\/\/www.prijedordanas.com\/#organization\"},\"keywords\":[\"karate\",\"Karate klub \\\"\u0160odan\\\"\",\"takmi\u010denje\",\"turnir\"],\"articleSection\":[\"Sport\"],\"inLanguage\":\"en-US\"},{\"@type\":\"WebPage\",\"@id\":\"https:\/\/www.prijedordanas.com\/?p=238102\",\"url\":\"https:\/\/www.prijedordanas.com\/?p=238102\",\"name\":\"Odli\u010dni rezultati karatista prijedorskog \\\"\u0160odana\\\": Sedam medalja na \\\"Feniks openu 2024\\\" - FOTO - PrijedorDanas.com - Prijedorski gradski portal\",\"isPartOf\":{\"@id\":\"https:\/\/www.prijedordanas.com\/#website\"},\"datePublished\":\"2024-12-08T08:53:11+00:00\",\"dateModified\":\"2024-12-09T09:06:56+00:00\",\"breadcrumb\":{\"@id\":\"https:\/\/www.prijedordanas.com\/?p=238102#breadcrumb\"},\"inLanguage\":\"en-US\",\"potentialAction\":[{\"@type\":\"ReadAction\",\"target\":[\"https:\/\/www.prijedordanas.com\/?p=238102\"]}]},{\"@type\":\"BreadcrumbList\",\"@id\":\"https:\/\/www.prijedordanas.com\/?p=238102#breadcrumb\",\"itemListElement\":[{\"@type\":\"ListItem\",\"position\":1,\"name\":\"Home\",\"item\":\"https:\/\/www.prijedordanas.com\/\"},{\"@type\":\"ListItem\",\"position\":2,\"name\":\"Odli\u010dni rezultati karatista prijedorskog &#8220;\u0160odana&#8221;: Sedam medalja na &#8220;Feniks openu 2024&#8221; &#8211; FOTO\"}]},{\"@type\":\"WebSite\",\"@id\":\"https:\/\/www.prijedordanas.com\/#website\",\"url\":\"https:\/\/www.prijedordanas.com\/\",\"name\":\"PrijedorDanas.com - Prijedorski gradski portal\",\"description\":\"Portal o doga\u0111anjima u gradu Prijedoru\",\"publisher\":{\"@id\":\"https:\/\/www.prijedordanas.com\/#organization\"},\"potentialAction\":[{\"@type\":\"SearchAction\",\"target\":{\"@type\":\"EntryPoint\",\"urlTemplate\":\"https:\/\/www.prijedordanas.com\/?s={search_term_string}\"},\"query-input\":\"required name=search_term_string\"}],\"inLanguage\":\"en-US\"},{\"@type\":\"Organization\",\"@id\":\"https:\/\/www.prijedordanas.com\/#organization\",\"name\":\"PrijedorDanas.com\",\"url\":\"https:\/\/www.prijedordanas.com\/\",\"logo\":{\"@type\":\"ImageObject\",\"inLanguage\":\"en-US\",\"@id\":\"https:\/\/www.prijedordanas.com\/#\/schema\/logo\/image\/\",\"url\":\"http:\/\/www.prijedordanas.com\/wp-content\/uploads\/2021\/12\/logopng.png\",\"contentUrl\":\"http:\/\/www.prijedordanas.com\/wp-content\/uploads\/2021\/12\/logopng.png\",\"width\":1019,\"height\":776,\"caption\":\"PrijedorDanas.com\"},\"image\":{\"@id\":\"https:\/\/www.prijedordanas.com\/#\/schema\/logo\/image\/\"},\"sameAs\":[\"https:\/\/www.facebook.com\/PrijedorDanasCom\/\"]},{\"@type\":\"Person\",\"@id\":\"https:\/\/www.prijedordanas.com\/#\/schema\/person\/4e08ccf29b506ca916ff86d46bb700e6\",\"name\":\"admin\",\"image\":{\"@type\":\"ImageObject\",\"inLanguage\":\"en-US\",\"@id\":\"https:\/\/www.prijedordanas.com\/#\/schema\/person\/image\/\",\"url\":\"https:\/\/secure.gravatar.com\/avatar\/1d3fc949d550f0b53a5f0d51e06dfd79?s=96&d=mm&r=g\",\"contentUrl\":\"https:\/\/secure.gravatar.com\/avatar\/1d3fc949d550f0b53a5f0d51e06dfd79?s=96&d=mm&r=g\",\"caption\":\"admin\"},\"url\":\"https:\/\/www.prijedordanas.com\/?author=1\"}]}<\/script>\n<!-- \/ Yoast SEO plugin. -->","yoast_head_json":{"title":"Odli\u010dni rezultati karatista prijedorskog \"\u0160odana\": Sedam medalja na \"Feniks openu 2024\" - FOTO - PrijedorDanas.com - Prijedorski gradski portal","robots":{"index":"index","follow":"follow","max-snippet":"max-snippet:-1","max-image-preview":"max-image-preview:large","max-video-preview":"max-video-preview:-1"},"canonical":"https:\/\/www.prijedordanas.com\/?p=238102","og_locale":"en_US","og_type":"article","og_title":"Odli\u010dni rezultati karatista prijedorskog \"\u0160odana\": Sedam medalja na \"Feniks openu 2024\" - FOTO - PrijedorDanas.com - Prijedorski gradski portal","og_description":"U subotu je u Bosanskoj Krupi odr\u017ean 10. Regionalni karate kup &#8220;Feniks open 2024&#8221;. -U veoma dobroj organizaciji turnira, u konkurenciji 298 takmi\u010dara sa 429 prijava iz 20 klubova, karatisti [&hellip;]","og_url":"https:\/\/www.prijedordanas.com\/?p=238102","og_site_name":"PrijedorDanas.com - Prijedorski gradski portal","article_publisher":"https:\/\/www.facebook.com\/PrijedorDanasCom\/","article_published_time":"2024-12-08T08:53:11+00:00","article_modified_time":"2024-12-09T09:06:56+00:00","og_image":[{"url":"https:\/\/www.prijedordanas.com\/wp-content\/uploads\/2024\/12\/sodan-feniks-open-2024-1-300x225.jpg"}],"author":"admin","twitter_card":"summary_large_image","twitter_misc":{"Written by":"admin","Est. reading time":"2 minutes"},"schema":{"@context":"https:\/\/schema.org","@graph":[{"@type":"Article","@id":"https:\/\/www.prijedordanas.com\/?p=238102#article","isPartOf":{"@id":"https:\/\/www.prijedordanas.com\/?p=238102"},"author":{"name":"admin","@id":"https:\/\/www.prijedordanas.com\/#\/schema\/person\/4e08ccf29b506ca916ff86d46bb700e6"},"headline":"Odli\u010dni rezultati karatista prijedorskog &#8220;\u0160odana&#8221;: Sedam medalja na &#8220;Feniks openu 2024&#8221; &#8211; FOTO","datePublished":"2024-12-08T08:53:11+00:00","dateModified":"2024-12-09T09:06:56+00:00","mainEntityOfPage":{"@id":"https:\/\/www.prijedordanas.com\/?p=238102"},"wordCount":174,"publisher":{"@id":"https:\/\/www.prijedordanas.com\/#organization"},"keywords":["karate","Karate klub \"\u0160odan\"","takmi\u010denje","turnir"],"articleSection":["Sport"],"inLanguage":"en-US"},{"@type":"WebPage","@id":"https:\/\/www.prijedordanas.com\/?p=238102","url":"https:\/\/www.prijedordanas.com\/?p=238102","name":"Odli\u010dni rezultati karatista prijedorskog \"\u0160odana\": Sedam medalja na \"Feniks openu 2024\" - FOTO - PrijedorDanas.com - Prijedorski gradski portal","isPartOf":{"@id":"https:\/\/www.prijedordanas.com\/#website"},"datePublished":"2024-12-08T08:53:11+00:00","dateModified":"2024-12-09T09:06:56+00:00","breadcrumb":{"@id":"https:\/\/www.prijedordanas.com\/?p=238102#breadcrumb"},"inLanguage":"en-US","potentialAction":[{"@type":"ReadAction","target":["https:\/\/www.prijedordanas.com\/?p=238102"]}]},{"@type":"BreadcrumbList","@id":"https:\/\/www.prijedordanas.com\/?p=238102#breadcrumb","itemListElement":[{"@type":"ListItem","position":1,"name":"Home","item":"https:\/\/www.prijedordanas.com\/"},{"@type":"ListItem","position":2,"name":"Odli\u010dni rezultati karatista prijedorskog &#8220;\u0160odana&#8221;: Sedam medalja na &#8220;Feniks openu 2024&#8221; &#8211; FOTO"}]},{"@type":"WebSite","@id":"https:\/\/www.prijedordanas.com\/#website","url":"https:\/\/www.prijedordanas.com\/","name":"PrijedorDanas.com - Prijedorski gradski portal","description":"Portal o doga\u0111anjima u gradu Prijedoru","publisher":{"@id":"https:\/\/www.prijedordanas.com\/#organization"},"potentialAction":[{"@type":"SearchAction","target":{"@type":"EntryPoint","urlTemplate":"https:\/\/www.prijedordanas.com\/?s={search_term_string}"},"query-input":"required name=search_term_string"}],"inLanguage":"en-US"},{"@type":"Organization","@id":"https:\/\/www.prijedordanas.com\/#organization","name":"PrijedorDanas.com","url":"https:\/\/www.prijedordanas.com\/","logo":{"@type":"ImageObject","inLanguage":"en-US","@id":"https:\/\/www.prijedordanas.com\/#\/schema\/logo\/image\/","url":"http:\/\/www.prijedordanas.com\/wp-content\/uploads\/2021\/12\/logopng.png","contentUrl":"http:\/\/www.prijedordanas.com\/wp-content\/uploads\/2021\/12\/logopng.png","width":1019,"height":776,"caption":"PrijedorDanas.com"},"image":{"@id":"https:\/\/www.prijedordanas.com\/#\/schema\/logo\/image\/"},"sameAs":["https:\/\/www.facebook.com\/PrijedorDanasCom\/"]},{"@type":"Person","@id":"https:\/\/www.prijedordanas.com\/#\/schema\/person\/4e08ccf29b506ca916ff86d46bb700e6","name":"admin","image":{"@type":"ImageObject","inLanguage":"en-US","@id":"https:\/\/www.prijedordanas.com\/#\/schema\/person\/image\/","url":"https:\/\/secure.gravatar.com\/avatar\/1d3fc949d550f0b53a5f0d51e06dfd79?s=96&d=mm&r=g","contentUrl":"https:\/\/secure.gravatar.com\/avatar\/1d3fc949d550f0b53a5f0d51e06dfd79?s=96&d=mm&r=g","caption":"admin"},"url":"https:\/\/www.prijedordanas.com\/?author=1"}]}},"_links":{"self":[{"href":"https:\/\/www.prijedordanas.com\/index.php?rest_route=\/wp\/v2\/posts\/238102"}],"collection":[{"href":"https:\/\/www.prijedordanas.com\/index.php?rest_route=\/wp\/v2\/posts"}],"about":[{"href":"https:\/\/www.prijedordanas.com\/index.php?rest_route=\/wp\/v2\/types\/post"}],"author":[{"embeddable":true,"href":"https:\/\/www.prijedordanas.com\/index.php?rest_route=\/wp\/v2\/users\/1"}],"replies":[{"embeddable":true,"href":"https:\/\/www.prijedordanas.com\/index.php?rest_route=%2Fwp%2Fv2%2Fcomments&post=238102"}],"version-history":[{"count":3,"href":"https:\/\/www.prijedordanas.com\/index.php?rest_route=\/wp\/v2\/posts\/238102\/revisions"}],"predecessor-version":[{"id":238156,"href":"https:\/\/www.prijedordanas.com\/index.php?rest_route=\/wp\/v2\/posts\/238102\/revisions\/238156"}],"wp:attachment":[{"href":"https:\/\/www.prijedordanas.com\/index.php?rest_route=%2Fwp%2Fv2%2Fmedia&parent=238102"}],"wp:term":[{"taxonomy":"category","embeddable":true,"href":"https:\/\/www.prijedordanas.com\/index.php?rest_route=%2Fwp%2Fv2%2Fcategories&post=238102"},{"taxonomy":"post_tag","embeddable":true,"href":"https:\/\/www.prijedordanas.com\/index.php?rest_route=%2Fwp%2Fv2%2Ftags&post=238102"}],"curies":[{"name":"wp","href":"https:\/\/api.w.org\/{rel}","templated":true}]}}