{"id":237930,"date":"2024-12-05T17:10:39","date_gmt":"2024-12-05T16:10:39","guid":{"rendered":"https:\/\/www.prijedordanas.com\/?p=237930"},"modified":"2024-12-05T17:10:39","modified_gmt":"2024-12-05T16:10:39","slug":"gradonacelnik-javor-najavio-povecanje-iznosa-stipendija","status":"publish","type":"post","link":"https:\/\/www.prijedordanas.com\/?p=237930","title":{"rendered":"Gradona\u010delnik Javor najavio pove\u0107anje iznosa stipendija"},"content":{"rendered":"<p><a href=\"https:\/\/www.prijedordanas.com\/wp-content\/uploads\/2024\/12\/skupstina-grada-5decembar-13.jpg\"><img loading=\"lazy\" decoding=\"async\" src=\"https:\/\/www.prijedordanas.com\/wp-content\/uploads\/2024\/12\/skupstina-grada-5decembar-13-300x225.jpg\" alt=\"\" width=\"300\" height=\"225\" class=\"alignleft size-medium wp-image-237931\" srcset=\"https:\/\/www.prijedordanas.com\/wp-content\/uploads\/2024\/12\/skupstina-grada-5decembar-13-300x225.jpg 300w, https:\/\/www.prijedordanas.com\/wp-content\/uploads\/2024\/12\/skupstina-grada-5decembar-13-640x480.jpg 640w, https:\/\/www.prijedordanas.com\/wp-content\/uploads\/2024\/12\/skupstina-grada-5decembar-13.jpg 667w\" sizes=\"(max-width: 300px) 100vw, 300px\" \/><\/a>Gradona\u010delnik Prijedora Slobodan Javor najavio je danas da \u0107e iznosi \u0111a\u010dkih i studentskih stipendija biti pove\u0107ani, ali da se iznos pove\u0107anja mo\u017ee precizirati nakon javnih rasprava o bud\u017eetu grada.<\/p>\n<p>On je pojasnio da umanjenje ukupne stavke za stipendije za 25.000 KM ne zna\u010di smanjenje iznosa stipendija nego je manji broj zahtjeva.<\/p>\n<p>&#8220;To je razlika i mi \u0107emo vidjeti da ta sredstva iskoristimo na na\u010din da pove\u0107avamo stipendije. Vidje\u0107emo koji je iznos realan. Zna\u010di, ono \u0161to je ostalo, \u0161to nije utro\u0161eno, to \u0107emo podijeliti na u\u010denike i studente&#8221;, rekao je Javor novinarima u Prijedoru.<\/p>\n<p>Govore\u0107i o narednoj godini, on je najavio da \u0107e sigurno biti pove\u0107anje i da je s resornim odjeljenjem dogovoreno da se ide u tom pravcu.<\/p>\n<p>&#8220;Smatramo da trenutno stanje u kojem se gra\u0111ani grada Prijedora i Republike Srpske nalaze zahtijeva da mi svi poku\u0161amo izna\u0107i mogu\u0107nost da pove\u0107avamo odre\u0111ene stave. Kako je za narednu godinu prioritet obrazovanje, sport, kultura, to je jedna od stavki koja \u0107e zasigurno dobiti pove\u0107anje, zna\u010dajno pove\u0107anje. Kad ka\u017eem zna\u010dajno, mo\u017ee biti 10, 20, 30,50 maraka, ali kad govorimo o zbiru, zna\u010di to \u0107e iznositi 50.000 ili 100.000 KM&#8221;, dodao je Javor.<\/p>\n<p>Stavka za stipendije u bud\u017eetu grada za ovu godinu iznosila je 550.000 KM, pa je smanjena prvim rebalansom na 530.000 KM, a drugim na 525.000 KM. Za idu\u0107u godinu u nacrtu iznosi 550.000 KM.<\/p>\n<p>Pojedina\u010dni iznosi stipendija su 150 KM za studente i 100 KM za srednjo\u0161kolce, ispla\u0107uju se deset mjeseci i svake godine visinu stipendije odre\u0111uje gradona\u010delnik odlukom.<\/p>\n<p>SRNA<\/p>\n","protected":false},"excerpt":{"rendered":"<p>Gradona\u010delnik Prijedora Slobodan Javor najavio je danas da \u0107e iznosi \u0111a\u010dkih i studentskih stipendija biti pove\u0107ani, ali da se iznos pove\u0107anja mo\u017ee precizirati nakon javnih rasprava o bud\u017eetu grada. On [&hellip;]<\/p>\n","protected":false},"author":1,"featured_media":0,"comment_status":"closed","ping_status":"open","sticky":false,"template":"","format":"standard","meta":{"_monsterinsights_skip_tracking":false,"_monsterinsights_sitenote_active":false,"_monsterinsights_sitenote_note":"","_monsterinsights_sitenote_category":0,"footnotes":""},"categories":[4,7518],"tags":[],"yoast_head":"<!-- This site is optimized with the Yoast SEO plugin v21.6 - https:\/\/yoast.com\/wordpress\/plugins\/seo\/ -->\n<title>Gradona\u010delnik Javor najavio pove\u0107anje iznosa stipendija - PrijedorDanas.com - Prijedorski gradski portal<\/title>\n<meta name=\"robots\" content=\"index, follow, max-snippet:-1, max-image-preview:large, max-video-preview:-1\" \/>\n<link rel=\"canonical\" href=\"https:\/\/www.prijedordanas.com\/?p=237930\" \/>\n<meta property=\"og:locale\" content=\"en_US\" \/>\n<meta property=\"og:type\" content=\"article\" \/>\n<meta property=\"og:title\" content=\"Gradona\u010delnik Javor najavio pove\u0107anje iznosa stipendija - PrijedorDanas.com - Prijedorski gradski portal\" \/>\n<meta property=\"og:description\" content=\"Gradona\u010delnik Prijedora Slobodan Javor najavio je danas da \u0107e iznosi \u0111a\u010dkih i studentskih stipendija biti pove\u0107ani, ali da se iznos pove\u0107anja mo\u017ee precizirati nakon javnih rasprava o bud\u017eetu grada. On [&hellip;]\" \/>\n<meta property=\"og:url\" content=\"https:\/\/www.prijedordanas.com\/?p=237930\" \/>\n<meta property=\"og:site_name\" content=\"PrijedorDanas.com - Prijedorski gradski portal\" \/>\n<meta property=\"article:publisher\" content=\"https:\/\/www.facebook.com\/PrijedorDanasCom\/\" \/>\n<meta property=\"article:published_time\" content=\"2024-12-05T16:10:39+00:00\" \/>\n<meta property=\"og:image\" content=\"https:\/\/www.prijedordanas.com\/wp-content\/uploads\/2024\/12\/skupstina-grada-5decembar-13-300x225.jpg\" \/>\n<meta name=\"author\" content=\"admin\" \/>\n<meta name=\"twitter:card\" content=\"summary_large_image\" \/>\n<meta name=\"twitter:label1\" content=\"Written by\" \/>\n\t<meta name=\"twitter:data1\" content=\"admin\" \/>\n<script type=\"application\/ld+json\" class=\"yoast-schema-graph\">{\"@context\":\"https:\/\/schema.org\",\"@graph\":[{\"@type\":\"Article\",\"@id\":\"https:\/\/www.prijedordanas.com\/?p=237930#article\",\"isPartOf\":{\"@id\":\"https:\/\/www.prijedordanas.com\/?p=237930\"},\"author\":{\"name\":\"admin\",\"@id\":\"https:\/\/www.prijedordanas.com\/#\/schema\/person\/4e08ccf29b506ca916ff86d46bb700e6\"},\"headline\":\"Gradona\u010delnik Javor najavio pove\u0107anje iznosa stipendija\",\"datePublished\":\"2024-12-05T16:10:39+00:00\",\"dateModified\":\"2024-12-05T16:10:39+00:00\",\"mainEntityOfPage\":{\"@id\":\"https:\/\/www.prijedordanas.com\/?p=237930\"},\"wordCount\":280,\"publisher\":{\"@id\":\"https:\/\/www.prijedordanas.com\/#organization\"},\"articleSection\":[\"Dru\u0161tvo\",\"Mladi\"],\"inLanguage\":\"en-US\"},{\"@type\":\"WebPage\",\"@id\":\"https:\/\/www.prijedordanas.com\/?p=237930\",\"url\":\"https:\/\/www.prijedordanas.com\/?p=237930\",\"name\":\"Gradona\u010delnik Javor najavio pove\u0107anje iznosa stipendija - PrijedorDanas.com - Prijedorski gradski portal\",\"isPartOf\":{\"@id\":\"https:\/\/www.prijedordanas.com\/#website\"},\"datePublished\":\"2024-12-05T16:10:39+00:00\",\"dateModified\":\"2024-12-05T16:10:39+00:00\",\"breadcrumb\":{\"@id\":\"https:\/\/www.prijedordanas.com\/?p=237930#breadcrumb\"},\"inLanguage\":\"en-US\",\"potentialAction\":[{\"@type\":\"ReadAction\",\"target\":[\"https:\/\/www.prijedordanas.com\/?p=237930\"]}]},{\"@type\":\"BreadcrumbList\",\"@id\":\"https:\/\/www.prijedordanas.com\/?p=237930#breadcrumb\",\"itemListElement\":[{\"@type\":\"ListItem\",\"position\":1,\"name\":\"Home\",\"item\":\"https:\/\/www.prijedordanas.com\/\"},{\"@type\":\"ListItem\",\"position\":2,\"name\":\"Gradona\u010delnik Javor najavio pove\u0107anje iznosa stipendija\"}]},{\"@type\":\"WebSite\",\"@id\":\"https:\/\/www.prijedordanas.com\/#website\",\"url\":\"https:\/\/www.prijedordanas.com\/\",\"name\":\"PrijedorDanas.com - Prijedorski gradski portal\",\"description\":\"Portal o doga\u0111anjima u gradu Prijedoru\",\"publisher\":{\"@id\":\"https:\/\/www.prijedordanas.com\/#organization\"},\"potentialAction\":[{\"@type\":\"SearchAction\",\"target\":{\"@type\":\"EntryPoint\",\"urlTemplate\":\"https:\/\/www.prijedordanas.com\/?s={search_term_string}\"},\"query-input\":\"required name=search_term_string\"}],\"inLanguage\":\"en-US\"},{\"@type\":\"Organization\",\"@id\":\"https:\/\/www.prijedordanas.com\/#organization\",\"name\":\"PrijedorDanas.com\",\"url\":\"https:\/\/www.prijedordanas.com\/\",\"logo\":{\"@type\":\"ImageObject\",\"inLanguage\":\"en-US\",\"@id\":\"https:\/\/www.prijedordanas.com\/#\/schema\/logo\/image\/\",\"url\":\"http:\/\/www.prijedordanas.com\/wp-content\/uploads\/2021\/12\/logopng.png\",\"contentUrl\":\"http:\/\/www.prijedordanas.com\/wp-content\/uploads\/2021\/12\/logopng.png\",\"width\":1019,\"height\":776,\"caption\":\"PrijedorDanas.com\"},\"image\":{\"@id\":\"https:\/\/www.prijedordanas.com\/#\/schema\/logo\/image\/\"},\"sameAs\":[\"https:\/\/www.facebook.com\/PrijedorDanasCom\/\"]},{\"@type\":\"Person\",\"@id\":\"https:\/\/www.prijedordanas.com\/#\/schema\/person\/4e08ccf29b506ca916ff86d46bb700e6\",\"name\":\"admin\",\"image\":{\"@type\":\"ImageObject\",\"inLanguage\":\"en-US\",\"@id\":\"https:\/\/www.prijedordanas.com\/#\/schema\/person\/image\/\",\"url\":\"https:\/\/secure.gravatar.com\/avatar\/1d3fc949d550f0b53a5f0d51e06dfd79?s=96&d=mm&r=g\",\"contentUrl\":\"https:\/\/secure.gravatar.com\/avatar\/1d3fc949d550f0b53a5f0d51e06dfd79?s=96&d=mm&r=g\",\"caption\":\"admin\"},\"url\":\"https:\/\/www.prijedordanas.com\/?author=1\"}]}<\/script>\n<!-- \/ Yoast SEO plugin. -->","yoast_head_json":{"title":"Gradona\u010delnik Javor najavio pove\u0107anje iznosa stipendija - PrijedorDanas.com - Prijedorski gradski portal","robots":{"index":"index","follow":"follow","max-snippet":"max-snippet:-1","max-image-preview":"max-image-preview:large","max-video-preview":"max-video-preview:-1"},"canonical":"https:\/\/www.prijedordanas.com\/?p=237930","og_locale":"en_US","og_type":"article","og_title":"Gradona\u010delnik Javor najavio pove\u0107anje iznosa stipendija - PrijedorDanas.com - Prijedorski gradski portal","og_description":"Gradona\u010delnik Prijedora Slobodan Javor najavio je danas da \u0107e iznosi \u0111a\u010dkih i studentskih stipendija biti pove\u0107ani, ali da se iznos pove\u0107anja mo\u017ee precizirati nakon javnih rasprava o bud\u017eetu grada. On [&hellip;]","og_url":"https:\/\/www.prijedordanas.com\/?p=237930","og_site_name":"PrijedorDanas.com - Prijedorski gradski portal","article_publisher":"https:\/\/www.facebook.com\/PrijedorDanasCom\/","article_published_time":"2024-12-05T16:10:39+00:00","og_image":[{"url":"https:\/\/www.prijedordanas.com\/wp-content\/uploads\/2024\/12\/skupstina-grada-5decembar-13-300x225.jpg"}],"author":"admin","twitter_card":"summary_large_image","twitter_misc":{"Written by":"admin"},"schema":{"@context":"https:\/\/schema.org","@graph":[{"@type":"Article","@id":"https:\/\/www.prijedordanas.com\/?p=237930#article","isPartOf":{"@id":"https:\/\/www.prijedordanas.com\/?p=237930"},"author":{"name":"admin","@id":"https:\/\/www.prijedordanas.com\/#\/schema\/person\/4e08ccf29b506ca916ff86d46bb700e6"},"headline":"Gradona\u010delnik Javor najavio pove\u0107anje iznosa stipendija","datePublished":"2024-12-05T16:10:39+00:00","dateModified":"2024-12-05T16:10:39+00:00","mainEntityOfPage":{"@id":"https:\/\/www.prijedordanas.com\/?p=237930"},"wordCount":280,"publisher":{"@id":"https:\/\/www.prijedordanas.com\/#organization"},"articleSection":["Dru\u0161tvo","Mladi"],"inLanguage":"en-US"},{"@type":"WebPage","@id":"https:\/\/www.prijedordanas.com\/?p=237930","url":"https:\/\/www.prijedordanas.com\/?p=237930","name":"Gradona\u010delnik Javor najavio pove\u0107anje iznosa stipendija - PrijedorDanas.com - Prijedorski gradski portal","isPartOf":{"@id":"https:\/\/www.prijedordanas.com\/#website"},"datePublished":"2024-12-05T16:10:39+00:00","dateModified":"2024-12-05T16:10:39+00:00","breadcrumb":{"@id":"https:\/\/www.prijedordanas.com\/?p=237930#breadcrumb"},"inLanguage":"en-US","potentialAction":[{"@type":"ReadAction","target":["https:\/\/www.prijedordanas.com\/?p=237930"]}]},{"@type":"BreadcrumbList","@id":"https:\/\/www.prijedordanas.com\/?p=237930#breadcrumb","itemListElement":[{"@type":"ListItem","position":1,"name":"Home","item":"https:\/\/www.prijedordanas.com\/"},{"@type":"ListItem","position":2,"name":"Gradona\u010delnik Javor najavio pove\u0107anje iznosa stipendija"}]},{"@type":"WebSite","@id":"https:\/\/www.prijedordanas.com\/#website","url":"https:\/\/www.prijedordanas.com\/","name":"PrijedorDanas.com - Prijedorski gradski portal","description":"Portal o doga\u0111anjima u gradu Prijedoru","publisher":{"@id":"https:\/\/www.prijedordanas.com\/#organization"},"potentialAction":[{"@type":"SearchAction","target":{"@type":"EntryPoint","urlTemplate":"https:\/\/www.prijedordanas.com\/?s={search_term_string}"},"query-input":"required name=search_term_string"}],"inLanguage":"en-US"},{"@type":"Organization","@id":"https:\/\/www.prijedordanas.com\/#organization","name":"PrijedorDanas.com","url":"https:\/\/www.prijedordanas.com\/","logo":{"@type":"ImageObject","inLanguage":"en-US","@id":"https:\/\/www.prijedordanas.com\/#\/schema\/logo\/image\/","url":"http:\/\/www.prijedordanas.com\/wp-content\/uploads\/2021\/12\/logopng.png","contentUrl":"http:\/\/www.prijedordanas.com\/wp-content\/uploads\/2021\/12\/logopng.png","width":1019,"height":776,"caption":"PrijedorDanas.com"},"image":{"@id":"https:\/\/www.prijedordanas.com\/#\/schema\/logo\/image\/"},"sameAs":["https:\/\/www.facebook.com\/PrijedorDanasCom\/"]},{"@type":"Person","@id":"https:\/\/www.prijedordanas.com\/#\/schema\/person\/4e08ccf29b506ca916ff86d46bb700e6","name":"admin","image":{"@type":"ImageObject","inLanguage":"en-US","@id":"https:\/\/www.prijedordanas.com\/#\/schema\/person\/image\/","url":"https:\/\/secure.gravatar.com\/avatar\/1d3fc949d550f0b53a5f0d51e06dfd79?s=96&d=mm&r=g","contentUrl":"https:\/\/secure.gravatar.com\/avatar\/1d3fc949d550f0b53a5f0d51e06dfd79?s=96&d=mm&r=g","caption":"admin"},"url":"https:\/\/www.prijedordanas.com\/?author=1"}]}},"_links":{"self":[{"href":"https:\/\/www.prijedordanas.com\/index.php?rest_route=\/wp\/v2\/posts\/237930"}],"collection":[{"href":"https:\/\/www.prijedordanas.com\/index.php?rest_route=\/wp\/v2\/posts"}],"about":[{"href":"https:\/\/www.prijedordanas.com\/index.php?rest_route=\/wp\/v2\/types\/post"}],"author":[{"embeddable":true,"href":"https:\/\/www.prijedordanas.com\/index.php?rest_route=\/wp\/v2\/users\/1"}],"replies":[{"embeddable":true,"href":"https:\/\/www.prijedordanas.com\/index.php?rest_route=%2Fwp%2Fv2%2Fcomments&post=237930"}],"version-history":[{"count":1,"href":"https:\/\/www.prijedordanas.com\/index.php?rest_route=\/wp\/v2\/posts\/237930\/revisions"}],"predecessor-version":[{"id":237932,"href":"https:\/\/www.prijedordanas.com\/index.php?rest_route=\/wp\/v2\/posts\/237930\/revisions\/237932"}],"wp:attachment":[{"href":"https:\/\/www.prijedordanas.com\/index.php?rest_route=%2Fwp%2Fv2%2Fmedia&parent=237930"}],"wp:term":[{"taxonomy":"category","embeddable":true,"href":"https:\/\/www.prijedordanas.com\/index.php?rest_route=%2Fwp%2Fv2%2Fcategories&post=237930"},{"taxonomy":"post_tag","embeddable":true,"href":"https:\/\/www.prijedordanas.com\/index.php?rest_route=%2Fwp%2Fv2%2Ftags&post=237930"}],"curies":[{"name":"wp","href":"https:\/\/api.w.org\/{rel}","templated":true}]}}