{"id":237512,"date":"2024-11-27T21:54:07","date_gmt":"2024-11-27T20:54:07","guid":{"rendered":"https:\/\/www.prijedordanas.com\/?p=237512"},"modified":"2024-11-27T21:54:07","modified_gmt":"2024-11-27T20:54:07","slug":"gradonacelnik-javor-cilj-nam-je-da-prijedor-bude-jos-bolje-mjesto-za-zivot-foto","status":"publish","type":"post","link":"https:\/\/www.prijedordanas.com\/?p=237512","title":{"rendered":"Gradona\u010delnik Javor: Cilj nam je da Prijedor bude jo\u0161 bolje mjesto za \u017eivot &#8211; FOTO"},"content":{"rendered":"<p><a href=\"https:\/\/www.prijedordanas.com\/wp-content\/uploads\/2024\/11\/skupstina-grada-27novembar-21.jpg\"><img loading=\"lazy\" decoding=\"async\" class=\"alignleft size-medium wp-image-237514\" src=\"https:\/\/www.prijedordanas.com\/wp-content\/uploads\/2024\/11\/skupstina-grada-27novembar-21-300x225.jpg\" alt=\"\" width=\"300\" height=\"225\" srcset=\"https:\/\/www.prijedordanas.com\/wp-content\/uploads\/2024\/11\/skupstina-grada-27novembar-21-300x225.jpg 300w, https:\/\/www.prijedordanas.com\/wp-content\/uploads\/2024\/11\/skupstina-grada-27novembar-21-640x480.jpg 640w, https:\/\/www.prijedordanas.com\/wp-content\/uploads\/2024\/11\/skupstina-grada-27novembar-21.jpg 667w\" sizes=\"(max-width: 300px) 100vw, 300px\" \/><\/a>Gradona\u010delnik Prijedora Slobodan Javor izrazio je zadovoljstvo \u0161to je danas na konstitutivnoj sjednici Skup\u0161tine grada konstatovana skup\u0161tinska ve\u0107ina koju \u010dini 29 od ukupno 31 odbornika predvo\u0111ena SNSD-om, te je istakao da je zadovoljan do sada ura\u0111enim i najavio nove projekte koji \u0107e ovaj grad u\u010diniti jo\u0161 boljim mjestom za \u017eivot.<\/p>\n<p>&#8220;Evidentno je da to ni\u0161ta ne umanjuje opoziciju, bilo da je jedan ili ih ima vi\u0161e, dovoljno je da razgovaramo i da nam oni ukazuju na neke eventualne neprivilosti, nedostatke ili ono \u0161to oni smatruju da treba pobolj\u0161ati prvenstveno kada govorimo o gradu Prijedoru i polo\u017eaju na\u0161ih sugra\u0111ana&#8221;, rekao je Javor novinarima nakon konstitutivne sjednice Skup\u0161tine grada koja je danas odr\u017eana u Prijedoru.<\/p>\n<p>On je za narednu sedmicu najavio konsultacije sa skup\u0161tinskom ve\u0107inom, odnosno sa koalicionim partnerima, da bi se nastavilo sa nesmetanim funkcionisanjem Gradske uprave.<\/p>\n<p><a href=\"https:\/\/www.prijedordanas.com\/wp-content\/uploads\/2024\/11\/skupstina-grada-27novembar-22.jpg\"><img loading=\"lazy\" decoding=\"async\" class=\"alignleft size-medium wp-image-237515\" src=\"https:\/\/www.prijedordanas.com\/wp-content\/uploads\/2024\/11\/skupstina-grada-27novembar-22-300x225.jpg\" alt=\"\" width=\"300\" height=\"225\" srcset=\"https:\/\/www.prijedordanas.com\/wp-content\/uploads\/2024\/11\/skupstina-grada-27novembar-22-300x225.jpg 300w, https:\/\/www.prijedordanas.com\/wp-content\/uploads\/2024\/11\/skupstina-grada-27novembar-22-640x480.jpg 640w, https:\/\/www.prijedordanas.com\/wp-content\/uploads\/2024\/11\/skupstina-grada-27novembar-22.jpg 667w\" sizes=\"(max-width: 300px) 100vw, 300px\" \/><\/a>&#8220;Danas smo imenovali vr\u0161ioce du\u017enosti na\u010delnika odjeljenja, dok se ne izvr\u0161i kompletna raspodjela funkcija po koalicionom sporazumu i nema razloga da to ne zavr\u0161imo u \u0161to kra\u0107em vremenskom periodu&#8221;, istakao je Javor.<\/p>\n<p>On je naveo da je, kada je rije\u010d o projektima i razvoju grada, ponosan na dosada\u0161nji rad.<\/p>\n<p>&#8220;Do sada smo se trudili da radimo u kontinuitetu, da razgovaramo sa na\u0161im sugra\u0111anima, da vidimo \u0161ta su prioriteti, problemi, \u0161ta su potrebe i zadovoljni smo ura\u0111enim \u0161to nije rezultat jednog \u010dovjeka ve\u0107 generalno dosada\u0161nje skup\u0161tinske ve\u0107ine&#8221;, rekao je Javor.<\/p>\n<p>On poru\u010duje da je prioritet zavr\u0161etak nekoliko infrastrukturnih projekata.<\/p>\n<p><a href=\"https:\/\/www.prijedordanas.com\/wp-content\/uploads\/2024\/11\/skupstina-grada-27novembar-26.jpg\"><img loading=\"lazy\" decoding=\"async\" src=\"https:\/\/www.prijedordanas.com\/wp-content\/uploads\/2024\/11\/skupstina-grada-27novembar-26-300x200.jpg\" alt=\"\" width=\"300\" height=\"200\" class=\"alignleft size-medium wp-image-237516\" srcset=\"https:\/\/www.prijedordanas.com\/wp-content\/uploads\/2024\/11\/skupstina-grada-27novembar-26-300x200.jpg 300w, https:\/\/www.prijedordanas.com\/wp-content\/uploads\/2024\/11\/skupstina-grada-27novembar-26-480x320.jpg 480w, https:\/\/www.prijedordanas.com\/wp-content\/uploads\/2024\/11\/skupstina-grada-27novembar-26.jpg 600w\" sizes=\"(max-width: 300px) 100vw, 300px\" \/><\/a>&#8220;Imamo fiskulturnu salu koja je zapo\u010deta u Gomjenici, imamo dje\u010diji vrti\u0107 u naselju Pe\u0107ani, imamo dosta kanalizacionih mre\u017ea koje se izgra\u0111uju, vodovodnih mre\u017ea, imamo veliku branu koju radimo u naselju Omarska. To su sve milionski projekti, gdje je potrebno izme\u0111u 15 i 20 miliona KM&#8221;, rekao je Javor.<\/p>\n<p>On je dodao da je u narednom periodu potrebno provesti i izbor savjeta mjesnih zajednica, za koje \u0107e u martu biti raspisani izbori.<\/p>\n<p>Danas je izborom predsjednika Skup\u0161tine grada Igora Kneginji\u0107a, polaganjem sve\u010dane zakletve odbornika i gradona\u010delnika, te imenovanjem vr\u0161ilaca du\u017enosti na\u010delnika odjeljenja Gradske uprave i obra\u0107anjem gradona\u010delnika zavr\u0161ena konstitutivna sjednica Skup\u0161tine grada Prijedora.<\/p>\n<p>SRNA<\/p>\n<p><a href=\"https:\/\/www.prijedordanas.com\/wp-content\/uploads\/2024\/11\/skupstina-grada-27novembar-23.jpg\"><img loading=\"lazy\" decoding=\"async\" src=\"https:\/\/www.prijedordanas.com\/wp-content\/uploads\/2024\/11\/skupstina-grada-27novembar-23-300x225.jpg\" alt=\"\" width=\"300\" height=\"225\" class=\"alignleft size-medium wp-image-237517\" srcset=\"https:\/\/www.prijedordanas.com\/wp-content\/uploads\/2024\/11\/skupstina-grada-27novembar-23-300x225.jpg 300w, https:\/\/www.prijedordanas.com\/wp-content\/uploads\/2024\/11\/skupstina-grada-27novembar-23-640x480.jpg 640w, https:\/\/www.prijedordanas.com\/wp-content\/uploads\/2024\/11\/skupstina-grada-27novembar-23.jpg 667w\" sizes=\"(max-width: 300px) 100vw, 300px\" \/><\/a> <a href=\"https:\/\/www.prijedordanas.com\/wp-content\/uploads\/2024\/11\/skupstina-grada-27novembar-24.jpg\"><img loading=\"lazy\" decoding=\"async\" src=\"https:\/\/www.prijedordanas.com\/wp-content\/uploads\/2024\/11\/skupstina-grada-27novembar-24-300x225.jpg\" alt=\"\" width=\"300\" height=\"225\" class=\"alignleft size-medium wp-image-237518\" srcset=\"https:\/\/www.prijedordanas.com\/wp-content\/uploads\/2024\/11\/skupstina-grada-27novembar-24-300x225.jpg 300w, https:\/\/www.prijedordanas.com\/wp-content\/uploads\/2024\/11\/skupstina-grada-27novembar-24-640x480.jpg 640w, https:\/\/www.prijedordanas.com\/wp-content\/uploads\/2024\/11\/skupstina-grada-27novembar-24.jpg 667w\" sizes=\"(max-width: 300px) 100vw, 300px\" \/><\/a> <a href=\"https:\/\/www.prijedordanas.com\/wp-content\/uploads\/2024\/11\/skupstina-grada-27novembar-25.jpg\"><img loading=\"lazy\" decoding=\"async\" src=\"https:\/\/www.prijedordanas.com\/wp-content\/uploads\/2024\/11\/skupstina-grada-27novembar-25-300x200.jpg\" alt=\"\" width=\"300\" height=\"200\" class=\"alignleft size-medium wp-image-237519\" srcset=\"https:\/\/www.prijedordanas.com\/wp-content\/uploads\/2024\/11\/skupstina-grada-27novembar-25-300x200.jpg 300w, https:\/\/www.prijedordanas.com\/wp-content\/uploads\/2024\/11\/skupstina-grada-27novembar-25-480x320.jpg 480w, https:\/\/www.prijedordanas.com\/wp-content\/uploads\/2024\/11\/skupstina-grada-27novembar-25.jpg 600w\" sizes=\"(max-width: 300px) 100vw, 300px\" \/><\/a> <a href=\"https:\/\/www.prijedordanas.com\/wp-content\/uploads\/2024\/11\/skupstina-grada-27novembar-27.jpg\"><img loading=\"lazy\" decoding=\"async\" src=\"https:\/\/www.prijedordanas.com\/wp-content\/uploads\/2024\/11\/skupstina-grada-27novembar-27-300x200.jpg\" alt=\"\" width=\"300\" height=\"200\" class=\"alignleft size-medium wp-image-237520\" srcset=\"https:\/\/www.prijedordanas.com\/wp-content\/uploads\/2024\/11\/skupstina-grada-27novembar-27-300x200.jpg 300w, https:\/\/www.prijedordanas.com\/wp-content\/uploads\/2024\/11\/skupstina-grada-27novembar-27-480x320.jpg 480w, https:\/\/www.prijedordanas.com\/wp-content\/uploads\/2024\/11\/skupstina-grada-27novembar-27.jpg 600w\" sizes=\"(max-width: 300px) 100vw, 300px\" \/><\/a><\/p>\n","protected":false},"excerpt":{"rendered":"<p>Gradona\u010delnik Prijedora Slobodan Javor izrazio je zadovoljstvo \u0161to je danas na konstitutivnoj sjednici Skup\u0161tine grada konstatovana skup\u0161tinska ve\u0107ina koju \u010dini 29 od ukupno 31 odbornika predvo\u0111ena SNSD-om, te je istakao [&hellip;]<\/p>\n","protected":false},"author":1,"featured_media":0,"comment_status":"closed","ping_status":"open","sticky":false,"template":"","format":"standard","meta":{"_monsterinsights_skip_tracking":false,"_monsterinsights_sitenote_active":false,"_monsterinsights_sitenote_note":"","_monsterinsights_sitenote_category":0,"footnotes":""},"categories":[4],"tags":[],"yoast_head":"<!-- This site is optimized with the Yoast SEO plugin v21.6 - https:\/\/yoast.com\/wordpress\/plugins\/seo\/ -->\n<title>Gradona\u010delnik Javor: Cilj nam je da Prijedor bude jo\u0161 bolje mjesto za \u017eivot - FOTO - PrijedorDanas.com - Prijedorski gradski portal<\/title>\n<meta name=\"robots\" content=\"index, follow, max-snippet:-1, max-image-preview:large, max-video-preview:-1\" \/>\n<link rel=\"canonical\" href=\"https:\/\/www.prijedordanas.com\/?p=237512\" \/>\n<meta property=\"og:locale\" content=\"en_US\" \/>\n<meta property=\"og:type\" content=\"article\" \/>\n<meta property=\"og:title\" content=\"Gradona\u010delnik Javor: Cilj nam je da Prijedor bude jo\u0161 bolje mjesto za \u017eivot - FOTO - PrijedorDanas.com - Prijedorski gradski portal\" \/>\n<meta property=\"og:description\" content=\"Gradona\u010delnik Prijedora Slobodan Javor izrazio je zadovoljstvo \u0161to je danas na konstitutivnoj sjednici Skup\u0161tine grada konstatovana skup\u0161tinska ve\u0107ina koju \u010dini 29 od ukupno 31 odbornika predvo\u0111ena SNSD-om, te je istakao [&hellip;]\" \/>\n<meta property=\"og:url\" content=\"https:\/\/www.prijedordanas.com\/?p=237512\" \/>\n<meta property=\"og:site_name\" content=\"PrijedorDanas.com - Prijedorski gradski portal\" \/>\n<meta property=\"article:publisher\" content=\"https:\/\/www.facebook.com\/PrijedorDanasCom\/\" \/>\n<meta property=\"article:published_time\" content=\"2024-11-27T20:54:07+00:00\" \/>\n<meta property=\"og:image\" content=\"https:\/\/www.prijedordanas.com\/wp-content\/uploads\/2024\/11\/skupstina-grada-27novembar-21-300x225.jpg\" \/>\n<meta name=\"author\" content=\"admin\" \/>\n<meta name=\"twitter:card\" content=\"summary_large_image\" \/>\n<meta name=\"twitter:label1\" content=\"Written by\" \/>\n\t<meta name=\"twitter:data1\" content=\"admin\" \/>\n\t<meta name=\"twitter:label2\" content=\"Est. reading time\" \/>\n\t<meta name=\"twitter:data2\" content=\"2 minutes\" \/>\n<script type=\"application\/ld+json\" class=\"yoast-schema-graph\">{\"@context\":\"https:\/\/schema.org\",\"@graph\":[{\"@type\":\"Article\",\"@id\":\"https:\/\/www.prijedordanas.com\/?p=237512#article\",\"isPartOf\":{\"@id\":\"https:\/\/www.prijedordanas.com\/?p=237512\"},\"author\":{\"name\":\"admin\",\"@id\":\"https:\/\/www.prijedordanas.com\/#\/schema\/person\/4e08ccf29b506ca916ff86d46bb700e6\"},\"headline\":\"Gradona\u010delnik Javor: Cilj nam je da Prijedor bude jo\u0161 bolje mjesto za \u017eivot &#8211; FOTO\",\"datePublished\":\"2024-11-27T20:54:07+00:00\",\"dateModified\":\"2024-11-27T20:54:07+00:00\",\"mainEntityOfPage\":{\"@id\":\"https:\/\/www.prijedordanas.com\/?p=237512\"},\"wordCount\":399,\"publisher\":{\"@id\":\"https:\/\/www.prijedordanas.com\/#organization\"},\"articleSection\":[\"Dru\u0161tvo\"],\"inLanguage\":\"en-US\"},{\"@type\":\"WebPage\",\"@id\":\"https:\/\/www.prijedordanas.com\/?p=237512\",\"url\":\"https:\/\/www.prijedordanas.com\/?p=237512\",\"name\":\"Gradona\u010delnik Javor: Cilj nam je da Prijedor bude jo\u0161 bolje mjesto za \u017eivot - FOTO - PrijedorDanas.com - Prijedorski gradski portal\",\"isPartOf\":{\"@id\":\"https:\/\/www.prijedordanas.com\/#website\"},\"datePublished\":\"2024-11-27T20:54:07+00:00\",\"dateModified\":\"2024-11-27T20:54:07+00:00\",\"breadcrumb\":{\"@id\":\"https:\/\/www.prijedordanas.com\/?p=237512#breadcrumb\"},\"inLanguage\":\"en-US\",\"potentialAction\":[{\"@type\":\"ReadAction\",\"target\":[\"https:\/\/www.prijedordanas.com\/?p=237512\"]}]},{\"@type\":\"BreadcrumbList\",\"@id\":\"https:\/\/www.prijedordanas.com\/?p=237512#breadcrumb\",\"itemListElement\":[{\"@type\":\"ListItem\",\"position\":1,\"name\":\"Home\",\"item\":\"https:\/\/www.prijedordanas.com\/\"},{\"@type\":\"ListItem\",\"position\":2,\"name\":\"Gradona\u010delnik Javor: Cilj nam je da Prijedor bude jo\u0161 bolje mjesto za \u017eivot &#8211; FOTO\"}]},{\"@type\":\"WebSite\",\"@id\":\"https:\/\/www.prijedordanas.com\/#website\",\"url\":\"https:\/\/www.prijedordanas.com\/\",\"name\":\"PrijedorDanas.com - Prijedorski gradski portal\",\"description\":\"Portal o doga\u0111anjima u gradu Prijedoru\",\"publisher\":{\"@id\":\"https:\/\/www.prijedordanas.com\/#organization\"},\"potentialAction\":[{\"@type\":\"SearchAction\",\"target\":{\"@type\":\"EntryPoint\",\"urlTemplate\":\"https:\/\/www.prijedordanas.com\/?s={search_term_string}\"},\"query-input\":\"required name=search_term_string\"}],\"inLanguage\":\"en-US\"},{\"@type\":\"Organization\",\"@id\":\"https:\/\/www.prijedordanas.com\/#organization\",\"name\":\"PrijedorDanas.com\",\"url\":\"https:\/\/www.prijedordanas.com\/\",\"logo\":{\"@type\":\"ImageObject\",\"inLanguage\":\"en-US\",\"@id\":\"https:\/\/www.prijedordanas.com\/#\/schema\/logo\/image\/\",\"url\":\"http:\/\/www.prijedordanas.com\/wp-content\/uploads\/2021\/12\/logopng.png\",\"contentUrl\":\"http:\/\/www.prijedordanas.com\/wp-content\/uploads\/2021\/12\/logopng.png\",\"width\":1019,\"height\":776,\"caption\":\"PrijedorDanas.com\"},\"image\":{\"@id\":\"https:\/\/www.prijedordanas.com\/#\/schema\/logo\/image\/\"},\"sameAs\":[\"https:\/\/www.facebook.com\/PrijedorDanasCom\/\"]},{\"@type\":\"Person\",\"@id\":\"https:\/\/www.prijedordanas.com\/#\/schema\/person\/4e08ccf29b506ca916ff86d46bb700e6\",\"name\":\"admin\",\"image\":{\"@type\":\"ImageObject\",\"inLanguage\":\"en-US\",\"@id\":\"https:\/\/www.prijedordanas.com\/#\/schema\/person\/image\/\",\"url\":\"https:\/\/secure.gravatar.com\/avatar\/1d3fc949d550f0b53a5f0d51e06dfd79?s=96&d=mm&r=g\",\"contentUrl\":\"https:\/\/secure.gravatar.com\/avatar\/1d3fc949d550f0b53a5f0d51e06dfd79?s=96&d=mm&r=g\",\"caption\":\"admin\"},\"url\":\"https:\/\/www.prijedordanas.com\/?author=1\"}]}<\/script>\n<!-- \/ Yoast SEO plugin. -->","yoast_head_json":{"title":"Gradona\u010delnik Javor: Cilj nam je da Prijedor bude jo\u0161 bolje mjesto za \u017eivot - FOTO - PrijedorDanas.com - Prijedorski gradski portal","robots":{"index":"index","follow":"follow","max-snippet":"max-snippet:-1","max-image-preview":"max-image-preview:large","max-video-preview":"max-video-preview:-1"},"canonical":"https:\/\/www.prijedordanas.com\/?p=237512","og_locale":"en_US","og_type":"article","og_title":"Gradona\u010delnik Javor: Cilj nam je da Prijedor bude jo\u0161 bolje mjesto za \u017eivot - FOTO - PrijedorDanas.com - Prijedorski gradski portal","og_description":"Gradona\u010delnik Prijedora Slobodan Javor izrazio je zadovoljstvo \u0161to je danas na konstitutivnoj sjednici Skup\u0161tine grada konstatovana skup\u0161tinska ve\u0107ina koju \u010dini 29 od ukupno 31 odbornika predvo\u0111ena SNSD-om, te je istakao [&hellip;]","og_url":"https:\/\/www.prijedordanas.com\/?p=237512","og_site_name":"PrijedorDanas.com - Prijedorski gradski portal","article_publisher":"https:\/\/www.facebook.com\/PrijedorDanasCom\/","article_published_time":"2024-11-27T20:54:07+00:00","og_image":[{"url":"https:\/\/www.prijedordanas.com\/wp-content\/uploads\/2024\/11\/skupstina-grada-27novembar-21-300x225.jpg"}],"author":"admin","twitter_card":"summary_large_image","twitter_misc":{"Written by":"admin","Est. reading time":"2 minutes"},"schema":{"@context":"https:\/\/schema.org","@graph":[{"@type":"Article","@id":"https:\/\/www.prijedordanas.com\/?p=237512#article","isPartOf":{"@id":"https:\/\/www.prijedordanas.com\/?p=237512"},"author":{"name":"admin","@id":"https:\/\/www.prijedordanas.com\/#\/schema\/person\/4e08ccf29b506ca916ff86d46bb700e6"},"headline":"Gradona\u010delnik Javor: Cilj nam je da Prijedor bude jo\u0161 bolje mjesto za \u017eivot &#8211; FOTO","datePublished":"2024-11-27T20:54:07+00:00","dateModified":"2024-11-27T20:54:07+00:00","mainEntityOfPage":{"@id":"https:\/\/www.prijedordanas.com\/?p=237512"},"wordCount":399,"publisher":{"@id":"https:\/\/www.prijedordanas.com\/#organization"},"articleSection":["Dru\u0161tvo"],"inLanguage":"en-US"},{"@type":"WebPage","@id":"https:\/\/www.prijedordanas.com\/?p=237512","url":"https:\/\/www.prijedordanas.com\/?p=237512","name":"Gradona\u010delnik Javor: Cilj nam je da Prijedor bude jo\u0161 bolje mjesto za \u017eivot - FOTO - PrijedorDanas.com - Prijedorski gradski portal","isPartOf":{"@id":"https:\/\/www.prijedordanas.com\/#website"},"datePublished":"2024-11-27T20:54:07+00:00","dateModified":"2024-11-27T20:54:07+00:00","breadcrumb":{"@id":"https:\/\/www.prijedordanas.com\/?p=237512#breadcrumb"},"inLanguage":"en-US","potentialAction":[{"@type":"ReadAction","target":["https:\/\/www.prijedordanas.com\/?p=237512"]}]},{"@type":"BreadcrumbList","@id":"https:\/\/www.prijedordanas.com\/?p=237512#breadcrumb","itemListElement":[{"@type":"ListItem","position":1,"name":"Home","item":"https:\/\/www.prijedordanas.com\/"},{"@type":"ListItem","position":2,"name":"Gradona\u010delnik Javor: Cilj nam je da Prijedor bude jo\u0161 bolje mjesto za \u017eivot &#8211; FOTO"}]},{"@type":"WebSite","@id":"https:\/\/www.prijedordanas.com\/#website","url":"https:\/\/www.prijedordanas.com\/","name":"PrijedorDanas.com - Prijedorski gradski portal","description":"Portal o doga\u0111anjima u gradu Prijedoru","publisher":{"@id":"https:\/\/www.prijedordanas.com\/#organization"},"potentialAction":[{"@type":"SearchAction","target":{"@type":"EntryPoint","urlTemplate":"https:\/\/www.prijedordanas.com\/?s={search_term_string}"},"query-input":"required name=search_term_string"}],"inLanguage":"en-US"},{"@type":"Organization","@id":"https:\/\/www.prijedordanas.com\/#organization","name":"PrijedorDanas.com","url":"https:\/\/www.prijedordanas.com\/","logo":{"@type":"ImageObject","inLanguage":"en-US","@id":"https:\/\/www.prijedordanas.com\/#\/schema\/logo\/image\/","url":"http:\/\/www.prijedordanas.com\/wp-content\/uploads\/2021\/12\/logopng.png","contentUrl":"http:\/\/www.prijedordanas.com\/wp-content\/uploads\/2021\/12\/logopng.png","width":1019,"height":776,"caption":"PrijedorDanas.com"},"image":{"@id":"https:\/\/www.prijedordanas.com\/#\/schema\/logo\/image\/"},"sameAs":["https:\/\/www.facebook.com\/PrijedorDanasCom\/"]},{"@type":"Person","@id":"https:\/\/www.prijedordanas.com\/#\/schema\/person\/4e08ccf29b506ca916ff86d46bb700e6","name":"admin","image":{"@type":"ImageObject","inLanguage":"en-US","@id":"https:\/\/www.prijedordanas.com\/#\/schema\/person\/image\/","url":"https:\/\/secure.gravatar.com\/avatar\/1d3fc949d550f0b53a5f0d51e06dfd79?s=96&d=mm&r=g","contentUrl":"https:\/\/secure.gravatar.com\/avatar\/1d3fc949d550f0b53a5f0d51e06dfd79?s=96&d=mm&r=g","caption":"admin"},"url":"https:\/\/www.prijedordanas.com\/?author=1"}]}},"_links":{"self":[{"href":"https:\/\/www.prijedordanas.com\/index.php?rest_route=\/wp\/v2\/posts\/237512"}],"collection":[{"href":"https:\/\/www.prijedordanas.com\/index.php?rest_route=\/wp\/v2\/posts"}],"about":[{"href":"https:\/\/www.prijedordanas.com\/index.php?rest_route=\/wp\/v2\/types\/post"}],"author":[{"embeddable":true,"href":"https:\/\/www.prijedordanas.com\/index.php?rest_route=\/wp\/v2\/users\/1"}],"replies":[{"embeddable":true,"href":"https:\/\/www.prijedordanas.com\/index.php?rest_route=%2Fwp%2Fv2%2Fcomments&post=237512"}],"version-history":[{"count":1,"href":"https:\/\/www.prijedordanas.com\/index.php?rest_route=\/wp\/v2\/posts\/237512\/revisions"}],"predecessor-version":[{"id":237521,"href":"https:\/\/www.prijedordanas.com\/index.php?rest_route=\/wp\/v2\/posts\/237512\/revisions\/237521"}],"wp:attachment":[{"href":"https:\/\/www.prijedordanas.com\/index.php?rest_route=%2Fwp%2Fv2%2Fmedia&parent=237512"}],"wp:term":[{"taxonomy":"category","embeddable":true,"href":"https:\/\/www.prijedordanas.com\/index.php?rest_route=%2Fwp%2Fv2%2Fcategories&post=237512"},{"taxonomy":"post_tag","embeddable":true,"href":"https:\/\/www.prijedordanas.com\/index.php?rest_route=%2Fwp%2Fv2%2Ftags&post=237512"}],"curies":[{"name":"wp","href":"https:\/\/api.w.org\/{rel}","templated":true}]}}