{"id":237029,"date":"2024-11-18T21:23:54","date_gmt":"2024-11-18T20:23:54","guid":{"rendered":"https:\/\/www.prijedordanas.com\/?p=237029"},"modified":"2024-11-18T21:23:54","modified_gmt":"2024-11-18T20:23:54","slug":"pozoriste-prijedor-premijerno-izvedena-predstava-za-djecu-gvozden-foto-video","status":"publish","type":"post","link":"https:\/\/www.prijedordanas.com\/?p=237029","title":{"rendered":"Pozori\u0161te Prijedor: Premijerno izvedena predstava za djecu &#8220;Gvozden&#8221; &#8211; FOTO\/VIDEO"},"content":{"rendered":"<p><a href=\"https:\/\/www.prijedordanas.com\/wp-content\/uploads\/2024\/11\/gvozden-premijera-1.jpg\"><img loading=\"lazy\" decoding=\"async\" class=\"alignleft size-medium wp-image-237030\" src=\"https:\/\/www.prijedordanas.com\/wp-content\/uploads\/2024\/11\/gvozden-premijera-1-300x225.jpg\" alt=\"\" width=\"300\" height=\"225\" srcset=\"https:\/\/www.prijedordanas.com\/wp-content\/uploads\/2024\/11\/gvozden-premijera-1-300x225.jpg 300w, https:\/\/www.prijedordanas.com\/wp-content\/uploads\/2024\/11\/gvozden-premijera-1-640x480.jpg 640w, https:\/\/www.prijedordanas.com\/wp-content\/uploads\/2024\/11\/gvozden-premijera-1.jpg 667w\" sizes=\"(max-width: 300px) 100vw, 300px\" \/><\/a>Pozori\u0161te Prijedor premijerno je odigralo predstavu &#8220;Gvozden&#8221; autora Marka Vukosava.<\/p>\n<p>Vukosav, koji je ina\u010de glumac, a ovdje pisac, scenograf, kostimograf, dizajner svjetla i vizuala izjavio je novinarima da je u predstavi obradio motive iz doma\u0107ih bajki.<\/p>\n<p>&#8220;To je neka ideja \u0161to je kuvala u meni dugo vremena i eto kona\u010dno je do\u0161la da se rodi taj neki, da ka\u017eemo, moj autorski projekat uz pomo\u0107 ostalih kolega&#8221;, rekao jke Vukosav nakon ve\u010dera\u0161nje premijere.<\/p>\n<p>On je dodao da je, kao i svaka dje\u010dija predstava i ova imala to ne\u0161to dinami\u010dno, veselo, \u0161iroko, ali opet sa nekom dozom straha, naravno i te tame,<\/p>\n<p>&#8220;Nije sve u \u017eivotu uvek veselje i cvije\u0107e i onda ipak treba poslati neku poruku da \u010dovjek treba da se bori kroz \u017eivot, da treba da da sve od sebe, da bi do\u0161ao do nekog sre\u0107nog kraja,to je potrebno da se prepreke razbijaju&#8221; izjavio je Vukosav.<\/p>\n<p><a href=\"https:\/\/www.prijedordanas.com\/wp-content\/uploads\/2024\/11\/gvozden-premijera-6.jpg\"><img loading=\"lazy\" decoding=\"async\" class=\"alignleft size-medium wp-image-237031\" src=\"https:\/\/www.prijedordanas.com\/wp-content\/uploads\/2024\/11\/gvozden-premijera-6-208x300.jpg\" alt=\"\" width=\"208\" height=\"300\" srcset=\"https:\/\/www.prijedordanas.com\/wp-content\/uploads\/2024\/11\/gvozden-premijera-6-208x300.jpg 208w, https:\/\/www.prijedordanas.com\/wp-content\/uploads\/2024\/11\/gvozden-premijera-6.jpg 450w\" sizes=\"(max-width: 208px) 100vw, 208px\" \/><\/a>Direktor Pozori\u0161ta Prijedor Sr\u0111an Knjeginji\u0107 koji, tako\u0111e i igra u predstavi, potvrdio je novinarima da je ovo bila prva predstava u 72.sezoni.<\/p>\n<p>&#8220;Odlu\u010dili smo se, po\u0161to u pro\u0161loj sezoni nismo imali dje\u010daju predstavu, ali imali smo u kalendarskoj godini, tako da smo ispo\u0161tovali ovaj put da prva u sezoni bude dje\u010dija predstava i vidjeli ste reakciju, djeca zadovoljna , roditelji zadovoljni i to je samo znak da nam se naporan rad isplatio&#8221;, izjavio je Knjeginji\u0107 nakon premijere.<\/p>\n<p>On je dodao da vjeruje da predstava ima svijetlu budu\u0107nost, a da je tema predstave bila u stvari borba sa strahom.<\/p>\n<p>Darko Stoji\u0107 glumi glavnog junaka u ovoj pri\u010di o odrastanju i prolazi kroz razli\u010dite faze koje su predstavljene kao kroz godi\u0161nja doba.<\/p>\n<p>&#8220;Zadovoljni smo jako jer ovo je bio prili\u010dno veliki zalogaj, ovo je bio fizi\u010dki teatar, predstava koja je zahtijevala mnogo tehni\u010dkih proba, tehni\u010dki je jako zahtjevna i kada se sve neke okolnosti uzmu u obzir, mi smo jako zadovoljni aplauzom kojim smo na kraju nagra\u0111eni&#8221;, rekao je Stoji\u0107.<\/p>\n<p>Pored Knjeginji\u0107a i Stoji\u0107a u predstavi igraju i Katarina Rendi\u0107, Mirela Predojevi\u0107, Sabina Halilovi\u0107 Zorica Joji\u0107.<\/p>\n<p><a href=\"https:\/\/www.prijedorgrad.org\/sr-EU\/vijesti-sadrzaj.html?vid=21002\" target=\"_blank\" rel=\"noopener\">prijedorgrad.org<\/a><\/p>\n<p><a href=\"https:\/\/www.prijedordanas.com\/wp-content\/uploads\/2024\/11\/gvozden-premijera-2.jpg\"><img loading=\"lazy\" decoding=\"async\" class=\"alignleft size-medium wp-image-237032\" src=\"https:\/\/www.prijedordanas.com\/wp-content\/uploads\/2024\/11\/gvozden-premijera-2-300x225.jpg\" alt=\"\" width=\"300\" height=\"225\" srcset=\"https:\/\/www.prijedordanas.com\/wp-content\/uploads\/2024\/11\/gvozden-premijera-2-300x225.jpg 300w, https:\/\/www.prijedordanas.com\/wp-content\/uploads\/2024\/11\/gvozden-premijera-2-640x480.jpg 640w, https:\/\/www.prijedordanas.com\/wp-content\/uploads\/2024\/11\/gvozden-premijera-2.jpg 667w\" sizes=\"(max-width: 300px) 100vw, 300px\" \/><\/a> <a href=\"https:\/\/www.prijedordanas.com\/wp-content\/uploads\/2024\/11\/gvozden-premijera-5.jpg\"><img loading=\"lazy\" decoding=\"async\" class=\"alignleft size-medium wp-image-237033\" src=\"https:\/\/www.prijedordanas.com\/wp-content\/uploads\/2024\/11\/gvozden-premijera-5-300x225.jpg\" alt=\"\" width=\"300\" height=\"225\" srcset=\"https:\/\/www.prijedordanas.com\/wp-content\/uploads\/2024\/11\/gvozden-premijera-5-300x225.jpg 300w, https:\/\/www.prijedordanas.com\/wp-content\/uploads\/2024\/11\/gvozden-premijera-5-640x480.jpg 640w, https:\/\/www.prijedordanas.com\/wp-content\/uploads\/2024\/11\/gvozden-premijera-5.jpg 667w\" sizes=\"(max-width: 300px) 100vw, 300px\" \/><\/a> <a href=\"https:\/\/www.prijedordanas.com\/wp-content\/uploads\/2024\/11\/gvozden-premijera-3.jpg\"><img loading=\"lazy\" decoding=\"async\" class=\"alignleft size-medium wp-image-237034\" src=\"https:\/\/www.prijedordanas.com\/wp-content\/uploads\/2024\/11\/gvozden-premijera-3-300x225.jpg\" alt=\"\" width=\"300\" height=\"225\" srcset=\"https:\/\/www.prijedordanas.com\/wp-content\/uploads\/2024\/11\/gvozden-premijera-3-300x225.jpg 300w, https:\/\/www.prijedordanas.com\/wp-content\/uploads\/2024\/11\/gvozden-premijera-3-640x480.jpg 640w, https:\/\/www.prijedordanas.com\/wp-content\/uploads\/2024\/11\/gvozden-premijera-3.jpg 667w\" sizes=\"(max-width: 300px) 100vw, 300px\" \/><\/a> <a href=\"https:\/\/www.prijedordanas.com\/wp-content\/uploads\/2024\/11\/gvozden-premijera-4.jpg\"><img loading=\"lazy\" decoding=\"async\" class=\"alignleft size-medium wp-image-237035\" src=\"https:\/\/www.prijedordanas.com\/wp-content\/uploads\/2024\/11\/gvozden-premijera-4-300x225.jpg\" alt=\"\" width=\"300\" height=\"225\" srcset=\"https:\/\/www.prijedordanas.com\/wp-content\/uploads\/2024\/11\/gvozden-premijera-4-300x225.jpg 300w, https:\/\/www.prijedordanas.com\/wp-content\/uploads\/2024\/11\/gvozden-premijera-4-640x480.jpg 640w, https:\/\/www.prijedordanas.com\/wp-content\/uploads\/2024\/11\/gvozden-premijera-4.jpg 667w\" sizes=\"(max-width: 300px) 100vw, 300px\" \/><\/a> <a href=\"https:\/\/www.prijedordanas.com\/wp-content\/uploads\/2024\/11\/gvozden-premijera-8.jpg\"><img loading=\"lazy\" decoding=\"async\" class=\"alignleft size-medium wp-image-237036\" src=\"https:\/\/www.prijedordanas.com\/wp-content\/uploads\/2024\/11\/gvozden-premijera-8-300x200.jpg\" alt=\"\" width=\"300\" height=\"200\" srcset=\"https:\/\/www.prijedordanas.com\/wp-content\/uploads\/2024\/11\/gvozden-premijera-8-300x200.jpg 300w, https:\/\/www.prijedordanas.com\/wp-content\/uploads\/2024\/11\/gvozden-premijera-8-480x320.jpg 480w, https:\/\/www.prijedordanas.com\/wp-content\/uploads\/2024\/11\/gvozden-premijera-8.jpg 600w\" sizes=\"(max-width: 300px) 100vw, 300px\" \/><\/a> <a href=\"https:\/\/www.prijedordanas.com\/wp-content\/uploads\/2024\/11\/gvozden-premijera-7.jpg\"><img loading=\"lazy\" decoding=\"async\" class=\"alignleft size-medium wp-image-237037\" src=\"https:\/\/www.prijedordanas.com\/wp-content\/uploads\/2024\/11\/gvozden-premijera-7-300x200.jpg\" alt=\"\" width=\"300\" height=\"200\" srcset=\"https:\/\/www.prijedordanas.com\/wp-content\/uploads\/2024\/11\/gvozden-premijera-7-300x200.jpg 300w, https:\/\/www.prijedordanas.com\/wp-content\/uploads\/2024\/11\/gvozden-premijera-7-480x320.jpg 480w, https:\/\/www.prijedordanas.com\/wp-content\/uploads\/2024\/11\/gvozden-premijera-7.jpg 600w\" sizes=\"(max-width: 300px) 100vw, 300px\" \/><\/a> <a href=\"https:\/\/www.prijedordanas.com\/wp-content\/uploads\/2024\/11\/gvozden-premijera-9.jpg\"><img loading=\"lazy\" decoding=\"async\" src=\"https:\/\/www.prijedordanas.com\/wp-content\/uploads\/2024\/11\/gvozden-premijera-9-300x200.jpg\" alt=\"\" width=\"300\" height=\"200\" class=\"alignleft size-medium wp-image-237038\" srcset=\"https:\/\/www.prijedordanas.com\/wp-content\/uploads\/2024\/11\/gvozden-premijera-9-300x200.jpg 300w, https:\/\/www.prijedordanas.com\/wp-content\/uploads\/2024\/11\/gvozden-premijera-9-480x320.jpg 480w, https:\/\/www.prijedordanas.com\/wp-content\/uploads\/2024\/11\/gvozden-premijera-9.jpg 600w\" sizes=\"(max-width: 300px) 100vw, 300px\" \/><\/a> <a href=\"https:\/\/www.prijedordanas.com\/wp-content\/uploads\/2024\/11\/gvozden-premijera-10.jpg\"><img loading=\"lazy\" decoding=\"async\" src=\"https:\/\/www.prijedordanas.com\/wp-content\/uploads\/2024\/11\/gvozden-premijera-10-300x200.jpg\" alt=\"\" width=\"300\" height=\"200\" class=\"alignleft size-medium wp-image-237039\" srcset=\"https:\/\/www.prijedordanas.com\/wp-content\/uploads\/2024\/11\/gvozden-premijera-10-300x200.jpg 300w, https:\/\/www.prijedordanas.com\/wp-content\/uploads\/2024\/11\/gvozden-premijera-10-480x320.jpg 480w, https:\/\/www.prijedordanas.com\/wp-content\/uploads\/2024\/11\/gvozden-premijera-10.jpg 600w\" sizes=\"(max-width: 300px) 100vw, 300px\" \/><\/a><\/p>\n<div style=\"width: 640px;\" class=\"wp-video\"><!--[if lt IE 9]><script>document.createElement('video');<\/script><![endif]-->\n<video class=\"wp-video-shortcode\" id=\"video-237029-1\" width=\"640\" height=\"360\" preload=\"metadata\" controls=\"controls\"><source type=\"video\/mp4\" src=\"https:\/\/arh4.rtrs.tv\/arhiva\/2024\/11\/18\/tvclip066836.mp4?_=1\" \/><a href=\"https:\/\/arh4.rtrs.tv\/arhiva\/2024\/11\/18\/tvclip066836.mp4\">https:\/\/arh4.rtrs.tv\/arhiva\/2024\/11\/18\/tvclip066836.mp4<\/a><\/video><\/div>\n<p><a href=\"https:\/\/www.prijedordanas.com\/wp-content\/uploads\/2024\/11\/gvozden-premijera-11.jpg\"><img loading=\"lazy\" decoding=\"async\" src=\"https:\/\/www.prijedordanas.com\/wp-content\/uploads\/2024\/11\/gvozden-premijera-11-300x200.jpg\" alt=\"\" width=\"300\" height=\"200\" class=\"alignleft size-medium wp-image-237040\" srcset=\"https:\/\/www.prijedordanas.com\/wp-content\/uploads\/2024\/11\/gvozden-premijera-11-300x200.jpg 300w, https:\/\/www.prijedordanas.com\/wp-content\/uploads\/2024\/11\/gvozden-premijera-11-480x320.jpg 480w, https:\/\/www.prijedordanas.com\/wp-content\/uploads\/2024\/11\/gvozden-premijera-11.jpg 600w\" sizes=\"(max-width: 300px) 100vw, 300px\" \/><\/a> <a href=\"https:\/\/www.prijedordanas.com\/wp-content\/uploads\/2024\/11\/gvozden-premijera-13.jpg\"><img loading=\"lazy\" decoding=\"async\" src=\"https:\/\/www.prijedordanas.com\/wp-content\/uploads\/2024\/11\/gvozden-premijera-13-300x200.jpg\" alt=\"\" width=\"300\" height=\"200\" class=\"alignleft size-medium wp-image-237041\" srcset=\"https:\/\/www.prijedordanas.com\/wp-content\/uploads\/2024\/11\/gvozden-premijera-13-300x200.jpg 300w, https:\/\/www.prijedordanas.com\/wp-content\/uploads\/2024\/11\/gvozden-premijera-13-480x320.jpg 480w, https:\/\/www.prijedordanas.com\/wp-content\/uploads\/2024\/11\/gvozden-premijera-13.jpg 600w\" sizes=\"(max-width: 300px) 100vw, 300px\" \/><\/a> <a href=\"https:\/\/www.prijedordanas.com\/wp-content\/uploads\/2024\/11\/gvozden-premijera-14.jpg\"><img loading=\"lazy\" decoding=\"async\" src=\"https:\/\/www.prijedordanas.com\/wp-content\/uploads\/2024\/11\/gvozden-premijera-14-300x200.jpg\" alt=\"\" width=\"300\" height=\"200\" class=\"alignleft size-medium wp-image-237042\" srcset=\"https:\/\/www.prijedordanas.com\/wp-content\/uploads\/2024\/11\/gvozden-premijera-14-300x200.jpg 300w, https:\/\/www.prijedordanas.com\/wp-content\/uploads\/2024\/11\/gvozden-premijera-14-480x320.jpg 480w, https:\/\/www.prijedordanas.com\/wp-content\/uploads\/2024\/11\/gvozden-premijera-14.jpg 600w\" sizes=\"(max-width: 300px) 100vw, 300px\" \/><\/a> <a href=\"https:\/\/www.prijedordanas.com\/wp-content\/uploads\/2024\/11\/gvozden-premijera-12.jpg\"><img loading=\"lazy\" decoding=\"async\" src=\"https:\/\/www.prijedordanas.com\/wp-content\/uploads\/2024\/11\/gvozden-premijera-12-300x200.jpg\" alt=\"\" width=\"300\" height=\"200\" class=\"alignleft size-medium wp-image-237043\" srcset=\"https:\/\/www.prijedordanas.com\/wp-content\/uploads\/2024\/11\/gvozden-premijera-12-300x200.jpg 300w, https:\/\/www.prijedordanas.com\/wp-content\/uploads\/2024\/11\/gvozden-premijera-12-480x320.jpg 480w, https:\/\/www.prijedordanas.com\/wp-content\/uploads\/2024\/11\/gvozden-premijera-12.jpg 600w\" sizes=\"(max-width: 300px) 100vw, 300px\" \/><\/a> <a href=\"https:\/\/www.prijedordanas.com\/wp-content\/uploads\/2024\/11\/gvozden-premijera-16.jpg\"><img loading=\"lazy\" decoding=\"async\" src=\"https:\/\/www.prijedordanas.com\/wp-content\/uploads\/2024\/11\/gvozden-premijera-16-300x200.jpg\" alt=\"\" width=\"300\" height=\"200\" class=\"alignleft size-medium wp-image-237044\" srcset=\"https:\/\/www.prijedordanas.com\/wp-content\/uploads\/2024\/11\/gvozden-premijera-16-300x200.jpg 300w, https:\/\/www.prijedordanas.com\/wp-content\/uploads\/2024\/11\/gvozden-premijera-16-480x320.jpg 480w, https:\/\/www.prijedordanas.com\/wp-content\/uploads\/2024\/11\/gvozden-premijera-16.jpg 600w\" sizes=\"(max-width: 300px) 100vw, 300px\" \/><\/a> <a href=\"https:\/\/www.prijedordanas.com\/wp-content\/uploads\/2024\/11\/gvozden-premijera-15.jpg\"><img loading=\"lazy\" decoding=\"async\" src=\"https:\/\/www.prijedordanas.com\/wp-content\/uploads\/2024\/11\/gvozden-premijera-15-300x200.jpg\" alt=\"\" width=\"300\" height=\"200\" class=\"alignleft size-medium wp-image-237045\" srcset=\"https:\/\/www.prijedordanas.com\/wp-content\/uploads\/2024\/11\/gvozden-premijera-15-300x200.jpg 300w, https:\/\/www.prijedordanas.com\/wp-content\/uploads\/2024\/11\/gvozden-premijera-15-480x320.jpg 480w, https:\/\/www.prijedordanas.com\/wp-content\/uploads\/2024\/11\/gvozden-premijera-15.jpg 600w\" sizes=\"(max-width: 300px) 100vw, 300px\" \/><\/a> <a href=\"https:\/\/www.prijedordanas.com\/wp-content\/uploads\/2024\/11\/gvozden-premijera-17.jpg\"><img loading=\"lazy\" decoding=\"async\" src=\"https:\/\/www.prijedordanas.com\/wp-content\/uploads\/2024\/11\/gvozden-premijera-17-200x300.jpg\" alt=\"\" width=\"200\" height=\"300\" class=\"alignleft size-medium wp-image-237046\" srcset=\"https:\/\/www.prijedordanas.com\/wp-content\/uploads\/2024\/11\/gvozden-premijera-17-200x300.jpg 200w, https:\/\/www.prijedordanas.com\/wp-content\/uploads\/2024\/11\/gvozden-premijera-17.jpg 400w\" sizes=\"(max-width: 200px) 100vw, 200px\" \/><\/a><\/p>\n","protected":false},"excerpt":{"rendered":"<p>Pozori\u0161te Prijedor premijerno je odigralo predstavu &#8220;Gvozden&#8221; autora Marka Vukosava. Vukosav, koji je ina\u010de glumac, a ovdje pisac, scenograf, kostimograf, dizajner svjetla i vizuala izjavio je novinarima da je u [&hellip;]<\/p>\n","protected":false},"author":1,"featured_media":0,"comment_status":"closed","ping_status":"open","sticky":false,"template":"","format":"standard","meta":{"_monsterinsights_skip_tracking":false,"_monsterinsights_sitenote_active":false,"_monsterinsights_sitenote_note":"","_monsterinsights_sitenote_category":0,"footnotes":""},"categories":[6],"tags":[],"yoast_head":"<!-- This site is optimized with the Yoast SEO plugin v21.6 - https:\/\/yoast.com\/wordpress\/plugins\/seo\/ -->\n<title>Pozori\u0161te Prijedor: Premijerno izvedena predstava za djecu &quot;Gvozden&quot; - FOTO\/VIDEO - PrijedorDanas.com - Prijedorski gradski portal<\/title>\n<meta name=\"robots\" content=\"index, follow, max-snippet:-1, max-image-preview:large, max-video-preview:-1\" \/>\n<link rel=\"canonical\" href=\"https:\/\/www.prijedordanas.com\/?p=237029\" \/>\n<meta property=\"og:locale\" content=\"en_US\" \/>\n<meta property=\"og:type\" content=\"article\" \/>\n<meta property=\"og:title\" content=\"Pozori\u0161te Prijedor: Premijerno izvedena predstava za djecu &quot;Gvozden&quot; - FOTO\/VIDEO - PrijedorDanas.com - Prijedorski gradski portal\" \/>\n<meta property=\"og:description\" content=\"Pozori\u0161te Prijedor premijerno je odigralo predstavu &#8220;Gvozden&#8221; autora Marka Vukosava. Vukosav, koji je ina\u010de glumac, a ovdje pisac, scenograf, kostimograf, dizajner svjetla i vizuala izjavio je novinarima da je u [&hellip;]\" \/>\n<meta property=\"og:url\" content=\"https:\/\/www.prijedordanas.com\/?p=237029\" \/>\n<meta property=\"og:site_name\" content=\"PrijedorDanas.com - Prijedorski gradski portal\" \/>\n<meta property=\"article:publisher\" content=\"https:\/\/www.facebook.com\/PrijedorDanasCom\/\" \/>\n<meta property=\"article:published_time\" content=\"2024-11-18T20:23:54+00:00\" \/>\n<meta property=\"og:image\" content=\"https:\/\/www.prijedordanas.com\/wp-content\/uploads\/2024\/11\/gvozden-premijera-1-300x225.jpg\" \/>\n<meta name=\"author\" content=\"admin\" \/>\n<meta name=\"twitter:card\" content=\"summary_large_image\" \/>\n<meta name=\"twitter:label1\" content=\"Written by\" \/>\n\t<meta name=\"twitter:data1\" content=\"admin\" \/>\n\t<meta name=\"twitter:label2\" content=\"Est. reading time\" \/>\n\t<meta name=\"twitter:data2\" content=\"4 minutes\" \/>\n<script type=\"application\/ld+json\" class=\"yoast-schema-graph\">{\"@context\":\"https:\/\/schema.org\",\"@graph\":[{\"@type\":\"Article\",\"@id\":\"https:\/\/www.prijedordanas.com\/?p=237029#article\",\"isPartOf\":{\"@id\":\"https:\/\/www.prijedordanas.com\/?p=237029\"},\"author\":{\"name\":\"admin\",\"@id\":\"https:\/\/www.prijedordanas.com\/#\/schema\/person\/4e08ccf29b506ca916ff86d46bb700e6\"},\"headline\":\"Pozori\u0161te Prijedor: Premijerno izvedena predstava za djecu &#8220;Gvozden&#8221; &#8211; FOTO\/VIDEO\",\"datePublished\":\"2024-11-18T20:23:54+00:00\",\"dateModified\":\"2024-11-18T20:23:54+00:00\",\"mainEntityOfPage\":{\"@id\":\"https:\/\/www.prijedordanas.com\/?p=237029\"},\"wordCount\":385,\"publisher\":{\"@id\":\"https:\/\/www.prijedordanas.com\/#organization\"},\"articleSection\":[\"Kultura\"],\"inLanguage\":\"en-US\"},{\"@type\":\"WebPage\",\"@id\":\"https:\/\/www.prijedordanas.com\/?p=237029\",\"url\":\"https:\/\/www.prijedordanas.com\/?p=237029\",\"name\":\"Pozori\u0161te Prijedor: Premijerno izvedena predstava za djecu \\\"Gvozden\\\" - FOTO\/VIDEO - PrijedorDanas.com - Prijedorski gradski portal\",\"isPartOf\":{\"@id\":\"https:\/\/www.prijedordanas.com\/#website\"},\"datePublished\":\"2024-11-18T20:23:54+00:00\",\"dateModified\":\"2024-11-18T20:23:54+00:00\",\"breadcrumb\":{\"@id\":\"https:\/\/www.prijedordanas.com\/?p=237029#breadcrumb\"},\"inLanguage\":\"en-US\",\"potentialAction\":[{\"@type\":\"ReadAction\",\"target\":[\"https:\/\/www.prijedordanas.com\/?p=237029\"]}]},{\"@type\":\"BreadcrumbList\",\"@id\":\"https:\/\/www.prijedordanas.com\/?p=237029#breadcrumb\",\"itemListElement\":[{\"@type\":\"ListItem\",\"position\":1,\"name\":\"Home\",\"item\":\"https:\/\/www.prijedordanas.com\/\"},{\"@type\":\"ListItem\",\"position\":2,\"name\":\"Pozori\u0161te Prijedor: Premijerno izvedena predstava za djecu &#8220;Gvozden&#8221; &#8211; FOTO\/VIDEO\"}]},{\"@type\":\"WebSite\",\"@id\":\"https:\/\/www.prijedordanas.com\/#website\",\"url\":\"https:\/\/www.prijedordanas.com\/\",\"name\":\"PrijedorDanas.com - Prijedorski gradski portal\",\"description\":\"Portal o doga\u0111anjima u gradu Prijedoru\",\"publisher\":{\"@id\":\"https:\/\/www.prijedordanas.com\/#organization\"},\"potentialAction\":[{\"@type\":\"SearchAction\",\"target\":{\"@type\":\"EntryPoint\",\"urlTemplate\":\"https:\/\/www.prijedordanas.com\/?s={search_term_string}\"},\"query-input\":\"required name=search_term_string\"}],\"inLanguage\":\"en-US\"},{\"@type\":\"Organization\",\"@id\":\"https:\/\/www.prijedordanas.com\/#organization\",\"name\":\"PrijedorDanas.com\",\"url\":\"https:\/\/www.prijedordanas.com\/\",\"logo\":{\"@type\":\"ImageObject\",\"inLanguage\":\"en-US\",\"@id\":\"https:\/\/www.prijedordanas.com\/#\/schema\/logo\/image\/\",\"url\":\"http:\/\/www.prijedordanas.com\/wp-content\/uploads\/2021\/12\/logopng.png\",\"contentUrl\":\"http:\/\/www.prijedordanas.com\/wp-content\/uploads\/2021\/12\/logopng.png\",\"width\":1019,\"height\":776,\"caption\":\"PrijedorDanas.com\"},\"image\":{\"@id\":\"https:\/\/www.prijedordanas.com\/#\/schema\/logo\/image\/\"},\"sameAs\":[\"https:\/\/www.facebook.com\/PrijedorDanasCom\/\"]},{\"@type\":\"Person\",\"@id\":\"https:\/\/www.prijedordanas.com\/#\/schema\/person\/4e08ccf29b506ca916ff86d46bb700e6\",\"name\":\"admin\",\"image\":{\"@type\":\"ImageObject\",\"inLanguage\":\"en-US\",\"@id\":\"https:\/\/www.prijedordanas.com\/#\/schema\/person\/image\/\",\"url\":\"https:\/\/secure.gravatar.com\/avatar\/1d3fc949d550f0b53a5f0d51e06dfd79?s=96&d=mm&r=g\",\"contentUrl\":\"https:\/\/secure.gravatar.com\/avatar\/1d3fc949d550f0b53a5f0d51e06dfd79?s=96&d=mm&r=g\",\"caption\":\"admin\"},\"url\":\"https:\/\/www.prijedordanas.com\/?author=1\"}]}<\/script>\n<!-- \/ Yoast SEO plugin. -->","yoast_head_json":{"title":"Pozori\u0161te Prijedor: Premijerno izvedena predstava za djecu \"Gvozden\" - FOTO\/VIDEO - PrijedorDanas.com - Prijedorski gradski portal","robots":{"index":"index","follow":"follow","max-snippet":"max-snippet:-1","max-image-preview":"max-image-preview:large","max-video-preview":"max-video-preview:-1"},"canonical":"https:\/\/www.prijedordanas.com\/?p=237029","og_locale":"en_US","og_type":"article","og_title":"Pozori\u0161te Prijedor: Premijerno izvedena predstava za djecu \"Gvozden\" - FOTO\/VIDEO - PrijedorDanas.com - Prijedorski gradski portal","og_description":"Pozori\u0161te Prijedor premijerno je odigralo predstavu &#8220;Gvozden&#8221; autora Marka Vukosava. Vukosav, koji je ina\u010de glumac, a ovdje pisac, scenograf, kostimograf, dizajner svjetla i vizuala izjavio je novinarima da je u [&hellip;]","og_url":"https:\/\/www.prijedordanas.com\/?p=237029","og_site_name":"PrijedorDanas.com - Prijedorski gradski portal","article_publisher":"https:\/\/www.facebook.com\/PrijedorDanasCom\/","article_published_time":"2024-11-18T20:23:54+00:00","og_image":[{"url":"https:\/\/www.prijedordanas.com\/wp-content\/uploads\/2024\/11\/gvozden-premijera-1-300x225.jpg"}],"author":"admin","twitter_card":"summary_large_image","twitter_misc":{"Written by":"admin","Est. reading time":"4 minutes"},"schema":{"@context":"https:\/\/schema.org","@graph":[{"@type":"Article","@id":"https:\/\/www.prijedordanas.com\/?p=237029#article","isPartOf":{"@id":"https:\/\/www.prijedordanas.com\/?p=237029"},"author":{"name":"admin","@id":"https:\/\/www.prijedordanas.com\/#\/schema\/person\/4e08ccf29b506ca916ff86d46bb700e6"},"headline":"Pozori\u0161te Prijedor: Premijerno izvedena predstava za djecu &#8220;Gvozden&#8221; &#8211; FOTO\/VIDEO","datePublished":"2024-11-18T20:23:54+00:00","dateModified":"2024-11-18T20:23:54+00:00","mainEntityOfPage":{"@id":"https:\/\/www.prijedordanas.com\/?p=237029"},"wordCount":385,"publisher":{"@id":"https:\/\/www.prijedordanas.com\/#organization"},"articleSection":["Kultura"],"inLanguage":"en-US"},{"@type":"WebPage","@id":"https:\/\/www.prijedordanas.com\/?p=237029","url":"https:\/\/www.prijedordanas.com\/?p=237029","name":"Pozori\u0161te Prijedor: Premijerno izvedena predstava za djecu \"Gvozden\" - FOTO\/VIDEO - PrijedorDanas.com - Prijedorski gradski portal","isPartOf":{"@id":"https:\/\/www.prijedordanas.com\/#website"},"datePublished":"2024-11-18T20:23:54+00:00","dateModified":"2024-11-18T20:23:54+00:00","breadcrumb":{"@id":"https:\/\/www.prijedordanas.com\/?p=237029#breadcrumb"},"inLanguage":"en-US","potentialAction":[{"@type":"ReadAction","target":["https:\/\/www.prijedordanas.com\/?p=237029"]}]},{"@type":"BreadcrumbList","@id":"https:\/\/www.prijedordanas.com\/?p=237029#breadcrumb","itemListElement":[{"@type":"ListItem","position":1,"name":"Home","item":"https:\/\/www.prijedordanas.com\/"},{"@type":"ListItem","position":2,"name":"Pozori\u0161te Prijedor: Premijerno izvedena predstava za djecu &#8220;Gvozden&#8221; &#8211; FOTO\/VIDEO"}]},{"@type":"WebSite","@id":"https:\/\/www.prijedordanas.com\/#website","url":"https:\/\/www.prijedordanas.com\/","name":"PrijedorDanas.com - Prijedorski gradski portal","description":"Portal o doga\u0111anjima u gradu Prijedoru","publisher":{"@id":"https:\/\/www.prijedordanas.com\/#organization"},"potentialAction":[{"@type":"SearchAction","target":{"@type":"EntryPoint","urlTemplate":"https:\/\/www.prijedordanas.com\/?s={search_term_string}"},"query-input":"required name=search_term_string"}],"inLanguage":"en-US"},{"@type":"Organization","@id":"https:\/\/www.prijedordanas.com\/#organization","name":"PrijedorDanas.com","url":"https:\/\/www.prijedordanas.com\/","logo":{"@type":"ImageObject","inLanguage":"en-US","@id":"https:\/\/www.prijedordanas.com\/#\/schema\/logo\/image\/","url":"http:\/\/www.prijedordanas.com\/wp-content\/uploads\/2021\/12\/logopng.png","contentUrl":"http:\/\/www.prijedordanas.com\/wp-content\/uploads\/2021\/12\/logopng.png","width":1019,"height":776,"caption":"PrijedorDanas.com"},"image":{"@id":"https:\/\/www.prijedordanas.com\/#\/schema\/logo\/image\/"},"sameAs":["https:\/\/www.facebook.com\/PrijedorDanasCom\/"]},{"@type":"Person","@id":"https:\/\/www.prijedordanas.com\/#\/schema\/person\/4e08ccf29b506ca916ff86d46bb700e6","name":"admin","image":{"@type":"ImageObject","inLanguage":"en-US","@id":"https:\/\/www.prijedordanas.com\/#\/schema\/person\/image\/","url":"https:\/\/secure.gravatar.com\/avatar\/1d3fc949d550f0b53a5f0d51e06dfd79?s=96&d=mm&r=g","contentUrl":"https:\/\/secure.gravatar.com\/avatar\/1d3fc949d550f0b53a5f0d51e06dfd79?s=96&d=mm&r=g","caption":"admin"},"url":"https:\/\/www.prijedordanas.com\/?author=1"}]}},"_links":{"self":[{"href":"https:\/\/www.prijedordanas.com\/index.php?rest_route=\/wp\/v2\/posts\/237029"}],"collection":[{"href":"https:\/\/www.prijedordanas.com\/index.php?rest_route=\/wp\/v2\/posts"}],"about":[{"href":"https:\/\/www.prijedordanas.com\/index.php?rest_route=\/wp\/v2\/types\/post"}],"author":[{"embeddable":true,"href":"https:\/\/www.prijedordanas.com\/index.php?rest_route=\/wp\/v2\/users\/1"}],"replies":[{"embeddable":true,"href":"https:\/\/www.prijedordanas.com\/index.php?rest_route=%2Fwp%2Fv2%2Fcomments&post=237029"}],"version-history":[{"count":1,"href":"https:\/\/www.prijedordanas.com\/index.php?rest_route=\/wp\/v2\/posts\/237029\/revisions"}],"predecessor-version":[{"id":237047,"href":"https:\/\/www.prijedordanas.com\/index.php?rest_route=\/wp\/v2\/posts\/237029\/revisions\/237047"}],"wp:attachment":[{"href":"https:\/\/www.prijedordanas.com\/index.php?rest_route=%2Fwp%2Fv2%2Fmedia&parent=237029"}],"wp:term":[{"taxonomy":"category","embeddable":true,"href":"https:\/\/www.prijedordanas.com\/index.php?rest_route=%2Fwp%2Fv2%2Fcategories&post=237029"},{"taxonomy":"post_tag","embeddable":true,"href":"https:\/\/www.prijedordanas.com\/index.php?rest_route=%2Fwp%2Fv2%2Ftags&post=237029"}],"curies":[{"name":"wp","href":"https:\/\/api.w.org\/{rel}","templated":true}]}}