{"id":237027,"date":"2024-11-18T20:21:55","date_gmt":"2024-11-18T19:21:55","guid":{"rendered":"https:\/\/www.prijedordanas.com\/?p=237027"},"modified":"2024-11-18T20:21:55","modified_gmt":"2024-11-18T19:21:55","slug":"poznato-ko-je-uhapsen-zbog-djecije-pornografije-medu-njima-i-prijedorcanin","status":"publish","type":"post","link":"https:\/\/www.prijedordanas.com\/?p=237027","title":{"rendered":"Poznato ko je uhap\u0161en zbog dje\u010dije pornografije: Me\u0111u njima i Prijedor\u010danin"},"content":{"rendered":"<p><a href=\"https:\/\/www.prijedordanas.com\/wp-content\/uploads\/2024\/11\/muprs-akcija-mozaik2024-2.jpg\"><img loading=\"lazy\" decoding=\"async\" class=\"alignleft size-medium wp-image-237006\" src=\"https:\/\/www.prijedordanas.com\/wp-content\/uploads\/2024\/11\/muprs-akcija-mozaik2024-2-300x225.jpg\" alt=\"\" width=\"300\" height=\"225\" srcset=\"https:\/\/www.prijedordanas.com\/wp-content\/uploads\/2024\/11\/muprs-akcija-mozaik2024-2-300x225.jpg 300w, https:\/\/www.prijedordanas.com\/wp-content\/uploads\/2024\/11\/muprs-akcija-mozaik2024-2-640x480.jpg 640w, https:\/\/www.prijedordanas.com\/wp-content\/uploads\/2024\/11\/muprs-akcija-mozaik2024-2.jpg 667w\" sizes=\"(max-width: 300px) 100vw, 300px\" \/><\/a>U akciji \u201dMozaik 2024\u201d uhap\u0161eni su Goran \u0160krbo iz \u010celinca, Slavi\u0161a Stojanovi\u0107 iz Kotor Varo\u0161i, Mladen \u010canji\u0107 iz Doboja, Goran Ba\u0161i\u0107 iz Dervente, Kristijan \u0415ri\u0107 iz Prijedora i Mladen Maksimovi\u0107 iz Gradi\u0161ke, saznaje ATV.<\/p>\n<p>Svi su uhap\u0161eni zbog sumnje da su po\u010dinili krivi\u010dna djela iskori\u0161tavanje djece za pornografiju.<\/p>\n<p>\u201dUhap\u0161ene osobe se sumnji\u010de da su putem dru\u0161tvenih mre\u017ea, kao i u grupama za komunikaciju, objavljivali i razmjenjivali materijal seksualnog zlostavljanja i iskori\u0161tavanja djece. Tako\u0111e, osumnji\u010deni su stupali u kontakt sa djecom, te im slali i navodili ih da sa\u010dinjavaju pornografski materijal\u201d, saop\u0161tio je MUP Republike Srpske.<\/p>\n<p><strong><a href=\"https:\/\/www.prijedordanas.com\/?p=237003\" rel=\"noopener\" target=\"_blank\">U akciji \u201cMozaik 2024\u201d uhap\u0161eno \u0161est osoba zbog iskori\u0161tavanja djece za pornografiju: Me\u0111u njima i jedno lice iz Prijedora \u2013 FOTO<\/a><\/strong><\/p>\n<p>Akcija je realizovana u saradnji \u0415VROPOL-om, te policijama Srbije, Slovenije, Hrvatske, Ma\u0111arske, Crne Gore i Sjeverne Makedonije. Inicijalne informacije, koje su dovele do otkrivanja izvr\u0161ilaca, te i same realizacije operativne akcije, dostavljene su od strane Nacionalnog centra za nestalu i eksploatisanu djecu (NCMEC).<\/p>\n<p><a href=\"https:\/\/www.prijedordanas.com\/wp-content\/uploads\/2024\/11\/muprs-akcija-mozaik2024-1.jpg\"><img loading=\"lazy\" decoding=\"async\" src=\"https:\/\/www.prijedordanas.com\/wp-content\/uploads\/2024\/11\/muprs-akcija-mozaik2024-1-300x225.jpg\" alt=\"\" width=\"300\" height=\"225\" class=\"alignleft size-medium wp-image-237004\" srcset=\"https:\/\/www.prijedordanas.com\/wp-content\/uploads\/2024\/11\/muprs-akcija-mozaik2024-1-300x225.jpg 300w, https:\/\/www.prijedordanas.com\/wp-content\/uploads\/2024\/11\/muprs-akcija-mozaik2024-1-640x480.jpg 640w, https:\/\/www.prijedordanas.com\/wp-content\/uploads\/2024\/11\/muprs-akcija-mozaik2024-1.jpg 667w\" sizes=\"(max-width: 300px) 100vw, 300px\" \/><\/a>\u201dNa osnovu naredbi nadle\u017enih sudova izvr\u0161eni su pretresi na sedam lokacija koje koriste osumnji\u010deni i tom prilikom prona\u0111ena su i oduzeta sredstva izvr\u0161enja krivi\u010dnog djela i to: mobilni telefoni, laptopovi, USB stikovi, memorijske kartice, SIM kartice i ostali ure\u0111aji za \u010duvanje digitalnih podataka, kao i drugi predmeti koji se mogu dovesti u vezu sa izvr\u0161enjem krivi\u010dnog djela\u201d, navode u MUP-u Republike Srpske.<\/p>\n<p>Dodaju da \u0107e nakon kriminalisti\u010dke obrade nadle\u017enim tu\u017eila\u0161tvima biti dostavljeni izvje\u0161taji protiv osumnji\u010denih.<\/p>\n<p>\u201dU ovoj me\u0111unarodnoj akciji obuhva\u0107eno je ukupno 63 osumnji\u010denih, izvr\u0161eno je 59 pretresa i tom prilikom je prona\u0111eno 327 elektronskih ure\u0111aja i elektronskih nosa\u010da podataka, a identifikovano je osam \u017ertava\u201d, navodi se u saop\u0161tenju MUP-a.<\/p>\n<p><a href=\"https:\/\/www.atvbl.rs\/lat\/vijesti\/hronika\/poznato-ko-je-uhapsen-zbog-djecije-pornografije-18-11-2024\" target=\"_blank\" rel=\"noopener\">atvbl.rs<\/a><\/p>\n","protected":false},"excerpt":{"rendered":"<p>U akciji \u201dMozaik 2024\u201d uhap\u0161eni su Goran \u0160krbo iz \u010celinca, Slavi\u0161a Stojanovi\u0107 iz Kotor Varo\u0161i, Mladen \u010canji\u0107 iz Doboja, Goran Ba\u0161i\u0107 iz Dervente, Kristijan \u0415ri\u0107 iz Prijedora i Mladen Maksimovi\u0107 [&hellip;]<\/p>\n","protected":false},"author":1,"featured_media":0,"comment_status":"closed","ping_status":"open","sticky":false,"template":"","format":"standard","meta":{"_monsterinsights_skip_tracking":false,"_monsterinsights_sitenote_active":false,"_monsterinsights_sitenote_note":"","_monsterinsights_sitenote_category":0,"footnotes":""},"categories":[5],"tags":[],"yoast_head":"<!-- This site is optimized with the Yoast SEO plugin v21.6 - https:\/\/yoast.com\/wordpress\/plugins\/seo\/ -->\n<title>Poznato ko je uhap\u0161en zbog dje\u010dije pornografije: Me\u0111u njima i Prijedor\u010danin - PrijedorDanas.com - Prijedorski gradski portal<\/title>\n<meta name=\"robots\" content=\"index, follow, max-snippet:-1, max-image-preview:large, max-video-preview:-1\" \/>\n<link rel=\"canonical\" href=\"https:\/\/www.prijedordanas.com\/?p=237027\" \/>\n<meta property=\"og:locale\" content=\"en_US\" \/>\n<meta property=\"og:type\" content=\"article\" \/>\n<meta property=\"og:title\" content=\"Poznato ko je uhap\u0161en zbog dje\u010dije pornografije: Me\u0111u njima i Prijedor\u010danin - PrijedorDanas.com - Prijedorski gradski portal\" \/>\n<meta property=\"og:description\" content=\"U akciji \u201dMozaik 2024\u201d uhap\u0161eni su Goran \u0160krbo iz \u010celinca, Slavi\u0161a Stojanovi\u0107 iz Kotor Varo\u0161i, Mladen \u010canji\u0107 iz Doboja, Goran Ba\u0161i\u0107 iz Dervente, Kristijan \u0415ri\u0107 iz Prijedora i Mladen Maksimovi\u0107 [&hellip;]\" \/>\n<meta property=\"og:url\" content=\"https:\/\/www.prijedordanas.com\/?p=237027\" \/>\n<meta property=\"og:site_name\" content=\"PrijedorDanas.com - Prijedorski gradski portal\" \/>\n<meta property=\"article:publisher\" content=\"https:\/\/www.facebook.com\/PrijedorDanasCom\/\" \/>\n<meta property=\"article:published_time\" content=\"2024-11-18T19:21:55+00:00\" \/>\n<meta property=\"og:image\" content=\"https:\/\/www.prijedordanas.com\/wp-content\/uploads\/2024\/11\/muprs-akcija-mozaik2024-2-300x225.jpg\" \/>\n<meta name=\"author\" content=\"admin\" \/>\n<meta name=\"twitter:card\" content=\"summary_large_image\" \/>\n<meta name=\"twitter:label1\" content=\"Written by\" \/>\n\t<meta name=\"twitter:data1\" content=\"admin\" \/>\n\t<meta name=\"twitter:label2\" content=\"Est. reading time\" \/>\n\t<meta name=\"twitter:data2\" content=\"2 minutes\" \/>\n<script type=\"application\/ld+json\" class=\"yoast-schema-graph\">{\"@context\":\"https:\/\/schema.org\",\"@graph\":[{\"@type\":\"Article\",\"@id\":\"https:\/\/www.prijedordanas.com\/?p=237027#article\",\"isPartOf\":{\"@id\":\"https:\/\/www.prijedordanas.com\/?p=237027\"},\"author\":{\"name\":\"admin\",\"@id\":\"https:\/\/www.prijedordanas.com\/#\/schema\/person\/4e08ccf29b506ca916ff86d46bb700e6\"},\"headline\":\"Poznato ko je uhap\u0161en zbog dje\u010dije pornografije: Me\u0111u njima i Prijedor\u010danin\",\"datePublished\":\"2024-11-18T19:21:55+00:00\",\"dateModified\":\"2024-11-18T19:21:55+00:00\",\"mainEntityOfPage\":{\"@id\":\"https:\/\/www.prijedordanas.com\/?p=237027\"},\"wordCount\":331,\"publisher\":{\"@id\":\"https:\/\/www.prijedordanas.com\/#organization\"},\"articleSection\":[\"Hronika\"],\"inLanguage\":\"en-US\"},{\"@type\":\"WebPage\",\"@id\":\"https:\/\/www.prijedordanas.com\/?p=237027\",\"url\":\"https:\/\/www.prijedordanas.com\/?p=237027\",\"name\":\"Poznato ko je uhap\u0161en zbog dje\u010dije pornografije: Me\u0111u njima i Prijedor\u010danin - PrijedorDanas.com - Prijedorski gradski portal\",\"isPartOf\":{\"@id\":\"https:\/\/www.prijedordanas.com\/#website\"},\"datePublished\":\"2024-11-18T19:21:55+00:00\",\"dateModified\":\"2024-11-18T19:21:55+00:00\",\"breadcrumb\":{\"@id\":\"https:\/\/www.prijedordanas.com\/?p=237027#breadcrumb\"},\"inLanguage\":\"en-US\",\"potentialAction\":[{\"@type\":\"ReadAction\",\"target\":[\"https:\/\/www.prijedordanas.com\/?p=237027\"]}]},{\"@type\":\"BreadcrumbList\",\"@id\":\"https:\/\/www.prijedordanas.com\/?p=237027#breadcrumb\",\"itemListElement\":[{\"@type\":\"ListItem\",\"position\":1,\"name\":\"Home\",\"item\":\"https:\/\/www.prijedordanas.com\/\"},{\"@type\":\"ListItem\",\"position\":2,\"name\":\"Poznato ko je uhap\u0161en zbog dje\u010dije pornografije: Me\u0111u njima i Prijedor\u010danin\"}]},{\"@type\":\"WebSite\",\"@id\":\"https:\/\/www.prijedordanas.com\/#website\",\"url\":\"https:\/\/www.prijedordanas.com\/\",\"name\":\"PrijedorDanas.com - Prijedorski gradski portal\",\"description\":\"Portal o doga\u0111anjima u gradu Prijedoru\",\"publisher\":{\"@id\":\"https:\/\/www.prijedordanas.com\/#organization\"},\"potentialAction\":[{\"@type\":\"SearchAction\",\"target\":{\"@type\":\"EntryPoint\",\"urlTemplate\":\"https:\/\/www.prijedordanas.com\/?s={search_term_string}\"},\"query-input\":\"required name=search_term_string\"}],\"inLanguage\":\"en-US\"},{\"@type\":\"Organization\",\"@id\":\"https:\/\/www.prijedordanas.com\/#organization\",\"name\":\"PrijedorDanas.com\",\"url\":\"https:\/\/www.prijedordanas.com\/\",\"logo\":{\"@type\":\"ImageObject\",\"inLanguage\":\"en-US\",\"@id\":\"https:\/\/www.prijedordanas.com\/#\/schema\/logo\/image\/\",\"url\":\"http:\/\/www.prijedordanas.com\/wp-content\/uploads\/2021\/12\/logopng.png\",\"contentUrl\":\"http:\/\/www.prijedordanas.com\/wp-content\/uploads\/2021\/12\/logopng.png\",\"width\":1019,\"height\":776,\"caption\":\"PrijedorDanas.com\"},\"image\":{\"@id\":\"https:\/\/www.prijedordanas.com\/#\/schema\/logo\/image\/\"},\"sameAs\":[\"https:\/\/www.facebook.com\/PrijedorDanasCom\/\"]},{\"@type\":\"Person\",\"@id\":\"https:\/\/www.prijedordanas.com\/#\/schema\/person\/4e08ccf29b506ca916ff86d46bb700e6\",\"name\":\"admin\",\"image\":{\"@type\":\"ImageObject\",\"inLanguage\":\"en-US\",\"@id\":\"https:\/\/www.prijedordanas.com\/#\/schema\/person\/image\/\",\"url\":\"https:\/\/secure.gravatar.com\/avatar\/1d3fc949d550f0b53a5f0d51e06dfd79?s=96&d=mm&r=g\",\"contentUrl\":\"https:\/\/secure.gravatar.com\/avatar\/1d3fc949d550f0b53a5f0d51e06dfd79?s=96&d=mm&r=g\",\"caption\":\"admin\"},\"url\":\"https:\/\/www.prijedordanas.com\/?author=1\"}]}<\/script>\n<!-- \/ Yoast SEO plugin. -->","yoast_head_json":{"title":"Poznato ko je uhap\u0161en zbog dje\u010dije pornografije: Me\u0111u njima i Prijedor\u010danin - PrijedorDanas.com - Prijedorski gradski portal","robots":{"index":"index","follow":"follow","max-snippet":"max-snippet:-1","max-image-preview":"max-image-preview:large","max-video-preview":"max-video-preview:-1"},"canonical":"https:\/\/www.prijedordanas.com\/?p=237027","og_locale":"en_US","og_type":"article","og_title":"Poznato ko je uhap\u0161en zbog dje\u010dije pornografije: Me\u0111u njima i Prijedor\u010danin - PrijedorDanas.com - Prijedorski gradski portal","og_description":"U akciji \u201dMozaik 2024\u201d uhap\u0161eni su Goran \u0160krbo iz \u010celinca, Slavi\u0161a Stojanovi\u0107 iz Kotor Varo\u0161i, Mladen \u010canji\u0107 iz Doboja, Goran Ba\u0161i\u0107 iz Dervente, Kristijan \u0415ri\u0107 iz Prijedora i Mladen Maksimovi\u0107 [&hellip;]","og_url":"https:\/\/www.prijedordanas.com\/?p=237027","og_site_name":"PrijedorDanas.com - Prijedorski gradski portal","article_publisher":"https:\/\/www.facebook.com\/PrijedorDanasCom\/","article_published_time":"2024-11-18T19:21:55+00:00","og_image":[{"url":"https:\/\/www.prijedordanas.com\/wp-content\/uploads\/2024\/11\/muprs-akcija-mozaik2024-2-300x225.jpg"}],"author":"admin","twitter_card":"summary_large_image","twitter_misc":{"Written by":"admin","Est. reading time":"2 minutes"},"schema":{"@context":"https:\/\/schema.org","@graph":[{"@type":"Article","@id":"https:\/\/www.prijedordanas.com\/?p=237027#article","isPartOf":{"@id":"https:\/\/www.prijedordanas.com\/?p=237027"},"author":{"name":"admin","@id":"https:\/\/www.prijedordanas.com\/#\/schema\/person\/4e08ccf29b506ca916ff86d46bb700e6"},"headline":"Poznato ko je uhap\u0161en zbog dje\u010dije pornografije: Me\u0111u njima i Prijedor\u010danin","datePublished":"2024-11-18T19:21:55+00:00","dateModified":"2024-11-18T19:21:55+00:00","mainEntityOfPage":{"@id":"https:\/\/www.prijedordanas.com\/?p=237027"},"wordCount":331,"publisher":{"@id":"https:\/\/www.prijedordanas.com\/#organization"},"articleSection":["Hronika"],"inLanguage":"en-US"},{"@type":"WebPage","@id":"https:\/\/www.prijedordanas.com\/?p=237027","url":"https:\/\/www.prijedordanas.com\/?p=237027","name":"Poznato ko je uhap\u0161en zbog dje\u010dije pornografije: Me\u0111u njima i Prijedor\u010danin - PrijedorDanas.com - Prijedorski gradski portal","isPartOf":{"@id":"https:\/\/www.prijedordanas.com\/#website"},"datePublished":"2024-11-18T19:21:55+00:00","dateModified":"2024-11-18T19:21:55+00:00","breadcrumb":{"@id":"https:\/\/www.prijedordanas.com\/?p=237027#breadcrumb"},"inLanguage":"en-US","potentialAction":[{"@type":"ReadAction","target":["https:\/\/www.prijedordanas.com\/?p=237027"]}]},{"@type":"BreadcrumbList","@id":"https:\/\/www.prijedordanas.com\/?p=237027#breadcrumb","itemListElement":[{"@type":"ListItem","position":1,"name":"Home","item":"https:\/\/www.prijedordanas.com\/"},{"@type":"ListItem","position":2,"name":"Poznato ko je uhap\u0161en zbog dje\u010dije pornografije: Me\u0111u njima i Prijedor\u010danin"}]},{"@type":"WebSite","@id":"https:\/\/www.prijedordanas.com\/#website","url":"https:\/\/www.prijedordanas.com\/","name":"PrijedorDanas.com - Prijedorski gradski portal","description":"Portal o doga\u0111anjima u gradu Prijedoru","publisher":{"@id":"https:\/\/www.prijedordanas.com\/#organization"},"potentialAction":[{"@type":"SearchAction","target":{"@type":"EntryPoint","urlTemplate":"https:\/\/www.prijedordanas.com\/?s={search_term_string}"},"query-input":"required name=search_term_string"}],"inLanguage":"en-US"},{"@type":"Organization","@id":"https:\/\/www.prijedordanas.com\/#organization","name":"PrijedorDanas.com","url":"https:\/\/www.prijedordanas.com\/","logo":{"@type":"ImageObject","inLanguage":"en-US","@id":"https:\/\/www.prijedordanas.com\/#\/schema\/logo\/image\/","url":"http:\/\/www.prijedordanas.com\/wp-content\/uploads\/2021\/12\/logopng.png","contentUrl":"http:\/\/www.prijedordanas.com\/wp-content\/uploads\/2021\/12\/logopng.png","width":1019,"height":776,"caption":"PrijedorDanas.com"},"image":{"@id":"https:\/\/www.prijedordanas.com\/#\/schema\/logo\/image\/"},"sameAs":["https:\/\/www.facebook.com\/PrijedorDanasCom\/"]},{"@type":"Person","@id":"https:\/\/www.prijedordanas.com\/#\/schema\/person\/4e08ccf29b506ca916ff86d46bb700e6","name":"admin","image":{"@type":"ImageObject","inLanguage":"en-US","@id":"https:\/\/www.prijedordanas.com\/#\/schema\/person\/image\/","url":"https:\/\/secure.gravatar.com\/avatar\/1d3fc949d550f0b53a5f0d51e06dfd79?s=96&d=mm&r=g","contentUrl":"https:\/\/secure.gravatar.com\/avatar\/1d3fc949d550f0b53a5f0d51e06dfd79?s=96&d=mm&r=g","caption":"admin"},"url":"https:\/\/www.prijedordanas.com\/?author=1"}]}},"_links":{"self":[{"href":"https:\/\/www.prijedordanas.com\/index.php?rest_route=\/wp\/v2\/posts\/237027"}],"collection":[{"href":"https:\/\/www.prijedordanas.com\/index.php?rest_route=\/wp\/v2\/posts"}],"about":[{"href":"https:\/\/www.prijedordanas.com\/index.php?rest_route=\/wp\/v2\/types\/post"}],"author":[{"embeddable":true,"href":"https:\/\/www.prijedordanas.com\/index.php?rest_route=\/wp\/v2\/users\/1"}],"replies":[{"embeddable":true,"href":"https:\/\/www.prijedordanas.com\/index.php?rest_route=%2Fwp%2Fv2%2Fcomments&post=237027"}],"version-history":[{"count":1,"href":"https:\/\/www.prijedordanas.com\/index.php?rest_route=\/wp\/v2\/posts\/237027\/revisions"}],"predecessor-version":[{"id":237028,"href":"https:\/\/www.prijedordanas.com\/index.php?rest_route=\/wp\/v2\/posts\/237027\/revisions\/237028"}],"wp:attachment":[{"href":"https:\/\/www.prijedordanas.com\/index.php?rest_route=%2Fwp%2Fv2%2Fmedia&parent=237027"}],"wp:term":[{"taxonomy":"category","embeddable":true,"href":"https:\/\/www.prijedordanas.com\/index.php?rest_route=%2Fwp%2Fv2%2Fcategories&post=237027"},{"taxonomy":"post_tag","embeddable":true,"href":"https:\/\/www.prijedordanas.com\/index.php?rest_route=%2Fwp%2Fv2%2Ftags&post=237027"}],"curies":[{"name":"wp","href":"https:\/\/api.w.org\/{rel}","templated":true}]}}