{"id":236744,"date":"2024-11-13T22:03:14","date_gmt":"2024-11-13T21:03:14","guid":{"rendered":"https:\/\/www.prijedordanas.com\/?p=236744"},"modified":"2024-11-14T02:58:33","modified_gmt":"2024-11-14T01:58:33","slug":"pozoriste-prijedor-u-nedjelju-premijera-predstave-za-djecu-gvozden","status":"publish","type":"post","link":"https:\/\/www.prijedordanas.com\/?p=236744","title":{"rendered":"Pozori\u0161te Prijedor: U nedjelju premijera predstave za djecu &#8220;Gvozden&#8221; &#8211; VIDEO"},"content":{"rendered":"<p><a href=\"https:\/\/www.prijedordanas.com\/wp-content\/uploads\/2024\/11\/gvozden-premijera-najava.jpg\"><img loading=\"lazy\" decoding=\"async\" class=\"alignleft size-medium wp-image-236745\" src=\"https:\/\/www.prijedordanas.com\/wp-content\/uploads\/2024\/11\/gvozden-premijera-najava-300x225.jpg\" alt=\"\" width=\"300\" height=\"225\" srcset=\"https:\/\/www.prijedordanas.com\/wp-content\/uploads\/2024\/11\/gvozden-premijera-najava-300x225.jpg 300w, https:\/\/www.prijedordanas.com\/wp-content\/uploads\/2024\/11\/gvozden-premijera-najava-640x480.jpg 640w, https:\/\/www.prijedordanas.com\/wp-content\/uploads\/2024\/11\/gvozden-premijera-najava.jpg 667w\" sizes=\"(max-width: 300px) 100vw, 300px\" \/><\/a>Pozori\u0161te Prijedor premijerno \u0107e u nedjelju, 17. novembra, odigrati predstavu za djecu &#8220;Gvozden&#8221; autora Marka Vukosava.<\/p>\n<p>Direktor Pozori\u0161ta Prijedor Sr\u0111an Knjeginji\u0107 rekao je da je Vukosav pisac, reditelj, scenograf, kostimograf i dizajner svjetla u ovoj predstavi, te da je obradio motive iz doma\u0107ih bajki.<\/p>\n<p>&#8220;Mislim da je veoma korisno za djecu da se upoznaju i o tom segmentu bajke, da to ne budu isklju\u010divo Hans Kristijan Andersen ili bra\u0107a Grim. Mi imamo svoje doma\u0107e bajke, tako da je \u0161teta da se to ne postavlja&#8221;, rekao je Knjeginji\u0107 na konferenciji za novinare.<\/p>\n<p>On je naveo da u predstavi, osim njega, igraju Darko Stoji\u0107, Katarina Rendi\u0107, Mirela Predojevi\u0107, Sabina Halilovi\u0107 i Zorica Joji\u0107.<\/p>\n<p>&#8220;Proces je bio veoma razigran, ma\u0161tovit. Svako je donio neko svoje re\u0161enje, neku ideju za otklju\u010davanje odre\u0111enih scena pod patronatom na\u0161eg dobrog reditelja, koji je sve to uvezao&#8221;, rekao je Knjeginji\u0107.<\/p>\n<p><a href=\"https:\/\/www.prijedordanas.com\/wp-content\/uploads\/2024\/11\/pozoriste-prijedor-gvozden-plakat-1.jpg\"><img loading=\"lazy\" decoding=\"async\" class=\"alignleft size-medium wp-image-236746\" src=\"https:\/\/www.prijedordanas.com\/wp-content\/uploads\/2024\/11\/pozoriste-prijedor-gvozden-plakat-1-240x300.jpg\" alt=\"\" width=\"240\" height=\"300\" srcset=\"https:\/\/www.prijedordanas.com\/wp-content\/uploads\/2024\/11\/pozoriste-prijedor-gvozden-plakat-1-240x300.jpg 240w, https:\/\/www.prijedordanas.com\/wp-content\/uploads\/2024\/11\/pozoriste-prijedor-gvozden-plakat-1.jpg 480w\" sizes=\"(max-width: 240px) 100vw, 240px\" \/><\/a>Vukosav, koji je u ovom pozori\u0161tu zaposlen kao glumac od prije godinu dana, a prije toga je u ovoj ku\u0107i re\u017eirao &#8220;Ku\u0107u na brdu&#8221;, napomenuo je da je predstava &#8220;Gvozden&#8221; namijenjena djeci uzrasta pet plus, ali i odraslima.<\/p>\n<p>&#8220;To je predstava sastavljena od motiva iz na\u0161ih narodnih bajki. To je jedna nova pri\u010da ispri\u010dana u ovom na\u0161em vremenu, jer polazimo od \u010dinjenice da su bajke nastajale prepri\u010davanjem i samim tim mi ih uvijek negdje malo izmijenimo&#8221;, pojasnio je Vukosav.<\/p>\n<p>Prema njegovim rije\u010dima, predstava se bavi odrastanjem i putovanjem u nepoznato.<\/p>\n<p>&#8220;Mi smo negdje ponovo dali \u017eivot tim na\u0161im bajkama po\u0161to ih ispri\u010damo na neki na\u0161 na\u010din, sa novim elementima, u nekom novom ruhu&#8221;, rekao je Vukosav.<\/p>\n<p>Glumac Darko Stoji\u0107 rekao je da mu je proces bio vrlo zna\u010dajan, pogotovo \u0161to je profesionalni anga\u017eman zapo\u010deo u Dje\u010dijem pozori\u0161tu Republike Srpske, te da mu je bilo veoma interesantno vratiti se u svijet dje\u010dijeg teatra.<\/p>\n<p><a href=\"https:\/\/www.prijedordanas.com\/wp-content\/uploads\/2024\/11\/pozoriste-prijedor-gvozden-plakat-2.jpg\"><img loading=\"lazy\" decoding=\"async\" src=\"https:\/\/www.prijedordanas.com\/wp-content\/uploads\/2024\/11\/pozoriste-prijedor-gvozden-plakat-2-300x300.jpg\" alt=\"\" width=\"300\" height=\"300\" class=\"alignleft size-medium wp-image-236747\" srcset=\"https:\/\/www.prijedordanas.com\/wp-content\/uploads\/2024\/11\/pozoriste-prijedor-gvozden-plakat-2-300x300.jpg 300w, https:\/\/www.prijedordanas.com\/wp-content\/uploads\/2024\/11\/pozoriste-prijedor-gvozden-plakat-2-150x150.jpg 150w, https:\/\/www.prijedordanas.com\/wp-content\/uploads\/2024\/11\/pozoriste-prijedor-gvozden-plakat-2-50x50.jpg 50w, https:\/\/www.prijedordanas.com\/wp-content\/uploads\/2024\/11\/pozoriste-prijedor-gvozden-plakat-2.jpg 600w\" sizes=\"(max-width: 300px) 100vw, 300px\" \/><\/a>&#8220;Sama dramatur\u0161ka forma nije tradicionalna na kakvu smo navikli. Stvorio se jedan upe\u010datljiv i autenti\u010dan komad u samoj postavci. Sve je zasnovano na partnerskoj igri gdje sve kolege podr\u017eavaju glavni lik, u ovom slu\u010daju mene, tako da je i to neki iskorak. Sve je nekako netradicionalno postavljeno, tako da mislim da je samo za jo\u0161 jednu stepenicu zanimljivije i uzbudljivije&#8221;, naglasio je Stoji\u0107.<\/p>\n<p>Glumica Katarina Rendi\u0107 rekla je da je ovo njen prvi profesionalni anga\u017eman nakon studija i da je izuzetno ponosna \u0161to je to u njenoj pozori\u0161noj ku\u0107i i u njenom gradu.<\/p>\n<p>&#8220;Nismo onako tradicionalno pristupili ovom projektu, nego smo nekako zajedni\u010dkim snagama donosili rje\u0161enja prema uputstvima reditelja i zbog toga sam izuzetno sre\u0107na. Mislim da je va\u017eno za glumca da ima tu neku slobodu i da da svoj pe\u010dat u igrau bilo koje predstave&#8221;, istakla je Rendi\u0107eva.<\/p>\n<p>Premijera predstave &#8220;Gvozden&#8221; je u nedjelju u 18.00 \u010dasova, a cijena ulaznice je 10 KM. Prva repriza je u ponedjeljak, 18. novembra, u 18.00 \u010dasova, a cijena ulaznice je sedam KM.<\/p>\n<p>SRNA<\/p>\n<p><iframe loading=\"lazy\" title=\"U NEDJELJU PREMIJERA PREDSTAVE ZA DJECU &quot;GVOZDEN&quot;\" width=\"500\" height=\"281\" src=\"https:\/\/www.youtube.com\/embed\/88Q8nwkqIk0?feature=oembed\" frameborder=\"0\" allow=\"accelerometer; autoplay; clipboard-write; encrypted-media; gyroscope; picture-in-picture; web-share\" referrerpolicy=\"strict-origin-when-cross-origin\" allowfullscreen><\/iframe><\/p>\n","protected":false},"excerpt":{"rendered":"<p>Pozori\u0161te Prijedor premijerno \u0107e u nedjelju, 17. novembra, odigrati predstavu za djecu &#8220;Gvozden&#8221; autora Marka Vukosava. Direktor Pozori\u0161ta Prijedor Sr\u0111an Knjeginji\u0107 rekao je da je Vukosav pisac, reditelj, scenograf, kostimograf [&hellip;]<\/p>\n","protected":false},"author":1,"featured_media":0,"comment_status":"closed","ping_status":"open","sticky":false,"template":"","format":"standard","meta":{"_monsterinsights_skip_tracking":false,"_monsterinsights_sitenote_active":false,"_monsterinsights_sitenote_note":"","_monsterinsights_sitenote_category":0,"footnotes":""},"categories":[6,11584],"tags":[],"yoast_head":"<!-- This site is optimized with the Yoast SEO plugin v21.6 - https:\/\/yoast.com\/wordpress\/plugins\/seo\/ -->\n<title>Pozori\u0161te Prijedor: U nedjelju premijera predstave za djecu &quot;Gvozden&quot; - VIDEO - PrijedorDanas.com - Prijedorski gradski portal<\/title>\n<meta name=\"robots\" content=\"index, follow, max-snippet:-1, max-image-preview:large, max-video-preview:-1\" \/>\n<link rel=\"canonical\" href=\"https:\/\/www.prijedordanas.com\/?p=236744\" \/>\n<meta property=\"og:locale\" content=\"en_US\" \/>\n<meta property=\"og:type\" content=\"article\" \/>\n<meta property=\"og:title\" content=\"Pozori\u0161te Prijedor: U nedjelju premijera predstave za djecu &quot;Gvozden&quot; - VIDEO - PrijedorDanas.com - Prijedorski gradski portal\" \/>\n<meta property=\"og:description\" content=\"Pozori\u0161te Prijedor premijerno \u0107e u nedjelju, 17. novembra, odigrati predstavu za djecu &#8220;Gvozden&#8221; autora Marka Vukosava. Direktor Pozori\u0161ta Prijedor Sr\u0111an Knjeginji\u0107 rekao je da je Vukosav pisac, reditelj, scenograf, kostimograf [&hellip;]\" \/>\n<meta property=\"og:url\" content=\"https:\/\/www.prijedordanas.com\/?p=236744\" \/>\n<meta property=\"og:site_name\" content=\"PrijedorDanas.com - Prijedorski gradski portal\" \/>\n<meta property=\"article:publisher\" content=\"https:\/\/www.facebook.com\/PrijedorDanasCom\/\" \/>\n<meta property=\"article:published_time\" content=\"2024-11-13T21:03:14+00:00\" \/>\n<meta property=\"article:modified_time\" content=\"2024-11-14T01:58:33+00:00\" \/>\n<meta property=\"og:image\" content=\"https:\/\/www.prijedordanas.com\/wp-content\/uploads\/2024\/11\/gvozden-premijera-najava-300x225.jpg\" \/>\n<meta name=\"author\" content=\"admin\" \/>\n<meta name=\"twitter:card\" content=\"summary_large_image\" \/>\n<meta name=\"twitter:label1\" content=\"Written by\" \/>\n\t<meta name=\"twitter:data1\" content=\"admin\" \/>\n\t<meta name=\"twitter:label2\" content=\"Est. reading time\" \/>\n\t<meta name=\"twitter:data2\" content=\"3 minutes\" \/>\n<script type=\"application\/ld+json\" class=\"yoast-schema-graph\">{\"@context\":\"https:\/\/schema.org\",\"@graph\":[{\"@type\":\"Article\",\"@id\":\"https:\/\/www.prijedordanas.com\/?p=236744#article\",\"isPartOf\":{\"@id\":\"https:\/\/www.prijedordanas.com\/?p=236744\"},\"author\":{\"name\":\"admin\",\"@id\":\"https:\/\/www.prijedordanas.com\/#\/schema\/person\/4e08ccf29b506ca916ff86d46bb700e6\"},\"headline\":\"Pozori\u0161te Prijedor: U nedjelju premijera predstave za djecu &#8220;Gvozden&#8221; &#8211; VIDEO\",\"datePublished\":\"2024-11-13T21:03:14+00:00\",\"dateModified\":\"2024-11-14T01:58:33+00:00\",\"mainEntityOfPage\":{\"@id\":\"https:\/\/www.prijedordanas.com\/?p=236744\"},\"wordCount\":528,\"publisher\":{\"@id\":\"https:\/\/www.prijedordanas.com\/#organization\"},\"articleSection\":[\"Kultura\",\"Najave\"],\"inLanguage\":\"en-US\"},{\"@type\":\"WebPage\",\"@id\":\"https:\/\/www.prijedordanas.com\/?p=236744\",\"url\":\"https:\/\/www.prijedordanas.com\/?p=236744\",\"name\":\"Pozori\u0161te Prijedor: U nedjelju premijera predstave za djecu \\\"Gvozden\\\" - VIDEO - PrijedorDanas.com - Prijedorski gradski portal\",\"isPartOf\":{\"@id\":\"https:\/\/www.prijedordanas.com\/#website\"},\"datePublished\":\"2024-11-13T21:03:14+00:00\",\"dateModified\":\"2024-11-14T01:58:33+00:00\",\"breadcrumb\":{\"@id\":\"https:\/\/www.prijedordanas.com\/?p=236744#breadcrumb\"},\"inLanguage\":\"en-US\",\"potentialAction\":[{\"@type\":\"ReadAction\",\"target\":[\"https:\/\/www.prijedordanas.com\/?p=236744\"]}]},{\"@type\":\"BreadcrumbList\",\"@id\":\"https:\/\/www.prijedordanas.com\/?p=236744#breadcrumb\",\"itemListElement\":[{\"@type\":\"ListItem\",\"position\":1,\"name\":\"Home\",\"item\":\"https:\/\/www.prijedordanas.com\/\"},{\"@type\":\"ListItem\",\"position\":2,\"name\":\"Pozori\u0161te Prijedor: U nedjelju premijera predstave za djecu &#8220;Gvozden&#8221; &#8211; VIDEO\"}]},{\"@type\":\"WebSite\",\"@id\":\"https:\/\/www.prijedordanas.com\/#website\",\"url\":\"https:\/\/www.prijedordanas.com\/\",\"name\":\"PrijedorDanas.com - Prijedorski gradski portal\",\"description\":\"Portal o doga\u0111anjima u gradu Prijedoru\",\"publisher\":{\"@id\":\"https:\/\/www.prijedordanas.com\/#organization\"},\"potentialAction\":[{\"@type\":\"SearchAction\",\"target\":{\"@type\":\"EntryPoint\",\"urlTemplate\":\"https:\/\/www.prijedordanas.com\/?s={search_term_string}\"},\"query-input\":\"required name=search_term_string\"}],\"inLanguage\":\"en-US\"},{\"@type\":\"Organization\",\"@id\":\"https:\/\/www.prijedordanas.com\/#organization\",\"name\":\"PrijedorDanas.com\",\"url\":\"https:\/\/www.prijedordanas.com\/\",\"logo\":{\"@type\":\"ImageObject\",\"inLanguage\":\"en-US\",\"@id\":\"https:\/\/www.prijedordanas.com\/#\/schema\/logo\/image\/\",\"url\":\"http:\/\/www.prijedordanas.com\/wp-content\/uploads\/2021\/12\/logopng.png\",\"contentUrl\":\"http:\/\/www.prijedordanas.com\/wp-content\/uploads\/2021\/12\/logopng.png\",\"width\":1019,\"height\":776,\"caption\":\"PrijedorDanas.com\"},\"image\":{\"@id\":\"https:\/\/www.prijedordanas.com\/#\/schema\/logo\/image\/\"},\"sameAs\":[\"https:\/\/www.facebook.com\/PrijedorDanasCom\/\"]},{\"@type\":\"Person\",\"@id\":\"https:\/\/www.prijedordanas.com\/#\/schema\/person\/4e08ccf29b506ca916ff86d46bb700e6\",\"name\":\"admin\",\"image\":{\"@type\":\"ImageObject\",\"inLanguage\":\"en-US\",\"@id\":\"https:\/\/www.prijedordanas.com\/#\/schema\/person\/image\/\",\"url\":\"https:\/\/secure.gravatar.com\/avatar\/1d3fc949d550f0b53a5f0d51e06dfd79?s=96&d=mm&r=g\",\"contentUrl\":\"https:\/\/secure.gravatar.com\/avatar\/1d3fc949d550f0b53a5f0d51e06dfd79?s=96&d=mm&r=g\",\"caption\":\"admin\"},\"url\":\"https:\/\/www.prijedordanas.com\/?author=1\"}]}<\/script>\n<!-- \/ Yoast SEO plugin. -->","yoast_head_json":{"title":"Pozori\u0161te Prijedor: U nedjelju premijera predstave za djecu \"Gvozden\" - VIDEO - PrijedorDanas.com - Prijedorski gradski portal","robots":{"index":"index","follow":"follow","max-snippet":"max-snippet:-1","max-image-preview":"max-image-preview:large","max-video-preview":"max-video-preview:-1"},"canonical":"https:\/\/www.prijedordanas.com\/?p=236744","og_locale":"en_US","og_type":"article","og_title":"Pozori\u0161te Prijedor: U nedjelju premijera predstave za djecu \"Gvozden\" - VIDEO - PrijedorDanas.com - Prijedorski gradski portal","og_description":"Pozori\u0161te Prijedor premijerno \u0107e u nedjelju, 17. novembra, odigrati predstavu za djecu &#8220;Gvozden&#8221; autora Marka Vukosava. Direktor Pozori\u0161ta Prijedor Sr\u0111an Knjeginji\u0107 rekao je da je Vukosav pisac, reditelj, scenograf, kostimograf [&hellip;]","og_url":"https:\/\/www.prijedordanas.com\/?p=236744","og_site_name":"PrijedorDanas.com - Prijedorski gradski portal","article_publisher":"https:\/\/www.facebook.com\/PrijedorDanasCom\/","article_published_time":"2024-11-13T21:03:14+00:00","article_modified_time":"2024-11-14T01:58:33+00:00","og_image":[{"url":"https:\/\/www.prijedordanas.com\/wp-content\/uploads\/2024\/11\/gvozden-premijera-najava-300x225.jpg"}],"author":"admin","twitter_card":"summary_large_image","twitter_misc":{"Written by":"admin","Est. reading time":"3 minutes"},"schema":{"@context":"https:\/\/schema.org","@graph":[{"@type":"Article","@id":"https:\/\/www.prijedordanas.com\/?p=236744#article","isPartOf":{"@id":"https:\/\/www.prijedordanas.com\/?p=236744"},"author":{"name":"admin","@id":"https:\/\/www.prijedordanas.com\/#\/schema\/person\/4e08ccf29b506ca916ff86d46bb700e6"},"headline":"Pozori\u0161te Prijedor: U nedjelju premijera predstave za djecu &#8220;Gvozden&#8221; &#8211; VIDEO","datePublished":"2024-11-13T21:03:14+00:00","dateModified":"2024-11-14T01:58:33+00:00","mainEntityOfPage":{"@id":"https:\/\/www.prijedordanas.com\/?p=236744"},"wordCount":528,"publisher":{"@id":"https:\/\/www.prijedordanas.com\/#organization"},"articleSection":["Kultura","Najave"],"inLanguage":"en-US"},{"@type":"WebPage","@id":"https:\/\/www.prijedordanas.com\/?p=236744","url":"https:\/\/www.prijedordanas.com\/?p=236744","name":"Pozori\u0161te Prijedor: U nedjelju premijera predstave za djecu \"Gvozden\" - VIDEO - PrijedorDanas.com - Prijedorski gradski portal","isPartOf":{"@id":"https:\/\/www.prijedordanas.com\/#website"},"datePublished":"2024-11-13T21:03:14+00:00","dateModified":"2024-11-14T01:58:33+00:00","breadcrumb":{"@id":"https:\/\/www.prijedordanas.com\/?p=236744#breadcrumb"},"inLanguage":"en-US","potentialAction":[{"@type":"ReadAction","target":["https:\/\/www.prijedordanas.com\/?p=236744"]}]},{"@type":"BreadcrumbList","@id":"https:\/\/www.prijedordanas.com\/?p=236744#breadcrumb","itemListElement":[{"@type":"ListItem","position":1,"name":"Home","item":"https:\/\/www.prijedordanas.com\/"},{"@type":"ListItem","position":2,"name":"Pozori\u0161te Prijedor: U nedjelju premijera predstave za djecu &#8220;Gvozden&#8221; &#8211; VIDEO"}]},{"@type":"WebSite","@id":"https:\/\/www.prijedordanas.com\/#website","url":"https:\/\/www.prijedordanas.com\/","name":"PrijedorDanas.com - Prijedorski gradski portal","description":"Portal o doga\u0111anjima u gradu Prijedoru","publisher":{"@id":"https:\/\/www.prijedordanas.com\/#organization"},"potentialAction":[{"@type":"SearchAction","target":{"@type":"EntryPoint","urlTemplate":"https:\/\/www.prijedordanas.com\/?s={search_term_string}"},"query-input":"required name=search_term_string"}],"inLanguage":"en-US"},{"@type":"Organization","@id":"https:\/\/www.prijedordanas.com\/#organization","name":"PrijedorDanas.com","url":"https:\/\/www.prijedordanas.com\/","logo":{"@type":"ImageObject","inLanguage":"en-US","@id":"https:\/\/www.prijedordanas.com\/#\/schema\/logo\/image\/","url":"http:\/\/www.prijedordanas.com\/wp-content\/uploads\/2021\/12\/logopng.png","contentUrl":"http:\/\/www.prijedordanas.com\/wp-content\/uploads\/2021\/12\/logopng.png","width":1019,"height":776,"caption":"PrijedorDanas.com"},"image":{"@id":"https:\/\/www.prijedordanas.com\/#\/schema\/logo\/image\/"},"sameAs":["https:\/\/www.facebook.com\/PrijedorDanasCom\/"]},{"@type":"Person","@id":"https:\/\/www.prijedordanas.com\/#\/schema\/person\/4e08ccf29b506ca916ff86d46bb700e6","name":"admin","image":{"@type":"ImageObject","inLanguage":"en-US","@id":"https:\/\/www.prijedordanas.com\/#\/schema\/person\/image\/","url":"https:\/\/secure.gravatar.com\/avatar\/1d3fc949d550f0b53a5f0d51e06dfd79?s=96&d=mm&r=g","contentUrl":"https:\/\/secure.gravatar.com\/avatar\/1d3fc949d550f0b53a5f0d51e06dfd79?s=96&d=mm&r=g","caption":"admin"},"url":"https:\/\/www.prijedordanas.com\/?author=1"}]}},"_links":{"self":[{"href":"https:\/\/www.prijedordanas.com\/index.php?rest_route=\/wp\/v2\/posts\/236744"}],"collection":[{"href":"https:\/\/www.prijedordanas.com\/index.php?rest_route=\/wp\/v2\/posts"}],"about":[{"href":"https:\/\/www.prijedordanas.com\/index.php?rest_route=\/wp\/v2\/types\/post"}],"author":[{"embeddable":true,"href":"https:\/\/www.prijedordanas.com\/index.php?rest_route=\/wp\/v2\/users\/1"}],"replies":[{"embeddable":true,"href":"https:\/\/www.prijedordanas.com\/index.php?rest_route=%2Fwp%2Fv2%2Fcomments&post=236744"}],"version-history":[{"count":2,"href":"https:\/\/www.prijedordanas.com\/index.php?rest_route=\/wp\/v2\/posts\/236744\/revisions"}],"predecessor-version":[{"id":236761,"href":"https:\/\/www.prijedordanas.com\/index.php?rest_route=\/wp\/v2\/posts\/236744\/revisions\/236761"}],"wp:attachment":[{"href":"https:\/\/www.prijedordanas.com\/index.php?rest_route=%2Fwp%2Fv2%2Fmedia&parent=236744"}],"wp:term":[{"taxonomy":"category","embeddable":true,"href":"https:\/\/www.prijedordanas.com\/index.php?rest_route=%2Fwp%2Fv2%2Fcategories&post=236744"},{"taxonomy":"post_tag","embeddable":true,"href":"https:\/\/www.prijedordanas.com\/index.php?rest_route=%2Fwp%2Fv2%2Ftags&post=236744"}],"curies":[{"name":"wp","href":"https:\/\/api.w.org\/{rel}","templated":true}]}}