{"id":23674,"date":"2015-06-04T21:16:04","date_gmt":"2015-06-04T20:16:04","guid":{"rendered":"https:\/\/www.prijedordanas.com\/?p=23674"},"modified":"2015-06-04T21:16:04","modified_gmt":"2015-06-04T20:16:04","slug":"dragan-bojanovic-i-svjetlana-kesar-osumnjiceni-da-su-ostetili-lovacko-udruzenje-za-93-000-km","status":"publish","type":"post","link":"https:\/\/www.prijedordanas.com\/?p=23674","title":{"rendered":"DRAGAN BOJANOVI\u0106 I SVJETLANA KESAR OSUMNJI\u010cENI DA SU O\u0160TETILI LOVA\u010cKO UDRU\u017dENJE ZA 93.000 KM"},"content":{"rendered":"<p><a href=\"https:\/\/www.prijedordanas.com\/wp-content\/uploads\/2015\/06\/lovacko-udruzenje-mrakovica.jpg\"><img loading=\"lazy\" decoding=\"async\" src=\"https:\/\/www.prijedordanas.com\/wp-content\/uploads\/2015\/06\/lovacko-udruzenje-mrakovica-300x165.jpg\" alt=\"lovacko udruzenje mrakovica\" width=\"300\" height=\"165\" class=\"alignleft size-medium wp-image-23675\" srcset=\"https:\/\/www.prijedordanas.com\/wp-content\/uploads\/2015\/06\/lovacko-udruzenje-mrakovica-300x165.jpg 300w, https:\/\/www.prijedordanas.com\/wp-content\/uploads\/2015\/06\/lovacko-udruzenje-mrakovica.jpg 600w\" sizes=\"(max-width: 300px) 100vw, 300px\" \/><\/a>Protiv Dragana Bojanovi\u0107a (56) i Svjetlane Kesar (44), oboje iz Prijedora, policija je podnijela izvje\u0161taj zbog sumnje da su o\u0161tetili Lova\u010dko udru\u017eenje &#8220;Mrakovica&#8221; iz tog grada za oko 93.000 maraka.<\/p>\n<p>U Centru javne bezbjednosti Prijedor rekli su, navode\u0107i njihove inicijale, da je Bojanovi\u0107 po\u010dinio krivi\u010dna djela zloupotreba slu\u017ebenog polo\u017eaja ili ovla\u0161\u0107enja i posluga, a Kesarova se sumnji\u010di za zloupotrebu slu\u017ebenog polo\u017eaja.<\/p>\n<p>Bojanovi\u0107 je osumnji\u010den da je kao odgovorno lice u pomenutom lova\u010dkom udru\u017eenju, u periodu od 2010. do aprila ove godine, falsifikovao slu\u017ebene isprave i neovla\u0161\u0107eno koristio novac koji mu je povjeren u slu\u017ebi. On je po\u010dinio i niz drugih nezakonitih radnji kojima je pri\u010dinio ve\u0107u \u0161tetu ovom udru\u017eenju.<\/p>\n<p>Kesarovu policija sumnji\u010di da je izdavala ra\u010dune za usluge koje nije obavila i na taj na\u010din omogu\u0107ila Bojanovi\u0107u pravdanje tro\u0161enja navedenih sredstava.<\/p>\n<p>Na ovaj na\u010din oni su lova\u010dkom udru\u017eenju pri\u010dinili \u0161tetu od 93.000 maraka, a sebi pribavili korist od 76.000 maraka.<\/p>\n<p>Glas Srpske<\/p>\n","protected":false},"excerpt":{"rendered":"<p>Protiv Dragana Bojanovi\u0107a (56) i Svjetlane Kesar (44), oboje iz Prijedora, policija je podnijela izvje\u0161taj zbog sumnje da su o\u0161tetili Lova\u010dko udru\u017eenje &#8220;Mrakovica&#8221; iz tog grada za oko 93.000 maraka. [&hellip;]<\/p>\n","protected":false},"author":1,"featured_media":0,"comment_status":"closed","ping_status":"open","sticky":false,"template":"","format":"standard","meta":{"_monsterinsights_skip_tracking":false,"_monsterinsights_sitenote_active":false,"_monsterinsights_sitenote_note":"","_monsterinsights_sitenote_category":0,"footnotes":""},"categories":[5],"tags":[3765,3763,3764],"yoast_head":"<!-- This site is optimized with the Yoast SEO plugin v21.6 - https:\/\/yoast.com\/wordpress\/plugins\/seo\/ -->\n<title>DRAGAN BOJANOVI\u0106 I SVJETLANA KESAR OSUMNJI\u010cENI DA SU O\u0160TETILI LOVA\u010cKO UDRU\u017dENJE ZA 93.000 KM - PrijedorDanas.com - Prijedorski gradski portal<\/title>\n<meta name=\"robots\" content=\"index, follow, max-snippet:-1, max-image-preview:large, max-video-preview:-1\" \/>\n<link rel=\"canonical\" href=\"https:\/\/www.prijedordanas.com\/?p=23674\" \/>\n<meta property=\"og:locale\" content=\"en_US\" \/>\n<meta property=\"og:type\" content=\"article\" \/>\n<meta property=\"og:title\" content=\"DRAGAN BOJANOVI\u0106 I SVJETLANA KESAR OSUMNJI\u010cENI DA SU O\u0160TETILI LOVA\u010cKO UDRU\u017dENJE ZA 93.000 KM - PrijedorDanas.com - Prijedorski gradski portal\" \/>\n<meta property=\"og:description\" content=\"Protiv Dragana Bojanovi\u0107a (56) i Svjetlane Kesar (44), oboje iz Prijedora, policija je podnijela izvje\u0161taj zbog sumnje da su o\u0161tetili Lova\u010dko udru\u017eenje &#8220;Mrakovica&#8221; iz tog grada za oko 93.000 maraka. [&hellip;]\" \/>\n<meta property=\"og:url\" content=\"https:\/\/www.prijedordanas.com\/?p=23674\" \/>\n<meta property=\"og:site_name\" content=\"PrijedorDanas.com - Prijedorski gradski portal\" \/>\n<meta property=\"article:publisher\" content=\"https:\/\/www.facebook.com\/PrijedorDanasCom\/\" \/>\n<meta property=\"article:published_time\" content=\"2015-06-04T20:16:04+00:00\" \/>\n<meta property=\"og:image\" content=\"https:\/\/www.prijedordanas.com\/wp-content\/uploads\/2015\/06\/lovacko-udruzenje-mrakovica-300x165.jpg\" \/>\n<meta name=\"author\" content=\"admin\" \/>\n<meta name=\"twitter:card\" content=\"summary_large_image\" \/>\n<meta name=\"twitter:label1\" content=\"Written by\" \/>\n\t<meta name=\"twitter:data1\" content=\"admin\" \/>\n\t<meta name=\"twitter:label2\" content=\"Est. reading time\" \/>\n\t<meta name=\"twitter:data2\" content=\"1 minute\" \/>\n<script type=\"application\/ld+json\" class=\"yoast-schema-graph\">{\"@context\":\"https:\/\/schema.org\",\"@graph\":[{\"@type\":\"Article\",\"@id\":\"https:\/\/www.prijedordanas.com\/?p=23674#article\",\"isPartOf\":{\"@id\":\"https:\/\/www.prijedordanas.com\/?p=23674\"},\"author\":{\"name\":\"admin\",\"@id\":\"https:\/\/www.prijedordanas.com\/#\/schema\/person\/4e08ccf29b506ca916ff86d46bb700e6\"},\"headline\":\"DRAGAN BOJANOVI\u0106 I SVJETLANA KESAR OSUMNJI\u010cENI DA SU O\u0160TETILI LOVA\u010cKO UDRU\u017dENJE ZA 93.000 KM\",\"datePublished\":\"2015-06-04T20:16:04+00:00\",\"dateModified\":\"2015-06-04T20:16:04+00:00\",\"mainEntityOfPage\":{\"@id\":\"https:\/\/www.prijedordanas.com\/?p=23674\"},\"wordCount\":197,\"publisher\":{\"@id\":\"https:\/\/www.prijedordanas.com\/#organization\"},\"keywords\":[\"Dragan Bojanovi\u0107\",\"Lova\u010dko udru\u017eenje \\\"Mrakovica\\\"\",\"Svjetlana Kesar\"],\"articleSection\":[\"Hronika\"],\"inLanguage\":\"en-US\"},{\"@type\":\"WebPage\",\"@id\":\"https:\/\/www.prijedordanas.com\/?p=23674\",\"url\":\"https:\/\/www.prijedordanas.com\/?p=23674\",\"name\":\"DRAGAN BOJANOVI\u0106 I SVJETLANA KESAR OSUMNJI\u010cENI DA SU O\u0160TETILI LOVA\u010cKO UDRU\u017dENJE ZA 93.000 KM - PrijedorDanas.com - Prijedorski gradski portal\",\"isPartOf\":{\"@id\":\"https:\/\/www.prijedordanas.com\/#website\"},\"datePublished\":\"2015-06-04T20:16:04+00:00\",\"dateModified\":\"2015-06-04T20:16:04+00:00\",\"breadcrumb\":{\"@id\":\"https:\/\/www.prijedordanas.com\/?p=23674#breadcrumb\"},\"inLanguage\":\"en-US\",\"potentialAction\":[{\"@type\":\"ReadAction\",\"target\":[\"https:\/\/www.prijedordanas.com\/?p=23674\"]}]},{\"@type\":\"BreadcrumbList\",\"@id\":\"https:\/\/www.prijedordanas.com\/?p=23674#breadcrumb\",\"itemListElement\":[{\"@type\":\"ListItem\",\"position\":1,\"name\":\"Home\",\"item\":\"https:\/\/www.prijedordanas.com\/\"},{\"@type\":\"ListItem\",\"position\":2,\"name\":\"DRAGAN BOJANOVI\u0106 I SVJETLANA KESAR OSUMNJI\u010cENI DA SU O\u0160TETILI LOVA\u010cKO UDRU\u017dENJE ZA 93.000 KM\"}]},{\"@type\":\"WebSite\",\"@id\":\"https:\/\/www.prijedordanas.com\/#website\",\"url\":\"https:\/\/www.prijedordanas.com\/\",\"name\":\"PrijedorDanas.com - Prijedorski gradski portal\",\"description\":\"Portal o doga\u0111anjima u gradu Prijedoru\",\"publisher\":{\"@id\":\"https:\/\/www.prijedordanas.com\/#organization\"},\"potentialAction\":[{\"@type\":\"SearchAction\",\"target\":{\"@type\":\"EntryPoint\",\"urlTemplate\":\"https:\/\/www.prijedordanas.com\/?s={search_term_string}\"},\"query-input\":\"required name=search_term_string\"}],\"inLanguage\":\"en-US\"},{\"@type\":\"Organization\",\"@id\":\"https:\/\/www.prijedordanas.com\/#organization\",\"name\":\"PrijedorDanas.com\",\"url\":\"https:\/\/www.prijedordanas.com\/\",\"logo\":{\"@type\":\"ImageObject\",\"inLanguage\":\"en-US\",\"@id\":\"https:\/\/www.prijedordanas.com\/#\/schema\/logo\/image\/\",\"url\":\"http:\/\/www.prijedordanas.com\/wp-content\/uploads\/2021\/12\/logopng.png\",\"contentUrl\":\"http:\/\/www.prijedordanas.com\/wp-content\/uploads\/2021\/12\/logopng.png\",\"width\":1019,\"height\":776,\"caption\":\"PrijedorDanas.com\"},\"image\":{\"@id\":\"https:\/\/www.prijedordanas.com\/#\/schema\/logo\/image\/\"},\"sameAs\":[\"https:\/\/www.facebook.com\/PrijedorDanasCom\/\"]},{\"@type\":\"Person\",\"@id\":\"https:\/\/www.prijedordanas.com\/#\/schema\/person\/4e08ccf29b506ca916ff86d46bb700e6\",\"name\":\"admin\",\"image\":{\"@type\":\"ImageObject\",\"inLanguage\":\"en-US\",\"@id\":\"https:\/\/www.prijedordanas.com\/#\/schema\/person\/image\/\",\"url\":\"https:\/\/secure.gravatar.com\/avatar\/1d3fc949d550f0b53a5f0d51e06dfd79?s=96&d=mm&r=g\",\"contentUrl\":\"https:\/\/secure.gravatar.com\/avatar\/1d3fc949d550f0b53a5f0d51e06dfd79?s=96&d=mm&r=g\",\"caption\":\"admin\"},\"url\":\"https:\/\/www.prijedordanas.com\/?author=1\"}]}<\/script>\n<!-- \/ Yoast SEO plugin. -->","yoast_head_json":{"title":"DRAGAN BOJANOVI\u0106 I SVJETLANA KESAR OSUMNJI\u010cENI DA SU O\u0160TETILI LOVA\u010cKO UDRU\u017dENJE ZA 93.000 KM - PrijedorDanas.com - Prijedorski gradski portal","robots":{"index":"index","follow":"follow","max-snippet":"max-snippet:-1","max-image-preview":"max-image-preview:large","max-video-preview":"max-video-preview:-1"},"canonical":"https:\/\/www.prijedordanas.com\/?p=23674","og_locale":"en_US","og_type":"article","og_title":"DRAGAN BOJANOVI\u0106 I SVJETLANA KESAR OSUMNJI\u010cENI DA SU O\u0160TETILI LOVA\u010cKO UDRU\u017dENJE ZA 93.000 KM - PrijedorDanas.com - Prijedorski gradski portal","og_description":"Protiv Dragana Bojanovi\u0107a (56) i Svjetlane Kesar (44), oboje iz Prijedora, policija je podnijela izvje\u0161taj zbog sumnje da su o\u0161tetili Lova\u010dko udru\u017eenje &#8220;Mrakovica&#8221; iz tog grada za oko 93.000 maraka. [&hellip;]","og_url":"https:\/\/www.prijedordanas.com\/?p=23674","og_site_name":"PrijedorDanas.com - Prijedorski gradski portal","article_publisher":"https:\/\/www.facebook.com\/PrijedorDanasCom\/","article_published_time":"2015-06-04T20:16:04+00:00","og_image":[{"url":"https:\/\/www.prijedordanas.com\/wp-content\/uploads\/2015\/06\/lovacko-udruzenje-mrakovica-300x165.jpg"}],"author":"admin","twitter_card":"summary_large_image","twitter_misc":{"Written by":"admin","Est. reading time":"1 minute"},"schema":{"@context":"https:\/\/schema.org","@graph":[{"@type":"Article","@id":"https:\/\/www.prijedordanas.com\/?p=23674#article","isPartOf":{"@id":"https:\/\/www.prijedordanas.com\/?p=23674"},"author":{"name":"admin","@id":"https:\/\/www.prijedordanas.com\/#\/schema\/person\/4e08ccf29b506ca916ff86d46bb700e6"},"headline":"DRAGAN BOJANOVI\u0106 I SVJETLANA KESAR OSUMNJI\u010cENI DA SU O\u0160TETILI LOVA\u010cKO UDRU\u017dENJE ZA 93.000 KM","datePublished":"2015-06-04T20:16:04+00:00","dateModified":"2015-06-04T20:16:04+00:00","mainEntityOfPage":{"@id":"https:\/\/www.prijedordanas.com\/?p=23674"},"wordCount":197,"publisher":{"@id":"https:\/\/www.prijedordanas.com\/#organization"},"keywords":["Dragan Bojanovi\u0107","Lova\u010dko udru\u017eenje \"Mrakovica\"","Svjetlana Kesar"],"articleSection":["Hronika"],"inLanguage":"en-US"},{"@type":"WebPage","@id":"https:\/\/www.prijedordanas.com\/?p=23674","url":"https:\/\/www.prijedordanas.com\/?p=23674","name":"DRAGAN BOJANOVI\u0106 I SVJETLANA KESAR OSUMNJI\u010cENI DA SU O\u0160TETILI LOVA\u010cKO UDRU\u017dENJE ZA 93.000 KM - PrijedorDanas.com - Prijedorski gradski portal","isPartOf":{"@id":"https:\/\/www.prijedordanas.com\/#website"},"datePublished":"2015-06-04T20:16:04+00:00","dateModified":"2015-06-04T20:16:04+00:00","breadcrumb":{"@id":"https:\/\/www.prijedordanas.com\/?p=23674#breadcrumb"},"inLanguage":"en-US","potentialAction":[{"@type":"ReadAction","target":["https:\/\/www.prijedordanas.com\/?p=23674"]}]},{"@type":"BreadcrumbList","@id":"https:\/\/www.prijedordanas.com\/?p=23674#breadcrumb","itemListElement":[{"@type":"ListItem","position":1,"name":"Home","item":"https:\/\/www.prijedordanas.com\/"},{"@type":"ListItem","position":2,"name":"DRAGAN BOJANOVI\u0106 I SVJETLANA KESAR OSUMNJI\u010cENI DA SU O\u0160TETILI LOVA\u010cKO UDRU\u017dENJE ZA 93.000 KM"}]},{"@type":"WebSite","@id":"https:\/\/www.prijedordanas.com\/#website","url":"https:\/\/www.prijedordanas.com\/","name":"PrijedorDanas.com - Prijedorski gradski portal","description":"Portal o doga\u0111anjima u gradu Prijedoru","publisher":{"@id":"https:\/\/www.prijedordanas.com\/#organization"},"potentialAction":[{"@type":"SearchAction","target":{"@type":"EntryPoint","urlTemplate":"https:\/\/www.prijedordanas.com\/?s={search_term_string}"},"query-input":"required name=search_term_string"}],"inLanguage":"en-US"},{"@type":"Organization","@id":"https:\/\/www.prijedordanas.com\/#organization","name":"PrijedorDanas.com","url":"https:\/\/www.prijedordanas.com\/","logo":{"@type":"ImageObject","inLanguage":"en-US","@id":"https:\/\/www.prijedordanas.com\/#\/schema\/logo\/image\/","url":"http:\/\/www.prijedordanas.com\/wp-content\/uploads\/2021\/12\/logopng.png","contentUrl":"http:\/\/www.prijedordanas.com\/wp-content\/uploads\/2021\/12\/logopng.png","width":1019,"height":776,"caption":"PrijedorDanas.com"},"image":{"@id":"https:\/\/www.prijedordanas.com\/#\/schema\/logo\/image\/"},"sameAs":["https:\/\/www.facebook.com\/PrijedorDanasCom\/"]},{"@type":"Person","@id":"https:\/\/www.prijedordanas.com\/#\/schema\/person\/4e08ccf29b506ca916ff86d46bb700e6","name":"admin","image":{"@type":"ImageObject","inLanguage":"en-US","@id":"https:\/\/www.prijedordanas.com\/#\/schema\/person\/image\/","url":"https:\/\/secure.gravatar.com\/avatar\/1d3fc949d550f0b53a5f0d51e06dfd79?s=96&d=mm&r=g","contentUrl":"https:\/\/secure.gravatar.com\/avatar\/1d3fc949d550f0b53a5f0d51e06dfd79?s=96&d=mm&r=g","caption":"admin"},"url":"https:\/\/www.prijedordanas.com\/?author=1"}]}},"_links":{"self":[{"href":"https:\/\/www.prijedordanas.com\/index.php?rest_route=\/wp\/v2\/posts\/23674"}],"collection":[{"href":"https:\/\/www.prijedordanas.com\/index.php?rest_route=\/wp\/v2\/posts"}],"about":[{"href":"https:\/\/www.prijedordanas.com\/index.php?rest_route=\/wp\/v2\/types\/post"}],"author":[{"embeddable":true,"href":"https:\/\/www.prijedordanas.com\/index.php?rest_route=\/wp\/v2\/users\/1"}],"replies":[{"embeddable":true,"href":"https:\/\/www.prijedordanas.com\/index.php?rest_route=%2Fwp%2Fv2%2Fcomments&post=23674"}],"version-history":[{"count":1,"href":"https:\/\/www.prijedordanas.com\/index.php?rest_route=\/wp\/v2\/posts\/23674\/revisions"}],"predecessor-version":[{"id":23676,"href":"https:\/\/www.prijedordanas.com\/index.php?rest_route=\/wp\/v2\/posts\/23674\/revisions\/23676"}],"wp:attachment":[{"href":"https:\/\/www.prijedordanas.com\/index.php?rest_route=%2Fwp%2Fv2%2Fmedia&parent=23674"}],"wp:term":[{"taxonomy":"category","embeddable":true,"href":"https:\/\/www.prijedordanas.com\/index.php?rest_route=%2Fwp%2Fv2%2Fcategories&post=23674"},{"taxonomy":"post_tag","embeddable":true,"href":"https:\/\/www.prijedordanas.com\/index.php?rest_route=%2Fwp%2Fv2%2Ftags&post=23674"}],"curies":[{"name":"wp","href":"https:\/\/api.w.org\/{rel}","templated":true}]}}