{"id":236617,"date":"2024-11-11T20:11:05","date_gmt":"2024-11-11T19:11:05","guid":{"rendered":"https:\/\/www.prijedordanas.com\/?p=236617"},"modified":"2024-11-11T20:11:05","modified_gmt":"2024-11-11T19:11:05","slug":"nevenovci-iz-prijedora-osvojili-sest-zlatnih-medalja-na-inkluzivnom-atletskom-mitingu-sunce-foto","status":"publish","type":"post","link":"https:\/\/www.prijedordanas.com\/?p=236617","title":{"rendered":"&#8220;Nevenovci&#8221; iz Prijedora osvojili \u0161est zlatnih medalja na Inkluzivnom atletskom mitingu &#8220;Sunce&#8221; &#8211; FOTO"},"content":{"rendered":"<p><a href=\"https:\/\/www.prijedordanas.com\/wp-content\/uploads\/2024\/11\/udruzenje-neven-miting-sunce-1.jpg\"><img loading=\"lazy\" decoding=\"async\" src=\"https:\/\/www.prijedordanas.com\/wp-content\/uploads\/2024\/11\/udruzenje-neven-miting-sunce-1-300x253.jpg\" alt=\"\" width=\"300\" height=\"253\" class=\"alignleft size-medium wp-image-236618\" srcset=\"https:\/\/www.prijedordanas.com\/wp-content\/uploads\/2024\/11\/udruzenje-neven-miting-sunce-1-300x253.jpg 300w, https:\/\/www.prijedordanas.com\/wp-content\/uploads\/2024\/11\/udruzenje-neven-miting-sunce-1.jpg 651w\" sizes=\"(max-width: 300px) 100vw, 300px\" \/><\/a>Sportsko-rekreativno udru\u017eenje \u201eSunce\u201c organizovalo je u subotu u Banja Luci, 5. Inkluzivni atletski miting \u201eSunce\u201c, na kojem su svoje sportske vje\u0161tine pokazali sportisti sa pote\u0161ko\u0107ama u razvoju iz cijele BiH.<\/p>\n<p>\u010clanovi Udru\u017eenja \u201eNeven\u201c iz Prijedora postigli su odli\u010dne rezultate.<\/p>\n<p>U disciplini vorteks, Lea Stevandi\u0107 osvojila je zlatnu medalju. <\/p>\n<p>Aleksa Pecalj osvojio je dvije zlatne medalje u disciplini vorteks i tr\u010danju na 100 metara. <\/p>\n<p>Uspje\u0161na je bila i Sadmira Musi\u0107 koja se okitila zlatnim medaljama u disciplini skok u dalj i tra\u010danju na 100 metara, dok je Neboj\u0161a Doj\u010dinovi\u0107 u kategoriji brzo hodanje na 100 metara, osvojio zlatnu medalju.<\/p>\n<p>Cilj mitinga nije bi samo sportski dio programa, ve\u0107 dru\u017eenje, socijalizacija, inkluzija i dizanje samopouzdanje lica sa pote\u0161ko\u0107ama u razvoju.<\/p>\n<p><strong><a href=\"https:\/\/kozarski.com\/nevenovci-osvojili-sest-medalja\/\" rel=\"noopener\" target=\"_blank\">kozarski.com<\/a><\/strong><\/p>\n<p><a href=\"https:\/\/www.prijedordanas.com\/wp-content\/uploads\/2024\/11\/inkluzivni-atletski-miting-sunce-2024-1.jpg\"><img loading=\"lazy\" decoding=\"async\" src=\"https:\/\/www.prijedordanas.com\/wp-content\/uploads\/2024\/11\/inkluzivni-atletski-miting-sunce-2024-1-300x300.jpg\" alt=\"\" width=\"300\" height=\"300\" class=\"alignleft size-medium wp-image-236620\" srcset=\"https:\/\/www.prijedordanas.com\/wp-content\/uploads\/2024\/11\/inkluzivni-atletski-miting-sunce-2024-1-300x300.jpg 300w, https:\/\/www.prijedordanas.com\/wp-content\/uploads\/2024\/11\/inkluzivni-atletski-miting-sunce-2024-1-150x150.jpg 150w, https:\/\/www.prijedordanas.com\/wp-content\/uploads\/2024\/11\/inkluzivni-atletski-miting-sunce-2024-1-50x50.jpg 50w, https:\/\/www.prijedordanas.com\/wp-content\/uploads\/2024\/11\/inkluzivni-atletski-miting-sunce-2024-1.jpg 500w\" sizes=\"(max-width: 300px) 100vw, 300px\" \/><\/a> <a href=\"https:\/\/www.prijedordanas.com\/wp-content\/uploads\/2024\/11\/inkluzivni-atletski-miting-sunce-2024-2.jpg\"><img loading=\"lazy\" decoding=\"async\" src=\"https:\/\/www.prijedordanas.com\/wp-content\/uploads\/2024\/11\/inkluzivni-atletski-miting-sunce-2024-2-300x300.jpg\" alt=\"\" width=\"300\" height=\"300\" class=\"alignleft size-medium wp-image-236621\" srcset=\"https:\/\/www.prijedordanas.com\/wp-content\/uploads\/2024\/11\/inkluzivni-atletski-miting-sunce-2024-2-300x300.jpg 300w, https:\/\/www.prijedordanas.com\/wp-content\/uploads\/2024\/11\/inkluzivni-atletski-miting-sunce-2024-2-150x150.jpg 150w, https:\/\/www.prijedordanas.com\/wp-content\/uploads\/2024\/11\/inkluzivni-atletski-miting-sunce-2024-2-50x50.jpg 50w, https:\/\/www.prijedordanas.com\/wp-content\/uploads\/2024\/11\/inkluzivni-atletski-miting-sunce-2024-2.jpg 500w\" sizes=\"(max-width: 300px) 100vw, 300px\" \/><\/a> <a href=\"https:\/\/www.prijedordanas.com\/wp-content\/uploads\/2024\/11\/udruzenje-neven-miting-sunce-2.jpg\"><img loading=\"lazy\" decoding=\"async\" src=\"https:\/\/www.prijedordanas.com\/wp-content\/uploads\/2024\/11\/udruzenje-neven-miting-sunce-2-288x300.jpg\" alt=\"\" width=\"288\" height=\"300\" class=\"alignleft size-medium wp-image-236619\" srcset=\"https:\/\/www.prijedordanas.com\/wp-content\/uploads\/2024\/11\/udruzenje-neven-miting-sunce-2-288x300.jpg 288w, https:\/\/www.prijedordanas.com\/wp-content\/uploads\/2024\/11\/udruzenje-neven-miting-sunce-2.jpg 575w\" sizes=\"(max-width: 288px) 100vw, 288px\" \/><\/a><\/p>\n","protected":false},"excerpt":{"rendered":"<p>Sportsko-rekreativno udru\u017eenje \u201eSunce\u201c organizovalo je u subotu u Banja Luci, 5. Inkluzivni atletski miting \u201eSunce\u201c, na kojem su svoje sportske vje\u0161tine pokazali sportisti sa pote\u0161ko\u0107ama u razvoju iz cijele BiH. [&hellip;]<\/p>\n","protected":false},"author":1,"featured_media":0,"comment_status":"closed","ping_status":"open","sticky":false,"template":"","format":"standard","meta":{"_monsterinsights_skip_tracking":false,"_monsterinsights_sitenote_active":false,"_monsterinsights_sitenote_note":"","_monsterinsights_sitenote_category":0,"footnotes":""},"categories":[7,3],"tags":[],"yoast_head":"<!-- This site is optimized with the Yoast SEO plugin v21.6 - https:\/\/yoast.com\/wordpress\/plugins\/seo\/ -->\n<title>&quot;Nevenovci&quot; iz Prijedora osvojili \u0161est zlatnih medalja na Inkluzivnom atletskom mitingu &quot;Sunce&quot; - FOTO - PrijedorDanas.com - Prijedorski gradski portal<\/title>\n<meta name=\"robots\" content=\"index, follow, max-snippet:-1, max-image-preview:large, max-video-preview:-1\" \/>\n<link rel=\"canonical\" href=\"https:\/\/www.prijedordanas.com\/?p=236617\" \/>\n<meta property=\"og:locale\" content=\"en_US\" \/>\n<meta property=\"og:type\" content=\"article\" \/>\n<meta property=\"og:title\" content=\"&quot;Nevenovci&quot; iz Prijedora osvojili \u0161est zlatnih medalja na Inkluzivnom atletskom mitingu &quot;Sunce&quot; - FOTO - PrijedorDanas.com - Prijedorski gradski portal\" \/>\n<meta property=\"og:description\" content=\"Sportsko-rekreativno udru\u017eenje \u201eSunce\u201c organizovalo je u subotu u Banja Luci, 5. Inkluzivni atletski miting \u201eSunce\u201c, na kojem su svoje sportske vje\u0161tine pokazali sportisti sa pote\u0161ko\u0107ama u razvoju iz cijele BiH. [&hellip;]\" \/>\n<meta property=\"og:url\" content=\"https:\/\/www.prijedordanas.com\/?p=236617\" \/>\n<meta property=\"og:site_name\" content=\"PrijedorDanas.com - Prijedorski gradski portal\" \/>\n<meta property=\"article:publisher\" content=\"https:\/\/www.facebook.com\/PrijedorDanasCom\/\" \/>\n<meta property=\"article:published_time\" content=\"2024-11-11T19:11:05+00:00\" \/>\n<meta property=\"og:image\" content=\"https:\/\/www.prijedordanas.com\/wp-content\/uploads\/2024\/11\/udruzenje-neven-miting-sunce-1-300x253.jpg\" \/>\n<meta name=\"author\" content=\"admin\" \/>\n<meta name=\"twitter:card\" content=\"summary_large_image\" \/>\n<meta name=\"twitter:label1\" content=\"Written by\" \/>\n\t<meta name=\"twitter:data1\" content=\"admin\" \/>\n<script type=\"application\/ld+json\" class=\"yoast-schema-graph\">{\"@context\":\"https:\/\/schema.org\",\"@graph\":[{\"@type\":\"Article\",\"@id\":\"https:\/\/www.prijedordanas.com\/?p=236617#article\",\"isPartOf\":{\"@id\":\"https:\/\/www.prijedordanas.com\/?p=236617\"},\"author\":{\"name\":\"admin\",\"@id\":\"https:\/\/www.prijedordanas.com\/#\/schema\/person\/4e08ccf29b506ca916ff86d46bb700e6\"},\"headline\":\"&#8220;Nevenovci&#8221; iz Prijedora osvojili \u0161est zlatnih medalja na Inkluzivnom atletskom mitingu &#8220;Sunce&#8221; &#8211; FOTO\",\"datePublished\":\"2024-11-11T19:11:05+00:00\",\"dateModified\":\"2024-11-11T19:11:05+00:00\",\"mainEntityOfPage\":{\"@id\":\"https:\/\/www.prijedordanas.com\/?p=236617\"},\"wordCount\":144,\"publisher\":{\"@id\":\"https:\/\/www.prijedordanas.com\/#organization\"},\"articleSection\":[\"Sport\",\"\u017divot\"],\"inLanguage\":\"en-US\"},{\"@type\":\"WebPage\",\"@id\":\"https:\/\/www.prijedordanas.com\/?p=236617\",\"url\":\"https:\/\/www.prijedordanas.com\/?p=236617\",\"name\":\"\\\"Nevenovci\\\" iz Prijedora osvojili \u0161est zlatnih medalja na Inkluzivnom atletskom mitingu \\\"Sunce\\\" - FOTO - PrijedorDanas.com - Prijedorski gradski portal\",\"isPartOf\":{\"@id\":\"https:\/\/www.prijedordanas.com\/#website\"},\"datePublished\":\"2024-11-11T19:11:05+00:00\",\"dateModified\":\"2024-11-11T19:11:05+00:00\",\"breadcrumb\":{\"@id\":\"https:\/\/www.prijedordanas.com\/?p=236617#breadcrumb\"},\"inLanguage\":\"en-US\",\"potentialAction\":[{\"@type\":\"ReadAction\",\"target\":[\"https:\/\/www.prijedordanas.com\/?p=236617\"]}]},{\"@type\":\"BreadcrumbList\",\"@id\":\"https:\/\/www.prijedordanas.com\/?p=236617#breadcrumb\",\"itemListElement\":[{\"@type\":\"ListItem\",\"position\":1,\"name\":\"Home\",\"item\":\"https:\/\/www.prijedordanas.com\/\"},{\"@type\":\"ListItem\",\"position\":2,\"name\":\"&#8220;Nevenovci&#8221; iz Prijedora osvojili \u0161est zlatnih medalja na Inkluzivnom atletskom mitingu &#8220;Sunce&#8221; &#8211; FOTO\"}]},{\"@type\":\"WebSite\",\"@id\":\"https:\/\/www.prijedordanas.com\/#website\",\"url\":\"https:\/\/www.prijedordanas.com\/\",\"name\":\"PrijedorDanas.com - Prijedorski gradski portal\",\"description\":\"Portal o doga\u0111anjima u gradu Prijedoru\",\"publisher\":{\"@id\":\"https:\/\/www.prijedordanas.com\/#organization\"},\"potentialAction\":[{\"@type\":\"SearchAction\",\"target\":{\"@type\":\"EntryPoint\",\"urlTemplate\":\"https:\/\/www.prijedordanas.com\/?s={search_term_string}\"},\"query-input\":\"required name=search_term_string\"}],\"inLanguage\":\"en-US\"},{\"@type\":\"Organization\",\"@id\":\"https:\/\/www.prijedordanas.com\/#organization\",\"name\":\"PrijedorDanas.com\",\"url\":\"https:\/\/www.prijedordanas.com\/\",\"logo\":{\"@type\":\"ImageObject\",\"inLanguage\":\"en-US\",\"@id\":\"https:\/\/www.prijedordanas.com\/#\/schema\/logo\/image\/\",\"url\":\"http:\/\/www.prijedordanas.com\/wp-content\/uploads\/2021\/12\/logopng.png\",\"contentUrl\":\"http:\/\/www.prijedordanas.com\/wp-content\/uploads\/2021\/12\/logopng.png\",\"width\":1019,\"height\":776,\"caption\":\"PrijedorDanas.com\"},\"image\":{\"@id\":\"https:\/\/www.prijedordanas.com\/#\/schema\/logo\/image\/\"},\"sameAs\":[\"https:\/\/www.facebook.com\/PrijedorDanasCom\/\"]},{\"@type\":\"Person\",\"@id\":\"https:\/\/www.prijedordanas.com\/#\/schema\/person\/4e08ccf29b506ca916ff86d46bb700e6\",\"name\":\"admin\",\"image\":{\"@type\":\"ImageObject\",\"inLanguage\":\"en-US\",\"@id\":\"https:\/\/www.prijedordanas.com\/#\/schema\/person\/image\/\",\"url\":\"https:\/\/secure.gravatar.com\/avatar\/1d3fc949d550f0b53a5f0d51e06dfd79?s=96&d=mm&r=g\",\"contentUrl\":\"https:\/\/secure.gravatar.com\/avatar\/1d3fc949d550f0b53a5f0d51e06dfd79?s=96&d=mm&r=g\",\"caption\":\"admin\"},\"url\":\"https:\/\/www.prijedordanas.com\/?author=1\"}]}<\/script>\n<!-- \/ Yoast SEO plugin. -->","yoast_head_json":{"title":"\"Nevenovci\" iz Prijedora osvojili \u0161est zlatnih medalja na Inkluzivnom atletskom mitingu \"Sunce\" - FOTO - PrijedorDanas.com - Prijedorski gradski portal","robots":{"index":"index","follow":"follow","max-snippet":"max-snippet:-1","max-image-preview":"max-image-preview:large","max-video-preview":"max-video-preview:-1"},"canonical":"https:\/\/www.prijedordanas.com\/?p=236617","og_locale":"en_US","og_type":"article","og_title":"\"Nevenovci\" iz Prijedora osvojili \u0161est zlatnih medalja na Inkluzivnom atletskom mitingu \"Sunce\" - FOTO - PrijedorDanas.com - Prijedorski gradski portal","og_description":"Sportsko-rekreativno udru\u017eenje \u201eSunce\u201c organizovalo je u subotu u Banja Luci, 5. Inkluzivni atletski miting \u201eSunce\u201c, na kojem su svoje sportske vje\u0161tine pokazali sportisti sa pote\u0161ko\u0107ama u razvoju iz cijele BiH. [&hellip;]","og_url":"https:\/\/www.prijedordanas.com\/?p=236617","og_site_name":"PrijedorDanas.com - Prijedorski gradski portal","article_publisher":"https:\/\/www.facebook.com\/PrijedorDanasCom\/","article_published_time":"2024-11-11T19:11:05+00:00","og_image":[{"url":"https:\/\/www.prijedordanas.com\/wp-content\/uploads\/2024\/11\/udruzenje-neven-miting-sunce-1-300x253.jpg"}],"author":"admin","twitter_card":"summary_large_image","twitter_misc":{"Written by":"admin"},"schema":{"@context":"https:\/\/schema.org","@graph":[{"@type":"Article","@id":"https:\/\/www.prijedordanas.com\/?p=236617#article","isPartOf":{"@id":"https:\/\/www.prijedordanas.com\/?p=236617"},"author":{"name":"admin","@id":"https:\/\/www.prijedordanas.com\/#\/schema\/person\/4e08ccf29b506ca916ff86d46bb700e6"},"headline":"&#8220;Nevenovci&#8221; iz Prijedora osvojili \u0161est zlatnih medalja na Inkluzivnom atletskom mitingu &#8220;Sunce&#8221; &#8211; FOTO","datePublished":"2024-11-11T19:11:05+00:00","dateModified":"2024-11-11T19:11:05+00:00","mainEntityOfPage":{"@id":"https:\/\/www.prijedordanas.com\/?p=236617"},"wordCount":144,"publisher":{"@id":"https:\/\/www.prijedordanas.com\/#organization"},"articleSection":["Sport","\u017divot"],"inLanguage":"en-US"},{"@type":"WebPage","@id":"https:\/\/www.prijedordanas.com\/?p=236617","url":"https:\/\/www.prijedordanas.com\/?p=236617","name":"\"Nevenovci\" iz Prijedora osvojili \u0161est zlatnih medalja na Inkluzivnom atletskom mitingu \"Sunce\" - FOTO - PrijedorDanas.com - Prijedorski gradski portal","isPartOf":{"@id":"https:\/\/www.prijedordanas.com\/#website"},"datePublished":"2024-11-11T19:11:05+00:00","dateModified":"2024-11-11T19:11:05+00:00","breadcrumb":{"@id":"https:\/\/www.prijedordanas.com\/?p=236617#breadcrumb"},"inLanguage":"en-US","potentialAction":[{"@type":"ReadAction","target":["https:\/\/www.prijedordanas.com\/?p=236617"]}]},{"@type":"BreadcrumbList","@id":"https:\/\/www.prijedordanas.com\/?p=236617#breadcrumb","itemListElement":[{"@type":"ListItem","position":1,"name":"Home","item":"https:\/\/www.prijedordanas.com\/"},{"@type":"ListItem","position":2,"name":"&#8220;Nevenovci&#8221; iz Prijedora osvojili \u0161est zlatnih medalja na Inkluzivnom atletskom mitingu &#8220;Sunce&#8221; &#8211; FOTO"}]},{"@type":"WebSite","@id":"https:\/\/www.prijedordanas.com\/#website","url":"https:\/\/www.prijedordanas.com\/","name":"PrijedorDanas.com - Prijedorski gradski portal","description":"Portal o doga\u0111anjima u gradu Prijedoru","publisher":{"@id":"https:\/\/www.prijedordanas.com\/#organization"},"potentialAction":[{"@type":"SearchAction","target":{"@type":"EntryPoint","urlTemplate":"https:\/\/www.prijedordanas.com\/?s={search_term_string}"},"query-input":"required name=search_term_string"}],"inLanguage":"en-US"},{"@type":"Organization","@id":"https:\/\/www.prijedordanas.com\/#organization","name":"PrijedorDanas.com","url":"https:\/\/www.prijedordanas.com\/","logo":{"@type":"ImageObject","inLanguage":"en-US","@id":"https:\/\/www.prijedordanas.com\/#\/schema\/logo\/image\/","url":"http:\/\/www.prijedordanas.com\/wp-content\/uploads\/2021\/12\/logopng.png","contentUrl":"http:\/\/www.prijedordanas.com\/wp-content\/uploads\/2021\/12\/logopng.png","width":1019,"height":776,"caption":"PrijedorDanas.com"},"image":{"@id":"https:\/\/www.prijedordanas.com\/#\/schema\/logo\/image\/"},"sameAs":["https:\/\/www.facebook.com\/PrijedorDanasCom\/"]},{"@type":"Person","@id":"https:\/\/www.prijedordanas.com\/#\/schema\/person\/4e08ccf29b506ca916ff86d46bb700e6","name":"admin","image":{"@type":"ImageObject","inLanguage":"en-US","@id":"https:\/\/www.prijedordanas.com\/#\/schema\/person\/image\/","url":"https:\/\/secure.gravatar.com\/avatar\/1d3fc949d550f0b53a5f0d51e06dfd79?s=96&d=mm&r=g","contentUrl":"https:\/\/secure.gravatar.com\/avatar\/1d3fc949d550f0b53a5f0d51e06dfd79?s=96&d=mm&r=g","caption":"admin"},"url":"https:\/\/www.prijedordanas.com\/?author=1"}]}},"_links":{"self":[{"href":"https:\/\/www.prijedordanas.com\/index.php?rest_route=\/wp\/v2\/posts\/236617"}],"collection":[{"href":"https:\/\/www.prijedordanas.com\/index.php?rest_route=\/wp\/v2\/posts"}],"about":[{"href":"https:\/\/www.prijedordanas.com\/index.php?rest_route=\/wp\/v2\/types\/post"}],"author":[{"embeddable":true,"href":"https:\/\/www.prijedordanas.com\/index.php?rest_route=\/wp\/v2\/users\/1"}],"replies":[{"embeddable":true,"href":"https:\/\/www.prijedordanas.com\/index.php?rest_route=%2Fwp%2Fv2%2Fcomments&post=236617"}],"version-history":[{"count":1,"href":"https:\/\/www.prijedordanas.com\/index.php?rest_route=\/wp\/v2\/posts\/236617\/revisions"}],"predecessor-version":[{"id":236622,"href":"https:\/\/www.prijedordanas.com\/index.php?rest_route=\/wp\/v2\/posts\/236617\/revisions\/236622"}],"wp:attachment":[{"href":"https:\/\/www.prijedordanas.com\/index.php?rest_route=%2Fwp%2Fv2%2Fmedia&parent=236617"}],"wp:term":[{"taxonomy":"category","embeddable":true,"href":"https:\/\/www.prijedordanas.com\/index.php?rest_route=%2Fwp%2Fv2%2Fcategories&post=236617"},{"taxonomy":"post_tag","embeddable":true,"href":"https:\/\/www.prijedordanas.com\/index.php?rest_route=%2Fwp%2Fv2%2Ftags&post=236617"}],"curies":[{"name":"wp","href":"https:\/\/api.w.org\/{rel}","templated":true}]}}