{"id":236370,"date":"2024-11-05T18:33:39","date_gmt":"2024-11-05T17:33:39","guid":{"rendered":"https:\/\/www.prijedordanas.com\/?p=236370"},"modified":"2024-11-05T18:33:40","modified_gmt":"2024-11-05T17:33:40","slug":"prijedorski-preduzetnici-protiv-povecanja-minimalca-video","status":"publish","type":"post","link":"https:\/\/www.prijedordanas.com\/?p=236370","title":{"rendered":"Prijedorski preduzetnici protiv pove\u0107anja minimalca &#8211; VIDEO"},"content":{"rendered":"<p><a href=\"https:\/\/www.prijedordanas.com\/wp-content\/uploads\/2024\/11\/kozarski-preduzetnici.jpg\"><img loading=\"lazy\" decoding=\"async\" class=\"alignleft size-medium wp-image-236371\" src=\"https:\/\/www.prijedordanas.com\/wp-content\/uploads\/2024\/11\/kozarski-preduzetnici-300x225.jpg\" alt=\"\" width=\"300\" height=\"225\" srcset=\"https:\/\/www.prijedordanas.com\/wp-content\/uploads\/2024\/11\/kozarski-preduzetnici-300x225.jpg 300w, https:\/\/www.prijedordanas.com\/wp-content\/uploads\/2024\/11\/kozarski-preduzetnici-640x480.jpg 640w, https:\/\/www.prijedordanas.com\/wp-content\/uploads\/2024\/11\/kozarski-preduzetnici.jpg 667w\" sizes=\"(max-width: 300px) 100vw, 300px\" \/><\/a>Podru\u010dna zanatsko-preduzetni\u010dka komora Prijedor osnovana je prije petnaest godina i nastoji da se nametne kao va\u017ean i nezaobilazan faktor u rje\u0161avanju problema samostalnih preduzetnika.<\/p>\n<p>Na nivou prijedorske regije ima oko 2600, a u gradu Prijedoru oko 1700 preduzetnika koji su po zakonskom automatizmu \u010dlanovi Komore i pla\u0107aju godi\u0161nju \u010dlanarinu.<\/p>\n<p>\u201cTrudimo se da na najbolji mogu\u0107i na\u010din zastupamo interese preduzetnika na lokalnom i republi\u010dkom nivou\u201d, ka\u017ee Ranko Zgodi\u0107, predsjednik Upravnog odbora Komore.<\/p>\n<p>Isti\u010de da je va\u017ean iskorak u radu Komore otvaranje preduzetni\u010dkih kancelarija u Novom Gradu, Kozarskoj Dubici i Kostajnici, kao i u\u010destvovanje u razgovorima socijalnih partnera.<\/p>\n<p><a href=\"https:\/\/www.prijedordanas.com\/wp-content\/uploads\/2024\/11\/kozarski-ranko-zgodic.jpg\"><img loading=\"lazy\" decoding=\"async\" class=\"alignleft size-medium wp-image-236372\" src=\"https:\/\/www.prijedordanas.com\/wp-content\/uploads\/2024\/11\/kozarski-ranko-zgodic-300x169.jpg\" alt=\"\" width=\"300\" height=\"169\" srcset=\"https:\/\/www.prijedordanas.com\/wp-content\/uploads\/2024\/11\/kozarski-ranko-zgodic-300x169.jpg 300w, https:\/\/www.prijedordanas.com\/wp-content\/uploads\/2024\/11\/kozarski-ranko-zgodic.jpg 600w\" sizes=\"(max-width: 300px) 100vw, 300px\" \/><\/a>\u201cMi u Komori radimo na volonterskom principu, nismo pla\u0107eni za to, ali imamo tu dru\u0161tvenu odgovornost da pomognemo ljudima koji ulaze u preduzetni\u0161tvo ili onima koji su ve\u0107 dugogodi\u0161nji preduzetnici i o\u010dekuju \u0161to bolji poslovni ambijent da bi uspjeli ostati na tr\u017ei\u0161noj utakmici na toj nekakoj privrednoj sceni. Pogre\u0161na je pretpostavka da preduzetnici ne zna\u010de ne\u0161to puno lokalnoj zajednici. Osnovna nekakva definicija preduzetnika je da je to lice koje radi naravno u svom interesu, ali i u interesu dru\u0161tvene zajednice. Zato mi promovi\u0161emo i afirmi\u0161emo preduzetni\u0161tvo kao nekakav najpotentniji dio stanovni\u0161tva i \u017eelja nam je da u perspektivi \u0161to vi\u0161e ljudi i preduzetnika u\u010dlanimo kako u rad Komore, tako i da im pomognemo da \u0161to lak\u0161e ostanu u ovoj tr\u017ei\u0161noj utakmici kakva je danas kod nas\u201d, isti\u010de Zgodi\u0107.<\/p>\n<p>Po njegovim rije\u010dima, u Prijedoru \u0107e naredne godine privreda biti u prvom planu.<\/p>\n<p>\u201cZajedno sa Privrednom komorom, Podru\u010dnim centrom u Prijedoru, pokrenuli smo inicijativu da se idu\u0107a godina proglasi godinom privrede i preduzeti\u0161tva u na\u0161em gradu. U toku je priprema kompletnog koncepta i sadr\u017eaja \u0161ta bi to trebalo zna\u010diti. Ove godine prvi put \u0107emo u\u010destovati kao dio Ekonomsko-socijalnog savjeta Republike Srpske, bez prava odlu\u010divanja, ali nadamo se da \u0107e se i to uskoro promijeniti. Ovo je zanimljiva tema zato \u0161to se pred kraj svake godine razgovara oko pove\u0107anja minimalca ili statusa minimalne plate. Prvi put \u0107emo ove godine u\u010destovati u razgovorima sa sindikatom, Unijom poslodavaca, Privrednom komorom, gdje \u0107emo iznijeti svoje stavove i prijedloge. Veoma je va\u017eno da se i na\u0161a rije\u010d \u010duje u tim razgovorima\u201d, poru\u010duje Zgodi\u0107.<\/p>\n<p><a href=\"https:\/\/www.prijedordanas.com\/wp-content\/uploads\/2024\/11\/kozarski-darko-bosancic.jpg\"><img loading=\"lazy\" decoding=\"async\" src=\"https:\/\/www.prijedordanas.com\/wp-content\/uploads\/2024\/11\/kozarski-darko-bosancic-300x169.jpg\" alt=\"\" width=\"300\" height=\"169\" class=\"alignleft size-medium wp-image-236373\" srcset=\"https:\/\/www.prijedordanas.com\/wp-content\/uploads\/2024\/11\/kozarski-darko-bosancic-300x169.jpg 300w, https:\/\/www.prijedordanas.com\/wp-content\/uploads\/2024\/11\/kozarski-darko-bosancic.jpg 600w\" sizes=\"(max-width: 300px) 100vw, 300px\" \/><\/a>U Podru\u010dnoj zanatsko-preduzetni\u010dkoj komori nisu zadovoljni novom fiskalizacijom uz ocjenu da ne\u0107e ni\u0161ta rije\u0161iti i pobolj\u0161ati. Od Vlade Republike Srpske o\u010dekuju da se vi\u0161e uklju\u010di u suzbijanje sive ekonomije i nelojalne konkurencije.<\/p>\n<p>\u201cPo\u010detak nove fiskalizacije je malo unio pometnju u neke dosada\u0161nje tokove i neka dosada\u0161nja razmi\u0161ljanja iz razloga \u0161to je to jedan novi aparat koji je, ne\u0107emo re\u0107i, jednostavan, malo je komplikovan i odre\u0111enu proceduru treba ispo\u0161tovati da bi se do\u0161lo do izdavanja ra\u010duna, pa ljudi su malo u po\u010detku imali problema oko toga. U principu, ve\u0107ina je do\u0161la do nekakvog zaklju\u010dka da nova fiskalizacija nije unaprijedila ono \u0161to bi trebalo da unaprijedi. Princip je ostao isti oko izdavanja ra\u010duna. Onaj ko je izdavao ra\u010dun prije, izdava\u0107e ga i sada. Onaj ko ga nije izdavao, vjerovatno, osta\u0107e u nekom tom svom maniru. Nadamo se nekim drugim aktivnostima od strane Vlade, a to je suzbijanje sivog tr\u017ei\u0161ta, sive ekonomije, onih koji rade nelegalno, koji nisu registrovani, a obavljaju svoje poslovne djelatnosti i u principu su nama, da ka\u017eem, nedoku\u010diva konkurencija koju mi ne mo\u017eemo poni\u0161titi, stvara nam ogromne probleme i ogromne tro\u0161kove\u201d, ka\u017ee Darko Bosan\u010di\u0107, predsjednik Skup\u0161tine Podru\u010dne zanatsko-preduzetni\u010dke komore Prijedor.<\/p>\n<p>Pred kraj svake kalendarske i fiskalne godine minimalna plata je neizbje\u017ena tema na kojoj se lome koplja i ukr\u0161taju argumenti sindikata, poslodavaca i Vlade.<\/p>\n<p>Po\u010deli su pregovori o pove\u0107anju minimalca, a u Zanatsko-preduzetni\u010dkoj komori Prijedor su kategori\u010dni da je novo pove\u0107anje nerealno i da bi dovelo do epidemije poskupljenja.<\/p>\n<p><a href=\"https:\/\/www.prijedordanas.com\/wp-content\/uploads\/2024\/11\/kozarski-goran-dakic.jpg\"><img loading=\"lazy\" decoding=\"async\" src=\"https:\/\/www.prijedordanas.com\/wp-content\/uploads\/2024\/11\/kozarski-goran-dakic-300x169.jpg\" alt=\"\" width=\"300\" height=\"169\" class=\"alignleft size-medium wp-image-236374\" srcset=\"https:\/\/www.prijedordanas.com\/wp-content\/uploads\/2024\/11\/kozarski-goran-dakic-300x169.jpg 300w, https:\/\/www.prijedordanas.com\/wp-content\/uploads\/2024\/11\/kozarski-goran-dakic.jpg 600w\" sizes=\"(max-width: 300px) 100vw, 300px\" \/><\/a>\u201cIdu pregovori, na\u017ealost, prijedlozi koje oni predla\u017eu su te\u0161ko prihvatljivi za nas, jer je generalno ova godina u totalnom padu \u0161to se ti\u010de svih ekonomskih parametara, izme\u0111u 25 i 30 posto je u padu. Tekstilna industrija pati jako. Imamo podatke iz Privredne komore da je u zadnje dvije godine uga\u0161eno vi\u0161e od pola firmi, u ovoj godini \u0107e ih biti jo\u0161. Sve dr\u017eave u okru\u017eenju jo\u0161 nisu dizale minimalac. Federacija BiH ima 619 maraka, Srbija ima 750 maraka, Crna Gora 350 evra. Mi smo po\u010detkom godine pove\u0107ali minimalac na 900 maraka, koji jedva nekako ispo\u0161tujemo i oni sad \u017eele da dignu minimalac na 1200 maraka po nekim kategorijama, koeficijentima, \u0161to mi apsolutno ne mo\u017eemo prihvatiti. Prihvatanje takvog minimalca odvelo bi nas u jo\u0161 ve\u0107u dubiozu i ugasilo mnoge firme i pove\u0107alo sivu ekonomiju. Predla\u017eemo da se taj minimalac oblikuje nekako druga\u010dije, da se ne diraju porezi i doprinosi, da bar to ostane na nekom nivou od prije. Nema razumijevanja za ovakav na\u0161 prijedlog jer Vladi je najbitnije da pove\u0107anjem minimalca pove\u0107aju poreze i doprinose i na taj na\u010din pove\u0107aju punjenje bud\u017eeta. Pove\u0107anje minimalca dovelo bi do epidemije poskupljenja svih \u017eivotmnih namirnica, \u010dime bi se preko PDV-a opet pove\u0107alo punjenje bud\u017eeta. Zbog toga i tvrdimo da iza insistiranja na pove\u0107anju minimalca stoji Vlada, a da su u Savezu sindikata samo glasnogovornici takve ideje\u201d, poru\u010duje Goran Daki\u0107, predsjednik Skup\u0161tine lokalne Zanatsko-preduzetni\u010dke komore.<\/p>\n<p><strong><a href=\"https:\/\/kozarski.com\/preduzetnici-protiv-povecanja-minimalca\/\" target=\"_blank\" rel=\"noopener\">kozarski.com<\/a><\/strong><\/p>\n<p><iframe loading=\"lazy\" title=\"PREDUZETNICI PROTIV POVE\u0106ANJA MINIMALCA\" width=\"500\" height=\"281\" src=\"https:\/\/www.youtube.com\/embed\/Bk1B8FRZUNc?feature=oembed\" frameborder=\"0\" allow=\"accelerometer; autoplay; clipboard-write; encrypted-media; gyroscope; picture-in-picture; web-share\" referrerpolicy=\"strict-origin-when-cross-origin\" allowfullscreen><\/iframe><\/p>\n","protected":false},"excerpt":{"rendered":"<p>Podru\u010dna zanatsko-preduzetni\u010dka komora Prijedor osnovana je prije petnaest godina i nastoji da se nametne kao va\u017ean i nezaobilazan faktor u rje\u0161avanju problema samostalnih preduzetnika. Na nivou prijedorske regije ima oko [&hellip;]<\/p>\n","protected":false},"author":1,"featured_media":0,"comment_status":"closed","ping_status":"open","sticky":false,"template":"","format":"standard","meta":{"_monsterinsights_skip_tracking":false,"_monsterinsights_sitenote_active":false,"_monsterinsights_sitenote_note":"","_monsterinsights_sitenote_category":0,"footnotes":""},"categories":[3],"tags":[],"yoast_head":"<!-- This site is optimized with the Yoast SEO plugin v21.6 - https:\/\/yoast.com\/wordpress\/plugins\/seo\/ -->\n<title>Prijedorski preduzetnici protiv pove\u0107anja minimalca - VIDEO - PrijedorDanas.com - Prijedorski gradski portal<\/title>\n<meta name=\"robots\" content=\"index, follow, max-snippet:-1, max-image-preview:large, max-video-preview:-1\" \/>\n<link rel=\"canonical\" href=\"https:\/\/www.prijedordanas.com\/?p=236370\" \/>\n<meta property=\"og:locale\" content=\"en_US\" \/>\n<meta property=\"og:type\" content=\"article\" \/>\n<meta property=\"og:title\" content=\"Prijedorski preduzetnici protiv pove\u0107anja minimalca - VIDEO - PrijedorDanas.com - Prijedorski gradski portal\" \/>\n<meta property=\"og:description\" content=\"Podru\u010dna zanatsko-preduzetni\u010dka komora Prijedor osnovana je prije petnaest godina i nastoji da se nametne kao va\u017ean i nezaobilazan faktor u rje\u0161avanju problema samostalnih preduzetnika. Na nivou prijedorske regije ima oko [&hellip;]\" \/>\n<meta property=\"og:url\" content=\"https:\/\/www.prijedordanas.com\/?p=236370\" \/>\n<meta property=\"og:site_name\" content=\"PrijedorDanas.com - Prijedorski gradski portal\" \/>\n<meta property=\"article:publisher\" content=\"https:\/\/www.facebook.com\/PrijedorDanasCom\/\" \/>\n<meta property=\"article:published_time\" content=\"2024-11-05T17:33:39+00:00\" \/>\n<meta property=\"article:modified_time\" content=\"2024-11-05T17:33:40+00:00\" \/>\n<meta property=\"og:image\" content=\"https:\/\/www.prijedordanas.com\/wp-content\/uploads\/2024\/11\/kozarski-preduzetnici-300x225.jpg\" \/>\n<meta name=\"author\" content=\"admin\" \/>\n<meta name=\"twitter:card\" content=\"summary_large_image\" \/>\n<meta name=\"twitter:label1\" content=\"Written by\" \/>\n\t<meta name=\"twitter:data1\" content=\"admin\" \/>\n\t<meta name=\"twitter:label2\" content=\"Est. reading time\" \/>\n\t<meta name=\"twitter:data2\" content=\"5 minutes\" \/>\n<script type=\"application\/ld+json\" class=\"yoast-schema-graph\">{\"@context\":\"https:\/\/schema.org\",\"@graph\":[{\"@type\":\"Article\",\"@id\":\"https:\/\/www.prijedordanas.com\/?p=236370#article\",\"isPartOf\":{\"@id\":\"https:\/\/www.prijedordanas.com\/?p=236370\"},\"author\":{\"name\":\"admin\",\"@id\":\"https:\/\/www.prijedordanas.com\/#\/schema\/person\/4e08ccf29b506ca916ff86d46bb700e6\"},\"headline\":\"Prijedorski preduzetnici protiv pove\u0107anja minimalca &#8211; VIDEO\",\"datePublished\":\"2024-11-05T17:33:39+00:00\",\"dateModified\":\"2024-11-05T17:33:40+00:00\",\"mainEntityOfPage\":{\"@id\":\"https:\/\/www.prijedordanas.com\/?p=236370\"},\"wordCount\":956,\"publisher\":{\"@id\":\"https:\/\/www.prijedordanas.com\/#organization\"},\"articleSection\":[\"\u017divot\"],\"inLanguage\":\"en-US\"},{\"@type\":\"WebPage\",\"@id\":\"https:\/\/www.prijedordanas.com\/?p=236370\",\"url\":\"https:\/\/www.prijedordanas.com\/?p=236370\",\"name\":\"Prijedorski preduzetnici protiv pove\u0107anja minimalca - VIDEO - PrijedorDanas.com - Prijedorski gradski portal\",\"isPartOf\":{\"@id\":\"https:\/\/www.prijedordanas.com\/#website\"},\"datePublished\":\"2024-11-05T17:33:39+00:00\",\"dateModified\":\"2024-11-05T17:33:40+00:00\",\"breadcrumb\":{\"@id\":\"https:\/\/www.prijedordanas.com\/?p=236370#breadcrumb\"},\"inLanguage\":\"en-US\",\"potentialAction\":[{\"@type\":\"ReadAction\",\"target\":[\"https:\/\/www.prijedordanas.com\/?p=236370\"]}]},{\"@type\":\"BreadcrumbList\",\"@id\":\"https:\/\/www.prijedordanas.com\/?p=236370#breadcrumb\",\"itemListElement\":[{\"@type\":\"ListItem\",\"position\":1,\"name\":\"Home\",\"item\":\"https:\/\/www.prijedordanas.com\/\"},{\"@type\":\"ListItem\",\"position\":2,\"name\":\"Prijedorski preduzetnici protiv pove\u0107anja minimalca &#8211; VIDEO\"}]},{\"@type\":\"WebSite\",\"@id\":\"https:\/\/www.prijedordanas.com\/#website\",\"url\":\"https:\/\/www.prijedordanas.com\/\",\"name\":\"PrijedorDanas.com - Prijedorski gradski portal\",\"description\":\"Portal o doga\u0111anjima u gradu Prijedoru\",\"publisher\":{\"@id\":\"https:\/\/www.prijedordanas.com\/#organization\"},\"potentialAction\":[{\"@type\":\"SearchAction\",\"target\":{\"@type\":\"EntryPoint\",\"urlTemplate\":\"https:\/\/www.prijedordanas.com\/?s={search_term_string}\"},\"query-input\":\"required name=search_term_string\"}],\"inLanguage\":\"en-US\"},{\"@type\":\"Organization\",\"@id\":\"https:\/\/www.prijedordanas.com\/#organization\",\"name\":\"PrijedorDanas.com\",\"url\":\"https:\/\/www.prijedordanas.com\/\",\"logo\":{\"@type\":\"ImageObject\",\"inLanguage\":\"en-US\",\"@id\":\"https:\/\/www.prijedordanas.com\/#\/schema\/logo\/image\/\",\"url\":\"http:\/\/www.prijedordanas.com\/wp-content\/uploads\/2021\/12\/logopng.png\",\"contentUrl\":\"http:\/\/www.prijedordanas.com\/wp-content\/uploads\/2021\/12\/logopng.png\",\"width\":1019,\"height\":776,\"caption\":\"PrijedorDanas.com\"},\"image\":{\"@id\":\"https:\/\/www.prijedordanas.com\/#\/schema\/logo\/image\/\"},\"sameAs\":[\"https:\/\/www.facebook.com\/PrijedorDanasCom\/\"]},{\"@type\":\"Person\",\"@id\":\"https:\/\/www.prijedordanas.com\/#\/schema\/person\/4e08ccf29b506ca916ff86d46bb700e6\",\"name\":\"admin\",\"image\":{\"@type\":\"ImageObject\",\"inLanguage\":\"en-US\",\"@id\":\"https:\/\/www.prijedordanas.com\/#\/schema\/person\/image\/\",\"url\":\"https:\/\/secure.gravatar.com\/avatar\/1d3fc949d550f0b53a5f0d51e06dfd79?s=96&d=mm&r=g\",\"contentUrl\":\"https:\/\/secure.gravatar.com\/avatar\/1d3fc949d550f0b53a5f0d51e06dfd79?s=96&d=mm&r=g\",\"caption\":\"admin\"},\"url\":\"https:\/\/www.prijedordanas.com\/?author=1\"}]}<\/script>\n<!-- \/ Yoast SEO plugin. -->","yoast_head_json":{"title":"Prijedorski preduzetnici protiv pove\u0107anja minimalca - VIDEO - PrijedorDanas.com - Prijedorski gradski portal","robots":{"index":"index","follow":"follow","max-snippet":"max-snippet:-1","max-image-preview":"max-image-preview:large","max-video-preview":"max-video-preview:-1"},"canonical":"https:\/\/www.prijedordanas.com\/?p=236370","og_locale":"en_US","og_type":"article","og_title":"Prijedorski preduzetnici protiv pove\u0107anja minimalca - VIDEO - PrijedorDanas.com - Prijedorski gradski portal","og_description":"Podru\u010dna zanatsko-preduzetni\u010dka komora Prijedor osnovana je prije petnaest godina i nastoji da se nametne kao va\u017ean i nezaobilazan faktor u rje\u0161avanju problema samostalnih preduzetnika. Na nivou prijedorske regije ima oko [&hellip;]","og_url":"https:\/\/www.prijedordanas.com\/?p=236370","og_site_name":"PrijedorDanas.com - Prijedorski gradski portal","article_publisher":"https:\/\/www.facebook.com\/PrijedorDanasCom\/","article_published_time":"2024-11-05T17:33:39+00:00","article_modified_time":"2024-11-05T17:33:40+00:00","og_image":[{"url":"https:\/\/www.prijedordanas.com\/wp-content\/uploads\/2024\/11\/kozarski-preduzetnici-300x225.jpg"}],"author":"admin","twitter_card":"summary_large_image","twitter_misc":{"Written by":"admin","Est. reading time":"5 minutes"},"schema":{"@context":"https:\/\/schema.org","@graph":[{"@type":"Article","@id":"https:\/\/www.prijedordanas.com\/?p=236370#article","isPartOf":{"@id":"https:\/\/www.prijedordanas.com\/?p=236370"},"author":{"name":"admin","@id":"https:\/\/www.prijedordanas.com\/#\/schema\/person\/4e08ccf29b506ca916ff86d46bb700e6"},"headline":"Prijedorski preduzetnici protiv pove\u0107anja minimalca &#8211; VIDEO","datePublished":"2024-11-05T17:33:39+00:00","dateModified":"2024-11-05T17:33:40+00:00","mainEntityOfPage":{"@id":"https:\/\/www.prijedordanas.com\/?p=236370"},"wordCount":956,"publisher":{"@id":"https:\/\/www.prijedordanas.com\/#organization"},"articleSection":["\u017divot"],"inLanguage":"en-US"},{"@type":"WebPage","@id":"https:\/\/www.prijedordanas.com\/?p=236370","url":"https:\/\/www.prijedordanas.com\/?p=236370","name":"Prijedorski preduzetnici protiv pove\u0107anja minimalca - VIDEO - PrijedorDanas.com - Prijedorski gradski portal","isPartOf":{"@id":"https:\/\/www.prijedordanas.com\/#website"},"datePublished":"2024-11-05T17:33:39+00:00","dateModified":"2024-11-05T17:33:40+00:00","breadcrumb":{"@id":"https:\/\/www.prijedordanas.com\/?p=236370#breadcrumb"},"inLanguage":"en-US","potentialAction":[{"@type":"ReadAction","target":["https:\/\/www.prijedordanas.com\/?p=236370"]}]},{"@type":"BreadcrumbList","@id":"https:\/\/www.prijedordanas.com\/?p=236370#breadcrumb","itemListElement":[{"@type":"ListItem","position":1,"name":"Home","item":"https:\/\/www.prijedordanas.com\/"},{"@type":"ListItem","position":2,"name":"Prijedorski preduzetnici protiv pove\u0107anja minimalca &#8211; VIDEO"}]},{"@type":"WebSite","@id":"https:\/\/www.prijedordanas.com\/#website","url":"https:\/\/www.prijedordanas.com\/","name":"PrijedorDanas.com - Prijedorski gradski portal","description":"Portal o doga\u0111anjima u gradu Prijedoru","publisher":{"@id":"https:\/\/www.prijedordanas.com\/#organization"},"potentialAction":[{"@type":"SearchAction","target":{"@type":"EntryPoint","urlTemplate":"https:\/\/www.prijedordanas.com\/?s={search_term_string}"},"query-input":"required name=search_term_string"}],"inLanguage":"en-US"},{"@type":"Organization","@id":"https:\/\/www.prijedordanas.com\/#organization","name":"PrijedorDanas.com","url":"https:\/\/www.prijedordanas.com\/","logo":{"@type":"ImageObject","inLanguage":"en-US","@id":"https:\/\/www.prijedordanas.com\/#\/schema\/logo\/image\/","url":"http:\/\/www.prijedordanas.com\/wp-content\/uploads\/2021\/12\/logopng.png","contentUrl":"http:\/\/www.prijedordanas.com\/wp-content\/uploads\/2021\/12\/logopng.png","width":1019,"height":776,"caption":"PrijedorDanas.com"},"image":{"@id":"https:\/\/www.prijedordanas.com\/#\/schema\/logo\/image\/"},"sameAs":["https:\/\/www.facebook.com\/PrijedorDanasCom\/"]},{"@type":"Person","@id":"https:\/\/www.prijedordanas.com\/#\/schema\/person\/4e08ccf29b506ca916ff86d46bb700e6","name":"admin","image":{"@type":"ImageObject","inLanguage":"en-US","@id":"https:\/\/www.prijedordanas.com\/#\/schema\/person\/image\/","url":"https:\/\/secure.gravatar.com\/avatar\/1d3fc949d550f0b53a5f0d51e06dfd79?s=96&d=mm&r=g","contentUrl":"https:\/\/secure.gravatar.com\/avatar\/1d3fc949d550f0b53a5f0d51e06dfd79?s=96&d=mm&r=g","caption":"admin"},"url":"https:\/\/www.prijedordanas.com\/?author=1"}]}},"_links":{"self":[{"href":"https:\/\/www.prijedordanas.com\/index.php?rest_route=\/wp\/v2\/posts\/236370"}],"collection":[{"href":"https:\/\/www.prijedordanas.com\/index.php?rest_route=\/wp\/v2\/posts"}],"about":[{"href":"https:\/\/www.prijedordanas.com\/index.php?rest_route=\/wp\/v2\/types\/post"}],"author":[{"embeddable":true,"href":"https:\/\/www.prijedordanas.com\/index.php?rest_route=\/wp\/v2\/users\/1"}],"replies":[{"embeddable":true,"href":"https:\/\/www.prijedordanas.com\/index.php?rest_route=%2Fwp%2Fv2%2Fcomments&post=236370"}],"version-history":[{"count":1,"href":"https:\/\/www.prijedordanas.com\/index.php?rest_route=\/wp\/v2\/posts\/236370\/revisions"}],"predecessor-version":[{"id":236375,"href":"https:\/\/www.prijedordanas.com\/index.php?rest_route=\/wp\/v2\/posts\/236370\/revisions\/236375"}],"wp:attachment":[{"href":"https:\/\/www.prijedordanas.com\/index.php?rest_route=%2Fwp%2Fv2%2Fmedia&parent=236370"}],"wp:term":[{"taxonomy":"category","embeddable":true,"href":"https:\/\/www.prijedordanas.com\/index.php?rest_route=%2Fwp%2Fv2%2Fcategories&post=236370"},{"taxonomy":"post_tag","embeddable":true,"href":"https:\/\/www.prijedordanas.com\/index.php?rest_route=%2Fwp%2Fv2%2Ftags&post=236370"}],"curies":[{"name":"wp","href":"https:\/\/api.w.org\/{rel}","templated":true}]}}