{"id":235738,"date":"2024-10-26T14:38:18","date_gmt":"2024-10-26T12:38:18","guid":{"rendered":"https:\/\/www.prijedordanas.com\/?p=235738"},"modified":"2024-10-26T14:38:18","modified_gmt":"2024-10-26T12:38:18","slug":"okruzni-sud-potvrdio-drvo-export-kopa-nezakonito-u-bistrici-kod-prijedora","status":"publish","type":"post","link":"https:\/\/www.prijedordanas.com\/?p=235738","title":{"rendered":"Okru\u017eni sud potvrdio: \u201eDrvo-export\u201c kopa nezakonito u Bistrici kod Prijedora"},"content":{"rendered":"<p><a href=\"https:\/\/www.prijedordanas.com\/wp-content\/uploads\/2023\/08\/capital-bistrica-rudnik-avgust2023.jpg\"><img loading=\"lazy\" decoding=\"async\" src=\"https:\/\/www.prijedordanas.com\/wp-content\/uploads\/2023\/08\/capital-bistrica-rudnik-avgust2023-300x225.jpg\" alt=\"\" width=\"300\" height=\"225\" class=\"alignleft size-medium wp-image-209977\" srcset=\"https:\/\/www.prijedordanas.com\/wp-content\/uploads\/2023\/08\/capital-bistrica-rudnik-avgust2023-300x225.jpg 300w, https:\/\/www.prijedordanas.com\/wp-content\/uploads\/2023\/08\/capital-bistrica-rudnik-avgust2023-640x480.jpg 640w, https:\/\/www.prijedordanas.com\/wp-content\/uploads\/2023\/08\/capital-bistrica-rudnik-avgust2023.jpg 667w\" sizes=\"(max-width: 300px) 100vw, 300px\" \/><\/a>Okru\u017eni sud u Banjaluci poni\u0161tio je ekolo\u0161ku dozvolu firmi \u201cDrvo-export\u201d iz Tesli\u0107a koja je mimo svih zakona i dozvola prije godinu i po dana u sred sela Bistrica kod Prijedora raskopala rudnik i zapo\u010dela eksploataciju uglja lignita.<\/p>\n<p>Tu\u017ebu su podnijeli Centar za \u017eivotnu sredinu i oko 30 mje\u0161tana ovog sela i dokazali da ekolo\u0161ka dozvola Ministarstva za gra\u0111evinarstvo, prostorno ure\u0111enje i ekologiju Republike Srpske izdata u januaru ove godine nikako nije mogla da bude zakonita, zato \u0161to je potpisana punih osam mjeseci nakon \u0161to je po\u010dela eksploatacija.<\/p>\n<p>Tvrdili su i dokazali da naknadno izdavanje ekolo\u0161ke dozvole firmi iza koje stoji SNSD-ov odbornik Sr\u0111an Klje\u010danin Rufi, nema smisla, zato \u0161to se izgubilo \u201cnulto stanje\u201d na osnovnu kojeg se propisuju mjere za oporavak devastiranog zemlji\u0161ta.<\/p>\n<p>Advokat Dragana Stankovi\u0107 koja zastupa mje\u0161tane ka\u017ee da su u tu\u017ebi tvrdili da tako izdata dozvola ne mo\u017ee nikako biti u skladu sa zakonom, jer je izdata u stanju \u017eivotne sredine koja je ve\u0107 naru\u0161ena prethodnim radovima.<\/p>\n<p>\u201cSvrha ekolo\u0161ke dozvole je da se odrede mjere koje \u0161tite \u201cnulto stanje \u017eivotne sredine\u201d, prirodu kakva je prije radova. Sud je ustanovio da se sa radovima po\u010delo prije izdavanja ekolo\u0161ke dozvole, a to onda vi\u0161e nije bilo stanje \u017eivotne sredine kakva je bila pre radova. U toj situaciji ekolo\u0161ka dozvola gubi svaki smisao i njome se ne \u0161titi \u010dista, netaknuta, priroda, ve\u0107 ona koja je ve\u0107 zaga\u0111ena i devastirana. Uop\u0161te ne vidim nikakav smisao ove ili bilo kakve budu\u0107e dozvole, ako je ministarstvo opet izda\u201c, objasnila je Stankovi\u0107.<\/p>\n<p>Obja\u0161njava da je sud prihvatio slu\u017ebeni navod da se sa radovima i eksploatacijom po\u010delo prije nego \u0161to je podnesen zahtjev za izdavanje ekolo\u0161ke dozvole i prije nego \u0161to je data koncesija.<\/p>\n<p>\u201cS obzirom na to da je poni\u0161teno rje\u0161enje o izdavanju dozvole, ono ne postoji u pravnom sistemu. Vidje\u0107emo kako \u0107e ministarstvo da postupi, ne znamo da li \u0107e je ponovo izdati ili \u0161ta \u0107e uraditi, ali \u0161ta god bude, ne mo\u017ee biti zakonito\u201c, ka\u017ee Stankovi\u0107.<\/p>\n<p>Sud je utvrdio da nije dostavljen plan remedijacije zemlji\u0161ta (mjere za sanaciju zaga\u0111enog zemlji\u0161ta) \u0161to se moralo obavezno uraditi, a to je tako\u0111e propust ministarstva.<\/p>\n<p>\u201cTu\u017eioci navode da su sva mjerenja vr\u0161ena na nakon \u0161to su po\u010deli radovi, \u010dime je onemogu\u0107eno pravilno odre\u0111ivanje mjera uslovljenih i vezanih za nulto stanje. Sud isti\u010de da iz osporenog akta zaista ne proizilazi uvjeravanje da su mjere vezane za stanje zemlji\u0161ta izvr\u0161ene prije po\u010detka radova, pa sud prihvata ove navode tu\u017ebe kao osnovane\u201c, navodi se u presudi.<\/p>\n<p>Mjerenja na rupi dubokoj 20 metara<br \/>\nSud je posebno cijenio \u010dinjenicu da su radovi po\u010deli prije izdavanja koncesije, kao i prije nego \u0161to je zapo\u010deo proces pribavljanja izvje\u0161taja.<\/p>\n<p>Interesantno je da je sud prepoznao i to da se mjerenje kvaliteta zemlji\u0161ta vr\u0161ilo nakon \u0161to su Rufijevi bageri iskopali rupu duboku 20 metara, \u0161to zna\u010di da ono u to vrijeme nije ni postojalo, pa nije jasno \u0161ta su uop\u0161te mjerili.<\/p>\n<p>\u201cSud smatra da su navodi tu\u017eioca osnovani, te da se osporeni akt (ekolo\u0161ka dozvola) zasniva na neta\u010dno i nepotpuno utvr\u0111enom stanju \u017eivotne sredine, zbog \u010dega je nezakonit\u201c, navedeno je u presudi i nare\u0111eno ministarstvu da u roku od 30 dana donese novi akt uva\u017eavaju\u0107i pravno shvatanje suda i primjedbe u pogledu postupka.<\/p>\n<p>Ina\u010de, \u201cDrvo-export\u201d je u maju 2023. godine podnio Ministarstvu za prostorno ure\u0111enje, gra\u0111evinarstvo i ekologiju RS zahtjev za prethodnu procjenu uticaja na \u017eivotnu sredinu za projekat eksploatacije uglja lignita na le\u017ei\u0161tu Bistrica kod Prijedora, i to na povr\u0161ini eksploatacionog polja od 9,5 hektara.<\/p>\n<p><strong><a href=\"https:\/\/www.prijedordanas.com\/?p=211461\" rel=\"noopener\" target=\"_blank\">Rufijevi kamioni uz pomo\u0107 policije voze ugalj iz Bistrice kod Prijedora \u2013 FOTO<\/a><\/strong><\/p>\n<p>Njihovi bageri kopanje u ovom selu po\u010deli su nekoliko mjeseci ranije, a radovi su nisu prekidani ni nakon vi\u0161ednevnih protesta gra\u0111ana, niti odluke Skup\u0161tine grada Prijedora da se sve obustavi.<\/p>\n<p>Firma \u201eDrvo \u2013 export\u201c je u septembru pro\u0161le godine zaklju\u010dila koncesioni ugovor, osam mjeseci nakon \u0161to je po\u010dela eksploatacija uglja.<\/p>\n<p><strong><a href=\"https:\/\/www.prijedordanas.com\/?p=209976\" rel=\"noopener\" target=\"_blank\">Zavr\u0161ni \u010din: \u0110oki\u0107 dodjeljuje Rufiju koncesiju za rudnik u Bistrici kod Prijedora<\/a><\/strong><\/p>\n<p>Ministarstvo energetike i rudarstva Republike Srpske odobrilo je u februaru ove godine upotrebu rudarskog objekta na le\u017ei\u0161tu \u201cBistrica\u201d kod Prijedora, \u010dime im je omogu\u0107eno, deset mjeseci kasnije da eksploati\u0161u ugalj u komercijalne svrhe i da upla\u0107uju koncesionu naknadu za eksploataciju u visini od 2,6 KM po toni eksploatisanog uglja.<\/p>\n<p><strong><a href=\"https:\/\/capital.ba\/okruzni-sud-potvrdio-drvo-export-kopa-nezakonito\/\" rel=\"noopener\" target=\"_blank\">capital.ba<\/a><\/strong><\/p>\n","protected":false},"excerpt":{"rendered":"<p>Okru\u017eni sud u Banjaluci poni\u0161tio je ekolo\u0161ku dozvolu firmi \u201cDrvo-export\u201d iz Tesli\u0107a koja je mimo svih zakona i dozvola prije godinu i po dana u sred sela Bistrica kod Prijedora [&hellip;]<\/p>\n","protected":false},"author":1,"featured_media":0,"comment_status":"closed","ping_status":"open","sticky":false,"template":"","format":"standard","meta":{"_monsterinsights_skip_tracking":false,"_monsterinsights_sitenote_active":false,"_monsterinsights_sitenote_note":"","_monsterinsights_sitenote_category":0,"footnotes":""},"categories":[4],"tags":[],"yoast_head":"<!-- This site is optimized with the Yoast SEO plugin v21.6 - https:\/\/yoast.com\/wordpress\/plugins\/seo\/ -->\n<title>Okru\u017eni sud potvrdio: \u201eDrvo-export\u201c kopa nezakonito u Bistrici kod Prijedora - PrijedorDanas.com - Prijedorski gradski portal<\/title>\n<meta name=\"robots\" content=\"index, follow, max-snippet:-1, max-image-preview:large, max-video-preview:-1\" \/>\n<link rel=\"canonical\" href=\"https:\/\/www.prijedordanas.com\/?p=235738\" \/>\n<meta property=\"og:locale\" content=\"en_US\" \/>\n<meta property=\"og:type\" content=\"article\" \/>\n<meta property=\"og:title\" content=\"Okru\u017eni sud potvrdio: \u201eDrvo-export\u201c kopa nezakonito u Bistrici kod Prijedora - PrijedorDanas.com - Prijedorski gradski portal\" \/>\n<meta property=\"og:description\" content=\"Okru\u017eni sud u Banjaluci poni\u0161tio je ekolo\u0161ku dozvolu firmi \u201cDrvo-export\u201d iz Tesli\u0107a koja je mimo svih zakona i dozvola prije godinu i po dana u sred sela Bistrica kod Prijedora [&hellip;]\" \/>\n<meta property=\"og:url\" content=\"https:\/\/www.prijedordanas.com\/?p=235738\" \/>\n<meta property=\"og:site_name\" content=\"PrijedorDanas.com - Prijedorski gradski portal\" \/>\n<meta property=\"article:publisher\" content=\"https:\/\/www.facebook.com\/PrijedorDanasCom\/\" \/>\n<meta property=\"article:published_time\" content=\"2024-10-26T12:38:18+00:00\" \/>\n<meta property=\"og:image\" content=\"https:\/\/www.prijedordanas.com\/wp-content\/uploads\/2023\/08\/capital-bistrica-rudnik-avgust2023-300x225.jpg\" \/>\n<meta name=\"author\" content=\"admin\" \/>\n<meta name=\"twitter:card\" content=\"summary_large_image\" \/>\n<meta name=\"twitter:label1\" content=\"Written by\" \/>\n\t<meta name=\"twitter:data1\" content=\"admin\" \/>\n\t<meta name=\"twitter:label2\" content=\"Est. reading time\" \/>\n\t<meta name=\"twitter:data2\" content=\"4 minutes\" \/>\n<script type=\"application\/ld+json\" class=\"yoast-schema-graph\">{\"@context\":\"https:\/\/schema.org\",\"@graph\":[{\"@type\":\"Article\",\"@id\":\"https:\/\/www.prijedordanas.com\/?p=235738#article\",\"isPartOf\":{\"@id\":\"https:\/\/www.prijedordanas.com\/?p=235738\"},\"author\":{\"name\":\"admin\",\"@id\":\"https:\/\/www.prijedordanas.com\/#\/schema\/person\/4e08ccf29b506ca916ff86d46bb700e6\"},\"headline\":\"Okru\u017eni sud potvrdio: \u201eDrvo-export\u201c kopa nezakonito u Bistrici kod Prijedora\",\"datePublished\":\"2024-10-26T12:38:18+00:00\",\"dateModified\":\"2024-10-26T12:38:18+00:00\",\"mainEntityOfPage\":{\"@id\":\"https:\/\/www.prijedordanas.com\/?p=235738\"},\"wordCount\":783,\"publisher\":{\"@id\":\"https:\/\/www.prijedordanas.com\/#organization\"},\"articleSection\":[\"Dru\u0161tvo\"],\"inLanguage\":\"en-US\"},{\"@type\":\"WebPage\",\"@id\":\"https:\/\/www.prijedordanas.com\/?p=235738\",\"url\":\"https:\/\/www.prijedordanas.com\/?p=235738\",\"name\":\"Okru\u017eni sud potvrdio: \u201eDrvo-export\u201c kopa nezakonito u Bistrici kod Prijedora - PrijedorDanas.com - Prijedorski gradski portal\",\"isPartOf\":{\"@id\":\"https:\/\/www.prijedordanas.com\/#website\"},\"datePublished\":\"2024-10-26T12:38:18+00:00\",\"dateModified\":\"2024-10-26T12:38:18+00:00\",\"breadcrumb\":{\"@id\":\"https:\/\/www.prijedordanas.com\/?p=235738#breadcrumb\"},\"inLanguage\":\"en-US\",\"potentialAction\":[{\"@type\":\"ReadAction\",\"target\":[\"https:\/\/www.prijedordanas.com\/?p=235738\"]}]},{\"@type\":\"BreadcrumbList\",\"@id\":\"https:\/\/www.prijedordanas.com\/?p=235738#breadcrumb\",\"itemListElement\":[{\"@type\":\"ListItem\",\"position\":1,\"name\":\"Home\",\"item\":\"https:\/\/www.prijedordanas.com\/\"},{\"@type\":\"ListItem\",\"position\":2,\"name\":\"Okru\u017eni sud potvrdio: \u201eDrvo-export\u201c kopa nezakonito u Bistrici kod Prijedora\"}]},{\"@type\":\"WebSite\",\"@id\":\"https:\/\/www.prijedordanas.com\/#website\",\"url\":\"https:\/\/www.prijedordanas.com\/\",\"name\":\"PrijedorDanas.com - Prijedorski gradski portal\",\"description\":\"Portal o doga\u0111anjima u gradu Prijedoru\",\"publisher\":{\"@id\":\"https:\/\/www.prijedordanas.com\/#organization\"},\"potentialAction\":[{\"@type\":\"SearchAction\",\"target\":{\"@type\":\"EntryPoint\",\"urlTemplate\":\"https:\/\/www.prijedordanas.com\/?s={search_term_string}\"},\"query-input\":\"required name=search_term_string\"}],\"inLanguage\":\"en-US\"},{\"@type\":\"Organization\",\"@id\":\"https:\/\/www.prijedordanas.com\/#organization\",\"name\":\"PrijedorDanas.com\",\"url\":\"https:\/\/www.prijedordanas.com\/\",\"logo\":{\"@type\":\"ImageObject\",\"inLanguage\":\"en-US\",\"@id\":\"https:\/\/www.prijedordanas.com\/#\/schema\/logo\/image\/\",\"url\":\"http:\/\/www.prijedordanas.com\/wp-content\/uploads\/2021\/12\/logopng.png\",\"contentUrl\":\"http:\/\/www.prijedordanas.com\/wp-content\/uploads\/2021\/12\/logopng.png\",\"width\":1019,\"height\":776,\"caption\":\"PrijedorDanas.com\"},\"image\":{\"@id\":\"https:\/\/www.prijedordanas.com\/#\/schema\/logo\/image\/\"},\"sameAs\":[\"https:\/\/www.facebook.com\/PrijedorDanasCom\/\"]},{\"@type\":\"Person\",\"@id\":\"https:\/\/www.prijedordanas.com\/#\/schema\/person\/4e08ccf29b506ca916ff86d46bb700e6\",\"name\":\"admin\",\"image\":{\"@type\":\"ImageObject\",\"inLanguage\":\"en-US\",\"@id\":\"https:\/\/www.prijedordanas.com\/#\/schema\/person\/image\/\",\"url\":\"https:\/\/secure.gravatar.com\/avatar\/1d3fc949d550f0b53a5f0d51e06dfd79?s=96&d=mm&r=g\",\"contentUrl\":\"https:\/\/secure.gravatar.com\/avatar\/1d3fc949d550f0b53a5f0d51e06dfd79?s=96&d=mm&r=g\",\"caption\":\"admin\"},\"url\":\"https:\/\/www.prijedordanas.com\/?author=1\"}]}<\/script>\n<!-- \/ Yoast SEO plugin. -->","yoast_head_json":{"title":"Okru\u017eni sud potvrdio: \u201eDrvo-export\u201c kopa nezakonito u Bistrici kod Prijedora - PrijedorDanas.com - Prijedorski gradski portal","robots":{"index":"index","follow":"follow","max-snippet":"max-snippet:-1","max-image-preview":"max-image-preview:large","max-video-preview":"max-video-preview:-1"},"canonical":"https:\/\/www.prijedordanas.com\/?p=235738","og_locale":"en_US","og_type":"article","og_title":"Okru\u017eni sud potvrdio: \u201eDrvo-export\u201c kopa nezakonito u Bistrici kod Prijedora - PrijedorDanas.com - Prijedorski gradski portal","og_description":"Okru\u017eni sud u Banjaluci poni\u0161tio je ekolo\u0161ku dozvolu firmi \u201cDrvo-export\u201d iz Tesli\u0107a koja je mimo svih zakona i dozvola prije godinu i po dana u sred sela Bistrica kod Prijedora [&hellip;]","og_url":"https:\/\/www.prijedordanas.com\/?p=235738","og_site_name":"PrijedorDanas.com - Prijedorski gradski portal","article_publisher":"https:\/\/www.facebook.com\/PrijedorDanasCom\/","article_published_time":"2024-10-26T12:38:18+00:00","og_image":[{"url":"https:\/\/www.prijedordanas.com\/wp-content\/uploads\/2023\/08\/capital-bistrica-rudnik-avgust2023-300x225.jpg"}],"author":"admin","twitter_card":"summary_large_image","twitter_misc":{"Written by":"admin","Est. reading time":"4 minutes"},"schema":{"@context":"https:\/\/schema.org","@graph":[{"@type":"Article","@id":"https:\/\/www.prijedordanas.com\/?p=235738#article","isPartOf":{"@id":"https:\/\/www.prijedordanas.com\/?p=235738"},"author":{"name":"admin","@id":"https:\/\/www.prijedordanas.com\/#\/schema\/person\/4e08ccf29b506ca916ff86d46bb700e6"},"headline":"Okru\u017eni sud potvrdio: \u201eDrvo-export\u201c kopa nezakonito u Bistrici kod Prijedora","datePublished":"2024-10-26T12:38:18+00:00","dateModified":"2024-10-26T12:38:18+00:00","mainEntityOfPage":{"@id":"https:\/\/www.prijedordanas.com\/?p=235738"},"wordCount":783,"publisher":{"@id":"https:\/\/www.prijedordanas.com\/#organization"},"articleSection":["Dru\u0161tvo"],"inLanguage":"en-US"},{"@type":"WebPage","@id":"https:\/\/www.prijedordanas.com\/?p=235738","url":"https:\/\/www.prijedordanas.com\/?p=235738","name":"Okru\u017eni sud potvrdio: \u201eDrvo-export\u201c kopa nezakonito u Bistrici kod Prijedora - PrijedorDanas.com - Prijedorski gradski portal","isPartOf":{"@id":"https:\/\/www.prijedordanas.com\/#website"},"datePublished":"2024-10-26T12:38:18+00:00","dateModified":"2024-10-26T12:38:18+00:00","breadcrumb":{"@id":"https:\/\/www.prijedordanas.com\/?p=235738#breadcrumb"},"inLanguage":"en-US","potentialAction":[{"@type":"ReadAction","target":["https:\/\/www.prijedordanas.com\/?p=235738"]}]},{"@type":"BreadcrumbList","@id":"https:\/\/www.prijedordanas.com\/?p=235738#breadcrumb","itemListElement":[{"@type":"ListItem","position":1,"name":"Home","item":"https:\/\/www.prijedordanas.com\/"},{"@type":"ListItem","position":2,"name":"Okru\u017eni sud potvrdio: \u201eDrvo-export\u201c kopa nezakonito u Bistrici kod Prijedora"}]},{"@type":"WebSite","@id":"https:\/\/www.prijedordanas.com\/#website","url":"https:\/\/www.prijedordanas.com\/","name":"PrijedorDanas.com - Prijedorski gradski portal","description":"Portal o doga\u0111anjima u gradu Prijedoru","publisher":{"@id":"https:\/\/www.prijedordanas.com\/#organization"},"potentialAction":[{"@type":"SearchAction","target":{"@type":"EntryPoint","urlTemplate":"https:\/\/www.prijedordanas.com\/?s={search_term_string}"},"query-input":"required name=search_term_string"}],"inLanguage":"en-US"},{"@type":"Organization","@id":"https:\/\/www.prijedordanas.com\/#organization","name":"PrijedorDanas.com","url":"https:\/\/www.prijedordanas.com\/","logo":{"@type":"ImageObject","inLanguage":"en-US","@id":"https:\/\/www.prijedordanas.com\/#\/schema\/logo\/image\/","url":"http:\/\/www.prijedordanas.com\/wp-content\/uploads\/2021\/12\/logopng.png","contentUrl":"http:\/\/www.prijedordanas.com\/wp-content\/uploads\/2021\/12\/logopng.png","width":1019,"height":776,"caption":"PrijedorDanas.com"},"image":{"@id":"https:\/\/www.prijedordanas.com\/#\/schema\/logo\/image\/"},"sameAs":["https:\/\/www.facebook.com\/PrijedorDanasCom\/"]},{"@type":"Person","@id":"https:\/\/www.prijedordanas.com\/#\/schema\/person\/4e08ccf29b506ca916ff86d46bb700e6","name":"admin","image":{"@type":"ImageObject","inLanguage":"en-US","@id":"https:\/\/www.prijedordanas.com\/#\/schema\/person\/image\/","url":"https:\/\/secure.gravatar.com\/avatar\/1d3fc949d550f0b53a5f0d51e06dfd79?s=96&d=mm&r=g","contentUrl":"https:\/\/secure.gravatar.com\/avatar\/1d3fc949d550f0b53a5f0d51e06dfd79?s=96&d=mm&r=g","caption":"admin"},"url":"https:\/\/www.prijedordanas.com\/?author=1"}]}},"_links":{"self":[{"href":"https:\/\/www.prijedordanas.com\/index.php?rest_route=\/wp\/v2\/posts\/235738"}],"collection":[{"href":"https:\/\/www.prijedordanas.com\/index.php?rest_route=\/wp\/v2\/posts"}],"about":[{"href":"https:\/\/www.prijedordanas.com\/index.php?rest_route=\/wp\/v2\/types\/post"}],"author":[{"embeddable":true,"href":"https:\/\/www.prijedordanas.com\/index.php?rest_route=\/wp\/v2\/users\/1"}],"replies":[{"embeddable":true,"href":"https:\/\/www.prijedordanas.com\/index.php?rest_route=%2Fwp%2Fv2%2Fcomments&post=235738"}],"version-history":[{"count":1,"href":"https:\/\/www.prijedordanas.com\/index.php?rest_route=\/wp\/v2\/posts\/235738\/revisions"}],"predecessor-version":[{"id":235739,"href":"https:\/\/www.prijedordanas.com\/index.php?rest_route=\/wp\/v2\/posts\/235738\/revisions\/235739"}],"wp:attachment":[{"href":"https:\/\/www.prijedordanas.com\/index.php?rest_route=%2Fwp%2Fv2%2Fmedia&parent=235738"}],"wp:term":[{"taxonomy":"category","embeddable":true,"href":"https:\/\/www.prijedordanas.com\/index.php?rest_route=%2Fwp%2Fv2%2Fcategories&post=235738"},{"taxonomy":"post_tag","embeddable":true,"href":"https:\/\/www.prijedordanas.com\/index.php?rest_route=%2Fwp%2Fv2%2Ftags&post=235738"}],"curies":[{"name":"wp","href":"https:\/\/api.w.org\/{rel}","templated":true}]}}