{"id":235734,"date":"2024-10-26T11:17:10","date_gmt":"2024-10-26T09:17:10","guid":{"rendered":"https:\/\/www.prijedordanas.com\/?p=235734"},"modified":"2024-10-26T11:17:10","modified_gmt":"2024-10-26T09:17:10","slug":"u-prijedoru-nema-zabiljezenih-slucajeva-virusnog-meningitisa-video","status":"publish","type":"post","link":"https:\/\/www.prijedordanas.com\/?p=235734","title":{"rendered":"U Prijedoru nema zabilje\u017eenih slu\u010dajeva virusnog meningitisa &#8211; VIDEO"},"content":{"rendered":"<p><a href=\"https:\/\/www.prijedordanas.com\/wp-content\/uploads\/2024\/10\/pixabay-doktor-dijete-pregled.jpg\"><img loading=\"lazy\" decoding=\"async\" class=\"alignleft size-medium wp-image-235735\" src=\"https:\/\/www.prijedordanas.com\/wp-content\/uploads\/2024\/10\/pixabay-doktor-dijete-pregled-300x225.jpg\" alt=\"\" width=\"300\" height=\"225\" srcset=\"https:\/\/www.prijedordanas.com\/wp-content\/uploads\/2024\/10\/pixabay-doktor-dijete-pregled-300x225.jpg 300w, https:\/\/www.prijedordanas.com\/wp-content\/uploads\/2024\/10\/pixabay-doktor-dijete-pregled-640x480.jpg 640w, https:\/\/www.prijedordanas.com\/wp-content\/uploads\/2024\/10\/pixabay-doktor-dijete-pregled.jpg 668w\" sizes=\"(max-width: 300px) 100vw, 300px\" \/><\/a>Pojava virusnog meningitisa, koji je potvr\u0111en kod petoro djece iz Kotor Varo\u0161i i dvoje iz Banjaluke, alarmirala je ljekare koji savjetuju roditeljima da poja\u010daju op\u0161te higijenske mjere kod djece.<\/p>\n<p>Boris \u0106urguz, specijalista infektologije u Bolnici \u201eDr Mladen Stojanovi\u0107\u201c Prijedor, navodi da je nophodno javiti se nadle\u017enom doktoru \u010dim se uo\u010de prvi simptomi.<\/p>\n<p>\u201cNa na\u0161em odjeljenju pedijatrije nije bilo zabilje\u017eenih slu\u010dajeva virusnog meningitisa. Bilo je dece koja su pod opservacijom me\u0111utim to je jedna ipak sezonska bolest koja je vezana manje vi\u0161e za bazene i higijenske uslove prilikom odr\u017eavanja istih. Ovu bolest izazivaju razne grupe virusa. Treba da upozorimo i na simptome kako bi roditelji znali kada da se obrate ljekaru. Prvi znaci meningitisa su febrilnost, malaksalost, nagla glavobolja, osjetljivost na svjetlost, ali i poreme\u0107aj u pra\u017enjenu creva, odnosno zatvor\u201d, rekao je \u0106urguz.<\/p>\n<p><a href=\"https:\/\/www.prijedordanas.com\/wp-content\/uploads\/2024\/10\/kozarski-curguz.jpg\"><img loading=\"lazy\" decoding=\"async\" src=\"https:\/\/www.prijedordanas.com\/wp-content\/uploads\/2024\/10\/kozarski-curguz-300x225.jpg\" alt=\"\" width=\"300\" height=\"225\" class=\"alignleft size-medium wp-image-235736\" srcset=\"https:\/\/www.prijedordanas.com\/wp-content\/uploads\/2024\/10\/kozarski-curguz-300x225.jpg 300w, https:\/\/www.prijedordanas.com\/wp-content\/uploads\/2024\/10\/kozarski-curguz-640x480.jpg 640w, https:\/\/www.prijedordanas.com\/wp-content\/uploads\/2024\/10\/kozarski-curguz.jpg 668w\" sizes=\"(max-width: 300px) 100vw, 300px\" \/><\/a>\u0106urguz dodaje i to da je virusni meningitis manje opasan od bakterijskog, ali da ipak zahtijeva intenzivan i hospitalni tretman.<\/p>\n<p>Najugro\u017eeniji su najmla\u0111i, s tim da su virusu najizlo\u017eenija djeca pred\u0161kolskog i \u0161kolskog uzrasta, poru\u010duju iz ove ustanove.<\/p>\n<p><strong><a href=\"https:\/\/kozarski.com\/u-prijedoru-nema-zabiljezenih-slucajeva-virusnog-meningitisa\/\" target=\"_blank\" rel=\"noopener\">kozarski.com<\/a><\/strong><\/p>\n<p><iframe loading=\"lazy\" title=\"U PRIJEDORU NEMA ZABILJE\u017dENIH SLU\u010cAJEVA VIRUSNOG MENINGITISA\" width=\"500\" height=\"281\" src=\"https:\/\/www.youtube.com\/embed\/-rT8FjkF61A?feature=oembed\" frameborder=\"0\" allow=\"accelerometer; autoplay; clipboard-write; encrypted-media; gyroscope; picture-in-picture; web-share\" referrerpolicy=\"strict-origin-when-cross-origin\" allowfullscreen><\/iframe><\/p>\n","protected":false},"excerpt":{"rendered":"<p>Pojava virusnog meningitisa, koji je potvr\u0111en kod petoro djece iz Kotor Varo\u0161i i dvoje iz Banjaluke, alarmirala je ljekare koji savjetuju roditeljima da poja\u010daju op\u0161te higijenske mjere kod djece. Boris [&hellip;]<\/p>\n","protected":false},"author":1,"featured_media":0,"comment_status":"closed","ping_status":"open","sticky":false,"template":"","format":"standard","meta":{"_monsterinsights_skip_tracking":false,"_monsterinsights_sitenote_active":false,"_monsterinsights_sitenote_note":"","_monsterinsights_sitenote_category":0,"footnotes":""},"categories":[8],"tags":[],"yoast_head":"<!-- This site is optimized with the Yoast SEO plugin v21.6 - https:\/\/yoast.com\/wordpress\/plugins\/seo\/ -->\n<title>U Prijedoru nema zabilje\u017eenih slu\u010dajeva virusnog meningitisa - VIDEO - PrijedorDanas.com - Prijedorski gradski portal<\/title>\n<meta name=\"robots\" content=\"index, follow, max-snippet:-1, max-image-preview:large, max-video-preview:-1\" \/>\n<link rel=\"canonical\" href=\"https:\/\/www.prijedordanas.com\/?p=235734\" \/>\n<meta property=\"og:locale\" content=\"en_US\" \/>\n<meta property=\"og:type\" content=\"article\" \/>\n<meta property=\"og:title\" content=\"U Prijedoru nema zabilje\u017eenih slu\u010dajeva virusnog meningitisa - VIDEO - PrijedorDanas.com - Prijedorski gradski portal\" \/>\n<meta property=\"og:description\" content=\"Pojava virusnog meningitisa, koji je potvr\u0111en kod petoro djece iz Kotor Varo\u0161i i dvoje iz Banjaluke, alarmirala je ljekare koji savjetuju roditeljima da poja\u010daju op\u0161te higijenske mjere kod djece. Boris [&hellip;]\" \/>\n<meta property=\"og:url\" content=\"https:\/\/www.prijedordanas.com\/?p=235734\" \/>\n<meta property=\"og:site_name\" content=\"PrijedorDanas.com - Prijedorski gradski portal\" \/>\n<meta property=\"article:publisher\" content=\"https:\/\/www.facebook.com\/PrijedorDanasCom\/\" \/>\n<meta property=\"article:published_time\" content=\"2024-10-26T09:17:10+00:00\" \/>\n<meta property=\"og:image\" content=\"https:\/\/www.prijedordanas.com\/wp-content\/uploads\/2024\/10\/pixabay-doktor-dijete-pregled-300x225.jpg\" \/>\n<meta name=\"author\" content=\"admin\" \/>\n<meta name=\"twitter:card\" content=\"summary_large_image\" \/>\n<meta name=\"twitter:label1\" content=\"Written by\" \/>\n\t<meta name=\"twitter:data1\" content=\"admin\" \/>\n\t<meta name=\"twitter:label2\" content=\"Est. reading time\" \/>\n\t<meta name=\"twitter:data2\" content=\"1 minute\" \/>\n<script type=\"application\/ld+json\" class=\"yoast-schema-graph\">{\"@context\":\"https:\/\/schema.org\",\"@graph\":[{\"@type\":\"Article\",\"@id\":\"https:\/\/www.prijedordanas.com\/?p=235734#article\",\"isPartOf\":{\"@id\":\"https:\/\/www.prijedordanas.com\/?p=235734\"},\"author\":{\"name\":\"admin\",\"@id\":\"https:\/\/www.prijedordanas.com\/#\/schema\/person\/4e08ccf29b506ca916ff86d46bb700e6\"},\"headline\":\"U Prijedoru nema zabilje\u017eenih slu\u010dajeva virusnog meningitisa &#8211; VIDEO\",\"datePublished\":\"2024-10-26T09:17:10+00:00\",\"dateModified\":\"2024-10-26T09:17:10+00:00\",\"mainEntityOfPage\":{\"@id\":\"https:\/\/www.prijedordanas.com\/?p=235734\"},\"wordCount\":212,\"publisher\":{\"@id\":\"https:\/\/www.prijedordanas.com\/#organization\"},\"articleSection\":[\"Svakodnevno\"],\"inLanguage\":\"en-US\"},{\"@type\":\"WebPage\",\"@id\":\"https:\/\/www.prijedordanas.com\/?p=235734\",\"url\":\"https:\/\/www.prijedordanas.com\/?p=235734\",\"name\":\"U Prijedoru nema zabilje\u017eenih slu\u010dajeva virusnog meningitisa - VIDEO - PrijedorDanas.com - Prijedorski gradski portal\",\"isPartOf\":{\"@id\":\"https:\/\/www.prijedordanas.com\/#website\"},\"datePublished\":\"2024-10-26T09:17:10+00:00\",\"dateModified\":\"2024-10-26T09:17:10+00:00\",\"breadcrumb\":{\"@id\":\"https:\/\/www.prijedordanas.com\/?p=235734#breadcrumb\"},\"inLanguage\":\"en-US\",\"potentialAction\":[{\"@type\":\"ReadAction\",\"target\":[\"https:\/\/www.prijedordanas.com\/?p=235734\"]}]},{\"@type\":\"BreadcrumbList\",\"@id\":\"https:\/\/www.prijedordanas.com\/?p=235734#breadcrumb\",\"itemListElement\":[{\"@type\":\"ListItem\",\"position\":1,\"name\":\"Home\",\"item\":\"https:\/\/www.prijedordanas.com\/\"},{\"@type\":\"ListItem\",\"position\":2,\"name\":\"U Prijedoru nema zabilje\u017eenih slu\u010dajeva virusnog meningitisa &#8211; VIDEO\"}]},{\"@type\":\"WebSite\",\"@id\":\"https:\/\/www.prijedordanas.com\/#website\",\"url\":\"https:\/\/www.prijedordanas.com\/\",\"name\":\"PrijedorDanas.com - Prijedorski gradski portal\",\"description\":\"Portal o doga\u0111anjima u gradu Prijedoru\",\"publisher\":{\"@id\":\"https:\/\/www.prijedordanas.com\/#organization\"},\"potentialAction\":[{\"@type\":\"SearchAction\",\"target\":{\"@type\":\"EntryPoint\",\"urlTemplate\":\"https:\/\/www.prijedordanas.com\/?s={search_term_string}\"},\"query-input\":\"required name=search_term_string\"}],\"inLanguage\":\"en-US\"},{\"@type\":\"Organization\",\"@id\":\"https:\/\/www.prijedordanas.com\/#organization\",\"name\":\"PrijedorDanas.com\",\"url\":\"https:\/\/www.prijedordanas.com\/\",\"logo\":{\"@type\":\"ImageObject\",\"inLanguage\":\"en-US\",\"@id\":\"https:\/\/www.prijedordanas.com\/#\/schema\/logo\/image\/\",\"url\":\"http:\/\/www.prijedordanas.com\/wp-content\/uploads\/2021\/12\/logopng.png\",\"contentUrl\":\"http:\/\/www.prijedordanas.com\/wp-content\/uploads\/2021\/12\/logopng.png\",\"width\":1019,\"height\":776,\"caption\":\"PrijedorDanas.com\"},\"image\":{\"@id\":\"https:\/\/www.prijedordanas.com\/#\/schema\/logo\/image\/\"},\"sameAs\":[\"https:\/\/www.facebook.com\/PrijedorDanasCom\/\"]},{\"@type\":\"Person\",\"@id\":\"https:\/\/www.prijedordanas.com\/#\/schema\/person\/4e08ccf29b506ca916ff86d46bb700e6\",\"name\":\"admin\",\"image\":{\"@type\":\"ImageObject\",\"inLanguage\":\"en-US\",\"@id\":\"https:\/\/www.prijedordanas.com\/#\/schema\/person\/image\/\",\"url\":\"https:\/\/secure.gravatar.com\/avatar\/1d3fc949d550f0b53a5f0d51e06dfd79?s=96&d=mm&r=g\",\"contentUrl\":\"https:\/\/secure.gravatar.com\/avatar\/1d3fc949d550f0b53a5f0d51e06dfd79?s=96&d=mm&r=g\",\"caption\":\"admin\"},\"url\":\"https:\/\/www.prijedordanas.com\/?author=1\"}]}<\/script>\n<!-- \/ Yoast SEO plugin. -->","yoast_head_json":{"title":"U Prijedoru nema zabilje\u017eenih slu\u010dajeva virusnog meningitisa - VIDEO - PrijedorDanas.com - Prijedorski gradski portal","robots":{"index":"index","follow":"follow","max-snippet":"max-snippet:-1","max-image-preview":"max-image-preview:large","max-video-preview":"max-video-preview:-1"},"canonical":"https:\/\/www.prijedordanas.com\/?p=235734","og_locale":"en_US","og_type":"article","og_title":"U Prijedoru nema zabilje\u017eenih slu\u010dajeva virusnog meningitisa - VIDEO - PrijedorDanas.com - Prijedorski gradski portal","og_description":"Pojava virusnog meningitisa, koji je potvr\u0111en kod petoro djece iz Kotor Varo\u0161i i dvoje iz Banjaluke, alarmirala je ljekare koji savjetuju roditeljima da poja\u010daju op\u0161te higijenske mjere kod djece. Boris [&hellip;]","og_url":"https:\/\/www.prijedordanas.com\/?p=235734","og_site_name":"PrijedorDanas.com - Prijedorski gradski portal","article_publisher":"https:\/\/www.facebook.com\/PrijedorDanasCom\/","article_published_time":"2024-10-26T09:17:10+00:00","og_image":[{"url":"https:\/\/www.prijedordanas.com\/wp-content\/uploads\/2024\/10\/pixabay-doktor-dijete-pregled-300x225.jpg"}],"author":"admin","twitter_card":"summary_large_image","twitter_misc":{"Written by":"admin","Est. reading time":"1 minute"},"schema":{"@context":"https:\/\/schema.org","@graph":[{"@type":"Article","@id":"https:\/\/www.prijedordanas.com\/?p=235734#article","isPartOf":{"@id":"https:\/\/www.prijedordanas.com\/?p=235734"},"author":{"name":"admin","@id":"https:\/\/www.prijedordanas.com\/#\/schema\/person\/4e08ccf29b506ca916ff86d46bb700e6"},"headline":"U Prijedoru nema zabilje\u017eenih slu\u010dajeva virusnog meningitisa &#8211; VIDEO","datePublished":"2024-10-26T09:17:10+00:00","dateModified":"2024-10-26T09:17:10+00:00","mainEntityOfPage":{"@id":"https:\/\/www.prijedordanas.com\/?p=235734"},"wordCount":212,"publisher":{"@id":"https:\/\/www.prijedordanas.com\/#organization"},"articleSection":["Svakodnevno"],"inLanguage":"en-US"},{"@type":"WebPage","@id":"https:\/\/www.prijedordanas.com\/?p=235734","url":"https:\/\/www.prijedordanas.com\/?p=235734","name":"U Prijedoru nema zabilje\u017eenih slu\u010dajeva virusnog meningitisa - VIDEO - PrijedorDanas.com - Prijedorski gradski portal","isPartOf":{"@id":"https:\/\/www.prijedordanas.com\/#website"},"datePublished":"2024-10-26T09:17:10+00:00","dateModified":"2024-10-26T09:17:10+00:00","breadcrumb":{"@id":"https:\/\/www.prijedordanas.com\/?p=235734#breadcrumb"},"inLanguage":"en-US","potentialAction":[{"@type":"ReadAction","target":["https:\/\/www.prijedordanas.com\/?p=235734"]}]},{"@type":"BreadcrumbList","@id":"https:\/\/www.prijedordanas.com\/?p=235734#breadcrumb","itemListElement":[{"@type":"ListItem","position":1,"name":"Home","item":"https:\/\/www.prijedordanas.com\/"},{"@type":"ListItem","position":2,"name":"U Prijedoru nema zabilje\u017eenih slu\u010dajeva virusnog meningitisa &#8211; VIDEO"}]},{"@type":"WebSite","@id":"https:\/\/www.prijedordanas.com\/#website","url":"https:\/\/www.prijedordanas.com\/","name":"PrijedorDanas.com - Prijedorski gradski portal","description":"Portal o doga\u0111anjima u gradu Prijedoru","publisher":{"@id":"https:\/\/www.prijedordanas.com\/#organization"},"potentialAction":[{"@type":"SearchAction","target":{"@type":"EntryPoint","urlTemplate":"https:\/\/www.prijedordanas.com\/?s={search_term_string}"},"query-input":"required name=search_term_string"}],"inLanguage":"en-US"},{"@type":"Organization","@id":"https:\/\/www.prijedordanas.com\/#organization","name":"PrijedorDanas.com","url":"https:\/\/www.prijedordanas.com\/","logo":{"@type":"ImageObject","inLanguage":"en-US","@id":"https:\/\/www.prijedordanas.com\/#\/schema\/logo\/image\/","url":"http:\/\/www.prijedordanas.com\/wp-content\/uploads\/2021\/12\/logopng.png","contentUrl":"http:\/\/www.prijedordanas.com\/wp-content\/uploads\/2021\/12\/logopng.png","width":1019,"height":776,"caption":"PrijedorDanas.com"},"image":{"@id":"https:\/\/www.prijedordanas.com\/#\/schema\/logo\/image\/"},"sameAs":["https:\/\/www.facebook.com\/PrijedorDanasCom\/"]},{"@type":"Person","@id":"https:\/\/www.prijedordanas.com\/#\/schema\/person\/4e08ccf29b506ca916ff86d46bb700e6","name":"admin","image":{"@type":"ImageObject","inLanguage":"en-US","@id":"https:\/\/www.prijedordanas.com\/#\/schema\/person\/image\/","url":"https:\/\/secure.gravatar.com\/avatar\/1d3fc949d550f0b53a5f0d51e06dfd79?s=96&d=mm&r=g","contentUrl":"https:\/\/secure.gravatar.com\/avatar\/1d3fc949d550f0b53a5f0d51e06dfd79?s=96&d=mm&r=g","caption":"admin"},"url":"https:\/\/www.prijedordanas.com\/?author=1"}]}},"_links":{"self":[{"href":"https:\/\/www.prijedordanas.com\/index.php?rest_route=\/wp\/v2\/posts\/235734"}],"collection":[{"href":"https:\/\/www.prijedordanas.com\/index.php?rest_route=\/wp\/v2\/posts"}],"about":[{"href":"https:\/\/www.prijedordanas.com\/index.php?rest_route=\/wp\/v2\/types\/post"}],"author":[{"embeddable":true,"href":"https:\/\/www.prijedordanas.com\/index.php?rest_route=\/wp\/v2\/users\/1"}],"replies":[{"embeddable":true,"href":"https:\/\/www.prijedordanas.com\/index.php?rest_route=%2Fwp%2Fv2%2Fcomments&post=235734"}],"version-history":[{"count":1,"href":"https:\/\/www.prijedordanas.com\/index.php?rest_route=\/wp\/v2\/posts\/235734\/revisions"}],"predecessor-version":[{"id":235737,"href":"https:\/\/www.prijedordanas.com\/index.php?rest_route=\/wp\/v2\/posts\/235734\/revisions\/235737"}],"wp:attachment":[{"href":"https:\/\/www.prijedordanas.com\/index.php?rest_route=%2Fwp%2Fv2%2Fmedia&parent=235734"}],"wp:term":[{"taxonomy":"category","embeddable":true,"href":"https:\/\/www.prijedordanas.com\/index.php?rest_route=%2Fwp%2Fv2%2Fcategories&post=235734"},{"taxonomy":"post_tag","embeddable":true,"href":"https:\/\/www.prijedordanas.com\/index.php?rest_route=%2Fwp%2Fv2%2Ftags&post=235734"}],"curies":[{"name":"wp","href":"https:\/\/api.w.org\/{rel}","templated":true}]}}