{"id":235711,"date":"2024-10-26T08:44:14","date_gmt":"2024-10-26T06:44:14","guid":{"rendered":"https:\/\/www.prijedordanas.com\/?p=235711"},"modified":"2024-10-26T08:44:14","modified_gmt":"2024-10-26T06:44:14","slug":"rudar-prijedor-docekuje-banjalucki-zeljeznicar-sport-tim","status":"publish","type":"post","link":"https:\/\/www.prijedordanas.com\/?p=235711","title":{"rendered":"&#8220;Rudar-Prijedor&#8221; do\u010dekuje banjalu\u010dki &#8220;\u017deljezni\u010dar Sport Tim&#8221;"},"content":{"rendered":"<p><a href=\"https:\/\/www.prijedordanas.com\/wp-content\/uploads\/2024\/10\/rudar-prijedor-zeljeznicar-bl-najava.jpg\"><img loading=\"lazy\" decoding=\"async\" src=\"https:\/\/www.prijedordanas.com\/wp-content\/uploads\/2024\/10\/rudar-prijedor-zeljeznicar-bl-najava-240x300.jpg\" alt=\"\" width=\"240\" height=\"300\" class=\"alignleft size-medium wp-image-235712\" srcset=\"https:\/\/www.prijedordanas.com\/wp-content\/uploads\/2024\/10\/rudar-prijedor-zeljeznicar-bl-najava-240x300.jpg 240w, https:\/\/www.prijedordanas.com\/wp-content\/uploads\/2024\/10\/rudar-prijedor-zeljeznicar-bl-najava.jpg 480w\" sizes=\"(max-width: 240px) 100vw, 240px\" \/><\/a>U okviru 13. kola Prve lige RS, fudbaleri &#8220;Rudar-Prijedora&#8221; do\u010dekuju ekipu &#8220;\u017daljezni\u010dar Sport Tim&#8221; iz Banjaluke.<\/p>\n<p>Izabranici trenera Trivunovi\u0107a \u0161to prije \u017eele zaboraviti nesretni poraz od &#8220;Leotara&#8221; iz Trebinja u zaostaloj utakmici 10. kola.<\/p>\n<p>Pobjeda protiv Banjalu\u010dana se name\u0107e kao imperativ ako se \u017eeli odr\u017eati korak sa vode\u0107im &#8220;Lakta\u0161ima&#8221; u borbi za titulu jesenjeg \u0161ampiona.<\/p>\n<p>Ipak, pred Prijedor\u010danima ne\u0107e biti lak zadatak po\u0161to su gosti neugodan protivnik koji je i u pro\u0161losti znao da odnese bodove iz grada na Sani.<\/p>\n<p>Ekipa sa &#8220;Predgra\u0111a&#8221; sa novim \u0161efom stru\u010dnog \u0161taba Darkom Maleti\u0107em dolazi u Prijedor da se nadigrava. <\/p>\n<p>Kod doma\u0107ih u sastavu sigurno ne\u0107e biti Rakovi\u0107a koji je u Trebinju dobio crveni karton.<\/p>\n<p>Susret se igra ove subote, 26. oktobra, na Gradskom stadionu u Prijedoru sa po\u010detkom u 14 \u010dasova.<\/p>\n<p>Tekst \u2013 <a href=\"https:\/\/www.prijedordanas.com\" target=\"_blank\" rel=\"noopener noreferrer\">www.prijedordanas.com<\/a><br \/>\nFoto &#8211; FK Rudar-Prijedor<\/p>\n","protected":false},"excerpt":{"rendered":"<p>U okviru 13. kola Prve lige RS, fudbaleri &#8220;Rudar-Prijedora&#8221; do\u010dekuju ekipu &#8220;\u017daljezni\u010dar Sport Tim&#8221; iz Banjaluke. Izabranici trenera Trivunovi\u0107a \u0161to prije \u017eele zaboraviti nesretni poraz od &#8220;Leotara&#8221; iz Trebinja u [&hellip;]<\/p>\n","protected":false},"author":1,"featured_media":0,"comment_status":"closed","ping_status":"open","sticky":false,"template":"","format":"standard","meta":{"_monsterinsights_skip_tracking":false,"_monsterinsights_sitenote_active":false,"_monsterinsights_sitenote_note":"","_monsterinsights_sitenote_category":0,"footnotes":""},"categories":[7],"tags":[],"yoast_head":"<!-- This site is optimized with the Yoast SEO plugin v21.6 - https:\/\/yoast.com\/wordpress\/plugins\/seo\/ -->\n<title>&quot;Rudar-Prijedor&quot; do\u010dekuje banjalu\u010dki &quot;\u017deljezni\u010dar Sport Tim&quot; - PrijedorDanas.com - Prijedorski gradski portal<\/title>\n<meta name=\"robots\" content=\"index, follow, max-snippet:-1, max-image-preview:large, max-video-preview:-1\" \/>\n<link rel=\"canonical\" href=\"https:\/\/www.prijedordanas.com\/?p=235711\" \/>\n<meta property=\"og:locale\" content=\"en_US\" \/>\n<meta property=\"og:type\" content=\"article\" \/>\n<meta property=\"og:title\" content=\"&quot;Rudar-Prijedor&quot; do\u010dekuje banjalu\u010dki &quot;\u017deljezni\u010dar Sport Tim&quot; - PrijedorDanas.com - Prijedorski gradski portal\" \/>\n<meta property=\"og:description\" content=\"U okviru 13. kola Prve lige RS, fudbaleri &#8220;Rudar-Prijedora&#8221; do\u010dekuju ekipu &#8220;\u017daljezni\u010dar Sport Tim&#8221; iz Banjaluke. Izabranici trenera Trivunovi\u0107a \u0161to prije \u017eele zaboraviti nesretni poraz od &#8220;Leotara&#8221; iz Trebinja u [&hellip;]\" \/>\n<meta property=\"og:url\" content=\"https:\/\/www.prijedordanas.com\/?p=235711\" \/>\n<meta property=\"og:site_name\" content=\"PrijedorDanas.com - Prijedorski gradski portal\" \/>\n<meta property=\"article:publisher\" content=\"https:\/\/www.facebook.com\/PrijedorDanasCom\/\" \/>\n<meta property=\"article:published_time\" content=\"2024-10-26T06:44:14+00:00\" \/>\n<meta property=\"og:image\" content=\"https:\/\/www.prijedordanas.com\/wp-content\/uploads\/2024\/10\/rudar-prijedor-zeljeznicar-bl-najava-240x300.jpg\" \/>\n<meta name=\"author\" content=\"admin\" \/>\n<meta name=\"twitter:card\" content=\"summary_large_image\" \/>\n<meta name=\"twitter:label1\" content=\"Written by\" \/>\n\t<meta name=\"twitter:data1\" content=\"admin\" \/>\n<script type=\"application\/ld+json\" class=\"yoast-schema-graph\">{\"@context\":\"https:\/\/schema.org\",\"@graph\":[{\"@type\":\"Article\",\"@id\":\"https:\/\/www.prijedordanas.com\/?p=235711#article\",\"isPartOf\":{\"@id\":\"https:\/\/www.prijedordanas.com\/?p=235711\"},\"author\":{\"name\":\"admin\",\"@id\":\"https:\/\/www.prijedordanas.com\/#\/schema\/person\/4e08ccf29b506ca916ff86d46bb700e6\"},\"headline\":\"&#8220;Rudar-Prijedor&#8221; do\u010dekuje banjalu\u010dki &#8220;\u017deljezni\u010dar Sport Tim&#8221;\",\"datePublished\":\"2024-10-26T06:44:14+00:00\",\"dateModified\":\"2024-10-26T06:44:14+00:00\",\"mainEntityOfPage\":{\"@id\":\"https:\/\/www.prijedordanas.com\/?p=235711\"},\"wordCount\":160,\"publisher\":{\"@id\":\"https:\/\/www.prijedordanas.com\/#organization\"},\"articleSection\":[\"Sport\"],\"inLanguage\":\"en-US\"},{\"@type\":\"WebPage\",\"@id\":\"https:\/\/www.prijedordanas.com\/?p=235711\",\"url\":\"https:\/\/www.prijedordanas.com\/?p=235711\",\"name\":\"\\\"Rudar-Prijedor\\\" do\u010dekuje banjalu\u010dki \\\"\u017deljezni\u010dar Sport Tim\\\" - PrijedorDanas.com - Prijedorski gradski portal\",\"isPartOf\":{\"@id\":\"https:\/\/www.prijedordanas.com\/#website\"},\"datePublished\":\"2024-10-26T06:44:14+00:00\",\"dateModified\":\"2024-10-26T06:44:14+00:00\",\"breadcrumb\":{\"@id\":\"https:\/\/www.prijedordanas.com\/?p=235711#breadcrumb\"},\"inLanguage\":\"en-US\",\"potentialAction\":[{\"@type\":\"ReadAction\",\"target\":[\"https:\/\/www.prijedordanas.com\/?p=235711\"]}]},{\"@type\":\"BreadcrumbList\",\"@id\":\"https:\/\/www.prijedordanas.com\/?p=235711#breadcrumb\",\"itemListElement\":[{\"@type\":\"ListItem\",\"position\":1,\"name\":\"Home\",\"item\":\"https:\/\/www.prijedordanas.com\/\"},{\"@type\":\"ListItem\",\"position\":2,\"name\":\"&#8220;Rudar-Prijedor&#8221; do\u010dekuje banjalu\u010dki &#8220;\u017deljezni\u010dar Sport Tim&#8221;\"}]},{\"@type\":\"WebSite\",\"@id\":\"https:\/\/www.prijedordanas.com\/#website\",\"url\":\"https:\/\/www.prijedordanas.com\/\",\"name\":\"PrijedorDanas.com - Prijedorski gradski portal\",\"description\":\"Portal o doga\u0111anjima u gradu Prijedoru\",\"publisher\":{\"@id\":\"https:\/\/www.prijedordanas.com\/#organization\"},\"potentialAction\":[{\"@type\":\"SearchAction\",\"target\":{\"@type\":\"EntryPoint\",\"urlTemplate\":\"https:\/\/www.prijedordanas.com\/?s={search_term_string}\"},\"query-input\":\"required name=search_term_string\"}],\"inLanguage\":\"en-US\"},{\"@type\":\"Organization\",\"@id\":\"https:\/\/www.prijedordanas.com\/#organization\",\"name\":\"PrijedorDanas.com\",\"url\":\"https:\/\/www.prijedordanas.com\/\",\"logo\":{\"@type\":\"ImageObject\",\"inLanguage\":\"en-US\",\"@id\":\"https:\/\/www.prijedordanas.com\/#\/schema\/logo\/image\/\",\"url\":\"http:\/\/www.prijedordanas.com\/wp-content\/uploads\/2021\/12\/logopng.png\",\"contentUrl\":\"http:\/\/www.prijedordanas.com\/wp-content\/uploads\/2021\/12\/logopng.png\",\"width\":1019,\"height\":776,\"caption\":\"PrijedorDanas.com\"},\"image\":{\"@id\":\"https:\/\/www.prijedordanas.com\/#\/schema\/logo\/image\/\"},\"sameAs\":[\"https:\/\/www.facebook.com\/PrijedorDanasCom\/\"]},{\"@type\":\"Person\",\"@id\":\"https:\/\/www.prijedordanas.com\/#\/schema\/person\/4e08ccf29b506ca916ff86d46bb700e6\",\"name\":\"admin\",\"image\":{\"@type\":\"ImageObject\",\"inLanguage\":\"en-US\",\"@id\":\"https:\/\/www.prijedordanas.com\/#\/schema\/person\/image\/\",\"url\":\"https:\/\/secure.gravatar.com\/avatar\/1d3fc949d550f0b53a5f0d51e06dfd79?s=96&d=mm&r=g\",\"contentUrl\":\"https:\/\/secure.gravatar.com\/avatar\/1d3fc949d550f0b53a5f0d51e06dfd79?s=96&d=mm&r=g\",\"caption\":\"admin\"},\"url\":\"https:\/\/www.prijedordanas.com\/?author=1\"}]}<\/script>\n<!-- \/ Yoast SEO plugin. -->","yoast_head_json":{"title":"\"Rudar-Prijedor\" do\u010dekuje banjalu\u010dki \"\u017deljezni\u010dar Sport Tim\" - PrijedorDanas.com - Prijedorski gradski portal","robots":{"index":"index","follow":"follow","max-snippet":"max-snippet:-1","max-image-preview":"max-image-preview:large","max-video-preview":"max-video-preview:-1"},"canonical":"https:\/\/www.prijedordanas.com\/?p=235711","og_locale":"en_US","og_type":"article","og_title":"\"Rudar-Prijedor\" do\u010dekuje banjalu\u010dki \"\u017deljezni\u010dar Sport Tim\" - PrijedorDanas.com - Prijedorski gradski portal","og_description":"U okviru 13. kola Prve lige RS, fudbaleri &#8220;Rudar-Prijedora&#8221; do\u010dekuju ekipu &#8220;\u017daljezni\u010dar Sport Tim&#8221; iz Banjaluke. Izabranici trenera Trivunovi\u0107a \u0161to prije \u017eele zaboraviti nesretni poraz od &#8220;Leotara&#8221; iz Trebinja u [&hellip;]","og_url":"https:\/\/www.prijedordanas.com\/?p=235711","og_site_name":"PrijedorDanas.com - Prijedorski gradski portal","article_publisher":"https:\/\/www.facebook.com\/PrijedorDanasCom\/","article_published_time":"2024-10-26T06:44:14+00:00","og_image":[{"url":"https:\/\/www.prijedordanas.com\/wp-content\/uploads\/2024\/10\/rudar-prijedor-zeljeznicar-bl-najava-240x300.jpg"}],"author":"admin","twitter_card":"summary_large_image","twitter_misc":{"Written by":"admin"},"schema":{"@context":"https:\/\/schema.org","@graph":[{"@type":"Article","@id":"https:\/\/www.prijedordanas.com\/?p=235711#article","isPartOf":{"@id":"https:\/\/www.prijedordanas.com\/?p=235711"},"author":{"name":"admin","@id":"https:\/\/www.prijedordanas.com\/#\/schema\/person\/4e08ccf29b506ca916ff86d46bb700e6"},"headline":"&#8220;Rudar-Prijedor&#8221; do\u010dekuje banjalu\u010dki &#8220;\u017deljezni\u010dar Sport Tim&#8221;","datePublished":"2024-10-26T06:44:14+00:00","dateModified":"2024-10-26T06:44:14+00:00","mainEntityOfPage":{"@id":"https:\/\/www.prijedordanas.com\/?p=235711"},"wordCount":160,"publisher":{"@id":"https:\/\/www.prijedordanas.com\/#organization"},"articleSection":["Sport"],"inLanguage":"en-US"},{"@type":"WebPage","@id":"https:\/\/www.prijedordanas.com\/?p=235711","url":"https:\/\/www.prijedordanas.com\/?p=235711","name":"\"Rudar-Prijedor\" do\u010dekuje banjalu\u010dki \"\u017deljezni\u010dar Sport Tim\" - PrijedorDanas.com - Prijedorski gradski portal","isPartOf":{"@id":"https:\/\/www.prijedordanas.com\/#website"},"datePublished":"2024-10-26T06:44:14+00:00","dateModified":"2024-10-26T06:44:14+00:00","breadcrumb":{"@id":"https:\/\/www.prijedordanas.com\/?p=235711#breadcrumb"},"inLanguage":"en-US","potentialAction":[{"@type":"ReadAction","target":["https:\/\/www.prijedordanas.com\/?p=235711"]}]},{"@type":"BreadcrumbList","@id":"https:\/\/www.prijedordanas.com\/?p=235711#breadcrumb","itemListElement":[{"@type":"ListItem","position":1,"name":"Home","item":"https:\/\/www.prijedordanas.com\/"},{"@type":"ListItem","position":2,"name":"&#8220;Rudar-Prijedor&#8221; do\u010dekuje banjalu\u010dki &#8220;\u017deljezni\u010dar Sport Tim&#8221;"}]},{"@type":"WebSite","@id":"https:\/\/www.prijedordanas.com\/#website","url":"https:\/\/www.prijedordanas.com\/","name":"PrijedorDanas.com - Prijedorski gradski portal","description":"Portal o doga\u0111anjima u gradu Prijedoru","publisher":{"@id":"https:\/\/www.prijedordanas.com\/#organization"},"potentialAction":[{"@type":"SearchAction","target":{"@type":"EntryPoint","urlTemplate":"https:\/\/www.prijedordanas.com\/?s={search_term_string}"},"query-input":"required name=search_term_string"}],"inLanguage":"en-US"},{"@type":"Organization","@id":"https:\/\/www.prijedordanas.com\/#organization","name":"PrijedorDanas.com","url":"https:\/\/www.prijedordanas.com\/","logo":{"@type":"ImageObject","inLanguage":"en-US","@id":"https:\/\/www.prijedordanas.com\/#\/schema\/logo\/image\/","url":"http:\/\/www.prijedordanas.com\/wp-content\/uploads\/2021\/12\/logopng.png","contentUrl":"http:\/\/www.prijedordanas.com\/wp-content\/uploads\/2021\/12\/logopng.png","width":1019,"height":776,"caption":"PrijedorDanas.com"},"image":{"@id":"https:\/\/www.prijedordanas.com\/#\/schema\/logo\/image\/"},"sameAs":["https:\/\/www.facebook.com\/PrijedorDanasCom\/"]},{"@type":"Person","@id":"https:\/\/www.prijedordanas.com\/#\/schema\/person\/4e08ccf29b506ca916ff86d46bb700e6","name":"admin","image":{"@type":"ImageObject","inLanguage":"en-US","@id":"https:\/\/www.prijedordanas.com\/#\/schema\/person\/image\/","url":"https:\/\/secure.gravatar.com\/avatar\/1d3fc949d550f0b53a5f0d51e06dfd79?s=96&d=mm&r=g","contentUrl":"https:\/\/secure.gravatar.com\/avatar\/1d3fc949d550f0b53a5f0d51e06dfd79?s=96&d=mm&r=g","caption":"admin"},"url":"https:\/\/www.prijedordanas.com\/?author=1"}]}},"_links":{"self":[{"href":"https:\/\/www.prijedordanas.com\/index.php?rest_route=\/wp\/v2\/posts\/235711"}],"collection":[{"href":"https:\/\/www.prijedordanas.com\/index.php?rest_route=\/wp\/v2\/posts"}],"about":[{"href":"https:\/\/www.prijedordanas.com\/index.php?rest_route=\/wp\/v2\/types\/post"}],"author":[{"embeddable":true,"href":"https:\/\/www.prijedordanas.com\/index.php?rest_route=\/wp\/v2\/users\/1"}],"replies":[{"embeddable":true,"href":"https:\/\/www.prijedordanas.com\/index.php?rest_route=%2Fwp%2Fv2%2Fcomments&post=235711"}],"version-history":[{"count":1,"href":"https:\/\/www.prijedordanas.com\/index.php?rest_route=\/wp\/v2\/posts\/235711\/revisions"}],"predecessor-version":[{"id":235713,"href":"https:\/\/www.prijedordanas.com\/index.php?rest_route=\/wp\/v2\/posts\/235711\/revisions\/235713"}],"wp:attachment":[{"href":"https:\/\/www.prijedordanas.com\/index.php?rest_route=%2Fwp%2Fv2%2Fmedia&parent=235711"}],"wp:term":[{"taxonomy":"category","embeddable":true,"href":"https:\/\/www.prijedordanas.com\/index.php?rest_route=%2Fwp%2Fv2%2Fcategories&post=235711"},{"taxonomy":"post_tag","embeddable":true,"href":"https:\/\/www.prijedordanas.com\/index.php?rest_route=%2Fwp%2Fv2%2Ftags&post=235711"}],"curies":[{"name":"wp","href":"https:\/\/api.w.org\/{rel}","templated":true}]}}