{"id":235701,"date":"2024-10-26T08:07:53","date_gmt":"2024-10-26T06:07:53","guid":{"rendered":"https:\/\/www.prijedordanas.com\/?p=235701"},"modified":"2024-10-26T08:07:53","modified_gmt":"2024-10-26T06:07:53","slug":"u-utorak-promocija-prijedorskog-bukvara","status":"publish","type":"post","link":"https:\/\/www.prijedordanas.com\/?p=235701","title":{"rendered":"U utorak promocija &#8220;Prijedorskog bukvara&#8221;"},"content":{"rendered":"<p><a href=\"https:\/\/www.prijedordanas.com\/wp-content\/uploads\/2024\/10\/prijedorski-bukvar.jpg\"><img loading=\"lazy\" decoding=\"async\" src=\"https:\/\/www.prijedordanas.com\/wp-content\/uploads\/2024\/10\/prijedorski-bukvar-225x300.jpg\" alt=\"\" width=\"225\" height=\"300\" class=\"alignleft size-medium wp-image-235709\" srcset=\"https:\/\/www.prijedordanas.com\/wp-content\/uploads\/2024\/10\/prijedorski-bukvar-225x300.jpg 225w, https:\/\/www.prijedordanas.com\/wp-content\/uploads\/2024\/10\/prijedorski-bukvar.jpg 450w\" sizes=\"(max-width: 225px) 100vw, 225px\" \/><\/a>U Prijedoru c\u0301e u utorak, 29. oktobra 2024. godine, biti promovisan &#8220;Prijedorski bukvar \u2013 vodi\u010d za male \u0161kolarce i njihove roditelje\u201c koji sadr\u017ei 150 pojmova o gradu Prijedoru sa opisima, ilustracijama i fotografijama. <\/p>\n<p>Autor bukvara je Prijedor\u010danin Zoran Stanic\u0301 koji je na ideju da napravi ovu publikaciju do\u0161ao prije nekoliko godina kada mu se unuk Nikola \u017ealio da ne mo\u017ee uraditi domac\u0301i zadatak iz poznavanja prirode i dru\u0161tva dok ne pita roditelje. <\/p>\n<p>\u201eU knji\u017eari sam kupio ud\u017ebenike iz poznavanja prirode i dru\u0161tva za sve razrede. I, stvarno, ispod lekcije o planinama su pitanja koje su planine u tvom kraju, tako za rijeke, tako za sve ostalo, a tih odgovora u lekcijama nema. Bilo je te\u0161ko pisati jezikom prilago\u0111enim dje\u010dijem uzrastu, pa sam bukvar prvenstveno namijenio roditeljima da imaju iz \u010dega u\u010diti djecu o svom gradu\u201c, rekao je Stanic\u0301. <\/p>\n<p>Prema njegovim rije\u010dima, \u201ePrijedorski bukvar\u201c je dopuna za ud\u017ebenike iz poznavanja prirode i dru\u0161tva u kojima se sadr\u017eaj odnosi na Republiku Srpsku, ali ne sadr\u017ee informacije za svaku lokalnu zajednicu. <\/p>\n<p>\u201ePokazalo se da mo\u017eda i 80 odsto pojmova i pojava ovdje navedenih nisu poznati ni roditeljima\u201c, dodao je Stanic\u0301. <\/p>\n<p>On je naveo da se bukvar sastoji iz tri dijela gdje prvi dio \u010dini 150 pojmova po azbu\u010dnom redu uz ilustracije Prijedor\u010danke Nata\u0161e Bubalo, studentkinje Akademije umjetnosti u Banjaluci. <\/p>\n<p>\u201eDrugi dio je Bukvar plus. To su pojmovi koje je trebalo malo \u0161ire objasniti. Recimo, porodica Stojanovic\u0301, gdje je osmero poznate djece poznatog oca sve\u0161tenika Sime, ili Hazena, za\u010detak rukometa koji nisu mu\u0161karci pokrenuli u Prijedoru, nego \u017eene. Tu je poznati tekst Milice Stojanovic\u0301 iz Geografskog glasnika Kraljevine Jugoslavije o prijedorskim porodicama i prezimenima\u201c, naveo je Stanic\u0301. <\/p>\n<p>On je istakao da je tu \u010ditav niz poznatih datuma i doga\u0111aja vezanih za grad na Sani \u2013 prvi klavir, prva \u0161ivac\u0301a ma\u0161ina, prvi \u201emercedes\u201c. \u201e\u010cetrdesetih godina gradila se pruga Brezi\u010dani \u2013 Ljubija. Brigadiri zaustave voz Zagreb \u2013 Banjaluka u kojem su fudbaleri `Crvene zvezde` i\u0161li sa utakmice s `Dinamom` na utakmicu s `Borcem`. I u cikotskim barama odigraju utakmicu prvi tim `Zvezde` i brigadiri. To je jedan od zanimljivih, a malom broju ljudi poznatih doga\u0111aja opisanih ovdje\u201c, dodao je Stanic\u0301. <\/p>\n<p>On se zahvalio Fondu za profesionalnu rehabilitaciju i zapo\u0161ljavanje invalida Republike Srpske sa sjedi\u0161tem u Prijedoru koji je kupio prvih stotinu primjeraka bukvara s namjerom da ih pokloni, nagla\u0161avajuc\u0301i da c\u0301e sav prihod od prodaje bukvara ic\u0301i u novoosnovanu fondaciju posvec\u0301enu njegovom unuku. <\/p>\n<p>Recenzent Dragan Topic\u0301 napisao je da je ovo mala enciklopedija koja na zanimljiv na\u010din vodi \u010ditaoca kroz pro\u0161lost i sada\u0161njost grada Prijedora, a recenzent Milenko Radivojac da su dje\u010da\u010dka ideja unuka i pronicljivost djeda autora spojile pri\u010du o Prijedoru u interesantno i vrijedno \u0161tivo. <\/p>\n<p>Publikaciju su podr\u017eali kabinet predsjednika Republike Srpske, gradona\u010delnik Prijedora i firme R\u017dR \u201eLjubija\u201c, \u201eArselor Mital\u201c, \u201eMira\u201c, \u201ePrijedor\u010danka\u201c, \u201ePrijedorputevi\u201c i \u201ePrint dizajn\u201c. <\/p>\n<p>Promocija je najavljena za utorak, 29. oktobra, u 19.00 \u010dasova u Pozori\u0161tu Prijedor. <\/p>\n<p>Tada c\u0301e biti predstavljena i Fondacija Nikola Baro\u0161 koju je osnovala porodica dvanaestogodi\u0161njeg dje\u010daka koji je umro u aprilu ove godine od posljedica veoma rijetke genske mutacije.<\/p>\n<p>Tekst i foto \u2013 <a href=\"https:\/\/www.prijedordanas.com\" target=\"_blank\" rel=\"noopener noreferrer\">www.prijedordanas.com<\/a> <\/p>\n","protected":false},"excerpt":{"rendered":"<p>U Prijedoru c\u0301e u utorak, 29. oktobra 2024. godine, biti promovisan &#8220;Prijedorski bukvar \u2013 vodi\u010d za male \u0161kolarce i njihove roditelje\u201c koji sadr\u017ei 150 pojmova o gradu Prijedoru sa opisima, [&hellip;]<\/p>\n","protected":false},"author":1,"featured_media":0,"comment_status":"closed","ping_status":"open","sticky":false,"template":"","format":"standard","meta":{"_monsterinsights_skip_tracking":false,"_monsterinsights_sitenote_active":false,"_monsterinsights_sitenote_note":"","_monsterinsights_sitenote_category":0,"footnotes":""},"categories":[4,7518],"tags":[],"yoast_head":"<!-- This site is optimized with the Yoast SEO plugin v21.6 - https:\/\/yoast.com\/wordpress\/plugins\/seo\/ -->\n<title>U utorak promocija &quot;Prijedorskog bukvara&quot; - PrijedorDanas.com - Prijedorski gradski portal<\/title>\n<meta name=\"robots\" content=\"index, follow, max-snippet:-1, max-image-preview:large, max-video-preview:-1\" \/>\n<link rel=\"canonical\" href=\"https:\/\/www.prijedordanas.com\/?p=235701\" \/>\n<meta property=\"og:locale\" content=\"en_US\" \/>\n<meta property=\"og:type\" content=\"article\" \/>\n<meta property=\"og:title\" content=\"U utorak promocija &quot;Prijedorskog bukvara&quot; - PrijedorDanas.com - Prijedorski gradski portal\" \/>\n<meta property=\"og:description\" content=\"U Prijedoru c\u0301e u utorak, 29. oktobra 2024. godine, biti promovisan &#8220;Prijedorski bukvar \u2013 vodi\u010d za male \u0161kolarce i njihove roditelje\u201c koji sadr\u017ei 150 pojmova o gradu Prijedoru sa opisima, [&hellip;]\" \/>\n<meta property=\"og:url\" content=\"https:\/\/www.prijedordanas.com\/?p=235701\" \/>\n<meta property=\"og:site_name\" content=\"PrijedorDanas.com - Prijedorski gradski portal\" \/>\n<meta property=\"article:publisher\" content=\"https:\/\/www.facebook.com\/PrijedorDanasCom\/\" \/>\n<meta property=\"article:published_time\" content=\"2024-10-26T06:07:53+00:00\" \/>\n<meta property=\"og:image\" content=\"https:\/\/www.prijedordanas.com\/wp-content\/uploads\/2024\/10\/prijedorski-bukvar-225x300.jpg\" \/>\n<meta name=\"author\" content=\"admin\" \/>\n<meta name=\"twitter:card\" content=\"summary_large_image\" \/>\n<meta name=\"twitter:label1\" content=\"Written by\" \/>\n\t<meta name=\"twitter:data1\" content=\"admin\" \/>\n\t<meta name=\"twitter:label2\" content=\"Est. reading time\" \/>\n\t<meta name=\"twitter:data2\" content=\"3 minutes\" \/>\n<script type=\"application\/ld+json\" class=\"yoast-schema-graph\">{\"@context\":\"https:\/\/schema.org\",\"@graph\":[{\"@type\":\"Article\",\"@id\":\"https:\/\/www.prijedordanas.com\/?p=235701#article\",\"isPartOf\":{\"@id\":\"https:\/\/www.prijedordanas.com\/?p=235701\"},\"author\":{\"name\":\"admin\",\"@id\":\"https:\/\/www.prijedordanas.com\/#\/schema\/person\/4e08ccf29b506ca916ff86d46bb700e6\"},\"headline\":\"U utorak promocija &#8220;Prijedorskog bukvara&#8221;\",\"datePublished\":\"2024-10-26T06:07:53+00:00\",\"dateModified\":\"2024-10-26T06:07:53+00:00\",\"mainEntityOfPage\":{\"@id\":\"https:\/\/www.prijedordanas.com\/?p=235701\"},\"wordCount\":555,\"publisher\":{\"@id\":\"https:\/\/www.prijedordanas.com\/#organization\"},\"articleSection\":[\"Dru\u0161tvo\",\"Mladi\"],\"inLanguage\":\"en-US\"},{\"@type\":\"WebPage\",\"@id\":\"https:\/\/www.prijedordanas.com\/?p=235701\",\"url\":\"https:\/\/www.prijedordanas.com\/?p=235701\",\"name\":\"U utorak promocija \\\"Prijedorskog bukvara\\\" - PrijedorDanas.com - Prijedorski gradski portal\",\"isPartOf\":{\"@id\":\"https:\/\/www.prijedordanas.com\/#website\"},\"datePublished\":\"2024-10-26T06:07:53+00:00\",\"dateModified\":\"2024-10-26T06:07:53+00:00\",\"breadcrumb\":{\"@id\":\"https:\/\/www.prijedordanas.com\/?p=235701#breadcrumb\"},\"inLanguage\":\"en-US\",\"potentialAction\":[{\"@type\":\"ReadAction\",\"target\":[\"https:\/\/www.prijedordanas.com\/?p=235701\"]}]},{\"@type\":\"BreadcrumbList\",\"@id\":\"https:\/\/www.prijedordanas.com\/?p=235701#breadcrumb\",\"itemListElement\":[{\"@type\":\"ListItem\",\"position\":1,\"name\":\"Home\",\"item\":\"https:\/\/www.prijedordanas.com\/\"},{\"@type\":\"ListItem\",\"position\":2,\"name\":\"U utorak promocija &#8220;Prijedorskog bukvara&#8221;\"}]},{\"@type\":\"WebSite\",\"@id\":\"https:\/\/www.prijedordanas.com\/#website\",\"url\":\"https:\/\/www.prijedordanas.com\/\",\"name\":\"PrijedorDanas.com - Prijedorski gradski portal\",\"description\":\"Portal o doga\u0111anjima u gradu Prijedoru\",\"publisher\":{\"@id\":\"https:\/\/www.prijedordanas.com\/#organization\"},\"potentialAction\":[{\"@type\":\"SearchAction\",\"target\":{\"@type\":\"EntryPoint\",\"urlTemplate\":\"https:\/\/www.prijedordanas.com\/?s={search_term_string}\"},\"query-input\":\"required name=search_term_string\"}],\"inLanguage\":\"en-US\"},{\"@type\":\"Organization\",\"@id\":\"https:\/\/www.prijedordanas.com\/#organization\",\"name\":\"PrijedorDanas.com\",\"url\":\"https:\/\/www.prijedordanas.com\/\",\"logo\":{\"@type\":\"ImageObject\",\"inLanguage\":\"en-US\",\"@id\":\"https:\/\/www.prijedordanas.com\/#\/schema\/logo\/image\/\",\"url\":\"http:\/\/www.prijedordanas.com\/wp-content\/uploads\/2021\/12\/logopng.png\",\"contentUrl\":\"http:\/\/www.prijedordanas.com\/wp-content\/uploads\/2021\/12\/logopng.png\",\"width\":1019,\"height\":776,\"caption\":\"PrijedorDanas.com\"},\"image\":{\"@id\":\"https:\/\/www.prijedordanas.com\/#\/schema\/logo\/image\/\"},\"sameAs\":[\"https:\/\/www.facebook.com\/PrijedorDanasCom\/\"]},{\"@type\":\"Person\",\"@id\":\"https:\/\/www.prijedordanas.com\/#\/schema\/person\/4e08ccf29b506ca916ff86d46bb700e6\",\"name\":\"admin\",\"image\":{\"@type\":\"ImageObject\",\"inLanguage\":\"en-US\",\"@id\":\"https:\/\/www.prijedordanas.com\/#\/schema\/person\/image\/\",\"url\":\"https:\/\/secure.gravatar.com\/avatar\/1d3fc949d550f0b53a5f0d51e06dfd79?s=96&d=mm&r=g\",\"contentUrl\":\"https:\/\/secure.gravatar.com\/avatar\/1d3fc949d550f0b53a5f0d51e06dfd79?s=96&d=mm&r=g\",\"caption\":\"admin\"},\"url\":\"https:\/\/www.prijedordanas.com\/?author=1\"}]}<\/script>\n<!-- \/ Yoast SEO plugin. -->","yoast_head_json":{"title":"U utorak promocija \"Prijedorskog bukvara\" - PrijedorDanas.com - Prijedorski gradski portal","robots":{"index":"index","follow":"follow","max-snippet":"max-snippet:-1","max-image-preview":"max-image-preview:large","max-video-preview":"max-video-preview:-1"},"canonical":"https:\/\/www.prijedordanas.com\/?p=235701","og_locale":"en_US","og_type":"article","og_title":"U utorak promocija \"Prijedorskog bukvara\" - PrijedorDanas.com - Prijedorski gradski portal","og_description":"U Prijedoru c\u0301e u utorak, 29. oktobra 2024. godine, biti promovisan &#8220;Prijedorski bukvar \u2013 vodi\u010d za male \u0161kolarce i njihove roditelje\u201c koji sadr\u017ei 150 pojmova o gradu Prijedoru sa opisima, [&hellip;]","og_url":"https:\/\/www.prijedordanas.com\/?p=235701","og_site_name":"PrijedorDanas.com - Prijedorski gradski portal","article_publisher":"https:\/\/www.facebook.com\/PrijedorDanasCom\/","article_published_time":"2024-10-26T06:07:53+00:00","og_image":[{"url":"https:\/\/www.prijedordanas.com\/wp-content\/uploads\/2024\/10\/prijedorski-bukvar-225x300.jpg"}],"author":"admin","twitter_card":"summary_large_image","twitter_misc":{"Written by":"admin","Est. reading time":"3 minutes"},"schema":{"@context":"https:\/\/schema.org","@graph":[{"@type":"Article","@id":"https:\/\/www.prijedordanas.com\/?p=235701#article","isPartOf":{"@id":"https:\/\/www.prijedordanas.com\/?p=235701"},"author":{"name":"admin","@id":"https:\/\/www.prijedordanas.com\/#\/schema\/person\/4e08ccf29b506ca916ff86d46bb700e6"},"headline":"U utorak promocija &#8220;Prijedorskog bukvara&#8221;","datePublished":"2024-10-26T06:07:53+00:00","dateModified":"2024-10-26T06:07:53+00:00","mainEntityOfPage":{"@id":"https:\/\/www.prijedordanas.com\/?p=235701"},"wordCount":555,"publisher":{"@id":"https:\/\/www.prijedordanas.com\/#organization"},"articleSection":["Dru\u0161tvo","Mladi"],"inLanguage":"en-US"},{"@type":"WebPage","@id":"https:\/\/www.prijedordanas.com\/?p=235701","url":"https:\/\/www.prijedordanas.com\/?p=235701","name":"U utorak promocija \"Prijedorskog bukvara\" - PrijedorDanas.com - Prijedorski gradski portal","isPartOf":{"@id":"https:\/\/www.prijedordanas.com\/#website"},"datePublished":"2024-10-26T06:07:53+00:00","dateModified":"2024-10-26T06:07:53+00:00","breadcrumb":{"@id":"https:\/\/www.prijedordanas.com\/?p=235701#breadcrumb"},"inLanguage":"en-US","potentialAction":[{"@type":"ReadAction","target":["https:\/\/www.prijedordanas.com\/?p=235701"]}]},{"@type":"BreadcrumbList","@id":"https:\/\/www.prijedordanas.com\/?p=235701#breadcrumb","itemListElement":[{"@type":"ListItem","position":1,"name":"Home","item":"https:\/\/www.prijedordanas.com\/"},{"@type":"ListItem","position":2,"name":"U utorak promocija &#8220;Prijedorskog bukvara&#8221;"}]},{"@type":"WebSite","@id":"https:\/\/www.prijedordanas.com\/#website","url":"https:\/\/www.prijedordanas.com\/","name":"PrijedorDanas.com - Prijedorski gradski portal","description":"Portal o doga\u0111anjima u gradu Prijedoru","publisher":{"@id":"https:\/\/www.prijedordanas.com\/#organization"},"potentialAction":[{"@type":"SearchAction","target":{"@type":"EntryPoint","urlTemplate":"https:\/\/www.prijedordanas.com\/?s={search_term_string}"},"query-input":"required name=search_term_string"}],"inLanguage":"en-US"},{"@type":"Organization","@id":"https:\/\/www.prijedordanas.com\/#organization","name":"PrijedorDanas.com","url":"https:\/\/www.prijedordanas.com\/","logo":{"@type":"ImageObject","inLanguage":"en-US","@id":"https:\/\/www.prijedordanas.com\/#\/schema\/logo\/image\/","url":"http:\/\/www.prijedordanas.com\/wp-content\/uploads\/2021\/12\/logopng.png","contentUrl":"http:\/\/www.prijedordanas.com\/wp-content\/uploads\/2021\/12\/logopng.png","width":1019,"height":776,"caption":"PrijedorDanas.com"},"image":{"@id":"https:\/\/www.prijedordanas.com\/#\/schema\/logo\/image\/"},"sameAs":["https:\/\/www.facebook.com\/PrijedorDanasCom\/"]},{"@type":"Person","@id":"https:\/\/www.prijedordanas.com\/#\/schema\/person\/4e08ccf29b506ca916ff86d46bb700e6","name":"admin","image":{"@type":"ImageObject","inLanguage":"en-US","@id":"https:\/\/www.prijedordanas.com\/#\/schema\/person\/image\/","url":"https:\/\/secure.gravatar.com\/avatar\/1d3fc949d550f0b53a5f0d51e06dfd79?s=96&d=mm&r=g","contentUrl":"https:\/\/secure.gravatar.com\/avatar\/1d3fc949d550f0b53a5f0d51e06dfd79?s=96&d=mm&r=g","caption":"admin"},"url":"https:\/\/www.prijedordanas.com\/?author=1"}]}},"_links":{"self":[{"href":"https:\/\/www.prijedordanas.com\/index.php?rest_route=\/wp\/v2\/posts\/235701"}],"collection":[{"href":"https:\/\/www.prijedordanas.com\/index.php?rest_route=\/wp\/v2\/posts"}],"about":[{"href":"https:\/\/www.prijedordanas.com\/index.php?rest_route=\/wp\/v2\/types\/post"}],"author":[{"embeddable":true,"href":"https:\/\/www.prijedordanas.com\/index.php?rest_route=\/wp\/v2\/users\/1"}],"replies":[{"embeddable":true,"href":"https:\/\/www.prijedordanas.com\/index.php?rest_route=%2Fwp%2Fv2%2Fcomments&post=235701"}],"version-history":[{"count":3,"href":"https:\/\/www.prijedordanas.com\/index.php?rest_route=\/wp\/v2\/posts\/235701\/revisions"}],"predecessor-version":[{"id":235710,"href":"https:\/\/www.prijedordanas.com\/index.php?rest_route=\/wp\/v2\/posts\/235701\/revisions\/235710"}],"wp:attachment":[{"href":"https:\/\/www.prijedordanas.com\/index.php?rest_route=%2Fwp%2Fv2%2Fmedia&parent=235701"}],"wp:term":[{"taxonomy":"category","embeddable":true,"href":"https:\/\/www.prijedordanas.com\/index.php?rest_route=%2Fwp%2Fv2%2Fcategories&post=235701"},{"taxonomy":"post_tag","embeddable":true,"href":"https:\/\/www.prijedordanas.com\/index.php?rest_route=%2Fwp%2Fv2%2Ftags&post=235701"}],"curies":[{"name":"wp","href":"https:\/\/api.w.org\/{rel}","templated":true}]}}