{"id":23552,"date":"2015-06-01T16:39:13","date_gmt":"2015-06-01T15:39:13","guid":{"rendered":"https:\/\/www.prijedordanas.com\/?p=23552"},"modified":"2015-06-01T17:49:45","modified_gmt":"2015-06-01T16:49:45","slug":"izlozbom-biblioteci-s-ljubavlju-otvoreno-prijedorsko-kulturno-ljeto-2015-foto","status":"publish","type":"post","link":"https:\/\/www.prijedordanas.com\/?p=23552","title":{"rendered":"IZLO\u017dBOM \u201eBIBLIOTECI S LJUBAVLJU\u201c OTVORENO \u201ePRIJEDORSKO KULTURNO LJETO 2015\u201c &#8211; FOTO"},"content":{"rendered":"<p><a href=\"https:\/\/www.prijedordanas.com\/wp-content\/uploads\/2015\/06\/kulturno-ljeto-2015-biblioteci-s-ljubavlju-1.jpg\"><img loading=\"lazy\" decoding=\"async\" class=\"alignleft size-medium wp-image-23553\" src=\"https:\/\/www.prijedordanas.com\/wp-content\/uploads\/2015\/06\/kulturno-ljeto-2015-biblioteci-s-ljubavlju-1-300x199.jpg\" alt=\"kulturno ljeto 2015-biblioteci s ljubavlju (1)\" width=\"300\" height=\"199\" srcset=\"https:\/\/www.prijedordanas.com\/wp-content\/uploads\/2015\/06\/kulturno-ljeto-2015-biblioteci-s-ljubavlju-1-300x199.jpg 300w, https:\/\/www.prijedordanas.com\/wp-content\/uploads\/2015\/06\/kulturno-ljeto-2015-biblioteci-s-ljubavlju-1-150x100.jpg 150w, https:\/\/www.prijedordanas.com\/wp-content\/uploads\/2015\/06\/kulturno-ljeto-2015-biblioteci-s-ljubavlju-1-200x133.jpg 200w, https:\/\/www.prijedordanas.com\/wp-content\/uploads\/2015\/06\/kulturno-ljeto-2015-biblioteci-s-ljubavlju-1-250x166.jpg 250w, https:\/\/www.prijedordanas.com\/wp-content\/uploads\/2015\/06\/kulturno-ljeto-2015-biblioteci-s-ljubavlju-1-480x320.jpg 480w, https:\/\/www.prijedordanas.com\/wp-content\/uploads\/2015\/06\/kulturno-ljeto-2015-biblioteci-s-ljubavlju-1.jpg 600w\" sizes=\"(max-width: 300px) 100vw, 300px\" \/><\/a>Izlo\u017ebom &#8220;Biblioteci s ljubavlju&#8221; Narodna biblioteka &#8220;\u0106irilo i Metodije&#8221; otvorila je danas ovogodi\u0161nje Prijedorsko kulturno ljeto.<\/p>\n<p>Direktor biblioteke Mara E\u0107im rekla je da saradnja ove ustanove sa osnovno\u0161kolskim i pred\u0161kolskim ustanovama u Prijedoru traje godinama i da je veoma plodotvorna.<\/p>\n<p>&#8220;Organizujemo pri\u010daonice, igraonice i crtaonice za najmla\u0111e. Oni nam \u010desto poklanjaju svoje radove, a mi sada te njihove radove ovom izlo\u017ebom poklanjamo svome gradu i sugra\u0111anima&#8221;, rekla je E\u0107imova novinarima u Prijedoru.<\/p>\n<p>Na 14 panoa u lapidarijumu Muzeja Kozare, osim dje\u010dijih radova, izlo\u017eene su i fotografije s dru\u017eenja najmla\u0111ih u biblioteci.<\/p>\n<p>Na\u010delnik Odjeljenja za dru\u0161tvene djelatnosti grada Prijedora LJiljana Babi\u0107 rekla je da je dana\u0161njom izlo\u017ebom otvoreno Prijedorsko kulturno ljeto 2015 i da je to prelijep dar najmla\u0111ih sugra\u0111ana, a da je ve\u010dera\u0161nji koncert banjalu\u010dke grupe &#8220;Aleksandrija&#8221; namijenjen svim ostalim generacijama.<\/p>\n<p>&#8220;Prijedorskim kulturnim ljetom pokrili smo cijelu teritoriju grada Prijedora u naredna tri mjeseca. Ve\u0107ina sadr\u017eaja bi\u0107e na otvorenom i bez napla\u0107ivanja ulaznica. Mi iz gradskog bud\u017eeta finansiramo rad javnih ustanova, kulturno-umjetni\u010dkih dru\u0161tava i nevladinih organizacija, a oni u\u010de\u0161\u0107em u ovoj manifestaciji vra\u0107aju to sugra\u0111anima&#8221;, navela je Babi\u0107eva.<\/p>\n<p>Sedmo Prijedorsko kulturno ljeto po\u010dinje danas i traje do 31. avgusta.<\/p>\n<p>Tekst \u2013 SRNA<br \/>\nFoto \u2013 Aleksandar Drakuli\u0107 \u2013 <a href=\"www.prijedordanas.com\" target=\"_blank\">www.prijedordanas.com<\/a><br \/>\n<a href=\"https:\/\/www.prijedordanas.com\/wp-content\/uploads\/2015\/06\/kulturno-ljeto-2015-biblioteci-s-ljubavlju-2.jpg\"><img loading=\"lazy\" decoding=\"async\" class=\"alignleft size-medium wp-image-23556\" src=\"https:\/\/www.prijedordanas.com\/wp-content\/uploads\/2015\/06\/kulturno-ljeto-2015-biblioteci-s-ljubavlju-2-300x199.jpg\" alt=\"kulturno ljeto 2015-biblioteci s ljubavlju (2)\" width=\"300\" height=\"199\" srcset=\"https:\/\/www.prijedordanas.com\/wp-content\/uploads\/2015\/06\/kulturno-ljeto-2015-biblioteci-s-ljubavlju-2-300x199.jpg 300w, https:\/\/www.prijedordanas.com\/wp-content\/uploads\/2015\/06\/kulturno-ljeto-2015-biblioteci-s-ljubavlju-2-150x100.jpg 150w, https:\/\/www.prijedordanas.com\/wp-content\/uploads\/2015\/06\/kulturno-ljeto-2015-biblioteci-s-ljubavlju-2-200x133.jpg 200w, https:\/\/www.prijedordanas.com\/wp-content\/uploads\/2015\/06\/kulturno-ljeto-2015-biblioteci-s-ljubavlju-2-250x166.jpg 250w, https:\/\/www.prijedordanas.com\/wp-content\/uploads\/2015\/06\/kulturno-ljeto-2015-biblioteci-s-ljubavlju-2-480x320.jpg 480w, https:\/\/www.prijedordanas.com\/wp-content\/uploads\/2015\/06\/kulturno-ljeto-2015-biblioteci-s-ljubavlju-2.jpg 600w\" sizes=\"(max-width: 300px) 100vw, 300px\" \/><\/a> <a href=\"https:\/\/www.prijedordanas.com\/wp-content\/uploads\/2015\/06\/kulturno-ljeto-2015-biblioteci-s-ljubavlju-3.jpg\"><img loading=\"lazy\" decoding=\"async\" class=\"alignleft size-medium wp-image-23557\" src=\"https:\/\/www.prijedordanas.com\/wp-content\/uploads\/2015\/06\/kulturno-ljeto-2015-biblioteci-s-ljubavlju-3-300x199.jpg\" alt=\"kulturno ljeto 2015-biblioteci s ljubavlju (3)\" width=\"300\" height=\"199\" srcset=\"https:\/\/www.prijedordanas.com\/wp-content\/uploads\/2015\/06\/kulturno-ljeto-2015-biblioteci-s-ljubavlju-3-300x199.jpg 300w, https:\/\/www.prijedordanas.com\/wp-content\/uploads\/2015\/06\/kulturno-ljeto-2015-biblioteci-s-ljubavlju-3-150x100.jpg 150w, https:\/\/www.prijedordanas.com\/wp-content\/uploads\/2015\/06\/kulturno-ljeto-2015-biblioteci-s-ljubavlju-3-200x133.jpg 200w, https:\/\/www.prijedordanas.com\/wp-content\/uploads\/2015\/06\/kulturno-ljeto-2015-biblioteci-s-ljubavlju-3-250x166.jpg 250w, https:\/\/www.prijedordanas.com\/wp-content\/uploads\/2015\/06\/kulturno-ljeto-2015-biblioteci-s-ljubavlju-3-480x320.jpg 480w, https:\/\/www.prijedordanas.com\/wp-content\/uploads\/2015\/06\/kulturno-ljeto-2015-biblioteci-s-ljubavlju-3.jpg 600w\" sizes=\"(max-width: 300px) 100vw, 300px\" \/><\/a> <a href=\"https:\/\/www.prijedordanas.com\/wp-content\/uploads\/2015\/06\/kulturno-ljeto-2015-biblioteci-s-ljubavlju-4.jpg\"><img loading=\"lazy\" decoding=\"async\" class=\"alignleft size-medium wp-image-23558\" src=\"https:\/\/www.prijedordanas.com\/wp-content\/uploads\/2015\/06\/kulturno-ljeto-2015-biblioteci-s-ljubavlju-4-300x199.jpg\" alt=\"kulturno ljeto 2015-biblioteci s ljubavlju (4)\" width=\"300\" height=\"199\" srcset=\"https:\/\/www.prijedordanas.com\/wp-content\/uploads\/2015\/06\/kulturno-ljeto-2015-biblioteci-s-ljubavlju-4-300x199.jpg 300w, https:\/\/www.prijedordanas.com\/wp-content\/uploads\/2015\/06\/kulturno-ljeto-2015-biblioteci-s-ljubavlju-4-150x100.jpg 150w, https:\/\/www.prijedordanas.com\/wp-content\/uploads\/2015\/06\/kulturno-ljeto-2015-biblioteci-s-ljubavlju-4-200x133.jpg 200w, https:\/\/www.prijedordanas.com\/wp-content\/uploads\/2015\/06\/kulturno-ljeto-2015-biblioteci-s-ljubavlju-4-250x166.jpg 250w, https:\/\/www.prijedordanas.com\/wp-content\/uploads\/2015\/06\/kulturno-ljeto-2015-biblioteci-s-ljubavlju-4-480x320.jpg 480w, https:\/\/www.prijedordanas.com\/wp-content\/uploads\/2015\/06\/kulturno-ljeto-2015-biblioteci-s-ljubavlju-4.jpg 600w\" sizes=\"(max-width: 300px) 100vw, 300px\" \/><\/a> <a href=\"https:\/\/www.prijedordanas.com\/wp-content\/uploads\/2015\/06\/kulturno-ljeto-2015-biblioteci-s-ljubavlju-5.jpg\"><img loading=\"lazy\" decoding=\"async\" class=\"alignleft size-medium wp-image-23559\" src=\"https:\/\/www.prijedordanas.com\/wp-content\/uploads\/2015\/06\/kulturno-ljeto-2015-biblioteci-s-ljubavlju-5-300x199.jpg\" alt=\"kulturno ljeto 2015-biblioteci s ljubavlju (5)\" width=\"300\" height=\"199\" srcset=\"https:\/\/www.prijedordanas.com\/wp-content\/uploads\/2015\/06\/kulturno-ljeto-2015-biblioteci-s-ljubavlju-5-300x199.jpg 300w, https:\/\/www.prijedordanas.com\/wp-content\/uploads\/2015\/06\/kulturno-ljeto-2015-biblioteci-s-ljubavlju-5-150x100.jpg 150w, https:\/\/www.prijedordanas.com\/wp-content\/uploads\/2015\/06\/kulturno-ljeto-2015-biblioteci-s-ljubavlju-5-200x133.jpg 200w, https:\/\/www.prijedordanas.com\/wp-content\/uploads\/2015\/06\/kulturno-ljeto-2015-biblioteci-s-ljubavlju-5-250x166.jpg 250w, https:\/\/www.prijedordanas.com\/wp-content\/uploads\/2015\/06\/kulturno-ljeto-2015-biblioteci-s-ljubavlju-5-480x320.jpg 480w, https:\/\/www.prijedordanas.com\/wp-content\/uploads\/2015\/06\/kulturno-ljeto-2015-biblioteci-s-ljubavlju-5.jpg 600w\" sizes=\"(max-width: 300px) 100vw, 300px\" \/><\/a> <a href=\"https:\/\/www.prijedordanas.com\/wp-content\/uploads\/2015\/06\/kulturno-ljeto-2015-biblioteci-s-ljubavlju-6.jpg\"><img loading=\"lazy\" decoding=\"async\" class=\"alignleft size-medium wp-image-23560\" src=\"https:\/\/www.prijedordanas.com\/wp-content\/uploads\/2015\/06\/kulturno-ljeto-2015-biblioteci-s-ljubavlju-6-300x199.jpg\" alt=\"kulturno ljeto 2015-biblioteci s ljubavlju (6)\" width=\"300\" height=\"199\" srcset=\"https:\/\/www.prijedordanas.com\/wp-content\/uploads\/2015\/06\/kulturno-ljeto-2015-biblioteci-s-ljubavlju-6-300x199.jpg 300w, https:\/\/www.prijedordanas.com\/wp-content\/uploads\/2015\/06\/kulturno-ljeto-2015-biblioteci-s-ljubavlju-6-150x100.jpg 150w, https:\/\/www.prijedordanas.com\/wp-content\/uploads\/2015\/06\/kulturno-ljeto-2015-biblioteci-s-ljubavlju-6-200x133.jpg 200w, https:\/\/www.prijedordanas.com\/wp-content\/uploads\/2015\/06\/kulturno-ljeto-2015-biblioteci-s-ljubavlju-6-250x166.jpg 250w, https:\/\/www.prijedordanas.com\/wp-content\/uploads\/2015\/06\/kulturno-ljeto-2015-biblioteci-s-ljubavlju-6-480x320.jpg 480w, https:\/\/www.prijedordanas.com\/wp-content\/uploads\/2015\/06\/kulturno-ljeto-2015-biblioteci-s-ljubavlju-6.jpg 600w\" sizes=\"(max-width: 300px) 100vw, 300px\" \/><\/a> <a href=\"https:\/\/www.prijedordanas.com\/wp-content\/uploads\/2015\/06\/kulturno-ljeto-2015-biblioteci-s-ljubavlju-7.jpg\"><img loading=\"lazy\" decoding=\"async\" class=\"alignleft size-medium wp-image-23561\" src=\"https:\/\/www.prijedordanas.com\/wp-content\/uploads\/2015\/06\/kulturno-ljeto-2015-biblioteci-s-ljubavlju-7-300x199.jpg\" alt=\"kulturno ljeto 2015-biblioteci s ljubavlju (7)\" width=\"300\" height=\"199\" srcset=\"https:\/\/www.prijedordanas.com\/wp-content\/uploads\/2015\/06\/kulturno-ljeto-2015-biblioteci-s-ljubavlju-7-300x199.jpg 300w, https:\/\/www.prijedordanas.com\/wp-content\/uploads\/2015\/06\/kulturno-ljeto-2015-biblioteci-s-ljubavlju-7-150x100.jpg 150w, https:\/\/www.prijedordanas.com\/wp-content\/uploads\/2015\/06\/kulturno-ljeto-2015-biblioteci-s-ljubavlju-7-200x133.jpg 200w, https:\/\/www.prijedordanas.com\/wp-content\/uploads\/2015\/06\/kulturno-ljeto-2015-biblioteci-s-ljubavlju-7-250x166.jpg 250w, https:\/\/www.prijedordanas.com\/wp-content\/uploads\/2015\/06\/kulturno-ljeto-2015-biblioteci-s-ljubavlju-7-480x320.jpg 480w, https:\/\/www.prijedordanas.com\/wp-content\/uploads\/2015\/06\/kulturno-ljeto-2015-biblioteci-s-ljubavlju-7.jpg 600w\" sizes=\"(max-width: 300px) 100vw, 300px\" \/><\/a> <a href=\"https:\/\/www.prijedordanas.com\/wp-content\/uploads\/2015\/06\/kulturno-ljeto-2015-biblioteci-s-ljubavlju-8.jpg\"><img loading=\"lazy\" decoding=\"async\" class=\"alignleft size-medium wp-image-23562\" src=\"https:\/\/www.prijedordanas.com\/wp-content\/uploads\/2015\/06\/kulturno-ljeto-2015-biblioteci-s-ljubavlju-8-300x199.jpg\" alt=\"kulturno ljeto 2015-biblioteci s ljubavlju (8)\" width=\"300\" height=\"199\" srcset=\"https:\/\/www.prijedordanas.com\/wp-content\/uploads\/2015\/06\/kulturno-ljeto-2015-biblioteci-s-ljubavlju-8-300x199.jpg 300w, https:\/\/www.prijedordanas.com\/wp-content\/uploads\/2015\/06\/kulturno-ljeto-2015-biblioteci-s-ljubavlju-8-150x100.jpg 150w, https:\/\/www.prijedordanas.com\/wp-content\/uploads\/2015\/06\/kulturno-ljeto-2015-biblioteci-s-ljubavlju-8-200x133.jpg 200w, https:\/\/www.prijedordanas.com\/wp-content\/uploads\/2015\/06\/kulturno-ljeto-2015-biblioteci-s-ljubavlju-8-250x166.jpg 250w, https:\/\/www.prijedordanas.com\/wp-content\/uploads\/2015\/06\/kulturno-ljeto-2015-biblioteci-s-ljubavlju-8-480x320.jpg 480w, https:\/\/www.prijedordanas.com\/wp-content\/uploads\/2015\/06\/kulturno-ljeto-2015-biblioteci-s-ljubavlju-8.jpg 600w\" sizes=\"(max-width: 300px) 100vw, 300px\" \/><\/a> <a href=\"https:\/\/www.prijedordanas.com\/wp-content\/uploads\/2015\/06\/kulturno-ljeto-2015-biblioteci-s-ljubavlju-9.jpg\"><img loading=\"lazy\" decoding=\"async\" class=\"alignleft size-medium wp-image-23563\" src=\"https:\/\/www.prijedordanas.com\/wp-content\/uploads\/2015\/06\/kulturno-ljeto-2015-biblioteci-s-ljubavlju-9-300x199.jpg\" alt=\"kulturno ljeto 2015-biblioteci s ljubavlju (9)\" width=\"300\" height=\"199\" srcset=\"https:\/\/www.prijedordanas.com\/wp-content\/uploads\/2015\/06\/kulturno-ljeto-2015-biblioteci-s-ljubavlju-9-300x199.jpg 300w, https:\/\/www.prijedordanas.com\/wp-content\/uploads\/2015\/06\/kulturno-ljeto-2015-biblioteci-s-ljubavlju-9-150x100.jpg 150w, https:\/\/www.prijedordanas.com\/wp-content\/uploads\/2015\/06\/kulturno-ljeto-2015-biblioteci-s-ljubavlju-9-200x133.jpg 200w, https:\/\/www.prijedordanas.com\/wp-content\/uploads\/2015\/06\/kulturno-ljeto-2015-biblioteci-s-ljubavlju-9-250x166.jpg 250w, https:\/\/www.prijedordanas.com\/wp-content\/uploads\/2015\/06\/kulturno-ljeto-2015-biblioteci-s-ljubavlju-9-480x320.jpg 480w, https:\/\/www.prijedordanas.com\/wp-content\/uploads\/2015\/06\/kulturno-ljeto-2015-biblioteci-s-ljubavlju-9.jpg 600w\" sizes=\"(max-width: 300px) 100vw, 300px\" \/><\/a> <a href=\"https:\/\/www.prijedordanas.com\/wp-content\/uploads\/2015\/06\/kulturno-ljeto-2015-biblioteci-s-ljubavlju-10.jpg\"><img loading=\"lazy\" decoding=\"async\" class=\"alignleft size-medium wp-image-23564\" src=\"https:\/\/www.prijedordanas.com\/wp-content\/uploads\/2015\/06\/kulturno-ljeto-2015-biblioteci-s-ljubavlju-10-300x199.jpg\" alt=\"kulturno ljeto 2015-biblioteci s ljubavlju (10)\" width=\"300\" height=\"199\" srcset=\"https:\/\/www.prijedordanas.com\/wp-content\/uploads\/2015\/06\/kulturno-ljeto-2015-biblioteci-s-ljubavlju-10-300x199.jpg 300w, https:\/\/www.prijedordanas.com\/wp-content\/uploads\/2015\/06\/kulturno-ljeto-2015-biblioteci-s-ljubavlju-10-150x100.jpg 150w, https:\/\/www.prijedordanas.com\/wp-content\/uploads\/2015\/06\/kulturno-ljeto-2015-biblioteci-s-ljubavlju-10-200x133.jpg 200w, https:\/\/www.prijedordanas.com\/wp-content\/uploads\/2015\/06\/kulturno-ljeto-2015-biblioteci-s-ljubavlju-10-250x166.jpg 250w, https:\/\/www.prijedordanas.com\/wp-content\/uploads\/2015\/06\/kulturno-ljeto-2015-biblioteci-s-ljubavlju-10-480x320.jpg 480w, https:\/\/www.prijedordanas.com\/wp-content\/uploads\/2015\/06\/kulturno-ljeto-2015-biblioteci-s-ljubavlju-10.jpg 600w\" sizes=\"(max-width: 300px) 100vw, 300px\" \/><\/a> <a href=\"https:\/\/www.prijedordanas.com\/wp-content\/uploads\/2015\/06\/kulturno-ljeto-2015-biblioteci-s-ljubavlju-11.jpg\"><img loading=\"lazy\" decoding=\"async\" class=\"alignleft size-medium wp-image-23565\" src=\"https:\/\/www.prijedordanas.com\/wp-content\/uploads\/2015\/06\/kulturno-ljeto-2015-biblioteci-s-ljubavlju-11-300x199.jpg\" alt=\"kulturno ljeto 2015-biblioteci s ljubavlju (11)\" width=\"300\" height=\"199\" srcset=\"https:\/\/www.prijedordanas.com\/wp-content\/uploads\/2015\/06\/kulturno-ljeto-2015-biblioteci-s-ljubavlju-11-300x199.jpg 300w, https:\/\/www.prijedordanas.com\/wp-content\/uploads\/2015\/06\/kulturno-ljeto-2015-biblioteci-s-ljubavlju-11-150x100.jpg 150w, https:\/\/www.prijedordanas.com\/wp-content\/uploads\/2015\/06\/kulturno-ljeto-2015-biblioteci-s-ljubavlju-11-200x133.jpg 200w, https:\/\/www.prijedordanas.com\/wp-content\/uploads\/2015\/06\/kulturno-ljeto-2015-biblioteci-s-ljubavlju-11-250x166.jpg 250w, https:\/\/www.prijedordanas.com\/wp-content\/uploads\/2015\/06\/kulturno-ljeto-2015-biblioteci-s-ljubavlju-11-480x320.jpg 480w, https:\/\/www.prijedordanas.com\/wp-content\/uploads\/2015\/06\/kulturno-ljeto-2015-biblioteci-s-ljubavlju-11.jpg 600w\" sizes=\"(max-width: 300px) 100vw, 300px\" \/><\/a> <a href=\"https:\/\/www.prijedordanas.com\/wp-content\/uploads\/2015\/06\/kulturno-ljeto-2015-biblioteci-s-ljubavlju-12.jpg\"><img loading=\"lazy\" decoding=\"async\" class=\"alignleft size-medium wp-image-23566\" src=\"https:\/\/www.prijedordanas.com\/wp-content\/uploads\/2015\/06\/kulturno-ljeto-2015-biblioteci-s-ljubavlju-12-300x199.jpg\" alt=\"kulturno ljeto 2015-biblioteci s ljubavlju (12)\" width=\"300\" height=\"199\" srcset=\"https:\/\/www.prijedordanas.com\/wp-content\/uploads\/2015\/06\/kulturno-ljeto-2015-biblioteci-s-ljubavlju-12-300x199.jpg 300w, https:\/\/www.prijedordanas.com\/wp-content\/uploads\/2015\/06\/kulturno-ljeto-2015-biblioteci-s-ljubavlju-12-150x100.jpg 150w, https:\/\/www.prijedordanas.com\/wp-content\/uploads\/2015\/06\/kulturno-ljeto-2015-biblioteci-s-ljubavlju-12-200x133.jpg 200w, https:\/\/www.prijedordanas.com\/wp-content\/uploads\/2015\/06\/kulturno-ljeto-2015-biblioteci-s-ljubavlju-12-250x166.jpg 250w, https:\/\/www.prijedordanas.com\/wp-content\/uploads\/2015\/06\/kulturno-ljeto-2015-biblioteci-s-ljubavlju-12-480x320.jpg 480w, https:\/\/www.prijedordanas.com\/wp-content\/uploads\/2015\/06\/kulturno-ljeto-2015-biblioteci-s-ljubavlju-12.jpg 600w\" sizes=\"(max-width: 300px) 100vw, 300px\" \/><\/a><\/p>\n","protected":false},"excerpt":{"rendered":"<p>Izlo\u017ebom &#8220;Biblioteci s ljubavlju&#8221; Narodna biblioteka &#8220;\u0106irilo i Metodije&#8221; otvorila je danas ovogodi\u0161nje Prijedorsko kulturno ljeto. Direktor biblioteke Mara E\u0107im rekla je da saradnja ove ustanove sa osnovno\u0161kolskim i pred\u0161kolskim [&hellip;]<\/p>\n","protected":false},"author":1,"featured_media":0,"comment_status":"closed","ping_status":"open","sticky":false,"template":"","format":"standard","meta":{"_monsterinsights_skip_tracking":false,"_monsterinsights_sitenote_active":false,"_monsterinsights_sitenote_note":"","_monsterinsights_sitenote_category":0,"footnotes":""},"categories":[4],"tags":[3733,3732,654],"yoast_head":"<!-- This site is optimized with the Yoast SEO plugin v21.6 - https:\/\/yoast.com\/wordpress\/plugins\/seo\/ -->\n<title>IZLO\u017dBOM \u201eBIBLIOTECI S LJUBAVLJU\u201c OTVORENO \u201ePRIJEDORSKO KULTURNO LJETO 2015\u201c - FOTO - PrijedorDanas.com - Prijedorski gradski portal<\/title>\n<meta name=\"robots\" content=\"index, follow, max-snippet:-1, max-image-preview:large, max-video-preview:-1\" \/>\n<link rel=\"canonical\" href=\"https:\/\/www.prijedordanas.com\/?p=23552\" \/>\n<meta property=\"og:locale\" content=\"en_US\" \/>\n<meta property=\"og:type\" content=\"article\" \/>\n<meta property=\"og:title\" content=\"IZLO\u017dBOM \u201eBIBLIOTECI S LJUBAVLJU\u201c OTVORENO \u201ePRIJEDORSKO KULTURNO LJETO 2015\u201c - FOTO - PrijedorDanas.com - Prijedorski gradski portal\" \/>\n<meta property=\"og:description\" content=\"Izlo\u017ebom &#8220;Biblioteci s ljubavlju&#8221; Narodna biblioteka &#8220;\u0106irilo i Metodije&#8221; otvorila je danas ovogodi\u0161nje Prijedorsko kulturno ljeto. Direktor biblioteke Mara E\u0107im rekla je da saradnja ove ustanove sa osnovno\u0161kolskim i pred\u0161kolskim [&hellip;]\" \/>\n<meta property=\"og:url\" content=\"https:\/\/www.prijedordanas.com\/?p=23552\" \/>\n<meta property=\"og:site_name\" content=\"PrijedorDanas.com - Prijedorski gradski portal\" \/>\n<meta property=\"article:publisher\" content=\"https:\/\/www.facebook.com\/PrijedorDanasCom\/\" \/>\n<meta property=\"article:published_time\" content=\"2015-06-01T15:39:13+00:00\" \/>\n<meta property=\"article:modified_time\" content=\"2015-06-01T16:49:45+00:00\" \/>\n<meta property=\"og:image\" content=\"https:\/\/www.prijedordanas.com\/wp-content\/uploads\/2015\/06\/kulturno-ljeto-2015-biblioteci-s-ljubavlju-1-300x199.jpg\" \/>\n<meta name=\"author\" content=\"admin\" \/>\n<meta name=\"twitter:card\" content=\"summary_large_image\" \/>\n<meta name=\"twitter:label1\" content=\"Written by\" \/>\n\t<meta name=\"twitter:data1\" content=\"admin\" \/>\n\t<meta name=\"twitter:label2\" content=\"Est. reading time\" \/>\n\t<meta name=\"twitter:data2\" content=\"1 minute\" \/>\n<script type=\"application\/ld+json\" class=\"yoast-schema-graph\">{\"@context\":\"https:\/\/schema.org\",\"@graph\":[{\"@type\":\"Article\",\"@id\":\"https:\/\/www.prijedordanas.com\/?p=23552#article\",\"isPartOf\":{\"@id\":\"https:\/\/www.prijedordanas.com\/?p=23552\"},\"author\":{\"name\":\"admin\",\"@id\":\"https:\/\/www.prijedordanas.com\/#\/schema\/person\/4e08ccf29b506ca916ff86d46bb700e6\"},\"headline\":\"IZLO\u017dBOM \u201eBIBLIOTECI S LJUBAVLJU\u201c OTVORENO \u201ePRIJEDORSKO KULTURNO LJETO 2015\u201c &#8211; FOTO\",\"datePublished\":\"2015-06-01T15:39:13+00:00\",\"dateModified\":\"2015-06-01T16:49:45+00:00\",\"mainEntityOfPage\":{\"@id\":\"https:\/\/www.prijedordanas.com\/?p=23552\"},\"wordCount\":241,\"publisher\":{\"@id\":\"https:\/\/www.prijedordanas.com\/#organization\"},\"keywords\":[\"Biblioteci s ljubavlju\",\"Kulturno ljeto Prijedor 2015\",\"Narodna biblioteka \u0106irilo i Metodije\"],\"articleSection\":[\"Dru\u0161tvo\"],\"inLanguage\":\"en-US\"},{\"@type\":\"WebPage\",\"@id\":\"https:\/\/www.prijedordanas.com\/?p=23552\",\"url\":\"https:\/\/www.prijedordanas.com\/?p=23552\",\"name\":\"IZLO\u017dBOM \u201eBIBLIOTECI S LJUBAVLJU\u201c OTVORENO \u201ePRIJEDORSKO KULTURNO LJETO 2015\u201c - FOTO - PrijedorDanas.com - Prijedorski gradski portal\",\"isPartOf\":{\"@id\":\"https:\/\/www.prijedordanas.com\/#website\"},\"datePublished\":\"2015-06-01T15:39:13+00:00\",\"dateModified\":\"2015-06-01T16:49:45+00:00\",\"breadcrumb\":{\"@id\":\"https:\/\/www.prijedordanas.com\/?p=23552#breadcrumb\"},\"inLanguage\":\"en-US\",\"potentialAction\":[{\"@type\":\"ReadAction\",\"target\":[\"https:\/\/www.prijedordanas.com\/?p=23552\"]}]},{\"@type\":\"BreadcrumbList\",\"@id\":\"https:\/\/www.prijedordanas.com\/?p=23552#breadcrumb\",\"itemListElement\":[{\"@type\":\"ListItem\",\"position\":1,\"name\":\"Home\",\"item\":\"https:\/\/www.prijedordanas.com\/\"},{\"@type\":\"ListItem\",\"position\":2,\"name\":\"IZLO\u017dBOM \u201eBIBLIOTECI S LJUBAVLJU\u201c OTVORENO \u201ePRIJEDORSKO KULTURNO LJETO 2015\u201c &#8211; FOTO\"}]},{\"@type\":\"WebSite\",\"@id\":\"https:\/\/www.prijedordanas.com\/#website\",\"url\":\"https:\/\/www.prijedordanas.com\/\",\"name\":\"PrijedorDanas.com - Prijedorski gradski portal\",\"description\":\"Portal o doga\u0111anjima u gradu Prijedoru\",\"publisher\":{\"@id\":\"https:\/\/www.prijedordanas.com\/#organization\"},\"potentialAction\":[{\"@type\":\"SearchAction\",\"target\":{\"@type\":\"EntryPoint\",\"urlTemplate\":\"https:\/\/www.prijedordanas.com\/?s={search_term_string}\"},\"query-input\":\"required name=search_term_string\"}],\"inLanguage\":\"en-US\"},{\"@type\":\"Organization\",\"@id\":\"https:\/\/www.prijedordanas.com\/#organization\",\"name\":\"PrijedorDanas.com\",\"url\":\"https:\/\/www.prijedordanas.com\/\",\"logo\":{\"@type\":\"ImageObject\",\"inLanguage\":\"en-US\",\"@id\":\"https:\/\/www.prijedordanas.com\/#\/schema\/logo\/image\/\",\"url\":\"http:\/\/www.prijedordanas.com\/wp-content\/uploads\/2021\/12\/logopng.png\",\"contentUrl\":\"http:\/\/www.prijedordanas.com\/wp-content\/uploads\/2021\/12\/logopng.png\",\"width\":1019,\"height\":776,\"caption\":\"PrijedorDanas.com\"},\"image\":{\"@id\":\"https:\/\/www.prijedordanas.com\/#\/schema\/logo\/image\/\"},\"sameAs\":[\"https:\/\/www.facebook.com\/PrijedorDanasCom\/\"]},{\"@type\":\"Person\",\"@id\":\"https:\/\/www.prijedordanas.com\/#\/schema\/person\/4e08ccf29b506ca916ff86d46bb700e6\",\"name\":\"admin\",\"image\":{\"@type\":\"ImageObject\",\"inLanguage\":\"en-US\",\"@id\":\"https:\/\/www.prijedordanas.com\/#\/schema\/person\/image\/\",\"url\":\"https:\/\/secure.gravatar.com\/avatar\/1d3fc949d550f0b53a5f0d51e06dfd79?s=96&d=mm&r=g\",\"contentUrl\":\"https:\/\/secure.gravatar.com\/avatar\/1d3fc949d550f0b53a5f0d51e06dfd79?s=96&d=mm&r=g\",\"caption\":\"admin\"},\"url\":\"https:\/\/www.prijedordanas.com\/?author=1\"}]}<\/script>\n<!-- \/ Yoast SEO plugin. -->","yoast_head_json":{"title":"IZLO\u017dBOM \u201eBIBLIOTECI S LJUBAVLJU\u201c OTVORENO \u201ePRIJEDORSKO KULTURNO LJETO 2015\u201c - FOTO - PrijedorDanas.com - Prijedorski gradski portal","robots":{"index":"index","follow":"follow","max-snippet":"max-snippet:-1","max-image-preview":"max-image-preview:large","max-video-preview":"max-video-preview:-1"},"canonical":"https:\/\/www.prijedordanas.com\/?p=23552","og_locale":"en_US","og_type":"article","og_title":"IZLO\u017dBOM \u201eBIBLIOTECI S LJUBAVLJU\u201c OTVORENO \u201ePRIJEDORSKO KULTURNO LJETO 2015\u201c - FOTO - PrijedorDanas.com - Prijedorski gradski portal","og_description":"Izlo\u017ebom &#8220;Biblioteci s ljubavlju&#8221; Narodna biblioteka &#8220;\u0106irilo i Metodije&#8221; otvorila je danas ovogodi\u0161nje Prijedorsko kulturno ljeto. Direktor biblioteke Mara E\u0107im rekla je da saradnja ove ustanove sa osnovno\u0161kolskim i pred\u0161kolskim [&hellip;]","og_url":"https:\/\/www.prijedordanas.com\/?p=23552","og_site_name":"PrijedorDanas.com - Prijedorski gradski portal","article_publisher":"https:\/\/www.facebook.com\/PrijedorDanasCom\/","article_published_time":"2015-06-01T15:39:13+00:00","article_modified_time":"2015-06-01T16:49:45+00:00","og_image":[{"url":"https:\/\/www.prijedordanas.com\/wp-content\/uploads\/2015\/06\/kulturno-ljeto-2015-biblioteci-s-ljubavlju-1-300x199.jpg"}],"author":"admin","twitter_card":"summary_large_image","twitter_misc":{"Written by":"admin","Est. reading time":"1 minute"},"schema":{"@context":"https:\/\/schema.org","@graph":[{"@type":"Article","@id":"https:\/\/www.prijedordanas.com\/?p=23552#article","isPartOf":{"@id":"https:\/\/www.prijedordanas.com\/?p=23552"},"author":{"name":"admin","@id":"https:\/\/www.prijedordanas.com\/#\/schema\/person\/4e08ccf29b506ca916ff86d46bb700e6"},"headline":"IZLO\u017dBOM \u201eBIBLIOTECI S LJUBAVLJU\u201c OTVORENO \u201ePRIJEDORSKO KULTURNO LJETO 2015\u201c &#8211; FOTO","datePublished":"2015-06-01T15:39:13+00:00","dateModified":"2015-06-01T16:49:45+00:00","mainEntityOfPage":{"@id":"https:\/\/www.prijedordanas.com\/?p=23552"},"wordCount":241,"publisher":{"@id":"https:\/\/www.prijedordanas.com\/#organization"},"keywords":["Biblioteci s ljubavlju","Kulturno ljeto Prijedor 2015","Narodna biblioteka \u0106irilo i Metodije"],"articleSection":["Dru\u0161tvo"],"inLanguage":"en-US"},{"@type":"WebPage","@id":"https:\/\/www.prijedordanas.com\/?p=23552","url":"https:\/\/www.prijedordanas.com\/?p=23552","name":"IZLO\u017dBOM \u201eBIBLIOTECI S LJUBAVLJU\u201c OTVORENO \u201ePRIJEDORSKO KULTURNO LJETO 2015\u201c - FOTO - PrijedorDanas.com - Prijedorski gradski portal","isPartOf":{"@id":"https:\/\/www.prijedordanas.com\/#website"},"datePublished":"2015-06-01T15:39:13+00:00","dateModified":"2015-06-01T16:49:45+00:00","breadcrumb":{"@id":"https:\/\/www.prijedordanas.com\/?p=23552#breadcrumb"},"inLanguage":"en-US","potentialAction":[{"@type":"ReadAction","target":["https:\/\/www.prijedordanas.com\/?p=23552"]}]},{"@type":"BreadcrumbList","@id":"https:\/\/www.prijedordanas.com\/?p=23552#breadcrumb","itemListElement":[{"@type":"ListItem","position":1,"name":"Home","item":"https:\/\/www.prijedordanas.com\/"},{"@type":"ListItem","position":2,"name":"IZLO\u017dBOM \u201eBIBLIOTECI S LJUBAVLJU\u201c OTVORENO \u201ePRIJEDORSKO KULTURNO LJETO 2015\u201c &#8211; FOTO"}]},{"@type":"WebSite","@id":"https:\/\/www.prijedordanas.com\/#website","url":"https:\/\/www.prijedordanas.com\/","name":"PrijedorDanas.com - Prijedorski gradski portal","description":"Portal o doga\u0111anjima u gradu Prijedoru","publisher":{"@id":"https:\/\/www.prijedordanas.com\/#organization"},"potentialAction":[{"@type":"SearchAction","target":{"@type":"EntryPoint","urlTemplate":"https:\/\/www.prijedordanas.com\/?s={search_term_string}"},"query-input":"required name=search_term_string"}],"inLanguage":"en-US"},{"@type":"Organization","@id":"https:\/\/www.prijedordanas.com\/#organization","name":"PrijedorDanas.com","url":"https:\/\/www.prijedordanas.com\/","logo":{"@type":"ImageObject","inLanguage":"en-US","@id":"https:\/\/www.prijedordanas.com\/#\/schema\/logo\/image\/","url":"http:\/\/www.prijedordanas.com\/wp-content\/uploads\/2021\/12\/logopng.png","contentUrl":"http:\/\/www.prijedordanas.com\/wp-content\/uploads\/2021\/12\/logopng.png","width":1019,"height":776,"caption":"PrijedorDanas.com"},"image":{"@id":"https:\/\/www.prijedordanas.com\/#\/schema\/logo\/image\/"},"sameAs":["https:\/\/www.facebook.com\/PrijedorDanasCom\/"]},{"@type":"Person","@id":"https:\/\/www.prijedordanas.com\/#\/schema\/person\/4e08ccf29b506ca916ff86d46bb700e6","name":"admin","image":{"@type":"ImageObject","inLanguage":"en-US","@id":"https:\/\/www.prijedordanas.com\/#\/schema\/person\/image\/","url":"https:\/\/secure.gravatar.com\/avatar\/1d3fc949d550f0b53a5f0d51e06dfd79?s=96&d=mm&r=g","contentUrl":"https:\/\/secure.gravatar.com\/avatar\/1d3fc949d550f0b53a5f0d51e06dfd79?s=96&d=mm&r=g","caption":"admin"},"url":"https:\/\/www.prijedordanas.com\/?author=1"}]}},"_links":{"self":[{"href":"https:\/\/www.prijedordanas.com\/index.php?rest_route=\/wp\/v2\/posts\/23552"}],"collection":[{"href":"https:\/\/www.prijedordanas.com\/index.php?rest_route=\/wp\/v2\/posts"}],"about":[{"href":"https:\/\/www.prijedordanas.com\/index.php?rest_route=\/wp\/v2\/types\/post"}],"author":[{"embeddable":true,"href":"https:\/\/www.prijedordanas.com\/index.php?rest_route=\/wp\/v2\/users\/1"}],"replies":[{"embeddable":true,"href":"https:\/\/www.prijedordanas.com\/index.php?rest_route=%2Fwp%2Fv2%2Fcomments&post=23552"}],"version-history":[{"count":3,"href":"https:\/\/www.prijedordanas.com\/index.php?rest_route=\/wp\/v2\/posts\/23552\/revisions"}],"predecessor-version":[{"id":23567,"href":"https:\/\/www.prijedordanas.com\/index.php?rest_route=\/wp\/v2\/posts\/23552\/revisions\/23567"}],"wp:attachment":[{"href":"https:\/\/www.prijedordanas.com\/index.php?rest_route=%2Fwp%2Fv2%2Fmedia&parent=23552"}],"wp:term":[{"taxonomy":"category","embeddable":true,"href":"https:\/\/www.prijedordanas.com\/index.php?rest_route=%2Fwp%2Fv2%2Fcategories&post=23552"},{"taxonomy":"post_tag","embeddable":true,"href":"https:\/\/www.prijedordanas.com\/index.php?rest_route=%2Fwp%2Fv2%2Ftags&post=23552"}],"curies":[{"name":"wp","href":"https:\/\/api.w.org\/{rel}","templated":true}]}}