{"id":235444,"date":"2024-10-21T21:58:01","date_gmt":"2024-10-21T19:58:01","guid":{"rendered":"https:\/\/www.prijedordanas.com\/?p=235444"},"modified":"2024-11-12T22:12:40","modified_gmt":"2024-11-12T21:12:40","slug":"grupa-prijedorcana-na-oktoberfestu-u-njemackoj-foto","status":"publish","type":"post","link":"https:\/\/www.prijedordanas.com\/?p=235444","title":{"rendered":"Grupa Prijedor\u010dana na &#8220;Oktoberfestu&#8221; u Njema\u010dkoj &#8211; FOTO"},"content":{"rendered":"<p><a href=\"https:\/\/www.prijedordanas.com\/wp-content\/uploads\/2024\/11\/vrucinic-oktoberfest-2024-1.jpg\"><img loading=\"lazy\" decoding=\"async\" class=\"alignleft size-medium wp-image-236688\" src=\"https:\/\/www.prijedordanas.com\/wp-content\/uploads\/2024\/11\/vrucinic-oktoberfest-2024-1-300x225.jpg\" alt=\"\" width=\"300\" height=\"225\" srcset=\"https:\/\/www.prijedordanas.com\/wp-content\/uploads\/2024\/11\/vrucinic-oktoberfest-2024-1-300x225.jpg 300w, https:\/\/www.prijedordanas.com\/wp-content\/uploads\/2024\/11\/vrucinic-oktoberfest-2024-1-640x480.jpg 640w, https:\/\/www.prijedordanas.com\/wp-content\/uploads\/2024\/11\/vrucinic-oktoberfest-2024-1.jpg 667w\" sizes=\"(max-width: 300px) 100vw, 300px\" \/><\/a>Grupa od desetak Prijedor\u010dana, koji \u010desto iskoriste priliku da odu na neku atraktivnu destinaciju, spojili su nedavno dvije l\u0458ubavi \u2013 onu prema putovanjima i prema dobrom pivu \u2013 i posjetili \u201cOktoberfest\u201d u N\u0458ema\u010dkoj.<\/p>\n<p>Me\u0111u njima je bio i snimatel\u0458 TV Prijedor Slavko Vru\u0107ini\u0107.<\/p>\n<p>Za \u010ditaoce \u201cKozarskog vjesnika\u201d prenio je utiske sa \u010detvorodnevnog boravka na ovom poznatom festivalu piva.<\/p>\n<p>\u201cPut je trajao desetak sati. Ovog puta ekipa je i\u0161la autobusom, jer moralo se i poneko pivo popiti. Zato je bilo sigurnije ne vra\u0107ati se autom. Ina\u010de, \u2018Oktoberfest\u2019, festival piva u Minhenu, u pokrajini Bavarska, prvi put je organizovan 1810. godine. Negdje sam pro\u010ditao da, sa prekidima uglavnom izazvanim ratovima, traje preko 200 godina. Iz tog perioda datiraju najstarije pivare koje su u svijetu dobro poznate. Mislim da je to po svemu jedan svjetski va\u0161ar. U pro\u0161loj godini je za 15 dana \u2018Oktoberfest\u2019 posjetilo preko sedam miliona gostiju, turista i pivopija. Vrlo respektabilne brojke\u201d, ka\u017ee Vru\u0107ini\u0107.<\/p>\n<p><a href=\"https:\/\/www.prijedordanas.com\/wp-content\/uploads\/2024\/11\/vrucinic-oktoberfest-2024-2.jpg\"><img loading=\"lazy\" decoding=\"async\" class=\"alignleft size-medium wp-image-236689\" src=\"https:\/\/www.prijedordanas.com\/wp-content\/uploads\/2024\/11\/vrucinic-oktoberfest-2024-2-210x300.jpg\" alt=\"\" width=\"210\" height=\"300\" srcset=\"https:\/\/www.prijedordanas.com\/wp-content\/uploads\/2024\/11\/vrucinic-oktoberfest-2024-2-210x300.jpg 210w, https:\/\/www.prijedordanas.com\/wp-content\/uploads\/2024\/11\/vrucinic-oktoberfest-2024-2.jpg 455w\" sizes=\"(max-width: 210px) 100vw, 210px\" \/><\/a>Ovo mu je, ina\u010de, bio tre\u0107i odlazak na \u201cOktoberfest\u201d.<\/p>\n<p>Prvi put je bio krajem osamdesetih godina pro\u0161log vijeka, kada je i\u0161ao u posjetu ocu koji je tada radio u N\u0458ema\u010dkoj.<\/p>\n<p>\u201cSada smo supruga i ja bili gosti kod jednog na\u0161eg prijatel\u0458a, Prijedor\u010danina, koji ve\u0107 nekoliko godina \u017eivi i radi u Minhenu, gdje ima i porodicu. Utisci s festivala su fenomenalni. Pivo se u kriglama od litre slu\u017ei iskl\u0458u\u010divo u \u0161atorima. To se zove maz pivo i ko\u0161ta 15 evra po krigli, odnosno litri. Na \u0161tandovima je jeftinije, pola litre je tri do \u010detiri evra. Sendvi\u010di su ko\u0161tali tri do \u0161est evra, kobasica, narezana \u0161unka, poslastice i tako, kre\u0107u se u rasponu od tri do devet evra. Hrana pod \u0161atorima je izuzetno skupa. Pola pileta je \u010dak 23 evra, a dodajte tome 15 evra za litru piva, za na\u0161e l\u0458ude izuzetno skupo, ali izazov je i zadovol\u0458stvo na\u0107i se u toj masi. Pili\u0107i su sitniji, mo\u017eda porcija pola pileta ima do 300 grama. A uz hladno pivo ide odli\u010dno\u201d, govori Slavko.<\/p>\n<p>Prvog dana su do\u0161li kasno, pa nisu uspjeli na\u0107i mjesto pod \u0161atorom. Velika je, ka\u017ee, navala na \u0161atore.<\/p>\n<p>Obezbje\u0111enje, nakon \u0161to iza\u0111e deset osoba, u \u0161ator pu\u0161ta novih deset.<\/p>\n<p><a href=\"https:\/\/www.prijedordanas.com\/wp-content\/uploads\/2024\/11\/vrucinic-oktoberfest-2024-3.jpg\"><img loading=\"lazy\" decoding=\"async\" class=\"alignleft size-medium wp-image-236690\" src=\"https:\/\/www.prijedordanas.com\/wp-content\/uploads\/2024\/11\/vrucinic-oktoberfest-2024-3-191x300.jpg\" alt=\"\" width=\"191\" height=\"300\" srcset=\"https:\/\/www.prijedordanas.com\/wp-content\/uploads\/2024\/11\/vrucinic-oktoberfest-2024-3-191x300.jpg 191w, https:\/\/www.prijedordanas.com\/wp-content\/uploads\/2024\/11\/vrucinic-oktoberfest-2024-3.jpg 382w\" sizes=\"(max-width: 191px) 100vw, 191px\" \/><\/a>\u201cKad ka\u017eem \u0161ator, to su u stvari monta\u017eni objekti na dvije i tri eta\u017ee. Mjesec dana poslije \u2018Oktoberfesta\u2019, sve je uklonjeno s ogromne festivalske povr\u0161ine. Zavisno od veli\u010dine \u0161atora, pod njim zna biti i do 300.000 l\u0458udi dnevno. Ima na desetine \u0161atora i razli\u010ditih proizvo\u0111a\u010da piva. Najpoznatiji su \u2018L\u00f6wenbr\u00e4u\u2019 i \u2018Paulaner\u2019. N\u0458ema\u010dko pivo ima mnogo vi\u0161e alkohola od na\u0161eg, oko 7% alkohola. Lijepog je okusa. Specifi\u010dno je, rashla\u0111eno. Nije gorko niti kiselo, ima ba\u0161 izbalansiran okus. Na \u2018Oktoberfest\u2019 dolaze l\u0458udi sa svih strana svijeta. Pro\u010ditao sam podatak da je ove godine bilo posjetilaca iz 160 dr\u017eava. Prostor va\u0161ara zahvata otprilike povr\u0161inu Prijedora od Pe\u0107ana do \u2018Le ponta\u2019. Specifi\u010dnost tokom tih 15 festivalskih dana \u2018Oktoberfesta\u2019 je \u0161to gra\u0111ani N\u0458ema\u010dke, a posebno Bavarske, ni u kom slu\u010daju ne dolaze u civilu. Ako vidi\u0161 no\u0161nju, 90% su Bavarci. Oni za taj period godine uzimaju godi\u0161nje odmore, kupuju no\u0161nje, cipele, obavezno karirane ko\u0161ul\u0458e, jeleke, \u0161e\u0161ire i jakne. \u017dene nose zgodne \u0161arene hal\u0458inice. Ve\u0107 u \u0161koli djeca imaju fotografisanje u bavarskim no\u0161njama uo\u010di \u2018Oktoberfesta&#8217;\u201d, isti\u010de na\u0161 sagovornik.<\/p>\n<p>\u0160to se ti\u010de usluge na Festivalu, manje je va\u017eno da li je mu\u0161ko ili \u017eensko, bitno je da znaju ponijeti \u0161to vi\u0161e piva. Oni su stvarno fenomen, otkriva Vru\u0107ini\u0107.<\/p>\n<p><a href=\"https:\/\/www.prijedordanas.com\/wp-content\/uploads\/2024\/11\/vrucinic-oktoberfest-2024-4.jpg\"><img loading=\"lazy\" decoding=\"async\" class=\"alignleft size-medium wp-image-236691\" src=\"https:\/\/www.prijedordanas.com\/wp-content\/uploads\/2024\/11\/vrucinic-oktoberfest-2024-4-195x300.jpg\" alt=\"\" width=\"195\" height=\"300\" srcset=\"https:\/\/www.prijedordanas.com\/wp-content\/uploads\/2024\/11\/vrucinic-oktoberfest-2024-4-195x300.jpg 195w, https:\/\/www.prijedordanas.com\/wp-content\/uploads\/2024\/11\/vrucinic-oktoberfest-2024-4.jpg 390w\" sizes=\"(max-width: 195px) 100vw, 195px\" \/><\/a>\u201cVidio sam svojim o\u010dima kako u svakoj ruci nose po \u0161est velikih krigli. Uhvate dr\u0161ke tako vje\u0161to, da zatvore svojevrstan krug i ne mogu im ispasti. A pritom je i prazna krigla dovol\u0458no te\u0161ka sama po sebi, oko 700 grama. Gledao sam konobaricu koja nema vi\u0161e od 55 kilograma, gdje nosi 14 krigli odjednom\u201d, navodi on.<\/p>\n<p>S obzirom da je grupa Prijedor\u010dana do\u0161la na \u201cOktoberfest\u201d u dru\u0161tvu l\u0458ep\u0161ih polovina, zaniml\u0458ivo je bilo uo\u010diti razliku izme\u0111u do\u017eivl\u0458ava ovog festivala piva iz \u017eenske i mu\u0161ke perspektive. Jasno je da ni uz trena\u017ene pripreme, \u017eene ne bi mogle parirati mu\u0161kim pivopijama. To potvr\u0111uje i Vru\u0107ini\u0107.<\/p>\n<p>\u201cIstina, \u017eene ne mogu puno popiti. Moja supruga nekako savlada dva deci piva, pa osam deci prespe u moju kriglu. I tako stalno. Mo\u017eete onda misliti kako sam zavr\u0161io na kraju dana\u201d, kroz smijeh pri\u010da Slavko.<\/p>\n<p>Dodaje da je vidio i suprotan primjer. Mlade djevojke koje ko od \u0161ale struse u sebe litre i litre piva, a na njima se to ni najmanje ne primijeti.<\/p>\n<p>\u201cGledam kod mu\u0161kih \u2018ponosne\u2019 pivske stomake, a kod tih djevojaka, ni\u0161ta, ravno, ko da gutl\u0458aj vode nisu popile. Takve godine i brz metabolizam, \u0161ta li\u201d, komentari\u0161e na\u0161 sagovornik.<\/p>\n<p><a href=\"https:\/\/www.prijedordanas.com\/wp-content\/uploads\/2024\/11\/vrucinic-oktoberfest-2024-6.jpg\"><img loading=\"lazy\" decoding=\"async\" class=\"alignleft size-medium wp-image-236692\" src=\"https:\/\/www.prijedordanas.com\/wp-content\/uploads\/2024\/11\/vrucinic-oktoberfest-2024-6-169x300.jpg\" alt=\"\" width=\"169\" height=\"300\" srcset=\"https:\/\/www.prijedordanas.com\/wp-content\/uploads\/2024\/11\/vrucinic-oktoberfest-2024-6-169x300.jpg 169w, https:\/\/www.prijedordanas.com\/wp-content\/uploads\/2024\/11\/vrucinic-oktoberfest-2024-6.jpg 338w\" sizes=\"(max-width: 169px) 100vw, 169px\" \/><\/a>S obzirom da gdje ima alkohola, ima pijanstva i incidenata, na \u201cOktoberfestu\u201d va\u017enu ulogu ima obezbje\u0111enje, koje je uvijek spremno da usko\u010di i razdvoji kavgad\u017eije koje previ\u0161e ponese pi\u0107e.<\/p>\n<p>\u201cObezbje\u0111enje \u010dini \u0161estinu \u0161atora. \u010cak sam bio svjedok nekih tu\u010da. Pod jednim \u0161atorom, u roku od tri sata, izbile su dvije tu\u010de. Moje dru\u0161tvo se izmicalo da slu\u010dajno ne dobijemo i mi po le\u0111ima. Sve je pod video-nadzorom i osobl\u0458e to brzo rje\u0161ava\u201d, tvrdi Vru\u0107ini\u0107 i dodaje da, mnogo vi\u0161e od tu\u010de, ima horskog pjevanja.<\/p>\n<p>\u201cPjevalo se i na njema\u010dkom i na engleskom i na drugim jezicima. Jezi\u010dke barijere i repertoar nisu problem. Ponese te atmosfera. Mi smo se ubacivali u one refrene koje smo poznavali. Bilo da je italijanska kancona ili novije ameri\u010dke pop-rok pjesme. Ono \u0161to me odu\u0161evilo je konjska zaprega, prava atrakcija na ovom festivalu. Predivno oki\u0107ena ko\u010dija koju vu\u010de osam konja, tako\u0111e prigodno ukra\u0161enih. Podrazumijeva se da su odli\u010dno izdresirani, jer puno je posjetilaca, a sve mora pro\u0107i bezbjedno. Bude tu i muzi\u010dki program\u201d, isti\u010de Vru\u0107ini\u0107.<\/p>\n<p>Ono \u0161to je neizbje\u017eno kad se veliki broj pivopija zbije pod jednim \u0161atorom, da znatna koli\u010dina piva, osim u stomaku, zavr\u0161i i na glavi.<\/p>\n<p><a href=\"https:\/\/www.prijedordanas.com\/wp-content\/uploads\/2024\/11\/vrucinic-oktoberfest-2024-5.jpg\"><img loading=\"lazy\" decoding=\"async\" class=\"alignleft size-medium wp-image-236693\" src=\"https:\/\/www.prijedordanas.com\/wp-content\/uploads\/2024\/11\/vrucinic-oktoberfest-2024-5-282x300.jpg\" alt=\"\" width=\"282\" height=\"300\" srcset=\"https:\/\/www.prijedordanas.com\/wp-content\/uploads\/2024\/11\/vrucinic-oktoberfest-2024-5-282x300.jpg 282w, https:\/\/www.prijedordanas.com\/wp-content\/uploads\/2024\/11\/vrucinic-oktoberfest-2024-5.jpg 564w\" sizes=\"(max-width: 282px) 100vw, 282px\" \/><\/a>\u201cPrskanje pivom nije lako izbje\u0107i. Pogotovo kad se u va\u0161oj blizini na\u0111e neko ko nema previ\u0161e obzira. Ne mogu re\u0107i da je namjerno, \u010dovjeka ponese, nazdravl\u0458a, odu\u0161evl\u0458eno kucka kriglom i tako dio piva ispliva i na moja le\u0111a. To je ona lo\u0161a strana ovog festivala. A sve ostalo, program, muzika, bilo je odli\u010dno\u201d, prenosi svoje utiske s \u201cOktoberfesta\u201d Vru\u0107ini\u0107.<\/p>\n<p>Porede\u0107i \u201cOktoberfest\u201d nekad i sad, ka\u017ee da je osnovna razlika u savremenijim karnevalskim rekvizitima, toboganima i ringi\u0161pilima, a krigle su uvijek iste.<\/p>\n<p>\u201cUsluga, obi\u010daji sve je isto. Kad sam bio prije tridesetak godina i sad, gotovo istovjetno izgledaju pivo i hrana. Razlika je u savremenijem interijeru i cijenama. Nekad je litra piva bila oko devet njema\u010dkih maraka, a sada je 15 evra. Znatno skupl\u0458e\u201d, navodi Slavko.<\/p>\n<p><strong><a href=\"https:\/\/kozarski.com\/prijedorcani-na-oktoberfestu-vruca-piletina-i-hladno-pivo-nerazdvojni-drugovi\/\" target=\"_blank\" rel=\"noopener\">kozarski.com<\/a><\/strong><\/p>\n<p><a href=\"https:\/\/www.prijedordanas.com\/wp-content\/uploads\/2024\/10\/vrucinic-oktobarfest2024-3.jpg\"><img loading=\"lazy\" decoding=\"async\" class=\"alignleft size-medium wp-image-235417\" src=\"https:\/\/www.prijedordanas.com\/wp-content\/uploads\/2024\/10\/vrucinic-oktobarfest2024-3-300x169.jpg\" alt=\"\" width=\"300\" height=\"169\" srcset=\"https:\/\/www.prijedordanas.com\/wp-content\/uploads\/2024\/10\/vrucinic-oktobarfest2024-3-300x169.jpg 300w, https:\/\/www.prijedordanas.com\/wp-content\/uploads\/2024\/10\/vrucinic-oktobarfest2024-3.jpg 600w\" sizes=\"(max-width: 300px) 100vw, 300px\" \/><\/a><\/p>\n","protected":false},"excerpt":{"rendered":"<p>Grupa od desetak Prijedor\u010dana, koji \u010desto iskoriste priliku da odu na neku atraktivnu destinaciju, spojili su nedavno dvije l\u0458ubavi \u2013 onu prema putovanjima i prema dobrom pivu \u2013 i posjetili [&hellip;]<\/p>\n","protected":false},"author":1,"featured_media":0,"comment_status":"closed","ping_status":"open","sticky":false,"template":"","format":"standard","meta":{"_monsterinsights_skip_tracking":false,"_monsterinsights_sitenote_active":false,"_monsterinsights_sitenote_note":"","_monsterinsights_sitenote_category":0,"footnotes":""},"categories":[3],"tags":[],"yoast_head":"<!-- This site is optimized with the Yoast SEO plugin v21.6 - https:\/\/yoast.com\/wordpress\/plugins\/seo\/ -->\n<title>Grupa Prijedor\u010dana na &quot;Oktoberfestu&quot; u Njema\u010dkoj - FOTO - PrijedorDanas.com - Prijedorski gradski portal<\/title>\n<meta name=\"robots\" content=\"index, follow, max-snippet:-1, max-image-preview:large, max-video-preview:-1\" \/>\n<link rel=\"canonical\" href=\"https:\/\/www.prijedordanas.com\/?p=235444\" \/>\n<meta property=\"og:locale\" content=\"en_US\" \/>\n<meta property=\"og:type\" content=\"article\" \/>\n<meta property=\"og:title\" content=\"Grupa Prijedor\u010dana na &quot;Oktoberfestu&quot; u Njema\u010dkoj - FOTO - PrijedorDanas.com - Prijedorski gradski portal\" \/>\n<meta property=\"og:description\" content=\"Grupa od desetak Prijedor\u010dana, koji \u010desto iskoriste priliku da odu na neku atraktivnu destinaciju, spojili su nedavno dvije l\u0458ubavi \u2013 onu prema putovanjima i prema dobrom pivu \u2013 i posjetili [&hellip;]\" \/>\n<meta property=\"og:url\" content=\"https:\/\/www.prijedordanas.com\/?p=235444\" \/>\n<meta property=\"og:site_name\" content=\"PrijedorDanas.com - Prijedorski gradski portal\" \/>\n<meta property=\"article:publisher\" content=\"https:\/\/www.facebook.com\/PrijedorDanasCom\/\" \/>\n<meta property=\"article:published_time\" content=\"2024-10-21T19:58:01+00:00\" \/>\n<meta property=\"article:modified_time\" content=\"2024-11-12T21:12:40+00:00\" \/>\n<meta property=\"og:image\" content=\"https:\/\/www.prijedordanas.com\/wp-content\/uploads\/2024\/11\/vrucinic-oktoberfest-2024-1-300x225.jpg\" \/>\n<meta name=\"author\" content=\"admin\" \/>\n<meta name=\"twitter:card\" content=\"summary_large_image\" \/>\n<meta name=\"twitter:label1\" content=\"Written by\" \/>\n\t<meta name=\"twitter:data1\" content=\"admin\" \/>\n\t<meta name=\"twitter:label2\" content=\"Est. reading time\" \/>\n\t<meta name=\"twitter:data2\" content=\"7 minutes\" \/>\n<script type=\"application\/ld+json\" class=\"yoast-schema-graph\">{\"@context\":\"https:\/\/schema.org\",\"@graph\":[{\"@type\":\"Article\",\"@id\":\"https:\/\/www.prijedordanas.com\/?p=235444#article\",\"isPartOf\":{\"@id\":\"https:\/\/www.prijedordanas.com\/?p=235444\"},\"author\":{\"name\":\"admin\",\"@id\":\"https:\/\/www.prijedordanas.com\/#\/schema\/person\/4e08ccf29b506ca916ff86d46bb700e6\"},\"headline\":\"Grupa Prijedor\u010dana na &#8220;Oktoberfestu&#8221; u Njema\u010dkoj &#8211; FOTO\",\"datePublished\":\"2024-10-21T19:58:01+00:00\",\"dateModified\":\"2024-11-12T21:12:40+00:00\",\"mainEntityOfPage\":{\"@id\":\"https:\/\/www.prijedordanas.com\/?p=235444\"},\"wordCount\":1227,\"publisher\":{\"@id\":\"https:\/\/www.prijedordanas.com\/#organization\"},\"articleSection\":[\"\u017divot\"],\"inLanguage\":\"en-US\"},{\"@type\":\"WebPage\",\"@id\":\"https:\/\/www.prijedordanas.com\/?p=235444\",\"url\":\"https:\/\/www.prijedordanas.com\/?p=235444\",\"name\":\"Grupa Prijedor\u010dana na \\\"Oktoberfestu\\\" u Njema\u010dkoj - FOTO - PrijedorDanas.com - Prijedorski gradski portal\",\"isPartOf\":{\"@id\":\"https:\/\/www.prijedordanas.com\/#website\"},\"datePublished\":\"2024-10-21T19:58:01+00:00\",\"dateModified\":\"2024-11-12T21:12:40+00:00\",\"breadcrumb\":{\"@id\":\"https:\/\/www.prijedordanas.com\/?p=235444#breadcrumb\"},\"inLanguage\":\"en-US\",\"potentialAction\":[{\"@type\":\"ReadAction\",\"target\":[\"https:\/\/www.prijedordanas.com\/?p=235444\"]}]},{\"@type\":\"BreadcrumbList\",\"@id\":\"https:\/\/www.prijedordanas.com\/?p=235444#breadcrumb\",\"itemListElement\":[{\"@type\":\"ListItem\",\"position\":1,\"name\":\"Home\",\"item\":\"https:\/\/www.prijedordanas.com\/\"},{\"@type\":\"ListItem\",\"position\":2,\"name\":\"Grupa Prijedor\u010dana na &#8220;Oktoberfestu&#8221; u Njema\u010dkoj &#8211; FOTO\"}]},{\"@type\":\"WebSite\",\"@id\":\"https:\/\/www.prijedordanas.com\/#website\",\"url\":\"https:\/\/www.prijedordanas.com\/\",\"name\":\"PrijedorDanas.com - Prijedorski gradski portal\",\"description\":\"Portal o doga\u0111anjima u gradu Prijedoru\",\"publisher\":{\"@id\":\"https:\/\/www.prijedordanas.com\/#organization\"},\"potentialAction\":[{\"@type\":\"SearchAction\",\"target\":{\"@type\":\"EntryPoint\",\"urlTemplate\":\"https:\/\/www.prijedordanas.com\/?s={search_term_string}\"},\"query-input\":\"required name=search_term_string\"}],\"inLanguage\":\"en-US\"},{\"@type\":\"Organization\",\"@id\":\"https:\/\/www.prijedordanas.com\/#organization\",\"name\":\"PrijedorDanas.com\",\"url\":\"https:\/\/www.prijedordanas.com\/\",\"logo\":{\"@type\":\"ImageObject\",\"inLanguage\":\"en-US\",\"@id\":\"https:\/\/www.prijedordanas.com\/#\/schema\/logo\/image\/\",\"url\":\"http:\/\/www.prijedordanas.com\/wp-content\/uploads\/2021\/12\/logopng.png\",\"contentUrl\":\"http:\/\/www.prijedordanas.com\/wp-content\/uploads\/2021\/12\/logopng.png\",\"width\":1019,\"height\":776,\"caption\":\"PrijedorDanas.com\"},\"image\":{\"@id\":\"https:\/\/www.prijedordanas.com\/#\/schema\/logo\/image\/\"},\"sameAs\":[\"https:\/\/www.facebook.com\/PrijedorDanasCom\/\"]},{\"@type\":\"Person\",\"@id\":\"https:\/\/www.prijedordanas.com\/#\/schema\/person\/4e08ccf29b506ca916ff86d46bb700e6\",\"name\":\"admin\",\"image\":{\"@type\":\"ImageObject\",\"inLanguage\":\"en-US\",\"@id\":\"https:\/\/www.prijedordanas.com\/#\/schema\/person\/image\/\",\"url\":\"https:\/\/secure.gravatar.com\/avatar\/1d3fc949d550f0b53a5f0d51e06dfd79?s=96&d=mm&r=g\",\"contentUrl\":\"https:\/\/secure.gravatar.com\/avatar\/1d3fc949d550f0b53a5f0d51e06dfd79?s=96&d=mm&r=g\",\"caption\":\"admin\"},\"url\":\"https:\/\/www.prijedordanas.com\/?author=1\"}]}<\/script>\n<!-- \/ Yoast SEO plugin. -->","yoast_head_json":{"title":"Grupa Prijedor\u010dana na \"Oktoberfestu\" u Njema\u010dkoj - FOTO - PrijedorDanas.com - Prijedorski gradski portal","robots":{"index":"index","follow":"follow","max-snippet":"max-snippet:-1","max-image-preview":"max-image-preview:large","max-video-preview":"max-video-preview:-1"},"canonical":"https:\/\/www.prijedordanas.com\/?p=235444","og_locale":"en_US","og_type":"article","og_title":"Grupa Prijedor\u010dana na \"Oktoberfestu\" u Njema\u010dkoj - FOTO - PrijedorDanas.com - Prijedorski gradski portal","og_description":"Grupa od desetak Prijedor\u010dana, koji \u010desto iskoriste priliku da odu na neku atraktivnu destinaciju, spojili su nedavno dvije l\u0458ubavi \u2013 onu prema putovanjima i prema dobrom pivu \u2013 i posjetili [&hellip;]","og_url":"https:\/\/www.prijedordanas.com\/?p=235444","og_site_name":"PrijedorDanas.com - Prijedorski gradski portal","article_publisher":"https:\/\/www.facebook.com\/PrijedorDanasCom\/","article_published_time":"2024-10-21T19:58:01+00:00","article_modified_time":"2024-11-12T21:12:40+00:00","og_image":[{"url":"https:\/\/www.prijedordanas.com\/wp-content\/uploads\/2024\/11\/vrucinic-oktoberfest-2024-1-300x225.jpg"}],"author":"admin","twitter_card":"summary_large_image","twitter_misc":{"Written by":"admin","Est. reading time":"7 minutes"},"schema":{"@context":"https:\/\/schema.org","@graph":[{"@type":"Article","@id":"https:\/\/www.prijedordanas.com\/?p=235444#article","isPartOf":{"@id":"https:\/\/www.prijedordanas.com\/?p=235444"},"author":{"name":"admin","@id":"https:\/\/www.prijedordanas.com\/#\/schema\/person\/4e08ccf29b506ca916ff86d46bb700e6"},"headline":"Grupa Prijedor\u010dana na &#8220;Oktoberfestu&#8221; u Njema\u010dkoj &#8211; FOTO","datePublished":"2024-10-21T19:58:01+00:00","dateModified":"2024-11-12T21:12:40+00:00","mainEntityOfPage":{"@id":"https:\/\/www.prijedordanas.com\/?p=235444"},"wordCount":1227,"publisher":{"@id":"https:\/\/www.prijedordanas.com\/#organization"},"articleSection":["\u017divot"],"inLanguage":"en-US"},{"@type":"WebPage","@id":"https:\/\/www.prijedordanas.com\/?p=235444","url":"https:\/\/www.prijedordanas.com\/?p=235444","name":"Grupa Prijedor\u010dana na \"Oktoberfestu\" u Njema\u010dkoj - FOTO - PrijedorDanas.com - Prijedorski gradski portal","isPartOf":{"@id":"https:\/\/www.prijedordanas.com\/#website"},"datePublished":"2024-10-21T19:58:01+00:00","dateModified":"2024-11-12T21:12:40+00:00","breadcrumb":{"@id":"https:\/\/www.prijedordanas.com\/?p=235444#breadcrumb"},"inLanguage":"en-US","potentialAction":[{"@type":"ReadAction","target":["https:\/\/www.prijedordanas.com\/?p=235444"]}]},{"@type":"BreadcrumbList","@id":"https:\/\/www.prijedordanas.com\/?p=235444#breadcrumb","itemListElement":[{"@type":"ListItem","position":1,"name":"Home","item":"https:\/\/www.prijedordanas.com\/"},{"@type":"ListItem","position":2,"name":"Grupa Prijedor\u010dana na &#8220;Oktoberfestu&#8221; u Njema\u010dkoj &#8211; FOTO"}]},{"@type":"WebSite","@id":"https:\/\/www.prijedordanas.com\/#website","url":"https:\/\/www.prijedordanas.com\/","name":"PrijedorDanas.com - Prijedorski gradski portal","description":"Portal o doga\u0111anjima u gradu Prijedoru","publisher":{"@id":"https:\/\/www.prijedordanas.com\/#organization"},"potentialAction":[{"@type":"SearchAction","target":{"@type":"EntryPoint","urlTemplate":"https:\/\/www.prijedordanas.com\/?s={search_term_string}"},"query-input":"required name=search_term_string"}],"inLanguage":"en-US"},{"@type":"Organization","@id":"https:\/\/www.prijedordanas.com\/#organization","name":"PrijedorDanas.com","url":"https:\/\/www.prijedordanas.com\/","logo":{"@type":"ImageObject","inLanguage":"en-US","@id":"https:\/\/www.prijedordanas.com\/#\/schema\/logo\/image\/","url":"http:\/\/www.prijedordanas.com\/wp-content\/uploads\/2021\/12\/logopng.png","contentUrl":"http:\/\/www.prijedordanas.com\/wp-content\/uploads\/2021\/12\/logopng.png","width":1019,"height":776,"caption":"PrijedorDanas.com"},"image":{"@id":"https:\/\/www.prijedordanas.com\/#\/schema\/logo\/image\/"},"sameAs":["https:\/\/www.facebook.com\/PrijedorDanasCom\/"]},{"@type":"Person","@id":"https:\/\/www.prijedordanas.com\/#\/schema\/person\/4e08ccf29b506ca916ff86d46bb700e6","name":"admin","image":{"@type":"ImageObject","inLanguage":"en-US","@id":"https:\/\/www.prijedordanas.com\/#\/schema\/person\/image\/","url":"https:\/\/secure.gravatar.com\/avatar\/1d3fc949d550f0b53a5f0d51e06dfd79?s=96&d=mm&r=g","contentUrl":"https:\/\/secure.gravatar.com\/avatar\/1d3fc949d550f0b53a5f0d51e06dfd79?s=96&d=mm&r=g","caption":"admin"},"url":"https:\/\/www.prijedordanas.com\/?author=1"}]}},"_links":{"self":[{"href":"https:\/\/www.prijedordanas.com\/index.php?rest_route=\/wp\/v2\/posts\/235444"}],"collection":[{"href":"https:\/\/www.prijedordanas.com\/index.php?rest_route=\/wp\/v2\/posts"}],"about":[{"href":"https:\/\/www.prijedordanas.com\/index.php?rest_route=\/wp\/v2\/types\/post"}],"author":[{"embeddable":true,"href":"https:\/\/www.prijedordanas.com\/index.php?rest_route=\/wp\/v2\/users\/1"}],"replies":[{"embeddable":true,"href":"https:\/\/www.prijedordanas.com\/index.php?rest_route=%2Fwp%2Fv2%2Fcomments&post=235444"}],"version-history":[{"count":2,"href":"https:\/\/www.prijedordanas.com\/index.php?rest_route=\/wp\/v2\/posts\/235444\/revisions"}],"predecessor-version":[{"id":236694,"href":"https:\/\/www.prijedordanas.com\/index.php?rest_route=\/wp\/v2\/posts\/235444\/revisions\/236694"}],"wp:attachment":[{"href":"https:\/\/www.prijedordanas.com\/index.php?rest_route=%2Fwp%2Fv2%2Fmedia&parent=235444"}],"wp:term":[{"taxonomy":"category","embeddable":true,"href":"https:\/\/www.prijedordanas.com\/index.php?rest_route=%2Fwp%2Fv2%2Fcategories&post=235444"},{"taxonomy":"post_tag","embeddable":true,"href":"https:\/\/www.prijedordanas.com\/index.php?rest_route=%2Fwp%2Fv2%2Ftags&post=235444"}],"curies":[{"name":"wp","href":"https:\/\/api.w.org\/{rel}","templated":true}]}}