{"id":235382,"date":"2024-10-19T10:30:44","date_gmt":"2024-10-19T08:30:44","guid":{"rendered":"https:\/\/www.prijedordanas.com\/?p=235382"},"modified":"2024-10-19T10:30:44","modified_gmt":"2024-10-19T08:30:44","slug":"konkurs-za-posao-os-branko-copic-prijedor-prima-osam-radnika","status":"publish","type":"post","link":"https:\/\/www.prijedordanas.com\/?p=235382","title":{"rendered":"Konkurs za posao: O\u0160 &#8220;Branko \u0106opi\u0107&#8221; Prijedor prima osam radnika"},"content":{"rendered":"<p><a href=\"https:\/\/www.prijedordanas.com\/wp-content\/uploads\/2018\/07\/konkurs-za-posao8.jpg\"><img loading=\"lazy\" decoding=\"async\" src=\"https:\/\/www.prijedordanas.com\/wp-content\/uploads\/2018\/07\/konkurs-za-posao8-300x217.jpg\" alt=\"\" width=\"300\" height=\"217\" class=\"alignleft size-medium wp-image-108260\" srcset=\"https:\/\/www.prijedordanas.com\/wp-content\/uploads\/2018\/07\/konkurs-za-posao8-300x217.jpg 300w, https:\/\/www.prijedordanas.com\/wp-content\/uploads\/2018\/07\/konkurs-za-posao8-100x72.jpg 100w, https:\/\/www.prijedordanas.com\/wp-content\/uploads\/2018\/07\/konkurs-za-posao8.jpg 690w\" sizes=\"(max-width: 300px) 100vw, 300px\" \/><\/a>JU O\u0160 &#8220;Branko \u0106opi\u0107&#8221;<br \/>\nul. Rudni\u010dka br. 13.<br \/>\n79101 Prijedor <\/p>\n<p>K  O  N  K  U  R  S<br \/>\nza popunu radnih mjesta<\/p>\n<p>1.Nastavnik njema\u010dkog jezika, 20 \u010dasova &#8211; na odre\u0111eno vrijeme, do povratka radnice sa bolovanja, a najdu\u017ee do 31.08.2025. godine, sa iskustvom \u2013 polo\u017een stru\u010dni ispit;<\/p>\n<p>2.Nastavnik hemije, 6 \u010dasova &#8211; na odre\u0111eno vrijeme, do 31.08.2025. godine, pripravnik;<\/p>\n<p>3.Nastavnik razredne nastave \u2013 2 izvr\u0161ioca, na odre\u0111eno vrijeme, do  31.08.2025. godine, sa iskustvom \u2013 polo\u017een stru\u010dni ispit;<\/p>\n<p>4.Nastavnik razredne nastave &#8211; na odre\u0111eno vrijeme, do povratka radnice sa bolovanja, a najdu\u017ee do 31.08.2025. godine, sa iskustvom \u2013 polo\u017een stru\u010dni ispit;<\/p>\n<p>5.Voditelj produ\u017eenog boravka &#8211; na odre\u0111eno vrijeme, do 30.06.2025 godine, sa iskustvom \u2013 polo\u017een stru\u010dni ispit;<\/p>\n<p>6.Voditelj produ\u017eenog boravka, pola radnog vremena \u2013 na odre\u0111eno vrijeme, do 30.06.2025 godine, sa iskustvom \u2013 polo\u017een stru\u010dni ispit;<\/p>\n<p>7.Voditelj produ\u017eenog boravka, pola radnog vremena \u2013 na odre\u0111eno vrijeme, do 30.06.2025 godine, pripravnik.<\/p>\n<p>Poslove nastavnika i voditelja u produ\u017eenom boravku mogu obavljati lica koja osim uslova utvr\u0111enih zakonom kojim se ure\u0111uju radni odnosi ispunjavaju i uslove propisane \u010dlanom 114. Zakona o osnovnom vaspitanju i obrazovanju i \u010dlanom 3.Pravilnika o stru\u010dnim profilima i zvanjima nastavnika, stru\u010dnih saradnika i vaspita\u010da  a to su:<br \/>\n-da imaju zavr\u0161en prvi ciklus studijskog programa u odre\u0111enoj oblasti i ostvarenih najmanje 180 ECTS bodova u trajanju od tri godine,<br \/>\n-da imajuodgovaraju\u0107u stru\u010dnu spremu propisanu \u010dlanom 54. stav (1) Zakona o osnovnom vaspitanju i obrazovanju  za poziciju pod rednim brojem 5,6 i 7<br \/>\n-da imaju polo\u017een stru\u010dni ispit za rad u vaspitno-obrazovnom procesu \u2013 za poziciju pod rednim brojevima 1,3,4,5 i 6, i<br \/>\n-da imaju ljekarsko uvjerenje o psihofizi\u010dkoj sposobnosti za rad sa u\u010denicima.<\/p>\n<p>Rad u \u0161koli ne mo\u017ee obavljati lice koje je pravosna\u017enom presudom osu\u0111ivano za krivi\u010dna djela koja ga \u010dine nedostojnim za rad u \u0161koli, te za krivi\u010dna djela u\u010dinjena protiv:slu\u017ebene du\u017enosti, zloupotrebe opojnih sredstava,polnog integriteta, zlostavljanja djeteta, polnog i drugog nasilja nad djetetom ili maloljetnim licem, niti lice koje se vodi u Registru lica pravosna\u017eno osu\u0111enih za krivi\u010dna djela seksualne zloupotrebe i iskori\u0161tavanja djece.<\/p>\n<p>Kandidati uz potpisanu prijavu na konkurs trebaju dostaviti dokumentaciju kojom dokazuju ispunjenost uslova konkursa i to:<br \/>\n-uvjerenje o dr\u017eavljanstvu RS ili BiH,<br \/>\n-izvod iz mati\u010dne knjige ro\u0111enih  ili kopiju li\u010dne karte,<br \/>\n-uvjerenje o nevo\u0111enju krivi\u010dnog postupka, tj.uvjerenje da protiv njega nije pokrenut krivi\u010dni postupak za djela u\u010dinjena protiv:slu\u017ebene du\u017enosti, zloupotrebe opojnih sredstava,polnog integriteta, zlostavljanja djeteta, polnog i drugog nasilja nad djetetom ili maloljetnim licem (ne starije od 3 mjeseca).<br \/>\n-ovjerenu foto-kopijudiplome o zavr\u0161enom prvom ciklusu studijskog programa u kojoj je navedeno stru\u010dno zvanje u odre\u0111enoj oblasti ili ekvivalent, odnosno diplomu ste\u010denu nakon zavr\u0161enih integrisanih akademskih studija u odre\u0111enoj oblasti, ili uvjerenje o ste\u010denom akademskom zvanju (ukoliko nije izdata diploma) \u2013 ne starije od godinu dana,<br \/>\n-uvjerenje o polo\u017eenoj pedago\u0161ko-psiholo\u0161koj grupi predmeta, koje je du\u017ean da dostavi kandidat koji u toku studija nije polo\u017eio pedago\u0161ko-psiholo\u0161ku i didakti\u010dko-metodi\u010dku grupu predmeta (za poziciju pod rednim brojem 2),<br \/>\n-uvjerenje o polo\u017eenom stru\u010dnom ispitu za rad u vaspitno-obrazovnom procesu (za pozicije pod rednim brojevima 1,3,4,5 i 6),<br \/>\n-uvjerenje da se kandidat osloba\u0111a obaveze polaganja stru\u010dnog ispita ili da je polo\u017eio razliku dijela ispita u skladu sa Pravilnikom o polaganju stru\u010dnog ispita u \u0161koli (za pozicije pod rednim brojevima 1,3,4,5 i 6).<br \/>\n-dokaz da kandidat nije radio godinu dana ili du\u017ee u zanimanju za koje je stekao odre\u0111enu vrstu i stepen stru\u010dne spreme, tj. stru\u010dnom zvanju koje je tra\u017eeno konkursom, \u0161to se dokazuje: &#8211; ovjerenom kopijom radne knji\u017eice (stranica sa li\u010dnim podacima imaoca radne knji\u017eice, stranica sa podacima o zavr\u0161enoj \u0161koli, kao i stranica sa podacima o zaposlenju i sta\u017eu ), ne starijom od 15 dana, &#8211; uvjerenjem o radu izdatim od ranijeg poslodavca ukoliko je kandidat radio u tra\u017eenom zvanju koje sadr\u017ei podatke iz kojih se vidi vrsta posla i vrijeme provedeno na radu i\/ili uvjerenjem izdatim od Zavoda za zapo\u0161ljavanje  -(odnosi se na kandidate za pozicije pod rednim brojem 2 i 7),<\/p>\n<p>Uz potpisanu prijavu na konkurs i dokumentaciju kojom se dokazuje ispunjenostuslova konkursa, potrebno je dostaviti i dokumentaciju na osnovu koje se vr\u0161i bodovanje po kriterijumima propisanim Pravilnikom o proceduri prijema, kriterijumima za prijem u radni odnos i na\u010dinu bodovanja kandidata u osnovnoj \u0161koli koja podrazumijeva:<br \/>\n1)  dodatak diplomi,  koji sadr\u017ei podatke o prosjeku ocjena tokom studiranja ili uvjerenje visoko\u0161kolske ustanove o prosjeku ocjena tokom studiranja ako u diplomi ne postoje podaci o prosjeku ocjena,<br \/>\n2)  uvjerenje o radnom sta\u017eu izdato od ranijeg poslodavca, a isto treba da sadr\u017ei podatke iz kojih se jasno vidi: &#8211; vrsta posla, stepen stru\u010dne spreme i du\u017eina ostvarenog sta\u017ea po vrstama posla, a ukoliko je kandidat radio s nepunim radnim vremenom, to radno vrijeme je potrebno prera\u010dunati u puno radno vrijeme (za pozicije pod rednim brojevima 1,3,4,5 i 6),<br \/>\n3)  uvjerenje izdato od Zavoda za zapo\u0161ljavanje o vremenu provedenom na evidenciji nezaposlenih lica, a nakon sticanja odgovaraju\u0107e stru\u010dne spreme,<br \/>\n4)  uvjerenje op\u0161tinskog\/gradskog organa uprave nadle\u017enog za bora\u010dko-invalidsku za\u0161titu o utvr\u0111enom statusu \u010dlana porodice poginulog borca Odbrambeno-otad\u017ebinskog rata RS ako se radi o kandidatu iz kategorije porodice poginulog borca,<br \/>\n5)  uvjerenje op\u0161tinskog\/gradskog organa uprave nadle\u017enog za bora\u010dko-invalidsku za\u0161titu o utvr\u0111enom statusu ratnog vojnog invalida Odbrambeno-otad\u017ebinskog rata RS ako se radi o kandidatu iz kategorije ratnog vojnog invalida,<br \/>\n6)  uvjerenje op\u0161tinskog\/gradskog organa uprave nadle\u017enog za bora\u010dko-invalidsku za\u0161titu o utvr\u0111enom statusu borca Odbrambeno-otad\u017ebinskog rata RS ukoliko se radi o kandidatu iz kategorije borca.<\/p>\n<p>Kandidati su du\u017eni dostaviti ovjerene kopije svih dokumenata i te kopije kandidatima ne\u0107e biti vra\u0107ene.<\/p>\n<p>Pravo ravnopravnog u\u010de\u0161\u0107a na konkursu imaju i lica koja su po propisima va\u017ee\u0107im do stupanja na snagu va\u017ee\u0107eg Zakona o osnovnom vaspitanju i obrazovanju ispunjavali uslove u pogledu stepena i vrste stru\u010dne spreme.<\/p>\n<p>Na pozicije za koje se tra\u017ei lice sa iskustvom mogu ravnopravno konkurisati i lica koja su stekla radni sta\u017e van \u0161kole u trajanju od najmanje godinu dana u struci ukoliko ispunjavaju ostale uslove propisane Zakonom o osnovnom vaspitanju i obrazovanju. <\/p>\n<p>Prijem u radni odnos vr\u0161i\u0107e se u skladu sa odredbama Pravilnika o proceduri prijema, kriterijumima za prijem u radni odnos i na\u010dinu bodovanja kandidata u osnovnoj \u0161koli, a na osnovu rang liste kandidata utvr\u0111ene bodovanjem po kriterijima propisanim navedenim pravilnikom.<\/p>\n<p>Konkurs ostaje otvoren 8 (osam) dana od dana objavljivanja u dnevnom listu &#8220;Glas Srpske&#8221;.<\/p>\n<p>Prijave sa potrebnim dokumentima mogu se dostaviti li\u010dno u \u0161kolu ili putem po\u0161te na adresu \u0161kole, sa naznakom &#8220;za konkurs&#8221;.<\/p>\n<p>Neblagovremene i nepotpune prijave ne\u0107e biti uzete u razmatranje.<\/p>\n<p>Spisak kandidata koji ispunjavaju uslove konkursa bi\u0107e postavljen na oglasnoj tabli \u0161kole.<\/p>\n<p>Kandidati koji ispunjavaju uslove konkursa, a prijave su im potpune  i blagovremene, bi\u0107e podvrgnuti testiranju i intervjuisanju koji \u0107e biti obavljeni u prostorijama \u0161kole dana 28.10.2024. godine (ponedjeljak) u 11.00 \u010dasova, te iz tih razloga kandidati ne\u0107e biti pojedina\u010dno obavje\u0161tavani o terminu odr\u017eavanja istog.<\/p>\n<p>Kandidati koji se ne pojave na testu ili intervjuu, smatra\u0107e se da su odustali od prijave na konkurs.<\/p>\n<p>Kandidati koji budu izabrani po konkursu du\u017eni su dostaviti ljekarsko uvjerenje o psihofizi\u010dkoj sposobnosti za rad sa u\u010denicima prije zasnivanja radnog odnosa, a isto ne mo\u017ee biti starije od 6 mjeseci.<\/p>\n<p>Za kandidate koji budu izabrani \u0161kola \u0107e slu\u017ebenim putem pribaviti:<\/p>\n<p>-uvjerenje da nije pravosna\u017enom presudom osu\u0111ivan za krivi\u010dna djela u\u010dinjena protiv:slu\u017ebene du\u017enosti, zloupotrebe opojnih sredstava,polnog integriteta, zlostavljanja djeteta, polnog i drugog nasilja nad djetetom ili maloljetnim licem<\/p>\n<p>-uvjerenje o podacima iz posebnog Registra lica pravosna\u017eno osu\u0111ivanih za krivi\u010dna djela seksualne zloupotrebe i iskori\u0161tavanja djeteta.<\/p>\n<p>zavod za zapo\u0161ljavanje RS<br \/>\nFoto &#8211; ilustracija<\/p>\n","protected":false},"excerpt":{"rendered":"<p>JU O\u0160 &#8220;Branko \u0106opi\u0107&#8221; ul. Rudni\u010dka br. 13. 79101 Prijedor K O N K U R S za popunu radnih mjesta 1.Nastavnik njema\u010dkog jezika, 20 \u010dasova &#8211; na odre\u0111eno vrijeme, [&hellip;]<\/p>\n","protected":false},"author":1,"featured_media":0,"comment_status":"closed","ping_status":"open","sticky":false,"template":"","format":"standard","meta":{"_monsterinsights_skip_tracking":false,"_monsterinsights_sitenote_active":false,"_monsterinsights_sitenote_note":"","_monsterinsights_sitenote_category":0,"footnotes":""},"categories":[7519],"tags":[],"yoast_head":"<!-- This site is optimized with the Yoast SEO plugin v21.6 - https:\/\/yoast.com\/wordpress\/plugins\/seo\/ -->\n<title>Konkurs za posao: O\u0160 &quot;Branko \u0106opi\u0107&quot; Prijedor prima osam radnika - PrijedorDanas.com - Prijedorski gradski portal<\/title>\n<meta name=\"robots\" content=\"index, follow, max-snippet:-1, max-image-preview:large, max-video-preview:-1\" \/>\n<link rel=\"canonical\" href=\"https:\/\/www.prijedordanas.com\/?p=235382\" \/>\n<meta property=\"og:locale\" content=\"en_US\" \/>\n<meta property=\"og:type\" content=\"article\" \/>\n<meta property=\"og:title\" content=\"Konkurs za posao: O\u0160 &quot;Branko \u0106opi\u0107&quot; Prijedor prima osam radnika - PrijedorDanas.com - Prijedorski gradski portal\" \/>\n<meta property=\"og:description\" content=\"JU O\u0160 &#8220;Branko \u0106opi\u0107&#8221; ul. Rudni\u010dka br. 13. 79101 Prijedor K O N K U R S za popunu radnih mjesta 1.Nastavnik njema\u010dkog jezika, 20 \u010dasova &#8211; na odre\u0111eno vrijeme, [&hellip;]\" \/>\n<meta property=\"og:url\" content=\"https:\/\/www.prijedordanas.com\/?p=235382\" \/>\n<meta property=\"og:site_name\" content=\"PrijedorDanas.com - Prijedorski gradski portal\" \/>\n<meta property=\"article:publisher\" content=\"https:\/\/www.facebook.com\/PrijedorDanasCom\/\" \/>\n<meta property=\"article:published_time\" content=\"2024-10-19T08:30:44+00:00\" \/>\n<meta property=\"og:image\" content=\"https:\/\/www.prijedordanas.com\/wp-content\/uploads\/2018\/07\/konkurs-za-posao8-300x217.jpg\" \/>\n<meta name=\"author\" content=\"admin\" \/>\n<meta name=\"twitter:card\" content=\"summary_large_image\" \/>\n<meta name=\"twitter:label1\" content=\"Written by\" \/>\n\t<meta name=\"twitter:data1\" content=\"admin\" \/>\n<script type=\"application\/ld+json\" class=\"yoast-schema-graph\">{\"@context\":\"https:\/\/schema.org\",\"@graph\":[{\"@type\":\"Article\",\"@id\":\"https:\/\/www.prijedordanas.com\/?p=235382#article\",\"isPartOf\":{\"@id\":\"https:\/\/www.prijedordanas.com\/?p=235382\"},\"author\":{\"name\":\"admin\",\"@id\":\"https:\/\/www.prijedordanas.com\/#\/schema\/person\/4e08ccf29b506ca916ff86d46bb700e6\"},\"headline\":\"Konkurs za posao: O\u0160 &#8220;Branko \u0106opi\u0107&#8221; Prijedor prima osam radnika\",\"datePublished\":\"2024-10-19T08:30:44+00:00\",\"dateModified\":\"2024-10-19T08:30:44+00:00\",\"mainEntityOfPage\":{\"@id\":\"https:\/\/www.prijedordanas.com\/?p=235382\"},\"wordCount\":1352,\"publisher\":{\"@id\":\"https:\/\/www.prijedordanas.com\/#organization\"},\"articleSection\":[\"Posao\"],\"inLanguage\":\"en-US\"},{\"@type\":\"WebPage\",\"@id\":\"https:\/\/www.prijedordanas.com\/?p=235382\",\"url\":\"https:\/\/www.prijedordanas.com\/?p=235382\",\"name\":\"Konkurs za posao: O\u0160 \\\"Branko \u0106opi\u0107\\\" Prijedor prima osam radnika - PrijedorDanas.com - Prijedorski gradski portal\",\"isPartOf\":{\"@id\":\"https:\/\/www.prijedordanas.com\/#website\"},\"datePublished\":\"2024-10-19T08:30:44+00:00\",\"dateModified\":\"2024-10-19T08:30:44+00:00\",\"breadcrumb\":{\"@id\":\"https:\/\/www.prijedordanas.com\/?p=235382#breadcrumb\"},\"inLanguage\":\"en-US\",\"potentialAction\":[{\"@type\":\"ReadAction\",\"target\":[\"https:\/\/www.prijedordanas.com\/?p=235382\"]}]},{\"@type\":\"BreadcrumbList\",\"@id\":\"https:\/\/www.prijedordanas.com\/?p=235382#breadcrumb\",\"itemListElement\":[{\"@type\":\"ListItem\",\"position\":1,\"name\":\"Home\",\"item\":\"https:\/\/www.prijedordanas.com\/\"},{\"@type\":\"ListItem\",\"position\":2,\"name\":\"Konkurs za posao: O\u0160 &#8220;Branko \u0106opi\u0107&#8221; Prijedor prima osam radnika\"}]},{\"@type\":\"WebSite\",\"@id\":\"https:\/\/www.prijedordanas.com\/#website\",\"url\":\"https:\/\/www.prijedordanas.com\/\",\"name\":\"PrijedorDanas.com - Prijedorski gradski portal\",\"description\":\"Portal o doga\u0111anjima u gradu Prijedoru\",\"publisher\":{\"@id\":\"https:\/\/www.prijedordanas.com\/#organization\"},\"potentialAction\":[{\"@type\":\"SearchAction\",\"target\":{\"@type\":\"EntryPoint\",\"urlTemplate\":\"https:\/\/www.prijedordanas.com\/?s={search_term_string}\"},\"query-input\":\"required name=search_term_string\"}],\"inLanguage\":\"en-US\"},{\"@type\":\"Organization\",\"@id\":\"https:\/\/www.prijedordanas.com\/#organization\",\"name\":\"PrijedorDanas.com\",\"url\":\"https:\/\/www.prijedordanas.com\/\",\"logo\":{\"@type\":\"ImageObject\",\"inLanguage\":\"en-US\",\"@id\":\"https:\/\/www.prijedordanas.com\/#\/schema\/logo\/image\/\",\"url\":\"http:\/\/www.prijedordanas.com\/wp-content\/uploads\/2021\/12\/logopng.png\",\"contentUrl\":\"http:\/\/www.prijedordanas.com\/wp-content\/uploads\/2021\/12\/logopng.png\",\"width\":1019,\"height\":776,\"caption\":\"PrijedorDanas.com\"},\"image\":{\"@id\":\"https:\/\/www.prijedordanas.com\/#\/schema\/logo\/image\/\"},\"sameAs\":[\"https:\/\/www.facebook.com\/PrijedorDanasCom\/\"]},{\"@type\":\"Person\",\"@id\":\"https:\/\/www.prijedordanas.com\/#\/schema\/person\/4e08ccf29b506ca916ff86d46bb700e6\",\"name\":\"admin\",\"image\":{\"@type\":\"ImageObject\",\"inLanguage\":\"en-US\",\"@id\":\"https:\/\/www.prijedordanas.com\/#\/schema\/person\/image\/\",\"url\":\"https:\/\/secure.gravatar.com\/avatar\/1d3fc949d550f0b53a5f0d51e06dfd79?s=96&d=mm&r=g\",\"contentUrl\":\"https:\/\/secure.gravatar.com\/avatar\/1d3fc949d550f0b53a5f0d51e06dfd79?s=96&d=mm&r=g\",\"caption\":\"admin\"},\"url\":\"https:\/\/www.prijedordanas.com\/?author=1\"}]}<\/script>\n<!-- \/ Yoast SEO plugin. -->","yoast_head_json":{"title":"Konkurs za posao: O\u0160 \"Branko \u0106opi\u0107\" Prijedor prima osam radnika - PrijedorDanas.com - Prijedorski gradski portal","robots":{"index":"index","follow":"follow","max-snippet":"max-snippet:-1","max-image-preview":"max-image-preview:large","max-video-preview":"max-video-preview:-1"},"canonical":"https:\/\/www.prijedordanas.com\/?p=235382","og_locale":"en_US","og_type":"article","og_title":"Konkurs za posao: O\u0160 \"Branko \u0106opi\u0107\" Prijedor prima osam radnika - PrijedorDanas.com - Prijedorski gradski portal","og_description":"JU O\u0160 &#8220;Branko \u0106opi\u0107&#8221; ul. Rudni\u010dka br. 13. 79101 Prijedor K O N K U R S za popunu radnih mjesta 1.Nastavnik njema\u010dkog jezika, 20 \u010dasova &#8211; na odre\u0111eno vrijeme, [&hellip;]","og_url":"https:\/\/www.prijedordanas.com\/?p=235382","og_site_name":"PrijedorDanas.com - Prijedorski gradski portal","article_publisher":"https:\/\/www.facebook.com\/PrijedorDanasCom\/","article_published_time":"2024-10-19T08:30:44+00:00","og_image":[{"url":"https:\/\/www.prijedordanas.com\/wp-content\/uploads\/2018\/07\/konkurs-za-posao8-300x217.jpg"}],"author":"admin","twitter_card":"summary_large_image","twitter_misc":{"Written by":"admin"},"schema":{"@context":"https:\/\/schema.org","@graph":[{"@type":"Article","@id":"https:\/\/www.prijedordanas.com\/?p=235382#article","isPartOf":{"@id":"https:\/\/www.prijedordanas.com\/?p=235382"},"author":{"name":"admin","@id":"https:\/\/www.prijedordanas.com\/#\/schema\/person\/4e08ccf29b506ca916ff86d46bb700e6"},"headline":"Konkurs za posao: O\u0160 &#8220;Branko \u0106opi\u0107&#8221; Prijedor prima osam radnika","datePublished":"2024-10-19T08:30:44+00:00","dateModified":"2024-10-19T08:30:44+00:00","mainEntityOfPage":{"@id":"https:\/\/www.prijedordanas.com\/?p=235382"},"wordCount":1352,"publisher":{"@id":"https:\/\/www.prijedordanas.com\/#organization"},"articleSection":["Posao"],"inLanguage":"en-US"},{"@type":"WebPage","@id":"https:\/\/www.prijedordanas.com\/?p=235382","url":"https:\/\/www.prijedordanas.com\/?p=235382","name":"Konkurs za posao: O\u0160 \"Branko \u0106opi\u0107\" Prijedor prima osam radnika - PrijedorDanas.com - Prijedorski gradski portal","isPartOf":{"@id":"https:\/\/www.prijedordanas.com\/#website"},"datePublished":"2024-10-19T08:30:44+00:00","dateModified":"2024-10-19T08:30:44+00:00","breadcrumb":{"@id":"https:\/\/www.prijedordanas.com\/?p=235382#breadcrumb"},"inLanguage":"en-US","potentialAction":[{"@type":"ReadAction","target":["https:\/\/www.prijedordanas.com\/?p=235382"]}]},{"@type":"BreadcrumbList","@id":"https:\/\/www.prijedordanas.com\/?p=235382#breadcrumb","itemListElement":[{"@type":"ListItem","position":1,"name":"Home","item":"https:\/\/www.prijedordanas.com\/"},{"@type":"ListItem","position":2,"name":"Konkurs za posao: O\u0160 &#8220;Branko \u0106opi\u0107&#8221; Prijedor prima osam radnika"}]},{"@type":"WebSite","@id":"https:\/\/www.prijedordanas.com\/#website","url":"https:\/\/www.prijedordanas.com\/","name":"PrijedorDanas.com - Prijedorski gradski portal","description":"Portal o doga\u0111anjima u gradu Prijedoru","publisher":{"@id":"https:\/\/www.prijedordanas.com\/#organization"},"potentialAction":[{"@type":"SearchAction","target":{"@type":"EntryPoint","urlTemplate":"https:\/\/www.prijedordanas.com\/?s={search_term_string}"},"query-input":"required name=search_term_string"}],"inLanguage":"en-US"},{"@type":"Organization","@id":"https:\/\/www.prijedordanas.com\/#organization","name":"PrijedorDanas.com","url":"https:\/\/www.prijedordanas.com\/","logo":{"@type":"ImageObject","inLanguage":"en-US","@id":"https:\/\/www.prijedordanas.com\/#\/schema\/logo\/image\/","url":"http:\/\/www.prijedordanas.com\/wp-content\/uploads\/2021\/12\/logopng.png","contentUrl":"http:\/\/www.prijedordanas.com\/wp-content\/uploads\/2021\/12\/logopng.png","width":1019,"height":776,"caption":"PrijedorDanas.com"},"image":{"@id":"https:\/\/www.prijedordanas.com\/#\/schema\/logo\/image\/"},"sameAs":["https:\/\/www.facebook.com\/PrijedorDanasCom\/"]},{"@type":"Person","@id":"https:\/\/www.prijedordanas.com\/#\/schema\/person\/4e08ccf29b506ca916ff86d46bb700e6","name":"admin","image":{"@type":"ImageObject","inLanguage":"en-US","@id":"https:\/\/www.prijedordanas.com\/#\/schema\/person\/image\/","url":"https:\/\/secure.gravatar.com\/avatar\/1d3fc949d550f0b53a5f0d51e06dfd79?s=96&d=mm&r=g","contentUrl":"https:\/\/secure.gravatar.com\/avatar\/1d3fc949d550f0b53a5f0d51e06dfd79?s=96&d=mm&r=g","caption":"admin"},"url":"https:\/\/www.prijedordanas.com\/?author=1"}]}},"_links":{"self":[{"href":"https:\/\/www.prijedordanas.com\/index.php?rest_route=\/wp\/v2\/posts\/235382"}],"collection":[{"href":"https:\/\/www.prijedordanas.com\/index.php?rest_route=\/wp\/v2\/posts"}],"about":[{"href":"https:\/\/www.prijedordanas.com\/index.php?rest_route=\/wp\/v2\/types\/post"}],"author":[{"embeddable":true,"href":"https:\/\/www.prijedordanas.com\/index.php?rest_route=\/wp\/v2\/users\/1"}],"replies":[{"embeddable":true,"href":"https:\/\/www.prijedordanas.com\/index.php?rest_route=%2Fwp%2Fv2%2Fcomments&post=235382"}],"version-history":[{"count":1,"href":"https:\/\/www.prijedordanas.com\/index.php?rest_route=\/wp\/v2\/posts\/235382\/revisions"}],"predecessor-version":[{"id":235383,"href":"https:\/\/www.prijedordanas.com\/index.php?rest_route=\/wp\/v2\/posts\/235382\/revisions\/235383"}],"wp:attachment":[{"href":"https:\/\/www.prijedordanas.com\/index.php?rest_route=%2Fwp%2Fv2%2Fmedia&parent=235382"}],"wp:term":[{"taxonomy":"category","embeddable":true,"href":"https:\/\/www.prijedordanas.com\/index.php?rest_route=%2Fwp%2Fv2%2Fcategories&post=235382"},{"taxonomy":"post_tag","embeddable":true,"href":"https:\/\/www.prijedordanas.com\/index.php?rest_route=%2Fwp%2Fv2%2Ftags&post=235382"}],"curies":[{"name":"wp","href":"https:\/\/api.w.org\/{rel}","templated":true}]}}