{"id":23521,"date":"2015-05-31T18:37:09","date_gmt":"2015-05-31T17:37:09","guid":{"rendered":"https:\/\/www.prijedordanas.com\/?p=23521"},"modified":"2015-05-31T18:37:09","modified_gmt":"2015-05-31T17:37:09","slug":"prijedor-obiljezen-dan-bijelih-traka-foto","status":"publish","type":"post","link":"https:\/\/www.prijedordanas.com\/?p=23521","title":{"rendered":"PRIJEDOR: OBILJE\u017dEN DAN BIJELIH TRAKA &#8211; FOTO"},"content":{"rendered":"<p><a href=\"https:\/\/www.prijedordanas.com\/wp-content\/uploads\/2015\/05\/dan-bijelih-traka-1.jpg\"><img loading=\"lazy\" decoding=\"async\" class=\"alignleft size-medium wp-image-23522\" src=\"https:\/\/www.prijedordanas.com\/wp-content\/uploads\/2015\/05\/dan-bijelih-traka-1-300x199.jpg\" alt=\"dan bijelih traka (1)\" width=\"300\" height=\"199\" srcset=\"https:\/\/www.prijedordanas.com\/wp-content\/uploads\/2015\/05\/dan-bijelih-traka-1-300x199.jpg 300w, https:\/\/www.prijedordanas.com\/wp-content\/uploads\/2015\/05\/dan-bijelih-traka-1-150x100.jpg 150w, https:\/\/www.prijedordanas.com\/wp-content\/uploads\/2015\/05\/dan-bijelih-traka-1-200x133.jpg 200w, https:\/\/www.prijedordanas.com\/wp-content\/uploads\/2015\/05\/dan-bijelih-traka-1-250x166.jpg 250w, https:\/\/www.prijedordanas.com\/wp-content\/uploads\/2015\/05\/dan-bijelih-traka-1-480x320.jpg 480w, https:\/\/www.prijedordanas.com\/wp-content\/uploads\/2015\/05\/dan-bijelih-traka-1.jpg 600w\" sizes=\"(max-width: 300px) 100vw, 300px\" \/><\/a>Predstavnici udru\u017eenja logora\u0161a i \u017ertava rata su zajedno sa predstavnicima NVO sektora danas obilje\u017eili &#8220;Dan bijelih traka&#8221;.<\/p>\n<p>Oni su simboli\u010dnim no\u0161enjem bijelih traka i isticanjem bijelih \u010dar\u0161ava odali po\u010dast \u017ertvama rata koje su prije 23 godine nedu\u017eno stradale u Prijedoru.<\/p>\n<p>Obilje\u017eavanju &#8220;Dana bijelih traka&#8221; u Prijedoru je prisustvovalo vi\u0161e stotina gra\u0111ana koji su u ovaj grad stigli iz cijele BiH.<\/p>\n<p>Oni su nosili transparente sa porukama da zlo\u010din ne smije i ne treba biti zaboravljen, zatim su pro\u0161etali glavnim trgom do robne ku\u0107a &#8220;Patrija&#8221;, gdje su polo\u017eili ru\u017ee za 102 ubijene djece.<\/p>\n<p>Edin Ramuli\u0107, aktivista Udru\u017eenja Prijedor\u010danki &#8220;Izvor&#8221;, ka\u017ee da je, prema evidenciji ovog udru\u017eenja, tokom rata ubijeno i nestalo 3.176 Prijedor\u010dana, uglavnom civila Bo\u0161njaka, dok je me\u0111u \u017ertvama 258 \u017eena i 102 djece.<\/p>\n<p>Nezavisne novine<\/p>\n<p><a href=\"https:\/\/www.prijedordanas.com\/wp-content\/uploads\/2015\/05\/dan-bijelih-traka-21.jpg\"><img loading=\"lazy\" decoding=\"async\" class=\"alignleft size-medium wp-image-23523\" src=\"https:\/\/www.prijedordanas.com\/wp-content\/uploads\/2015\/05\/dan-bijelih-traka-21-300x199.jpg\" alt=\"dan bijelih traka (2)\" width=\"300\" height=\"199\" srcset=\"https:\/\/www.prijedordanas.com\/wp-content\/uploads\/2015\/05\/dan-bijelih-traka-21-300x199.jpg 300w, https:\/\/www.prijedordanas.com\/wp-content\/uploads\/2015\/05\/dan-bijelih-traka-21-150x100.jpg 150w, https:\/\/www.prijedordanas.com\/wp-content\/uploads\/2015\/05\/dan-bijelih-traka-21-200x133.jpg 200w, https:\/\/www.prijedordanas.com\/wp-content\/uploads\/2015\/05\/dan-bijelih-traka-21-250x166.jpg 250w, https:\/\/www.prijedordanas.com\/wp-content\/uploads\/2015\/05\/dan-bijelih-traka-21-480x320.jpg 480w, https:\/\/www.prijedordanas.com\/wp-content\/uploads\/2015\/05\/dan-bijelih-traka-21.jpg 600w\" sizes=\"(max-width: 300px) 100vw, 300px\" \/><\/a> <a href=\"https:\/\/www.prijedordanas.com\/wp-content\/uploads\/2015\/05\/dan-bijelih-traka-3.jpg\"><img loading=\"lazy\" decoding=\"async\" class=\"alignleft size-medium wp-image-23524\" src=\"https:\/\/www.prijedordanas.com\/wp-content\/uploads\/2015\/05\/dan-bijelih-traka-3-300x199.jpg\" alt=\"dan bijelih traka (3)\" width=\"300\" height=\"199\" srcset=\"https:\/\/www.prijedordanas.com\/wp-content\/uploads\/2015\/05\/dan-bijelih-traka-3-300x199.jpg 300w, https:\/\/www.prijedordanas.com\/wp-content\/uploads\/2015\/05\/dan-bijelih-traka-3-150x100.jpg 150w, https:\/\/www.prijedordanas.com\/wp-content\/uploads\/2015\/05\/dan-bijelih-traka-3-200x133.jpg 200w, https:\/\/www.prijedordanas.com\/wp-content\/uploads\/2015\/05\/dan-bijelih-traka-3-250x166.jpg 250w, https:\/\/www.prijedordanas.com\/wp-content\/uploads\/2015\/05\/dan-bijelih-traka-3-480x320.jpg 480w, https:\/\/www.prijedordanas.com\/wp-content\/uploads\/2015\/05\/dan-bijelih-traka-3.jpg 600w\" sizes=\"(max-width: 300px) 100vw, 300px\" \/><\/a> <a href=\"https:\/\/www.prijedordanas.com\/wp-content\/uploads\/2015\/05\/dan-bijelih-traka-4.jpg\"><img loading=\"lazy\" decoding=\"async\" class=\"alignleft size-medium wp-image-23525\" src=\"https:\/\/www.prijedordanas.com\/wp-content\/uploads\/2015\/05\/dan-bijelih-traka-4-300x199.jpg\" alt=\"dan bijelih traka (4)\" width=\"300\" height=\"199\" srcset=\"https:\/\/www.prijedordanas.com\/wp-content\/uploads\/2015\/05\/dan-bijelih-traka-4-300x199.jpg 300w, https:\/\/www.prijedordanas.com\/wp-content\/uploads\/2015\/05\/dan-bijelih-traka-4-150x100.jpg 150w, https:\/\/www.prijedordanas.com\/wp-content\/uploads\/2015\/05\/dan-bijelih-traka-4-200x133.jpg 200w, https:\/\/www.prijedordanas.com\/wp-content\/uploads\/2015\/05\/dan-bijelih-traka-4-250x166.jpg 250w, https:\/\/www.prijedordanas.com\/wp-content\/uploads\/2015\/05\/dan-bijelih-traka-4-480x320.jpg 480w, https:\/\/www.prijedordanas.com\/wp-content\/uploads\/2015\/05\/dan-bijelih-traka-4.jpg 600w\" sizes=\"(max-width: 300px) 100vw, 300px\" \/><\/a> <a href=\"https:\/\/www.prijedordanas.com\/wp-content\/uploads\/2015\/05\/dan-bijelih-traka-5.jpg\"><img loading=\"lazy\" decoding=\"async\" class=\"alignleft size-medium wp-image-23526\" src=\"https:\/\/www.prijedordanas.com\/wp-content\/uploads\/2015\/05\/dan-bijelih-traka-5-300x199.jpg\" alt=\"dan bijelih traka (5)\" width=\"300\" height=\"199\" srcset=\"https:\/\/www.prijedordanas.com\/wp-content\/uploads\/2015\/05\/dan-bijelih-traka-5-300x199.jpg 300w, https:\/\/www.prijedordanas.com\/wp-content\/uploads\/2015\/05\/dan-bijelih-traka-5-150x100.jpg 150w, https:\/\/www.prijedordanas.com\/wp-content\/uploads\/2015\/05\/dan-bijelih-traka-5-200x133.jpg 200w, https:\/\/www.prijedordanas.com\/wp-content\/uploads\/2015\/05\/dan-bijelih-traka-5-250x166.jpg 250w, https:\/\/www.prijedordanas.com\/wp-content\/uploads\/2015\/05\/dan-bijelih-traka-5-480x320.jpg 480w, https:\/\/www.prijedordanas.com\/wp-content\/uploads\/2015\/05\/dan-bijelih-traka-5.jpg 600w\" sizes=\"(max-width: 300px) 100vw, 300px\" \/><\/a> <a href=\"https:\/\/www.prijedordanas.com\/wp-content\/uploads\/2015\/05\/dan-bijelih-traka-6.jpg\"><img loading=\"lazy\" decoding=\"async\" class=\"alignleft size-medium wp-image-23527\" src=\"https:\/\/www.prijedordanas.com\/wp-content\/uploads\/2015\/05\/dan-bijelih-traka-6-300x199.jpg\" alt=\"dan bijelih traka (6)\" width=\"300\" height=\"199\" srcset=\"https:\/\/www.prijedordanas.com\/wp-content\/uploads\/2015\/05\/dan-bijelih-traka-6-300x199.jpg 300w, https:\/\/www.prijedordanas.com\/wp-content\/uploads\/2015\/05\/dan-bijelih-traka-6-150x100.jpg 150w, https:\/\/www.prijedordanas.com\/wp-content\/uploads\/2015\/05\/dan-bijelih-traka-6-200x133.jpg 200w, https:\/\/www.prijedordanas.com\/wp-content\/uploads\/2015\/05\/dan-bijelih-traka-6-250x166.jpg 250w, https:\/\/www.prijedordanas.com\/wp-content\/uploads\/2015\/05\/dan-bijelih-traka-6-480x320.jpg 480w, https:\/\/www.prijedordanas.com\/wp-content\/uploads\/2015\/05\/dan-bijelih-traka-6.jpg 600w\" sizes=\"(max-width: 300px) 100vw, 300px\" \/><\/a> <a href=\"https:\/\/www.prijedordanas.com\/wp-content\/uploads\/2015\/05\/dan-bijelih-traka-7.jpg\"><img loading=\"lazy\" decoding=\"async\" class=\"alignleft size-medium wp-image-23528\" src=\"https:\/\/www.prijedordanas.com\/wp-content\/uploads\/2015\/05\/dan-bijelih-traka-7-300x199.jpg\" alt=\"dan bijelih traka (7)\" width=\"300\" height=\"199\" srcset=\"https:\/\/www.prijedordanas.com\/wp-content\/uploads\/2015\/05\/dan-bijelih-traka-7-300x199.jpg 300w, https:\/\/www.prijedordanas.com\/wp-content\/uploads\/2015\/05\/dan-bijelih-traka-7-150x100.jpg 150w, https:\/\/www.prijedordanas.com\/wp-content\/uploads\/2015\/05\/dan-bijelih-traka-7-200x133.jpg 200w, https:\/\/www.prijedordanas.com\/wp-content\/uploads\/2015\/05\/dan-bijelih-traka-7-250x166.jpg 250w, https:\/\/www.prijedordanas.com\/wp-content\/uploads\/2015\/05\/dan-bijelih-traka-7-480x320.jpg 480w, https:\/\/www.prijedordanas.com\/wp-content\/uploads\/2015\/05\/dan-bijelih-traka-7.jpg 600w\" sizes=\"(max-width: 300px) 100vw, 300px\" \/><\/a> <a href=\"https:\/\/www.prijedordanas.com\/wp-content\/uploads\/2015\/05\/dan-bijelih-traka-8.jpg\"><img loading=\"lazy\" decoding=\"async\" class=\"alignleft size-medium wp-image-23529\" src=\"https:\/\/www.prijedordanas.com\/wp-content\/uploads\/2015\/05\/dan-bijelih-traka-8-300x199.jpg\" alt=\"dan bijelih traka (8)\" width=\"300\" height=\"199\" srcset=\"https:\/\/www.prijedordanas.com\/wp-content\/uploads\/2015\/05\/dan-bijelih-traka-8-300x199.jpg 300w, https:\/\/www.prijedordanas.com\/wp-content\/uploads\/2015\/05\/dan-bijelih-traka-8-150x100.jpg 150w, https:\/\/www.prijedordanas.com\/wp-content\/uploads\/2015\/05\/dan-bijelih-traka-8-200x133.jpg 200w, https:\/\/www.prijedordanas.com\/wp-content\/uploads\/2015\/05\/dan-bijelih-traka-8-250x166.jpg 250w, https:\/\/www.prijedordanas.com\/wp-content\/uploads\/2015\/05\/dan-bijelih-traka-8-480x320.jpg 480w, https:\/\/www.prijedordanas.com\/wp-content\/uploads\/2015\/05\/dan-bijelih-traka-8.jpg 600w\" sizes=\"(max-width: 300px) 100vw, 300px\" \/><\/a> <a href=\"https:\/\/www.prijedordanas.com\/wp-content\/uploads\/2015\/05\/dan-bijelih-traka-9.jpg\"><img loading=\"lazy\" decoding=\"async\" class=\"alignleft size-medium wp-image-23530\" src=\"https:\/\/www.prijedordanas.com\/wp-content\/uploads\/2015\/05\/dan-bijelih-traka-9-300x199.jpg\" alt=\"dan bijelih traka (9)\" width=\"300\" height=\"199\" srcset=\"https:\/\/www.prijedordanas.com\/wp-content\/uploads\/2015\/05\/dan-bijelih-traka-9-300x199.jpg 300w, https:\/\/www.prijedordanas.com\/wp-content\/uploads\/2015\/05\/dan-bijelih-traka-9-150x100.jpg 150w, https:\/\/www.prijedordanas.com\/wp-content\/uploads\/2015\/05\/dan-bijelih-traka-9-200x133.jpg 200w, https:\/\/www.prijedordanas.com\/wp-content\/uploads\/2015\/05\/dan-bijelih-traka-9-250x166.jpg 250w, https:\/\/www.prijedordanas.com\/wp-content\/uploads\/2015\/05\/dan-bijelih-traka-9-480x320.jpg 480w, https:\/\/www.prijedordanas.com\/wp-content\/uploads\/2015\/05\/dan-bijelih-traka-9.jpg 600w\" sizes=\"(max-width: 300px) 100vw, 300px\" \/><\/a><\/p>\n","protected":false},"excerpt":{"rendered":"<p>Predstavnici udru\u017eenja logora\u0161a i \u017ertava rata su zajedno sa predstavnicima NVO sektora danas obilje\u017eili &#8220;Dan bijelih traka&#8221;. Oni su simboli\u010dnim no\u0161enjem bijelih traka i isticanjem bijelih \u010dar\u0161ava odali po\u010dast \u017ertvama [&hellip;]<\/p>\n","protected":false},"author":1,"featured_media":0,"comment_status":"closed","ping_status":"open","sticky":false,"template":"","format":"standard","meta":{"_monsterinsights_skip_tracking":false,"_monsterinsights_sitenote_active":false,"_monsterinsights_sitenote_note":"","_monsterinsights_sitenote_category":0,"footnotes":""},"categories":[4],"tags":[1402,3615],"yoast_head":"<!-- This site is optimized with the Yoast SEO plugin v21.6 - https:\/\/yoast.com\/wordpress\/plugins\/seo\/ -->\n<title>PRIJEDOR: OBILJE\u017dEN DAN BIJELIH TRAKA - FOTO - PrijedorDanas.com - Prijedorski gradski portal<\/title>\n<meta name=\"robots\" content=\"index, follow, max-snippet:-1, max-image-preview:large, max-video-preview:-1\" \/>\n<link rel=\"canonical\" href=\"https:\/\/www.prijedordanas.com\/?p=23521\" \/>\n<meta property=\"og:locale\" content=\"en_US\" \/>\n<meta property=\"og:type\" content=\"article\" \/>\n<meta property=\"og:title\" content=\"PRIJEDOR: OBILJE\u017dEN DAN BIJELIH TRAKA - FOTO - PrijedorDanas.com - Prijedorski gradski portal\" \/>\n<meta property=\"og:description\" content=\"Predstavnici udru\u017eenja logora\u0161a i \u017ertava rata su zajedno sa predstavnicima NVO sektora danas obilje\u017eili &#8220;Dan bijelih traka&#8221;. Oni su simboli\u010dnim no\u0161enjem bijelih traka i isticanjem bijelih \u010dar\u0161ava odali po\u010dast \u017ertvama [&hellip;]\" \/>\n<meta property=\"og:url\" content=\"https:\/\/www.prijedordanas.com\/?p=23521\" \/>\n<meta property=\"og:site_name\" content=\"PrijedorDanas.com - Prijedorski gradski portal\" \/>\n<meta property=\"article:publisher\" content=\"https:\/\/www.facebook.com\/PrijedorDanasCom\/\" \/>\n<meta property=\"article:published_time\" content=\"2015-05-31T17:37:09+00:00\" \/>\n<meta property=\"og:image\" content=\"https:\/\/www.prijedordanas.com\/wp-content\/uploads\/2015\/05\/dan-bijelih-traka-1-300x199.jpg\" \/>\n<meta name=\"author\" content=\"admin\" \/>\n<meta name=\"twitter:card\" content=\"summary_large_image\" \/>\n<meta name=\"twitter:label1\" content=\"Written by\" \/>\n\t<meta name=\"twitter:data1\" content=\"admin\" \/>\n\t<meta name=\"twitter:label2\" content=\"Est. reading time\" \/>\n\t<meta name=\"twitter:data2\" content=\"1 minute\" \/>\n<script type=\"application\/ld+json\" class=\"yoast-schema-graph\">{\"@context\":\"https:\/\/schema.org\",\"@graph\":[{\"@type\":\"Article\",\"@id\":\"https:\/\/www.prijedordanas.com\/?p=23521#article\",\"isPartOf\":{\"@id\":\"https:\/\/www.prijedordanas.com\/?p=23521\"},\"author\":{\"name\":\"admin\",\"@id\":\"https:\/\/www.prijedordanas.com\/#\/schema\/person\/4e08ccf29b506ca916ff86d46bb700e6\"},\"headline\":\"PRIJEDOR: OBILJE\u017dEN DAN BIJELIH TRAKA &#8211; FOTO\",\"datePublished\":\"2015-05-31T17:37:09+00:00\",\"dateModified\":\"2015-05-31T17:37:09+00:00\",\"mainEntityOfPage\":{\"@id\":\"https:\/\/www.prijedordanas.com\/?p=23521\"},\"wordCount\":152,\"publisher\":{\"@id\":\"https:\/\/www.prijedordanas.com\/#organization\"},\"keywords\":[\"dan bijelih traka\",\"Jer me se ti\u010de\"],\"articleSection\":[\"Dru\u0161tvo\"],\"inLanguage\":\"en-US\"},{\"@type\":\"WebPage\",\"@id\":\"https:\/\/www.prijedordanas.com\/?p=23521\",\"url\":\"https:\/\/www.prijedordanas.com\/?p=23521\",\"name\":\"PRIJEDOR: OBILJE\u017dEN DAN BIJELIH TRAKA - FOTO - PrijedorDanas.com - Prijedorski gradski portal\",\"isPartOf\":{\"@id\":\"https:\/\/www.prijedordanas.com\/#website\"},\"datePublished\":\"2015-05-31T17:37:09+00:00\",\"dateModified\":\"2015-05-31T17:37:09+00:00\",\"breadcrumb\":{\"@id\":\"https:\/\/www.prijedordanas.com\/?p=23521#breadcrumb\"},\"inLanguage\":\"en-US\",\"potentialAction\":[{\"@type\":\"ReadAction\",\"target\":[\"https:\/\/www.prijedordanas.com\/?p=23521\"]}]},{\"@type\":\"BreadcrumbList\",\"@id\":\"https:\/\/www.prijedordanas.com\/?p=23521#breadcrumb\",\"itemListElement\":[{\"@type\":\"ListItem\",\"position\":1,\"name\":\"Home\",\"item\":\"https:\/\/www.prijedordanas.com\/\"},{\"@type\":\"ListItem\",\"position\":2,\"name\":\"PRIJEDOR: OBILJE\u017dEN DAN BIJELIH TRAKA &#8211; FOTO\"}]},{\"@type\":\"WebSite\",\"@id\":\"https:\/\/www.prijedordanas.com\/#website\",\"url\":\"https:\/\/www.prijedordanas.com\/\",\"name\":\"PrijedorDanas.com - Prijedorski gradski portal\",\"description\":\"Portal o doga\u0111anjima u gradu Prijedoru\",\"publisher\":{\"@id\":\"https:\/\/www.prijedordanas.com\/#organization\"},\"potentialAction\":[{\"@type\":\"SearchAction\",\"target\":{\"@type\":\"EntryPoint\",\"urlTemplate\":\"https:\/\/www.prijedordanas.com\/?s={search_term_string}\"},\"query-input\":\"required name=search_term_string\"}],\"inLanguage\":\"en-US\"},{\"@type\":\"Organization\",\"@id\":\"https:\/\/www.prijedordanas.com\/#organization\",\"name\":\"PrijedorDanas.com\",\"url\":\"https:\/\/www.prijedordanas.com\/\",\"logo\":{\"@type\":\"ImageObject\",\"inLanguage\":\"en-US\",\"@id\":\"https:\/\/www.prijedordanas.com\/#\/schema\/logo\/image\/\",\"url\":\"http:\/\/www.prijedordanas.com\/wp-content\/uploads\/2021\/12\/logopng.png\",\"contentUrl\":\"http:\/\/www.prijedordanas.com\/wp-content\/uploads\/2021\/12\/logopng.png\",\"width\":1019,\"height\":776,\"caption\":\"PrijedorDanas.com\"},\"image\":{\"@id\":\"https:\/\/www.prijedordanas.com\/#\/schema\/logo\/image\/\"},\"sameAs\":[\"https:\/\/www.facebook.com\/PrijedorDanasCom\/\"]},{\"@type\":\"Person\",\"@id\":\"https:\/\/www.prijedordanas.com\/#\/schema\/person\/4e08ccf29b506ca916ff86d46bb700e6\",\"name\":\"admin\",\"image\":{\"@type\":\"ImageObject\",\"inLanguage\":\"en-US\",\"@id\":\"https:\/\/www.prijedordanas.com\/#\/schema\/person\/image\/\",\"url\":\"https:\/\/secure.gravatar.com\/avatar\/1d3fc949d550f0b53a5f0d51e06dfd79?s=96&d=mm&r=g\",\"contentUrl\":\"https:\/\/secure.gravatar.com\/avatar\/1d3fc949d550f0b53a5f0d51e06dfd79?s=96&d=mm&r=g\",\"caption\":\"admin\"},\"url\":\"https:\/\/www.prijedordanas.com\/?author=1\"}]}<\/script>\n<!-- \/ Yoast SEO plugin. -->","yoast_head_json":{"title":"PRIJEDOR: OBILJE\u017dEN DAN BIJELIH TRAKA - FOTO - PrijedorDanas.com - Prijedorski gradski portal","robots":{"index":"index","follow":"follow","max-snippet":"max-snippet:-1","max-image-preview":"max-image-preview:large","max-video-preview":"max-video-preview:-1"},"canonical":"https:\/\/www.prijedordanas.com\/?p=23521","og_locale":"en_US","og_type":"article","og_title":"PRIJEDOR: OBILJE\u017dEN DAN BIJELIH TRAKA - FOTO - PrijedorDanas.com - Prijedorski gradski portal","og_description":"Predstavnici udru\u017eenja logora\u0161a i \u017ertava rata su zajedno sa predstavnicima NVO sektora danas obilje\u017eili &#8220;Dan bijelih traka&#8221;. Oni su simboli\u010dnim no\u0161enjem bijelih traka i isticanjem bijelih \u010dar\u0161ava odali po\u010dast \u017ertvama [&hellip;]","og_url":"https:\/\/www.prijedordanas.com\/?p=23521","og_site_name":"PrijedorDanas.com - Prijedorski gradski portal","article_publisher":"https:\/\/www.facebook.com\/PrijedorDanasCom\/","article_published_time":"2015-05-31T17:37:09+00:00","og_image":[{"url":"https:\/\/www.prijedordanas.com\/wp-content\/uploads\/2015\/05\/dan-bijelih-traka-1-300x199.jpg"}],"author":"admin","twitter_card":"summary_large_image","twitter_misc":{"Written by":"admin","Est. reading time":"1 minute"},"schema":{"@context":"https:\/\/schema.org","@graph":[{"@type":"Article","@id":"https:\/\/www.prijedordanas.com\/?p=23521#article","isPartOf":{"@id":"https:\/\/www.prijedordanas.com\/?p=23521"},"author":{"name":"admin","@id":"https:\/\/www.prijedordanas.com\/#\/schema\/person\/4e08ccf29b506ca916ff86d46bb700e6"},"headline":"PRIJEDOR: OBILJE\u017dEN DAN BIJELIH TRAKA &#8211; FOTO","datePublished":"2015-05-31T17:37:09+00:00","dateModified":"2015-05-31T17:37:09+00:00","mainEntityOfPage":{"@id":"https:\/\/www.prijedordanas.com\/?p=23521"},"wordCount":152,"publisher":{"@id":"https:\/\/www.prijedordanas.com\/#organization"},"keywords":["dan bijelih traka","Jer me se ti\u010de"],"articleSection":["Dru\u0161tvo"],"inLanguage":"en-US"},{"@type":"WebPage","@id":"https:\/\/www.prijedordanas.com\/?p=23521","url":"https:\/\/www.prijedordanas.com\/?p=23521","name":"PRIJEDOR: OBILJE\u017dEN DAN BIJELIH TRAKA - FOTO - PrijedorDanas.com - Prijedorski gradski portal","isPartOf":{"@id":"https:\/\/www.prijedordanas.com\/#website"},"datePublished":"2015-05-31T17:37:09+00:00","dateModified":"2015-05-31T17:37:09+00:00","breadcrumb":{"@id":"https:\/\/www.prijedordanas.com\/?p=23521#breadcrumb"},"inLanguage":"en-US","potentialAction":[{"@type":"ReadAction","target":["https:\/\/www.prijedordanas.com\/?p=23521"]}]},{"@type":"BreadcrumbList","@id":"https:\/\/www.prijedordanas.com\/?p=23521#breadcrumb","itemListElement":[{"@type":"ListItem","position":1,"name":"Home","item":"https:\/\/www.prijedordanas.com\/"},{"@type":"ListItem","position":2,"name":"PRIJEDOR: OBILJE\u017dEN DAN BIJELIH TRAKA &#8211; FOTO"}]},{"@type":"WebSite","@id":"https:\/\/www.prijedordanas.com\/#website","url":"https:\/\/www.prijedordanas.com\/","name":"PrijedorDanas.com - Prijedorski gradski portal","description":"Portal o doga\u0111anjima u gradu Prijedoru","publisher":{"@id":"https:\/\/www.prijedordanas.com\/#organization"},"potentialAction":[{"@type":"SearchAction","target":{"@type":"EntryPoint","urlTemplate":"https:\/\/www.prijedordanas.com\/?s={search_term_string}"},"query-input":"required name=search_term_string"}],"inLanguage":"en-US"},{"@type":"Organization","@id":"https:\/\/www.prijedordanas.com\/#organization","name":"PrijedorDanas.com","url":"https:\/\/www.prijedordanas.com\/","logo":{"@type":"ImageObject","inLanguage":"en-US","@id":"https:\/\/www.prijedordanas.com\/#\/schema\/logo\/image\/","url":"http:\/\/www.prijedordanas.com\/wp-content\/uploads\/2021\/12\/logopng.png","contentUrl":"http:\/\/www.prijedordanas.com\/wp-content\/uploads\/2021\/12\/logopng.png","width":1019,"height":776,"caption":"PrijedorDanas.com"},"image":{"@id":"https:\/\/www.prijedordanas.com\/#\/schema\/logo\/image\/"},"sameAs":["https:\/\/www.facebook.com\/PrijedorDanasCom\/"]},{"@type":"Person","@id":"https:\/\/www.prijedordanas.com\/#\/schema\/person\/4e08ccf29b506ca916ff86d46bb700e6","name":"admin","image":{"@type":"ImageObject","inLanguage":"en-US","@id":"https:\/\/www.prijedordanas.com\/#\/schema\/person\/image\/","url":"https:\/\/secure.gravatar.com\/avatar\/1d3fc949d550f0b53a5f0d51e06dfd79?s=96&d=mm&r=g","contentUrl":"https:\/\/secure.gravatar.com\/avatar\/1d3fc949d550f0b53a5f0d51e06dfd79?s=96&d=mm&r=g","caption":"admin"},"url":"https:\/\/www.prijedordanas.com\/?author=1"}]}},"_links":{"self":[{"href":"https:\/\/www.prijedordanas.com\/index.php?rest_route=\/wp\/v2\/posts\/23521"}],"collection":[{"href":"https:\/\/www.prijedordanas.com\/index.php?rest_route=\/wp\/v2\/posts"}],"about":[{"href":"https:\/\/www.prijedordanas.com\/index.php?rest_route=\/wp\/v2\/types\/post"}],"author":[{"embeddable":true,"href":"https:\/\/www.prijedordanas.com\/index.php?rest_route=\/wp\/v2\/users\/1"}],"replies":[{"embeddable":true,"href":"https:\/\/www.prijedordanas.com\/index.php?rest_route=%2Fwp%2Fv2%2Fcomments&post=23521"}],"version-history":[{"count":1,"href":"https:\/\/www.prijedordanas.com\/index.php?rest_route=\/wp\/v2\/posts\/23521\/revisions"}],"predecessor-version":[{"id":23531,"href":"https:\/\/www.prijedordanas.com\/index.php?rest_route=\/wp\/v2\/posts\/23521\/revisions\/23531"}],"wp:attachment":[{"href":"https:\/\/www.prijedordanas.com\/index.php?rest_route=%2Fwp%2Fv2%2Fmedia&parent=23521"}],"wp:term":[{"taxonomy":"category","embeddable":true,"href":"https:\/\/www.prijedordanas.com\/index.php?rest_route=%2Fwp%2Fv2%2Fcategories&post=23521"},{"taxonomy":"post_tag","embeddable":true,"href":"https:\/\/www.prijedordanas.com\/index.php?rest_route=%2Fwp%2Fv2%2Ftags&post=23521"}],"curies":[{"name":"wp","href":"https:\/\/api.w.org\/{rel}","templated":true}]}}